{"id":995,"date":"2019-06-30T09:36:58","date_gmt":"2019-06-30T09:36:58","guid":{"rendered":"https:\/\/laperlaaustral.com.ar\/guerra-malvinas\/?p=995"},"modified":"2019-06-30T09:37:00","modified_gmt":"2019-06-30T09:37:00","slug":"las-malvinas","status":"publish","type":"post","link":"https:\/\/laperlaaustral.com.ar\/guerra-malvinas\/las-malvinas\/","title":{"rendered":"Las Malvinas"},"content":{"rendered":"\n<p>Es nuestra bella del mar.<\/p>\n\n\n\n<p>La Patria la contempla desde la costa madre<\/p>\n\n\n\n<p>con un dolor que no se va.<\/p>\n\n\n\n<p>Tiene las alas llenas de lunares,<\/p>\n\n\n\n<p>lobo roquero es su guardi\u00e1n.<\/p>\n\n\n\n<p>La patria la contempla. Es un \u00e1ngel sin sue\u00f1o<\/p>\n\n\n\n<p>la patria junto al mar.<\/p>\n\n\n\n<p>Tiene el pecho de ave sobre la honda helada.<\/p>\n\n\n\n<p>Ave ca\u00edda es su igual.<\/p>\n\n\n\n<p>El agua se levanta entre sus alas.<\/p>\n\n\n\n<p>Quiere y no puede volar.<\/p>\n\n\n\n<p>El ping\u00fcino la vela. La gaviota le trae<\/p>\n\n\n\n<p>cartas de libertad.<\/p>\n\n\n\n<p>Ella tiene sus ojos en sus canales fr\u00edos.<\/p>\n\n\n\n<p>Ella est\u00e1 triste de esperar.<\/p>\n\n\n\n<p>Como a mujer robada le quitaron el nombre:<\/p>\n\n\n\n<p>lo arrojaron al mar.<\/p>\n\n\n\n<p>Le dieron otro para que olvidara,<\/p>\n\n\n\n<p>que ella no sabe pronunciar.<\/p>\n\n\n\n<p>El viento es suyo; el horizonte es suyo.<\/p>\n\n\n\n<p>Sola, no quiere m\u00e1s.<\/p>\n\n\n\n<p>Sabe que un d\u00eda volver\u00e1 su hombre<\/p>\n\n\n\n<p>con la bandera y el cantar.<\/p>\n\n\n\n<p>Cautiva est\u00e1 y callada. Ella es la prisionera<\/p>\n\n\n\n<p>que no pide ni da.<\/p>\n\n\n\n<p>Su correo de amor es el ave que emigra.<\/p>\n\n\n\n<p>La nieve que cae es su reloj de sal.<\/p>\n\n\n\n<p>Hasta que el barco patrio no ancle entre sus alas,<\/p>\n\n\n\n<p>ella se llama Soledad<\/p>\n\n\n\n<p>Jos\u00e9 Pedroni<\/p>\n","protected":false},"excerpt":{"rendered":"<p>Es nuestra bella del mar. La Patria la contempla desde la costa madre con un dolor que no se va. Tiene las alas llenas de lunares, lobo roquero es su guardi\u00e1n. La patria la contempla. Es un \u00e1ngel sin sue\u00f1o la patria junto al mar. Tiene el pecho de ave sobre la honda helada. Ave&hellip; <br \/> <a class=\"read-more\" href=\"https:\/\/laperlaaustral.com.ar\/guerra-malvinas\/las-malvinas\/\">Leer m\u00e1s<\/a><\/p>\n","protected":false},"author":2,"featured_media":0,"comment_status":"open","ping_status":"open","sticky":false,"template":"","format":"standard","meta":{"_monsterinsights_skip_tracking":false,"_monsterinsights_sitenote_active":false,"_monsterinsights_sitenote_note":"","_monsterinsights_sitenote_category":0,"footnotes":""},"categories":[478],"tags":[34,479,480],"yoast_head":"<!-- This site is optimized with the Yoast SEO plugin v23.4 - https:\/\/yoast.com\/wordpress\/plugins\/seo\/ -->\n<title>Las Malvinas - La Perla Austral<\/title>\n<meta name=\"robots\" content=\"index, follow, max-snippet:-1, max-image-preview:large, max-video-preview:-1\" \/>\n<link rel=\"canonical\" href=\"http:\/\/laperlaaustral.com.ar\/guerra-malvinas\/las-malvinas\/\" \/>\n<meta property=\"og:locale\" content=\"es_ES\" \/>\n<meta property=\"og:type\" content=\"article\" \/>\n<meta property=\"og:title\" content=\"Las Malvinas - La Perla Austral\" \/>\n<meta property=\"og:description\" content=\"Es nuestra bella del mar. La Patria la contempla desde la costa madre con un dolor que no se va. Tiene las alas llenas de lunares, lobo roquero es su guardi\u00e1n. La patria la contempla. Es un \u00e1ngel sin sue\u00f1o la patria junto al mar. Tiene el pecho de ave sobre la honda helada. Ave&hellip; Leer m\u00e1s\" \/>\n<meta property=\"og:url\" content=\"http:\/\/laperlaaustral.com.ar\/guerra-malvinas\/las-malvinas\/\" \/>\n<meta property=\"og:site_name\" content=\"La Perla Austral\" \/>\n<meta property=\"article:publisher\" content=\"https:\/\/www.facebook.com\/La-Perla-Austra-487959322032195\" \/>\n<meta property=\"article:published_time\" content=\"2019-06-30T09:36:58+00:00\" \/>\n<meta property=\"article:modified_time\" content=\"2019-06-30T09:37:00+00:00\" \/>\n<meta name=\"author\" content=\"GomRam\" \/>\n<meta name=\"twitter:card\" content=\"summary_large_image\" \/>\n<meta name=\"twitter:label1\" content=\"Escrito por\" \/>\n\t<meta name=\"twitter:data1\" content=\"GomRam\" \/>\n\t<meta name=\"twitter:label2\" content=\"Tiempo de lectura\" \/>\n\t<meta name=\"twitter:data2\" content=\"1 minuto\" \/>\n<script type=\"application\/ld+json\" class=\"yoast-schema-graph\">{\"@context\":\"https:\/\/schema.org\",\"@graph\":[{\"@type\":\"WebPage\",\"@id\":\"http:\/\/laperlaaustral.com.ar\/guerra-malvinas\/las-malvinas\/\",\"url\":\"http:\/\/laperlaaustral.com.ar\/guerra-malvinas\/las-malvinas\/\",\"name\":\"Las Malvinas - La Perla Austral\",\"isPartOf\":{\"@id\":\"http:\/\/laperlaaustral.com.ar\/guerra-malvinas\/#website\"},\"datePublished\":\"2019-06-30T09:36:58+00:00\",\"dateModified\":\"2019-06-30T09:37:00+00:00\",\"author\":{\"@id\":\"http:\/\/laperlaaustral.com.ar\/guerra-malvinas\/#\/schema\/person\/cccf8f0904f83654d5f2d5380e4eb4b9\"},\"breadcrumb\":{\"@id\":\"http:\/\/laperlaaustral.com.ar\/guerra-malvinas\/las-malvinas\/#breadcrumb\"},\"inLanguage\":\"es\",\"potentialAction\":[{\"@type\":\"ReadAction\",\"target\":[\"http:\/\/laperlaaustral.com.ar\/guerra-malvinas\/las-malvinas\/\"]}]},{\"@type\":\"BreadcrumbList\",\"@id\":\"http:\/\/laperlaaustral.com.ar\/guerra-malvinas\/las-malvinas\/#breadcrumb\",\"itemListElement\":[{\"@type\":\"ListItem\",\"position\":1,\"name\":\"Portada\",\"item\":\"https:\/\/laperlaaustral.com.ar\/guerra-malvinas\/\"},{\"@type\":\"ListItem\",\"position\":2,\"name\":\"Las Malvinas\"}]},{\"@type\":\"WebSite\",\"@id\":\"http:\/\/laperlaaustral.com.ar\/guerra-malvinas\/#website\",\"url\":\"http:\/\/laperlaaustral.com.ar\/guerra-malvinas\/\",\"name\":\"La Perla Austral\",\"description\":\"Guerra de Malvinas 1982\",\"potentialAction\":[{\"@type\":\"SearchAction\",\"target\":{\"@type\":\"EntryPoint\",\"urlTemplate\":\"http:\/\/laperlaaustral.com.ar\/guerra-malvinas\/?s={search_term_string}\"},\"query-input\":{\"@type\":\"PropertyValueSpecification\",\"valueRequired\":true,\"valueName\":\"search_term_string\"}}],\"inLanguage\":\"es\"},{\"@type\":\"Person\",\"@id\":\"http:\/\/laperlaaustral.com.ar\/guerra-malvinas\/#\/schema\/person\/cccf8f0904f83654d5f2d5380e4eb4b9\",\"name\":\"GomRam\",\"image\":{\"@type\":\"ImageObject\",\"inLanguage\":\"es\",\"@id\":\"http:\/\/laperlaaustral.com.ar\/guerra-malvinas\/#\/schema\/person\/image\/\",\"url\":\"https:\/\/secure.gravatar.com\/avatar\/a0f191abb2983305e8a2e850573cb20a?s=96&d=mm&r=g\",\"contentUrl\":\"https:\/\/secure.gravatar.com\/avatar\/a0f191abb2983305e8a2e850573cb20a?s=96&d=mm&r=g\",\"caption\":\"GomRam\"},\"url\":\"https:\/\/laperlaaustral.com.ar\/guerra-malvinas\/author\/ac000164\/\"}]}<\/script>\n<!-- \/ Yoast SEO plugin. -->","yoast_head_json":{"title":"Las Malvinas - La Perla Austral","robots":{"index":"index","follow":"follow","max-snippet":"max-snippet:-1","max-image-preview":"max-image-preview:large","max-video-preview":"max-video-preview:-1"},"canonical":"http:\/\/laperlaaustral.com.ar\/guerra-malvinas\/las-malvinas\/","og_locale":"es_ES","og_type":"article","og_title":"Las Malvinas - La Perla Austral","og_description":"Es nuestra bella del mar. La Patria la contempla desde la costa madre con un dolor que no se va. Tiene las alas llenas de lunares, lobo roquero es su guardi\u00e1n. La patria la contempla. Es un \u00e1ngel sin sue\u00f1o la patria junto al mar. Tiene el pecho de ave sobre la honda helada. Ave&hellip; Leer m\u00e1s","og_url":"http:\/\/laperlaaustral.com.ar\/guerra-malvinas\/las-malvinas\/","og_site_name":"La Perla Austral","article_publisher":"https:\/\/www.facebook.com\/La-Perla-Austra-487959322032195","article_published_time":"2019-06-30T09:36:58+00:00","article_modified_time":"2019-06-30T09:37:00+00:00","author":"GomRam","twitter_card":"summary_large_image","twitter_misc":{"Escrito por":"GomRam","Tiempo de lectura":"1 minuto"},"schema":{"@context":"https:\/\/schema.org","@graph":[{"@type":"WebPage","@id":"http:\/\/laperlaaustral.com.ar\/guerra-malvinas\/las-malvinas\/","url":"http:\/\/laperlaaustral.com.ar\/guerra-malvinas\/las-malvinas\/","name":"Las Malvinas - La Perla Austral","isPartOf":{"@id":"http:\/\/laperlaaustral.com.ar\/guerra-malvinas\/#website"},"datePublished":"2019-06-30T09:36:58+00:00","dateModified":"2019-06-30T09:37:00+00:00","author":{"@id":"http:\/\/laperlaaustral.com.ar\/guerra-malvinas\/#\/schema\/person\/cccf8f0904f83654d5f2d5380e4eb4b9"},"breadcrumb":{"@id":"http:\/\/laperlaaustral.com.ar\/guerra-malvinas\/las-malvinas\/#breadcrumb"},"inLanguage":"es","potentialAction":[{"@type":"ReadAction","target":["http:\/\/laperlaaustral.com.ar\/guerra-malvinas\/las-malvinas\/"]}]},{"@type":"BreadcrumbList","@id":"http:\/\/laperlaaustral.com.ar\/guerra-malvinas\/las-malvinas\/#breadcrumb","itemListElement":[{"@type":"ListItem","position":1,"name":"Portada","item":"https:\/\/laperlaaustral.com.ar\/guerra-malvinas\/"},{"@type":"ListItem","position":2,"name":"Las Malvinas"}]},{"@type":"WebSite","@id":"http:\/\/laperlaaustral.com.ar\/guerra-malvinas\/#website","url":"http:\/\/laperlaaustral.com.ar\/guerra-malvinas\/","name":"La Perla Austral","description":"Guerra de Malvinas 1982","potentialAction":[{"@type":"SearchAction","target":{"@type":"EntryPoint","urlTemplate":"http:\/\/laperlaaustral.com.ar\/guerra-malvinas\/?s={search_term_string}"},"query-input":{"@type":"PropertyValueSpecification","valueRequired":true,"valueName":"search_term_string"}}],"inLanguage":"es"},{"@type":"Person","@id":"http:\/\/laperlaaustral.com.ar\/guerra-malvinas\/#\/schema\/person\/cccf8f0904f83654d5f2d5380e4eb4b9","name":"GomRam","image":{"@type":"ImageObject","inLanguage":"es","@id":"http:\/\/laperlaaustral.com.ar\/guerra-malvinas\/#\/schema\/person\/image\/","url":"https:\/\/secure.gravatar.com\/avatar\/a0f191abb2983305e8a2e850573cb20a?s=96&d=mm&r=g","contentUrl":"https:\/\/secure.gravatar.com\/avatar\/a0f191abb2983305e8a2e850573cb20a?s=96&d=mm&r=g","caption":"GomRam"},"url":"https:\/\/laperlaaustral.com.ar\/guerra-malvinas\/author\/ac000164\/"}]}},"_links":{"self":[{"href":"https:\/\/laperlaaustral.com.ar\/guerra-malvinas\/wp-json\/wp\/v2\/posts\/995"}],"collection":[{"href":"https:\/\/laperlaaustral.com.ar\/guerra-malvinas\/wp-json\/wp\/v2\/posts"}],"about":[{"href":"https:\/\/laperlaaustral.com.ar\/guerra-malvinas\/wp-json\/wp\/v2\/types\/post"}],"author":[{"embeddable":true,"href":"https:\/\/laperlaaustral.com.ar\/guerra-malvinas\/wp-json\/wp\/v2\/users\/2"}],"replies":[{"embeddable":true,"href":"https:\/\/laperlaaustral.com.ar\/guerra-malvinas\/wp-json\/wp\/v2\/comments?post=995"}],"version-history":[{"count":1,"href":"https:\/\/laperlaaustral.com.ar\/guerra-malvinas\/wp-json\/wp\/v2\/posts\/995\/revisions"}],"predecessor-version":[{"id":996,"href":"https:\/\/laperlaaustral.com.ar\/guerra-malvinas\/wp-json\/wp\/v2\/posts\/995\/revisions\/996"}],"wp:attachment":[{"href":"https:\/\/laperlaaustral.com.ar\/guerra-malvinas\/wp-json\/wp\/v2\/media?parent=995"}],"wp:term":[{"taxonomy":"category","embeddable":true,"href":"https:\/\/laperlaaustral.com.ar\/guerra-malvinas\/wp-json\/wp\/v2\/categories?post=995"},{"taxonomy":"post_tag","embeddable":true,"href":"https:\/\/laperlaaustral.com.ar\/guerra-malvinas\/wp-json\/wp\/v2\/tags?post=995"}],"curies":[{"name":"wp","href":"https:\/\/api.w.org\/{rel}","templated":true}]}}