{"id":758,"date":"2019-06-28T15:07:14","date_gmt":"2019-06-28T15:07:14","guid":{"rendered":"https:\/\/laperlaaustral.com.ar\/guerra-malvinas\/?p=758"},"modified":"2019-06-28T15:07:14","modified_gmt":"2019-06-28T15:07:14","slug":"cancion-del-ejercito-argentino","status":"publish","type":"post","link":"https:\/\/laperlaaustral.com.ar\/guerra-malvinas\/cancion-del-ejercito-argentino\/","title":{"rendered":"Canci\u00f3n del Ej\u00e9rcito Argentino"},"content":{"rendered":"\n<p>Por la Patria el Ej\u00e9rcito Argentino<\/p>\n\n\n\n<p>Legendarias haza\u00f1as realiz\u00f3;<\/p>\n\n\n\n<p>Fue la ruta del sol su camino,<\/p>\n\n\n\n<p>Por los valles y cuestas luch\u00f3.<\/p>\n\n\n\n<p>A los andes, la gran cordillera<\/p>\n\n\n\n<p>\u00abNuestro C\u00f3ndor\u00bb, sus hijos llev\u00f3,<\/p>\n\n\n\n<p>y en la cumbre flame\u00f3 su Bandera,<\/p>\n\n\n\n<p>y en Malvinas su arrojo mostr\u00f3<\/p>\n\n\n\n<p>CORO<\/p>\n\n\n\n<p>\u00a1A la carga los valientes,<\/p>\n\n\n\n<p>esgrimiendo su Pend\u00f3n!<\/p>\n\n\n\n<p>\u00a1Cual sublime ideal de continente,<\/p>\n\n\n\n<p>nuestro emblema de redenci\u00f3n;<\/p>\n\n\n\n<p>los titanes paladines,<\/p>\n\n\n\n<p>con id\u00f3mito valor,<\/p>\n\n\n\n<p>de la Patria libraron los confines,<\/p>\n\n\n\n<p>al Per\u00fa, Chile y Ecuador!!<\/p>\n\n\n\n<p>Que retumbe en el cielo y la tierra<\/p>\n\n\n\n<p>El clar\u00edn en su \u00e9pico llamar,<\/p>\n\n\n\n<p>Y reviva el grito de guerra:<\/p>\n\n\n\n<p>\u00a1por la patria morir o triunfar!<\/p>\n\n\n\n<p>Nuestro padre com\u00fan de las armas<\/p>\n\n\n\n<p>Con fervor es preciso invocar,<\/p>\n\n\n\n<p>\u00a1y con odas y cantos del alma<\/p>\n\n\n\n<p>a su gloria que es gloria inmortal!<\/p>\n\n\n\n<p>coro <\/p>\n","protected":false},"excerpt":{"rendered":"<p>Por la Patria el Ej\u00e9rcito Argentino Legendarias haza\u00f1as realiz\u00f3; Fue la ruta del sol su camino, Por los valles y cuestas luch\u00f3. A los andes, la gran cordillera \u00abNuestro C\u00f3ndor\u00bb, sus hijos llev\u00f3, y en la cumbre flame\u00f3 su Bandera, y en Malvinas su arrojo mostr\u00f3 CORO \u00a1A la carga los valientes, esgrimiendo su Pend\u00f3n!&hellip; <br \/> <a class=\"read-more\" href=\"https:\/\/laperlaaustral.com.ar\/guerra-malvinas\/cancion-del-ejercito-argentino\/\">Leer m\u00e1s<\/a><\/p>\n","protected":false},"author":2,"featured_media":759,"comment_status":"open","ping_status":"open","sticky":false,"template":"","format":"standard","meta":{"_monsterinsights_skip_tracking":false,"_monsterinsights_sitenote_active":false,"_monsterinsights_sitenote_note":"","_monsterinsights_sitenote_category":0,"footnotes":""},"categories":[7],"tags":[437,408,407],"yoast_head":"<!-- This site is optimized with the Yoast SEO plugin v23.4 - https:\/\/yoast.com\/wordpress\/plugins\/seo\/ -->\n<title>Canci\u00f3n del Ej\u00e9rcito Argentino - La Perla Austral<\/title>\n<meta name=\"robots\" content=\"index, follow, max-snippet:-1, max-image-preview:large, max-video-preview:-1\" \/>\n<link rel=\"canonical\" href=\"http:\/\/laperlaaustral.com.ar\/guerra-malvinas\/cancion-del-ejercito-argentino\/\" \/>\n<meta property=\"og:locale\" content=\"es_ES\" \/>\n<meta property=\"og:type\" content=\"article\" \/>\n<meta property=\"og:title\" content=\"Canci\u00f3n del Ej\u00e9rcito Argentino - La Perla Austral\" \/>\n<meta property=\"og:description\" content=\"Por la Patria el Ej\u00e9rcito Argentino Legendarias haza\u00f1as realiz\u00f3; Fue la ruta del sol su camino, Por los valles y cuestas luch\u00f3. A los andes, la gran cordillera \u00abNuestro C\u00f3ndor\u00bb, sus hijos llev\u00f3, y en la cumbre flame\u00f3 su Bandera, y en Malvinas su arrojo mostr\u00f3 CORO \u00a1A la carga los valientes, esgrimiendo su Pend\u00f3n!&hellip; Leer m\u00e1s\" \/>\n<meta property=\"og:url\" content=\"http:\/\/laperlaaustral.com.ar\/guerra-malvinas\/cancion-del-ejercito-argentino\/\" \/>\n<meta property=\"og:site_name\" content=\"La Perla Austral\" \/>\n<meta property=\"article:publisher\" content=\"https:\/\/www.facebook.com\/La-Perla-Austra-487959322032195\" \/>\n<meta property=\"article:published_time\" content=\"2019-06-28T15:07:14+00:00\" \/>\n<meta property=\"og:image\" content=\"http:\/\/laperlaaustral.com.ar\/guerra-malvinas\/wp-content\/uploads\/2019\/06\/Ejerito-Argentino-en-Malvinas-1.jpg\" \/>\n\t<meta property=\"og:image:width\" content=\"443\" \/>\n\t<meta property=\"og:image:height\" content=\"320\" \/>\n\t<meta property=\"og:image:type\" content=\"image\/jpeg\" \/>\n<meta name=\"author\" content=\"GomRam\" \/>\n<meta name=\"twitter:card\" content=\"summary_large_image\" \/>\n<meta name=\"twitter:label1\" content=\"Escrito por\" \/>\n\t<meta name=\"twitter:data1\" content=\"GomRam\" \/>\n\t<meta name=\"twitter:label2\" content=\"Tiempo de lectura\" \/>\n\t<meta name=\"twitter:data2\" content=\"1 minuto\" \/>\n<script type=\"application\/ld+json\" class=\"yoast-schema-graph\">{\"@context\":\"https:\/\/schema.org\",\"@graph\":[{\"@type\":\"WebPage\",\"@id\":\"http:\/\/laperlaaustral.com.ar\/guerra-malvinas\/cancion-del-ejercito-argentino\/\",\"url\":\"http:\/\/laperlaaustral.com.ar\/guerra-malvinas\/cancion-del-ejercito-argentino\/\",\"name\":\"Canci\u00f3n del Ej\u00e9rcito Argentino - La Perla Austral\",\"isPartOf\":{\"@id\":\"http:\/\/laperlaaustral.com.ar\/guerra-malvinas\/#website\"},\"primaryImageOfPage\":{\"@id\":\"http:\/\/laperlaaustral.com.ar\/guerra-malvinas\/cancion-del-ejercito-argentino\/#primaryimage\"},\"image\":{\"@id\":\"http:\/\/laperlaaustral.com.ar\/guerra-malvinas\/cancion-del-ejercito-argentino\/#primaryimage\"},\"thumbnailUrl\":\"https:\/\/laperlaaustral.com.ar\/guerra-malvinas\/wp-content\/uploads\/2019\/06\/Ejerito-Argentino-en-Malvinas-1.jpg\",\"datePublished\":\"2019-06-28T15:07:14+00:00\",\"dateModified\":\"2019-06-28T15:07:14+00:00\",\"author\":{\"@id\":\"http:\/\/laperlaaustral.com.ar\/guerra-malvinas\/#\/schema\/person\/cccf8f0904f83654d5f2d5380e4eb4b9\"},\"breadcrumb\":{\"@id\":\"http:\/\/laperlaaustral.com.ar\/guerra-malvinas\/cancion-del-ejercito-argentino\/#breadcrumb\"},\"inLanguage\":\"es\",\"potentialAction\":[{\"@type\":\"ReadAction\",\"target\":[\"http:\/\/laperlaaustral.com.ar\/guerra-malvinas\/cancion-del-ejercito-argentino\/\"]}]},{\"@type\":\"ImageObject\",\"inLanguage\":\"es\",\"@id\":\"http:\/\/laperlaaustral.com.ar\/guerra-malvinas\/cancion-del-ejercito-argentino\/#primaryimage\",\"url\":\"https:\/\/laperlaaustral.com.ar\/guerra-malvinas\/wp-content\/uploads\/2019\/06\/Ejerito-Argentino-en-Malvinas-1.jpg\",\"contentUrl\":\"https:\/\/laperlaaustral.com.ar\/guerra-malvinas\/wp-content\/uploads\/2019\/06\/Ejerito-Argentino-en-Malvinas-1.jpg\",\"width\":443,\"height\":320,\"caption\":\"Ejerito Argentino en Malvinas\"},{\"@type\":\"BreadcrumbList\",\"@id\":\"http:\/\/laperlaaustral.com.ar\/guerra-malvinas\/cancion-del-ejercito-argentino\/#breadcrumb\",\"itemListElement\":[{\"@type\":\"ListItem\",\"position\":1,\"name\":\"Portada\",\"item\":\"https:\/\/laperlaaustral.com.ar\/guerra-malvinas\/\"},{\"@type\":\"ListItem\",\"position\":2,\"name\":\"Canci\u00f3n del Ej\u00e9rcito Argentino\"}]},{\"@type\":\"WebSite\",\"@id\":\"http:\/\/laperlaaustral.com.ar\/guerra-malvinas\/#website\",\"url\":\"http:\/\/laperlaaustral.com.ar\/guerra-malvinas\/\",\"name\":\"La Perla Austral\",\"description\":\"Guerra de Malvinas 1982\",\"potentialAction\":[{\"@type\":\"SearchAction\",\"target\":{\"@type\":\"EntryPoint\",\"urlTemplate\":\"http:\/\/laperlaaustral.com.ar\/guerra-malvinas\/?s={search_term_string}\"},\"query-input\":{\"@type\":\"PropertyValueSpecification\",\"valueRequired\":true,\"valueName\":\"search_term_string\"}}],\"inLanguage\":\"es\"},{\"@type\":\"Person\",\"@id\":\"http:\/\/laperlaaustral.com.ar\/guerra-malvinas\/#\/schema\/person\/cccf8f0904f83654d5f2d5380e4eb4b9\",\"name\":\"GomRam\",\"image\":{\"@type\":\"ImageObject\",\"inLanguage\":\"es\",\"@id\":\"http:\/\/laperlaaustral.com.ar\/guerra-malvinas\/#\/schema\/person\/image\/\",\"url\":\"https:\/\/secure.gravatar.com\/avatar\/a0f191abb2983305e8a2e850573cb20a?s=96&d=mm&r=g\",\"contentUrl\":\"https:\/\/secure.gravatar.com\/avatar\/a0f191abb2983305e8a2e850573cb20a?s=96&d=mm&r=g\",\"caption\":\"GomRam\"},\"url\":\"https:\/\/laperlaaustral.com.ar\/guerra-malvinas\/author\/ac000164\/\"}]}<\/script>\n<!-- \/ Yoast SEO plugin. -->","yoast_head_json":{"title":"Canci\u00f3n del Ej\u00e9rcito Argentino - La Perla Austral","robots":{"index":"index","follow":"follow","max-snippet":"max-snippet:-1","max-image-preview":"max-image-preview:large","max-video-preview":"max-video-preview:-1"},"canonical":"http:\/\/laperlaaustral.com.ar\/guerra-malvinas\/cancion-del-ejercito-argentino\/","og_locale":"es_ES","og_type":"article","og_title":"Canci\u00f3n del Ej\u00e9rcito Argentino - La Perla Austral","og_description":"Por la Patria el Ej\u00e9rcito Argentino Legendarias haza\u00f1as realiz\u00f3; Fue la ruta del sol su camino, Por los valles y cuestas luch\u00f3. A los andes, la gran cordillera \u00abNuestro C\u00f3ndor\u00bb, sus hijos llev\u00f3, y en la cumbre flame\u00f3 su Bandera, y en Malvinas su arrojo mostr\u00f3 CORO \u00a1A la carga los valientes, esgrimiendo su Pend\u00f3n!&hellip; Leer m\u00e1s","og_url":"http:\/\/laperlaaustral.com.ar\/guerra-malvinas\/cancion-del-ejercito-argentino\/","og_site_name":"La Perla Austral","article_publisher":"https:\/\/www.facebook.com\/La-Perla-Austra-487959322032195","article_published_time":"2019-06-28T15:07:14+00:00","og_image":[{"width":443,"height":320,"url":"http:\/\/laperlaaustral.com.ar\/guerra-malvinas\/wp-content\/uploads\/2019\/06\/Ejerito-Argentino-en-Malvinas-1.jpg","type":"image\/jpeg"}],"author":"GomRam","twitter_card":"summary_large_image","twitter_misc":{"Escrito por":"GomRam","Tiempo de lectura":"1 minuto"},"schema":{"@context":"https:\/\/schema.org","@graph":[{"@type":"WebPage","@id":"http:\/\/laperlaaustral.com.ar\/guerra-malvinas\/cancion-del-ejercito-argentino\/","url":"http:\/\/laperlaaustral.com.ar\/guerra-malvinas\/cancion-del-ejercito-argentino\/","name":"Canci\u00f3n del Ej\u00e9rcito Argentino - La Perla Austral","isPartOf":{"@id":"http:\/\/laperlaaustral.com.ar\/guerra-malvinas\/#website"},"primaryImageOfPage":{"@id":"http:\/\/laperlaaustral.com.ar\/guerra-malvinas\/cancion-del-ejercito-argentino\/#primaryimage"},"image":{"@id":"http:\/\/laperlaaustral.com.ar\/guerra-malvinas\/cancion-del-ejercito-argentino\/#primaryimage"},"thumbnailUrl":"https:\/\/laperlaaustral.com.ar\/guerra-malvinas\/wp-content\/uploads\/2019\/06\/Ejerito-Argentino-en-Malvinas-1.jpg","datePublished":"2019-06-28T15:07:14+00:00","dateModified":"2019-06-28T15:07:14+00:00","author":{"@id":"http:\/\/laperlaaustral.com.ar\/guerra-malvinas\/#\/schema\/person\/cccf8f0904f83654d5f2d5380e4eb4b9"},"breadcrumb":{"@id":"http:\/\/laperlaaustral.com.ar\/guerra-malvinas\/cancion-del-ejercito-argentino\/#breadcrumb"},"inLanguage":"es","potentialAction":[{"@type":"ReadAction","target":["http:\/\/laperlaaustral.com.ar\/guerra-malvinas\/cancion-del-ejercito-argentino\/"]}]},{"@type":"ImageObject","inLanguage":"es","@id":"http:\/\/laperlaaustral.com.ar\/guerra-malvinas\/cancion-del-ejercito-argentino\/#primaryimage","url":"https:\/\/laperlaaustral.com.ar\/guerra-malvinas\/wp-content\/uploads\/2019\/06\/Ejerito-Argentino-en-Malvinas-1.jpg","contentUrl":"https:\/\/laperlaaustral.com.ar\/guerra-malvinas\/wp-content\/uploads\/2019\/06\/Ejerito-Argentino-en-Malvinas-1.jpg","width":443,"height":320,"caption":"Ejerito Argentino en Malvinas"},{"@type":"BreadcrumbList","@id":"http:\/\/laperlaaustral.com.ar\/guerra-malvinas\/cancion-del-ejercito-argentino\/#breadcrumb","itemListElement":[{"@type":"ListItem","position":1,"name":"Portada","item":"https:\/\/laperlaaustral.com.ar\/guerra-malvinas\/"},{"@type":"ListItem","position":2,"name":"Canci\u00f3n del Ej\u00e9rcito Argentino"}]},{"@type":"WebSite","@id":"http:\/\/laperlaaustral.com.ar\/guerra-malvinas\/#website","url":"http:\/\/laperlaaustral.com.ar\/guerra-malvinas\/","name":"La Perla Austral","description":"Guerra de Malvinas 1982","potentialAction":[{"@type":"SearchAction","target":{"@type":"EntryPoint","urlTemplate":"http:\/\/laperlaaustral.com.ar\/guerra-malvinas\/?s={search_term_string}"},"query-input":{"@type":"PropertyValueSpecification","valueRequired":true,"valueName":"search_term_string"}}],"inLanguage":"es"},{"@type":"Person","@id":"http:\/\/laperlaaustral.com.ar\/guerra-malvinas\/#\/schema\/person\/cccf8f0904f83654d5f2d5380e4eb4b9","name":"GomRam","image":{"@type":"ImageObject","inLanguage":"es","@id":"http:\/\/laperlaaustral.com.ar\/guerra-malvinas\/#\/schema\/person\/image\/","url":"https:\/\/secure.gravatar.com\/avatar\/a0f191abb2983305e8a2e850573cb20a?s=96&d=mm&r=g","contentUrl":"https:\/\/secure.gravatar.com\/avatar\/a0f191abb2983305e8a2e850573cb20a?s=96&d=mm&r=g","caption":"GomRam"},"url":"https:\/\/laperlaaustral.com.ar\/guerra-malvinas\/author\/ac000164\/"}]}},"_links":{"self":[{"href":"https:\/\/laperlaaustral.com.ar\/guerra-malvinas\/wp-json\/wp\/v2\/posts\/758"}],"collection":[{"href":"https:\/\/laperlaaustral.com.ar\/guerra-malvinas\/wp-json\/wp\/v2\/posts"}],"about":[{"href":"https:\/\/laperlaaustral.com.ar\/guerra-malvinas\/wp-json\/wp\/v2\/types\/post"}],"author":[{"embeddable":true,"href":"https:\/\/laperlaaustral.com.ar\/guerra-malvinas\/wp-json\/wp\/v2\/users\/2"}],"replies":[{"embeddable":true,"href":"https:\/\/laperlaaustral.com.ar\/guerra-malvinas\/wp-json\/wp\/v2\/comments?post=758"}],"version-history":[{"count":1,"href":"https:\/\/laperlaaustral.com.ar\/guerra-malvinas\/wp-json\/wp\/v2\/posts\/758\/revisions"}],"predecessor-version":[{"id":760,"href":"https:\/\/laperlaaustral.com.ar\/guerra-malvinas\/wp-json\/wp\/v2\/posts\/758\/revisions\/760"}],"wp:featuredmedia":[{"embeddable":true,"href":"https:\/\/laperlaaustral.com.ar\/guerra-malvinas\/wp-json\/wp\/v2\/media\/759"}],"wp:attachment":[{"href":"https:\/\/laperlaaustral.com.ar\/guerra-malvinas\/wp-json\/wp\/v2\/media?parent=758"}],"wp:term":[{"taxonomy":"category","embeddable":true,"href":"https:\/\/laperlaaustral.com.ar\/guerra-malvinas\/wp-json\/wp\/v2\/categories?post=758"},{"taxonomy":"post_tag","embeddable":true,"href":"https:\/\/laperlaaustral.com.ar\/guerra-malvinas\/wp-json\/wp\/v2\/tags?post=758"}],"curies":[{"name":"wp","href":"https:\/\/api.w.org\/{rel}","templated":true}]}}