{"id":753,"date":"2019-06-28T15:01:48","date_gmt":"2019-06-28T15:01:48","guid":{"rendered":"https:\/\/laperlaaustral.com.ar\/guerra-malvinas\/?p=753"},"modified":"2019-06-30T10:40:17","modified_gmt":"2019-06-30T10:40:17","slug":"marcha-de-la-armada","status":"publish","type":"post","link":"https:\/\/laperlaaustral.com.ar\/guerra-malvinas\/marcha-de-la-armada\/","title":{"rendered":"Marcha de la Armada"},"content":{"rendered":"\n<p>MARCHA DE LA ARMADA <\/p>\n\n\n\n<p>Suena el clar\u00edn mandan izar.<br> Sube orgulloso el azul pabell\u00f3n.<br> Y una emoci\u00f3n me hace llorar.<br> Al entonar esta canci\u00f3n.<br> Que es la canci\u00f3n de la gente de mar.<br> Quiero expresar esta emoci\u00f3n.<\/p>\n\n\n\n<p>Valiente muchachada de la Armada.<br> Que lejos de amor y hogar.<br> Guardan la extensi\u00f3n del patrio mar;<br> La furia de los vientos desatada.<br> No doblegar\u00e1 jam\u00e1s a su coraz\u00f3n viril y audaz.<\/p>\n\n\n\n<p>Y no ha de arriar su pabell\u00f3n.<br> Ning\u00fan bajel de mi naci\u00f3n.<br> Si queda a bordo un guapo marinero.<br> Criollo y como tal var\u00f3n.<br> Al pie de un ca\u00f1\u00f3n.<\/p>\n\n\n\n<p>Valiente muchachada de la Armada.<br> Que lejos de amor y hogar.<br> Guardan la extensi\u00f3n del patrio mar;<br> La furia de los vientos desatada.<br> No doblegar\u00e1 jam\u00e1s a su coraz\u00f3n viril y audaz.<\/p>\n\n\n\n<p>Y no ha de arriar su pabell\u00f3n.<br> Ning\u00fan bajel de mi naci\u00f3n.<br> Si queda a bordo un guapo marinero.<br> Criollo y como tal var\u00f3n.<br> Al pie de un ca\u00f1\u00f3n.<\/p>\n","protected":false},"excerpt":{"rendered":"<p>MARCHA DE LA ARMADA Suena el clar\u00edn mandan izar. Sube orgulloso el azul pabell\u00f3n. Y una emoci\u00f3n me hace llorar. Al entonar esta canci\u00f3n. Que es la canci\u00f3n de la gente de mar. Quiero expresar esta emoci\u00f3n. Valiente muchachada de la Armada. Que lejos de amor y hogar. Guardan la extensi\u00f3n del patrio mar; La&hellip; <br \/> <a class=\"read-more\" href=\"https:\/\/laperlaaustral.com.ar\/guerra-malvinas\/marcha-de-la-armada\/\">Leer m\u00e1s<\/a><\/p>\n","protected":false},"author":2,"featured_media":756,"comment_status":"open","ping_status":"open","sticky":false,"template":"","format":"standard","meta":{"_monsterinsights_skip_tracking":false,"_monsterinsights_sitenote_active":false,"_monsterinsights_sitenote_note":"","_monsterinsights_sitenote_category":0,"footnotes":""},"categories":[7],"tags":[435,436,408,407],"yoast_head":"<!-- This site is optimized with the Yoast SEO plugin v23.4 - https:\/\/yoast.com\/wordpress\/plugins\/seo\/ -->\n<title>Marcha de la Armada - La Perla Austral<\/title>\n<meta name=\"robots\" content=\"index, follow, max-snippet:-1, max-image-preview:large, max-video-preview:-1\" \/>\n<link rel=\"canonical\" href=\"http:\/\/laperlaaustral.com.ar\/guerra-malvinas\/marcha-de-la-armada\/\" \/>\n<meta property=\"og:locale\" content=\"es_ES\" \/>\n<meta property=\"og:type\" content=\"article\" \/>\n<meta property=\"og:title\" content=\"Marcha de la Armada - La Perla Austral\" \/>\n<meta property=\"og:description\" content=\"MARCHA DE LA ARMADA Suena el clar\u00edn mandan izar. Sube orgulloso el azul pabell\u00f3n. Y una emoci\u00f3n me hace llorar. Al entonar esta canci\u00f3n. Que es la canci\u00f3n de la gente de mar. Quiero expresar esta emoci\u00f3n. Valiente muchachada de la Armada. Que lejos de amor y hogar. Guardan la extensi\u00f3n del patrio mar; La&hellip; Leer m\u00e1s\" \/>\n<meta property=\"og:url\" content=\"http:\/\/laperlaaustral.com.ar\/guerra-malvinas\/marcha-de-la-armada\/\" \/>\n<meta property=\"og:site_name\" content=\"La Perla Austral\" \/>\n<meta property=\"article:publisher\" content=\"https:\/\/www.facebook.com\/La-Perla-Austra-487959322032195\" \/>\n<meta property=\"article:published_time\" content=\"2019-06-28T15:01:48+00:00\" \/>\n<meta property=\"article:modified_time\" content=\"2019-06-30T10:40:17+00:00\" \/>\n<meta property=\"og:image\" content=\"http:\/\/laperlaaustral.com.ar\/guerra-malvinas\/wp-content\/uploads\/2019\/06\/Armada-Argentina-en-Malvinas-1.jpg\" \/>\n\t<meta property=\"og:image:width\" content=\"443\" \/>\n\t<meta property=\"og:image:height\" content=\"320\" \/>\n\t<meta property=\"og:image:type\" content=\"image\/jpeg\" \/>\n<meta name=\"author\" content=\"GomRam\" \/>\n<meta name=\"twitter:card\" content=\"summary_large_image\" \/>\n<meta name=\"twitter:label1\" content=\"Escrito por\" \/>\n\t<meta name=\"twitter:data1\" content=\"GomRam\" \/>\n\t<meta name=\"twitter:label2\" content=\"Tiempo de lectura\" \/>\n\t<meta name=\"twitter:data2\" content=\"1 minuto\" \/>\n<script type=\"application\/ld+json\" class=\"yoast-schema-graph\">{\"@context\":\"https:\/\/schema.org\",\"@graph\":[{\"@type\":\"WebPage\",\"@id\":\"http:\/\/laperlaaustral.com.ar\/guerra-malvinas\/marcha-de-la-armada\/\",\"url\":\"http:\/\/laperlaaustral.com.ar\/guerra-malvinas\/marcha-de-la-armada\/\",\"name\":\"Marcha de la Armada - La Perla Austral\",\"isPartOf\":{\"@id\":\"http:\/\/laperlaaustral.com.ar\/guerra-malvinas\/#website\"},\"primaryImageOfPage\":{\"@id\":\"http:\/\/laperlaaustral.com.ar\/guerra-malvinas\/marcha-de-la-armada\/#primaryimage\"},\"image\":{\"@id\":\"http:\/\/laperlaaustral.com.ar\/guerra-malvinas\/marcha-de-la-armada\/#primaryimage\"},\"thumbnailUrl\":\"https:\/\/laperlaaustral.com.ar\/guerra-malvinas\/wp-content\/uploads\/2019\/06\/Armada-Argentina-en-Malvinas-1.jpg\",\"datePublished\":\"2019-06-28T15:01:48+00:00\",\"dateModified\":\"2019-06-30T10:40:17+00:00\",\"author\":{\"@id\":\"http:\/\/laperlaaustral.com.ar\/guerra-malvinas\/#\/schema\/person\/cccf8f0904f83654d5f2d5380e4eb4b9\"},\"breadcrumb\":{\"@id\":\"http:\/\/laperlaaustral.com.ar\/guerra-malvinas\/marcha-de-la-armada\/#breadcrumb\"},\"inLanguage\":\"es\",\"potentialAction\":[{\"@type\":\"ReadAction\",\"target\":[\"http:\/\/laperlaaustral.com.ar\/guerra-malvinas\/marcha-de-la-armada\/\"]}]},{\"@type\":\"ImageObject\",\"inLanguage\":\"es\",\"@id\":\"http:\/\/laperlaaustral.com.ar\/guerra-malvinas\/marcha-de-la-armada\/#primaryimage\",\"url\":\"https:\/\/laperlaaustral.com.ar\/guerra-malvinas\/wp-content\/uploads\/2019\/06\/Armada-Argentina-en-Malvinas-1.jpg\",\"contentUrl\":\"https:\/\/laperlaaustral.com.ar\/guerra-malvinas\/wp-content\/uploads\/2019\/06\/Armada-Argentina-en-Malvinas-1.jpg\",\"width\":443,\"height\":320,\"caption\":\"Marcha de la Armada\"},{\"@type\":\"BreadcrumbList\",\"@id\":\"http:\/\/laperlaaustral.com.ar\/guerra-malvinas\/marcha-de-la-armada\/#breadcrumb\",\"itemListElement\":[{\"@type\":\"ListItem\",\"position\":1,\"name\":\"Portada\",\"item\":\"https:\/\/laperlaaustral.com.ar\/guerra-malvinas\/\"},{\"@type\":\"ListItem\",\"position\":2,\"name\":\"Marcha de la Armada\"}]},{\"@type\":\"WebSite\",\"@id\":\"http:\/\/laperlaaustral.com.ar\/guerra-malvinas\/#website\",\"url\":\"http:\/\/laperlaaustral.com.ar\/guerra-malvinas\/\",\"name\":\"La Perla Austral\",\"description\":\"Guerra de Malvinas 1982\",\"potentialAction\":[{\"@type\":\"SearchAction\",\"target\":{\"@type\":\"EntryPoint\",\"urlTemplate\":\"http:\/\/laperlaaustral.com.ar\/guerra-malvinas\/?s={search_term_string}\"},\"query-input\":{\"@type\":\"PropertyValueSpecification\",\"valueRequired\":true,\"valueName\":\"search_term_string\"}}],\"inLanguage\":\"es\"},{\"@type\":\"Person\",\"@id\":\"http:\/\/laperlaaustral.com.ar\/guerra-malvinas\/#\/schema\/person\/cccf8f0904f83654d5f2d5380e4eb4b9\",\"name\":\"GomRam\",\"image\":{\"@type\":\"ImageObject\",\"inLanguage\":\"es\",\"@id\":\"http:\/\/laperlaaustral.com.ar\/guerra-malvinas\/#\/schema\/person\/image\/\",\"url\":\"https:\/\/secure.gravatar.com\/avatar\/a0f191abb2983305e8a2e850573cb20a?s=96&d=mm&r=g\",\"contentUrl\":\"https:\/\/secure.gravatar.com\/avatar\/a0f191abb2983305e8a2e850573cb20a?s=96&d=mm&r=g\",\"caption\":\"GomRam\"},\"url\":\"https:\/\/laperlaaustral.com.ar\/guerra-malvinas\/author\/ac000164\/\"}]}<\/script>\n<!-- \/ Yoast SEO plugin. -->","yoast_head_json":{"title":"Marcha de la Armada - La Perla Austral","robots":{"index":"index","follow":"follow","max-snippet":"max-snippet:-1","max-image-preview":"max-image-preview:large","max-video-preview":"max-video-preview:-1"},"canonical":"http:\/\/laperlaaustral.com.ar\/guerra-malvinas\/marcha-de-la-armada\/","og_locale":"es_ES","og_type":"article","og_title":"Marcha de la Armada - La Perla Austral","og_description":"MARCHA DE LA ARMADA Suena el clar\u00edn mandan izar. Sube orgulloso el azul pabell\u00f3n. Y una emoci\u00f3n me hace llorar. Al entonar esta canci\u00f3n. Que es la canci\u00f3n de la gente de mar. Quiero expresar esta emoci\u00f3n. Valiente muchachada de la Armada. Que lejos de amor y hogar. Guardan la extensi\u00f3n del patrio mar; La&hellip; Leer m\u00e1s","og_url":"http:\/\/laperlaaustral.com.ar\/guerra-malvinas\/marcha-de-la-armada\/","og_site_name":"La Perla Austral","article_publisher":"https:\/\/www.facebook.com\/La-Perla-Austra-487959322032195","article_published_time":"2019-06-28T15:01:48+00:00","article_modified_time":"2019-06-30T10:40:17+00:00","og_image":[{"width":443,"height":320,"url":"http:\/\/laperlaaustral.com.ar\/guerra-malvinas\/wp-content\/uploads\/2019\/06\/Armada-Argentina-en-Malvinas-1.jpg","type":"image\/jpeg"}],"author":"GomRam","twitter_card":"summary_large_image","twitter_misc":{"Escrito por":"GomRam","Tiempo de lectura":"1 minuto"},"schema":{"@context":"https:\/\/schema.org","@graph":[{"@type":"WebPage","@id":"http:\/\/laperlaaustral.com.ar\/guerra-malvinas\/marcha-de-la-armada\/","url":"http:\/\/laperlaaustral.com.ar\/guerra-malvinas\/marcha-de-la-armada\/","name":"Marcha de la Armada - La Perla Austral","isPartOf":{"@id":"http:\/\/laperlaaustral.com.ar\/guerra-malvinas\/#website"},"primaryImageOfPage":{"@id":"http:\/\/laperlaaustral.com.ar\/guerra-malvinas\/marcha-de-la-armada\/#primaryimage"},"image":{"@id":"http:\/\/laperlaaustral.com.ar\/guerra-malvinas\/marcha-de-la-armada\/#primaryimage"},"thumbnailUrl":"https:\/\/laperlaaustral.com.ar\/guerra-malvinas\/wp-content\/uploads\/2019\/06\/Armada-Argentina-en-Malvinas-1.jpg","datePublished":"2019-06-28T15:01:48+00:00","dateModified":"2019-06-30T10:40:17+00:00","author":{"@id":"http:\/\/laperlaaustral.com.ar\/guerra-malvinas\/#\/schema\/person\/cccf8f0904f83654d5f2d5380e4eb4b9"},"breadcrumb":{"@id":"http:\/\/laperlaaustral.com.ar\/guerra-malvinas\/marcha-de-la-armada\/#breadcrumb"},"inLanguage":"es","potentialAction":[{"@type":"ReadAction","target":["http:\/\/laperlaaustral.com.ar\/guerra-malvinas\/marcha-de-la-armada\/"]}]},{"@type":"ImageObject","inLanguage":"es","@id":"http:\/\/laperlaaustral.com.ar\/guerra-malvinas\/marcha-de-la-armada\/#primaryimage","url":"https:\/\/laperlaaustral.com.ar\/guerra-malvinas\/wp-content\/uploads\/2019\/06\/Armada-Argentina-en-Malvinas-1.jpg","contentUrl":"https:\/\/laperlaaustral.com.ar\/guerra-malvinas\/wp-content\/uploads\/2019\/06\/Armada-Argentina-en-Malvinas-1.jpg","width":443,"height":320,"caption":"Marcha de la Armada"},{"@type":"BreadcrumbList","@id":"http:\/\/laperlaaustral.com.ar\/guerra-malvinas\/marcha-de-la-armada\/#breadcrumb","itemListElement":[{"@type":"ListItem","position":1,"name":"Portada","item":"https:\/\/laperlaaustral.com.ar\/guerra-malvinas\/"},{"@type":"ListItem","position":2,"name":"Marcha de la Armada"}]},{"@type":"WebSite","@id":"http:\/\/laperlaaustral.com.ar\/guerra-malvinas\/#website","url":"http:\/\/laperlaaustral.com.ar\/guerra-malvinas\/","name":"La Perla Austral","description":"Guerra de Malvinas 1982","potentialAction":[{"@type":"SearchAction","target":{"@type":"EntryPoint","urlTemplate":"http:\/\/laperlaaustral.com.ar\/guerra-malvinas\/?s={search_term_string}"},"query-input":{"@type":"PropertyValueSpecification","valueRequired":true,"valueName":"search_term_string"}}],"inLanguage":"es"},{"@type":"Person","@id":"http:\/\/laperlaaustral.com.ar\/guerra-malvinas\/#\/schema\/person\/cccf8f0904f83654d5f2d5380e4eb4b9","name":"GomRam","image":{"@type":"ImageObject","inLanguage":"es","@id":"http:\/\/laperlaaustral.com.ar\/guerra-malvinas\/#\/schema\/person\/image\/","url":"https:\/\/secure.gravatar.com\/avatar\/a0f191abb2983305e8a2e850573cb20a?s=96&d=mm&r=g","contentUrl":"https:\/\/secure.gravatar.com\/avatar\/a0f191abb2983305e8a2e850573cb20a?s=96&d=mm&r=g","caption":"GomRam"},"url":"https:\/\/laperlaaustral.com.ar\/guerra-malvinas\/author\/ac000164\/"}]}},"_links":{"self":[{"href":"https:\/\/laperlaaustral.com.ar\/guerra-malvinas\/wp-json\/wp\/v2\/posts\/753"}],"collection":[{"href":"https:\/\/laperlaaustral.com.ar\/guerra-malvinas\/wp-json\/wp\/v2\/posts"}],"about":[{"href":"https:\/\/laperlaaustral.com.ar\/guerra-malvinas\/wp-json\/wp\/v2\/types\/post"}],"author":[{"embeddable":true,"href":"https:\/\/laperlaaustral.com.ar\/guerra-malvinas\/wp-json\/wp\/v2\/users\/2"}],"replies":[{"embeddable":true,"href":"https:\/\/laperlaaustral.com.ar\/guerra-malvinas\/wp-json\/wp\/v2\/comments?post=753"}],"version-history":[{"count":1,"href":"https:\/\/laperlaaustral.com.ar\/guerra-malvinas\/wp-json\/wp\/v2\/posts\/753\/revisions"}],"predecessor-version":[{"id":757,"href":"https:\/\/laperlaaustral.com.ar\/guerra-malvinas\/wp-json\/wp\/v2\/posts\/753\/revisions\/757"}],"wp:featuredmedia":[{"embeddable":true,"href":"https:\/\/laperlaaustral.com.ar\/guerra-malvinas\/wp-json\/wp\/v2\/media\/756"}],"wp:attachment":[{"href":"https:\/\/laperlaaustral.com.ar\/guerra-malvinas\/wp-json\/wp\/v2\/media?parent=753"}],"wp:term":[{"taxonomy":"category","embeddable":true,"href":"https:\/\/laperlaaustral.com.ar\/guerra-malvinas\/wp-json\/wp\/v2\/categories?post=753"},{"taxonomy":"post_tag","embeddable":true,"href":"https:\/\/laperlaaustral.com.ar\/guerra-malvinas\/wp-json\/wp\/v2\/tags?post=753"}],"curies":[{"name":"wp","href":"https:\/\/api.w.org\/{rel}","templated":true}]}}