{"id":687,"date":"2019-06-28T05:45:17","date_gmt":"2019-06-28T05:45:17","guid":{"rendered":"https:\/\/laperlaaustral.com.ar\/guerra-malvinas\/?p=687"},"modified":"2019-11-09T08:08:56","modified_gmt":"2019-11-09T08:08:56","slug":"postergacion-del-alfa","status":"publish","type":"post","link":"https:\/\/laperlaaustral.com.ar\/guerra-malvinas\/postergacion-del-alfa\/","title":{"rendered":"Postergaci\u00f3n del Alfa"},"content":{"rendered":"\n<h5 class=\"wp-block-heading\">Guerra de Malvinas <\/h5>\n\n\n\n<p>Postergaci\u00f3n del Alfa <br>La protesta brit\u00e1nica hab\u00eda sido rechazada, el Ministerio realizo su propia investigaci\u00f3n de las relaciones de Davidoff y la Armada. Enrique Ros secretario de Relaciones Exteriores; descubri\u00f3 que hab\u00eda un plan naval \u2013 El Proyecto Alfa \u2013 que buscaba aprovechar la iniciativa de Davidoff para instalar un destacamento militar en las Georgias del Sur. <\/p>\n\n\n\n<p>La nueva Junta no era responsable por la primera visita de Davidoff pero desde el comienzo estuvo atenta a sus consecuencias. Hab\u00eda sido uno de los casos examinados en la reuni\u00f3n del 5 de enero. Se manifest\u00f3 preocupaci\u00f3n ante que el tema, complique las negociaciones con Gran Breta\u00f1a y se decidi\u00f3 postergar nuevas visitas, hasta que hubiese completado la ronda siguiente de conversaci\u00f3n.<\/p>\n\n\n\n<h5 class=\"wp-block-heading\">La Armada dudaba que fuese sensato continuar con el Alfa. <\/h5>\n\n\n\n<p>El vicealmirante Juan Jos\u00e9 Lombardo, comandante de Operaciones Navales, hab\u00eda sido partidario del Proyecto; pero tambi\u00e9n era uno de los pocos oficiales relacionado con los planes del desembarco militar en Malvinas; Comprend\u00eda que el factor sorpresa desaparecer\u00eda si Gran Breta\u00f1a ve\u00eda que el ejemplo de Thule del Sur se repet\u00eda en las Georgias del Sur. <\/p>\n\n\n\n<p>El almirante Anaya estuvo de acuerdo en que no se continuase con la ejecuci\u00f3n del plan.<\/p>\n\n\n\n<p>El Ministerio de Relaciones Exteriores tambi\u00e9n deseaba terminar el proyecto. Ros, que desconoc\u00eda los planes militares, tem\u00eda que el proyecto Alfa perturbase el movimiento de negociaciones que hab\u00eda comenzado. Costa M\u00e9ndez, que estaba al tanto del plan militar.<\/p>\n\n\n\n<p>El 2 de febrero la Junta consider\u00f3 el Proyecto Alfa. Se decidi\u00f3 que el momento no era apropiado para ejecutarlo. Convinieron en que en el futuro la ejecuci\u00f3n depender\u00eda de Costa M\u00e9ndez. Tambi\u00e9n se decidi\u00f3 que la proyectada visita de Davidoff a las Georgias del Sur, un asunto que pod\u00eda tratarse al margen del Proyecto Alfa; no deb\u00eda realizarse por el momento, por que no se deseaba que interfiriese con las negociaciones bilaterales que se mantendr\u00edan a fines de febrero en Nueva York. Seria insensato alarmar a los brit\u00e1nicos cuando las negociaciones se encontraban en una etapa tan delicada. Por lo tanto se mantuvo en reserva la operaci\u00f3n, pero no se la cancelo por completo.<\/p>\n\n\n\n<p>En marzo la Junta recibi\u00f3 la propuesta de que el Bah\u00eda Buen Suceso; que deb\u00eda llevar a los hombres de Davidoff a las Georgias del Sur; tambi\u00e9n transportase a seis hombres de la Fuerza A\u00e9rea a una de las isla Sandwich del Sur; con el prop\u00f3sito de practicar un reconocimiento, antes de construir un faro, en una repetici\u00f3n de menor riesgo del episodio de Thuel del Sur. <\/p>\n\n\n\n<h5 class=\"wp-block-heading\">La idea fue rechazada. <\/h5>\n\n\n\n<p>El 15 de marzo el ministro de Relaciones Exteriores fue interrogado de nuevo por el nuevo jefe del Estado Mayor Conjunto acerca de la posibilidad de reactivar el Proyecto Alfa. Costa M\u00e9ndez formula una recomendaci\u00f3n negativa. A juzgar por la cantidad de veces que se consider\u00f3 el asunto es probable que se haya ejercido presi\u00f3n en el sentido de reactivarlo. En febrero el Caim\u00e1n, un yate de matricula paname\u00f1a, con una tripulaci\u00f3n argentina, hab\u00eda ido a Leith, y despu\u00e9s fue escoltado hasta Grytviken. <\/p>\n\n\n\n<p>A bordo viajaba Adri\u00e1n Marchessi, un empleado bancario argentino; que dijo al personal brit\u00e1nico de la base de investigaci\u00f3n que estaba realizando algunas tareas complementarias de reconocimiento en relaci\u00f3n con el contrato de Davidoff; si bien m\u00e1s tarde este Davidoff que era un competidor comercial. <\/p>\n\n\n\n<p>La Junta no hab\u00eda autorizado el viaje, pero es posible que Davidoff intentara reconocer mejor el terreno en una situaci\u00f3n en que su gobierno no estaba dispuesto a permitir que \u00e9l viajase en un transporte naval.<\/p>\n\n\n\n<p>Los Infantes de Marina que llegaron a las Georgias del Sur a fin de marzo hab\u00edan estado en Thuel; de donde fueron llevados por el Almirante Irizar, a las Islas Orcadas, donde deb\u00edan construir una casa. Mientras el Almirante Irizar estaba en puerto argentino de Ushuaia, de regreso de las Islas Georgias del Sur, y prepar\u00e1ndose para ir a Thuel; durante el periodo del 24 al 28 de diciembre de 1981, el HMS Endurace entro en puerto.<\/p>\n\n\n\n<p>El capit\u00e1n Barker mereci\u00f3 una recepci\u00f3n muy fr\u00eda, y se le suministro informaci\u00f3n inexacta; pues el capit\u00e1n Trombetta no deseaba decirle que se dirig\u00eda a Thuel; donde de acuerdo a los brit\u00e1nicos no tenia derecha de estar.<\/p>\n\n\n\n<h5 class=\"wp-block-heading\">Cuando se decidi\u00f3 llevar a los trabajadores de Davidoff a las Georgias del Sur<\/h5>\n\n\n\n<p>Esa actitud no fue parte del esfuerzo por acentuar la presi\u00f3n sobre Gran Breta\u00f1a despu\u00e9s de las conversaciones de Nueva York. La oficina del almirante Otero, a cargo del transporte y la log\u00edstica; dio luz verde al viaje sin m\u00e1s consultas con el Ministerio de Relaciones Exteriores. <\/p>\n\n\n\n<p>Quiz\u00e1s este fue el mejor indicio de que los hombres comprometidos con el Proyecto Alfa no hab\u00edan abandonado por completo la idea; y aun ansiaban establecer de un modo u otro alg\u00fan tipo de presencia en las Georgias del Sur.<\/p>\n\n\n\n<p>No se retuvo a Davidoff mientras se evaluaban las conversaciones de Nueva York. Davidoff concurri\u00f3 a la embajada brit\u00e1nica en Buenos Aires el 23 de febrero; (cinco d\u00edas despu\u00e9s de que Argentina rechazara la protesta por la anterior visita de Davidoff y cuatro d\u00edas antes del inicio de las conversaciones en Nueva York); para aquietar la situaci\u00f3n con los brit\u00e1nicos y se disculpo por las dificultades provocadas. <\/p>\n\n\n\n<p>Ahora deseaba regresar a las Georgias del Sur y solicitaba instrucciones del modo de proceder. Se env\u00edo a Londres y a Stanley el informe acerca de la conversaci\u00f3n, y no se recibieron objeciones.<\/p>\n\n\n\n<p>El 9 de marzo Davidoff envi\u00f3 a la embajada la confirmaci\u00f3n formal de que cuarenta y uno de sus hombres se dispon\u00edan a embarcare en un nav\u00edo de la Armada Argentina con destino a las Georgias del Surdonde permanecer\u00edan cuatro meses. <\/p>\n\n\n\n<p>Dos d\u00edas mas tarde sus hombres partieron en el Bah\u00eda Buen Suceso. Poco antes de la salida el abogado del Sr. Davidoff llam\u00f3 a la embajada para confirmar que el buque zarpaba; se le record\u00f3 la necesidad de presentarse en King Edward Point, Grytviken, para obtener la autorizaci\u00f3n de entrada<\/p>\n\n\n\n<p><a rel=\"noreferrer noopener\" href=\"https:\/\/www.facebook.com\/La-Perla-Austra-487959322032195\/\" target=\"_blank\">Encuentranos en Facebook<\/a><\/p>\n","protected":false},"excerpt":{"rendered":"<p>Guerra de Malvinas Postergaci\u00f3n del Alfa La protesta brit\u00e1nica hab\u00eda sido rechazada, el Ministerio realizo su propia investigaci\u00f3n de las relaciones de Davidoff y la Armada. Enrique Ros secretario de Relaciones Exteriores; descubri\u00f3 que hab\u00eda un plan naval \u2013 El Proyecto Alfa \u2013 que buscaba aprovechar la iniciativa de Davidoff para instalar un destacamento militar&hellip; <br \/> <a class=\"read-more\" href=\"https:\/\/laperlaaustral.com.ar\/guerra-malvinas\/postergacion-del-alfa\/\">Leer m\u00e1s<\/a><\/p>\n","protected":false},"author":2,"featured_media":3293,"comment_status":"open","ping_status":"open","sticky":false,"template":"","format":"standard","meta":{"_monsterinsights_skip_tracking":false,"_monsterinsights_sitenote_active":false,"_monsterinsights_sitenote_note":"","_monsterinsights_sitenote_category":0,"footnotes":""},"categories":[9],"tags":[401,398,325,399,400],"yoast_head":"<!-- This site is optimized with the Yoast SEO plugin v23.4 - https:\/\/yoast.com\/wordpress\/plugins\/seo\/ -->\n<title>Postergaci\u00f3n del Alfa - La Perla Austral Costantino Davidoff<\/title>\n<meta name=\"description\" content=\"Postergaci\u00f3n del Alfa - La Perla Austral - Guerra de Malvinas, actuacion de las fuerzas armadas argentinas en el conflicto del atlantico sur,\" \/>\n<meta name=\"robots\" content=\"index, follow, max-snippet:-1, max-image-preview:large, max-video-preview:-1\" \/>\n<link rel=\"canonical\" href=\"http:\/\/laperlaaustral.com.ar\/guerra-malvinas\/postergacion-del-alfa\/\" \/>\n<meta property=\"og:locale\" content=\"es_ES\" \/>\n<meta property=\"og:type\" content=\"article\" \/>\n<meta property=\"og:title\" content=\"Postergaci\u00f3n del Alfa - La Perla Austral Costantino Davidoff\" \/>\n<meta property=\"og:description\" content=\"Postergaci\u00f3n del Alfa - La Perla Austral - Guerra de Malvinas, actuacion de las fuerzas armadas argentinas en el conflicto del atlantico sur,\" \/>\n<meta property=\"og:url\" content=\"http:\/\/laperlaaustral.com.ar\/guerra-malvinas\/postergacion-del-alfa\/\" \/>\n<meta property=\"og:site_name\" content=\"La Perla Austral\" \/>\n<meta property=\"article:publisher\" content=\"https:\/\/www.facebook.com\/La-Perla-Austra-487959322032195\" \/>\n<meta property=\"article:published_time\" content=\"2019-06-28T05:45:17+00:00\" \/>\n<meta property=\"article:modified_time\" content=\"2019-11-09T08:08:56+00:00\" \/>\n<meta property=\"og:image\" content=\"http:\/\/laperlaaustral.com.ar\/guerra-malvinas\/wp-content\/uploads\/2019\/06\/20161219145633.jpg\" \/>\n\t<meta property=\"og:image:width\" content=\"640\" \/>\n\t<meta property=\"og:image:height\" content=\"480\" \/>\n\t<meta property=\"og:image:type\" content=\"image\/jpeg\" \/>\n<meta name=\"author\" content=\"GomRam\" \/>\n<meta name=\"twitter:card\" content=\"summary_large_image\" \/>\n<meta name=\"twitter:label1\" content=\"Escrito por\" \/>\n\t<meta name=\"twitter:data1\" content=\"GomRam\" \/>\n\t<meta name=\"twitter:label2\" content=\"Tiempo de lectura\" \/>\n\t<meta name=\"twitter:data2\" content=\"5 minutos\" \/>\n<script type=\"application\/ld+json\" class=\"yoast-schema-graph\">{\"@context\":\"https:\/\/schema.org\",\"@graph\":[{\"@type\":\"WebPage\",\"@id\":\"http:\/\/laperlaaustral.com.ar\/guerra-malvinas\/postergacion-del-alfa\/\",\"url\":\"http:\/\/laperlaaustral.com.ar\/guerra-malvinas\/postergacion-del-alfa\/\",\"name\":\"Postergaci\u00f3n del Alfa - La Perla Austral Costantino Davidoff\",\"isPartOf\":{\"@id\":\"http:\/\/laperlaaustral.com.ar\/guerra-malvinas\/#website\"},\"primaryImageOfPage\":{\"@id\":\"http:\/\/laperlaaustral.com.ar\/guerra-malvinas\/postergacion-del-alfa\/#primaryimage\"},\"image\":{\"@id\":\"http:\/\/laperlaaustral.com.ar\/guerra-malvinas\/postergacion-del-alfa\/#primaryimage\"},\"thumbnailUrl\":\"https:\/\/laperlaaustral.com.ar\/guerra-malvinas\/wp-content\/uploads\/2019\/06\/20161219145633.jpg\",\"datePublished\":\"2019-06-28T05:45:17+00:00\",\"dateModified\":\"2019-11-09T08:08:56+00:00\",\"author\":{\"@id\":\"http:\/\/laperlaaustral.com.ar\/guerra-malvinas\/#\/schema\/person\/cccf8f0904f83654d5f2d5380e4eb4b9\"},\"description\":\"Postergaci\u00f3n del Alfa - La Perla Austral - Guerra de Malvinas, actuacion de las fuerzas armadas argentinas en el conflicto del atlantico sur,\",\"breadcrumb\":{\"@id\":\"http:\/\/laperlaaustral.com.ar\/guerra-malvinas\/postergacion-del-alfa\/#breadcrumb\"},\"inLanguage\":\"es\",\"potentialAction\":[{\"@type\":\"ReadAction\",\"target\":[\"http:\/\/laperlaaustral.com.ar\/guerra-malvinas\/postergacion-del-alfa\/\"]}]},{\"@type\":\"ImageObject\",\"inLanguage\":\"es\",\"@id\":\"http:\/\/laperlaaustral.com.ar\/guerra-malvinas\/postergacion-del-alfa\/#primaryimage\",\"url\":\"https:\/\/laperlaaustral.com.ar\/guerra-malvinas\/wp-content\/uploads\/2019\/06\/20161219145633.jpg\",\"contentUrl\":\"https:\/\/laperlaaustral.com.ar\/guerra-malvinas\/wp-content\/uploads\/2019\/06\/20161219145633.jpg\",\"width\":640,\"height\":480,\"caption\":\"Costantino Davidoff\"},{\"@type\":\"BreadcrumbList\",\"@id\":\"http:\/\/laperlaaustral.com.ar\/guerra-malvinas\/postergacion-del-alfa\/#breadcrumb\",\"itemListElement\":[{\"@type\":\"ListItem\",\"position\":1,\"name\":\"Portada\",\"item\":\"https:\/\/laperlaaustral.com.ar\/guerra-malvinas\/\"},{\"@type\":\"ListItem\",\"position\":2,\"name\":\"Postergaci\u00f3n del Alfa\"}]},{\"@type\":\"WebSite\",\"@id\":\"http:\/\/laperlaaustral.com.ar\/guerra-malvinas\/#website\",\"url\":\"http:\/\/laperlaaustral.com.ar\/guerra-malvinas\/\",\"name\":\"La Perla Austral\",\"description\":\"Guerra de Malvinas 1982\",\"potentialAction\":[{\"@type\":\"SearchAction\",\"target\":{\"@type\":\"EntryPoint\",\"urlTemplate\":\"http:\/\/laperlaaustral.com.ar\/guerra-malvinas\/?s={search_term_string}\"},\"query-input\":{\"@type\":\"PropertyValueSpecification\",\"valueRequired\":true,\"valueName\":\"search_term_string\"}}],\"inLanguage\":\"es\"},{\"@type\":\"Person\",\"@id\":\"http:\/\/laperlaaustral.com.ar\/guerra-malvinas\/#\/schema\/person\/cccf8f0904f83654d5f2d5380e4eb4b9\",\"name\":\"GomRam\",\"image\":{\"@type\":\"ImageObject\",\"inLanguage\":\"es\",\"@id\":\"http:\/\/laperlaaustral.com.ar\/guerra-malvinas\/#\/schema\/person\/image\/\",\"url\":\"https:\/\/secure.gravatar.com\/avatar\/a0f191abb2983305e8a2e850573cb20a?s=96&d=mm&r=g\",\"contentUrl\":\"https:\/\/secure.gravatar.com\/avatar\/a0f191abb2983305e8a2e850573cb20a?s=96&d=mm&r=g\",\"caption\":\"GomRam\"},\"url\":\"https:\/\/laperlaaustral.com.ar\/guerra-malvinas\/author\/ac000164\/\"}]}<\/script>\n<!-- \/ Yoast SEO plugin. -->","yoast_head_json":{"title":"Postergaci\u00f3n del Alfa - La Perla Austral Costantino Davidoff","description":"Postergaci\u00f3n del Alfa - La Perla Austral - Guerra de Malvinas, actuacion de las fuerzas armadas argentinas en el conflicto del atlantico sur,","robots":{"index":"index","follow":"follow","max-snippet":"max-snippet:-1","max-image-preview":"max-image-preview:large","max-video-preview":"max-video-preview:-1"},"canonical":"http:\/\/laperlaaustral.com.ar\/guerra-malvinas\/postergacion-del-alfa\/","og_locale":"es_ES","og_type":"article","og_title":"Postergaci\u00f3n del Alfa - La Perla Austral Costantino Davidoff","og_description":"Postergaci\u00f3n del Alfa - La Perla Austral - Guerra de Malvinas, actuacion de las fuerzas armadas argentinas en el conflicto del atlantico sur,","og_url":"http:\/\/laperlaaustral.com.ar\/guerra-malvinas\/postergacion-del-alfa\/","og_site_name":"La Perla Austral","article_publisher":"https:\/\/www.facebook.com\/La-Perla-Austra-487959322032195","article_published_time":"2019-06-28T05:45:17+00:00","article_modified_time":"2019-11-09T08:08:56+00:00","og_image":[{"width":640,"height":480,"url":"http:\/\/laperlaaustral.com.ar\/guerra-malvinas\/wp-content\/uploads\/2019\/06\/20161219145633.jpg","type":"image\/jpeg"}],"author":"GomRam","twitter_card":"summary_large_image","twitter_misc":{"Escrito por":"GomRam","Tiempo de lectura":"5 minutos"},"schema":{"@context":"https:\/\/schema.org","@graph":[{"@type":"WebPage","@id":"http:\/\/laperlaaustral.com.ar\/guerra-malvinas\/postergacion-del-alfa\/","url":"http:\/\/laperlaaustral.com.ar\/guerra-malvinas\/postergacion-del-alfa\/","name":"Postergaci\u00f3n del Alfa - La Perla Austral Costantino Davidoff","isPartOf":{"@id":"http:\/\/laperlaaustral.com.ar\/guerra-malvinas\/#website"},"primaryImageOfPage":{"@id":"http:\/\/laperlaaustral.com.ar\/guerra-malvinas\/postergacion-del-alfa\/#primaryimage"},"image":{"@id":"http:\/\/laperlaaustral.com.ar\/guerra-malvinas\/postergacion-del-alfa\/#primaryimage"},"thumbnailUrl":"https:\/\/laperlaaustral.com.ar\/guerra-malvinas\/wp-content\/uploads\/2019\/06\/20161219145633.jpg","datePublished":"2019-06-28T05:45:17+00:00","dateModified":"2019-11-09T08:08:56+00:00","author":{"@id":"http:\/\/laperlaaustral.com.ar\/guerra-malvinas\/#\/schema\/person\/cccf8f0904f83654d5f2d5380e4eb4b9"},"description":"Postergaci\u00f3n del Alfa - La Perla Austral - Guerra de Malvinas, actuacion de las fuerzas armadas argentinas en el conflicto del atlantico sur,","breadcrumb":{"@id":"http:\/\/laperlaaustral.com.ar\/guerra-malvinas\/postergacion-del-alfa\/#breadcrumb"},"inLanguage":"es","potentialAction":[{"@type":"ReadAction","target":["http:\/\/laperlaaustral.com.ar\/guerra-malvinas\/postergacion-del-alfa\/"]}]},{"@type":"ImageObject","inLanguage":"es","@id":"http:\/\/laperlaaustral.com.ar\/guerra-malvinas\/postergacion-del-alfa\/#primaryimage","url":"https:\/\/laperlaaustral.com.ar\/guerra-malvinas\/wp-content\/uploads\/2019\/06\/20161219145633.jpg","contentUrl":"https:\/\/laperlaaustral.com.ar\/guerra-malvinas\/wp-content\/uploads\/2019\/06\/20161219145633.jpg","width":640,"height":480,"caption":"Costantino Davidoff"},{"@type":"BreadcrumbList","@id":"http:\/\/laperlaaustral.com.ar\/guerra-malvinas\/postergacion-del-alfa\/#breadcrumb","itemListElement":[{"@type":"ListItem","position":1,"name":"Portada","item":"https:\/\/laperlaaustral.com.ar\/guerra-malvinas\/"},{"@type":"ListItem","position":2,"name":"Postergaci\u00f3n del Alfa"}]},{"@type":"WebSite","@id":"http:\/\/laperlaaustral.com.ar\/guerra-malvinas\/#website","url":"http:\/\/laperlaaustral.com.ar\/guerra-malvinas\/","name":"La Perla Austral","description":"Guerra de Malvinas 1982","potentialAction":[{"@type":"SearchAction","target":{"@type":"EntryPoint","urlTemplate":"http:\/\/laperlaaustral.com.ar\/guerra-malvinas\/?s={search_term_string}"},"query-input":{"@type":"PropertyValueSpecification","valueRequired":true,"valueName":"search_term_string"}}],"inLanguage":"es"},{"@type":"Person","@id":"http:\/\/laperlaaustral.com.ar\/guerra-malvinas\/#\/schema\/person\/cccf8f0904f83654d5f2d5380e4eb4b9","name":"GomRam","image":{"@type":"ImageObject","inLanguage":"es","@id":"http:\/\/laperlaaustral.com.ar\/guerra-malvinas\/#\/schema\/person\/image\/","url":"https:\/\/secure.gravatar.com\/avatar\/a0f191abb2983305e8a2e850573cb20a?s=96&d=mm&r=g","contentUrl":"https:\/\/secure.gravatar.com\/avatar\/a0f191abb2983305e8a2e850573cb20a?s=96&d=mm&r=g","caption":"GomRam"},"url":"https:\/\/laperlaaustral.com.ar\/guerra-malvinas\/author\/ac000164\/"}]}},"_links":{"self":[{"href":"https:\/\/laperlaaustral.com.ar\/guerra-malvinas\/wp-json\/wp\/v2\/posts\/687"}],"collection":[{"href":"https:\/\/laperlaaustral.com.ar\/guerra-malvinas\/wp-json\/wp\/v2\/posts"}],"about":[{"href":"https:\/\/laperlaaustral.com.ar\/guerra-malvinas\/wp-json\/wp\/v2\/types\/post"}],"author":[{"embeddable":true,"href":"https:\/\/laperlaaustral.com.ar\/guerra-malvinas\/wp-json\/wp\/v2\/users\/2"}],"replies":[{"embeddable":true,"href":"https:\/\/laperlaaustral.com.ar\/guerra-malvinas\/wp-json\/wp\/v2\/comments?post=687"}],"version-history":[{"count":2,"href":"https:\/\/laperlaaustral.com.ar\/guerra-malvinas\/wp-json\/wp\/v2\/posts\/687\/revisions"}],"predecessor-version":[{"id":3294,"href":"https:\/\/laperlaaustral.com.ar\/guerra-malvinas\/wp-json\/wp\/v2\/posts\/687\/revisions\/3294"}],"wp:featuredmedia":[{"embeddable":true,"href":"https:\/\/laperlaaustral.com.ar\/guerra-malvinas\/wp-json\/wp\/v2\/media\/3293"}],"wp:attachment":[{"href":"https:\/\/laperlaaustral.com.ar\/guerra-malvinas\/wp-json\/wp\/v2\/media?parent=687"}],"wp:term":[{"taxonomy":"category","embeddable":true,"href":"https:\/\/laperlaaustral.com.ar\/guerra-malvinas\/wp-json\/wp\/v2\/categories?post=687"},{"taxonomy":"post_tag","embeddable":true,"href":"https:\/\/laperlaaustral.com.ar\/guerra-malvinas\/wp-json\/wp\/v2\/tags?post=687"}],"curies":[{"name":"wp","href":"https:\/\/api.w.org\/{rel}","templated":true}]}}