{"id":685,"date":"2019-06-28T05:42:41","date_gmt":"2019-06-28T05:42:41","guid":{"rendered":"https:\/\/laperlaaustral.com.ar\/guerra-malvinas\/?p=685"},"modified":"2019-11-09T08:16:21","modified_gmt":"2019-11-09T08:16:21","slug":"las-visitas-de-davidoff","status":"publish","type":"post","link":"https:\/\/laperlaaustral.com.ar\/guerra-malvinas\/las-visitas-de-davidoff\/","title":{"rendered":"Las visitas de Davidoff"},"content":{"rendered":"\n<p>Las visitas de Davidoff.<br>Despu\u00e9s del  comunicado unilateral de principio de marzo, todas las partes advirtieron que el asunto entraba en una nueva etapa y muy dif\u00edcil.<\/p>\n\n\n\n<p>En  la Argentina se esperaba una respuesta brit\u00e1nica al comunicado unilateral. Si era insatisfactoria, se elevar\u00eda la presi\u00f3n de un modo  que a\u00fan no s\u00e9 hab\u00eda decidido. El planeamiento en relaci\u00f3n con una intervenci\u00f3n militar continuaba pero el trabajo todav\u00eda no se hab\u00eda terminado. <\/p>\n\n\n\n<p>Se tem\u00eda que el grupo de presi\u00f3n de las Falkland tuviese poder suficiente para revertir la decisi\u00f3n del retorno del HMS Endurance  y que Gran Breta\u00f1a reforzara las posiciones militares.<\/p>\n\n\n\n<p>La sensaci\u00f3n de que las cosas se acercaban a su culminaci\u00f3n se vio al momento de tratar el tema comercial de la chatarra. <\/p>\n\n\n\n<p><\/p>\n\n\n\n<p>Las visitas de Davidoff<\/p>\n\n\n\n<p><a href=\"https:\/\/www.facebook.com\/La-Perla-Austra-487959322032195\/\" target=\"_blank\" rel=\"noreferrer noopener\" aria-label=\"Encuentranos en Facebook (abre en una nueva pesta\u00f1a)\">Encuentranos en Facebook<\/a><\/p>\n","protected":false},"excerpt":{"rendered":"<p>Las visitas de Davidoff.Despu\u00e9s del comunicado unilateral de principio de marzo, todas las partes advirtieron que el asunto entraba en una nueva etapa y muy dif\u00edcil. En la Argentina se esperaba una respuesta brit\u00e1nica al comunicado unilateral. Si era insatisfactoria, se elevar\u00eda la presi\u00f3n de un modo que a\u00fan no s\u00e9 hab\u00eda decidido. El planeamiento&hellip; <br \/> <a class=\"read-more\" href=\"https:\/\/laperlaaustral.com.ar\/guerra-malvinas\/las-visitas-de-davidoff\/\">Leer m\u00e1s<\/a><\/p>\n","protected":false},"author":2,"featured_media":3291,"comment_status":"open","ping_status":"open","sticky":false,"template":"","format":"standard","meta":{"_monsterinsights_skip_tracking":false,"_monsterinsights_sitenote_active":false,"_monsterinsights_sitenote_note":"","_monsterinsights_sitenote_category":0,"footnotes":""},"categories":[9],"tags":[398,399],"yoast_head":"<!-- This site is optimized with the Yoast SEO plugin v23.4 - https:\/\/yoast.com\/wordpress\/plugins\/seo\/ -->\n<title>Las visitas de Davidoff - La Perla Austral Costantino Davidoff<\/title>\n<meta name=\"description\" content=\"Las visitas de Davidoff - La Perla Austral - Guerra de Malvinas, actuacion de las fuerzas armadas argentinas en el conflicto del atlantico sur,\" \/>\n<meta name=\"robots\" content=\"index, follow, max-snippet:-1, max-image-preview:large, max-video-preview:-1\" \/>\n<link rel=\"canonical\" href=\"http:\/\/laperlaaustral.com.ar\/guerra-malvinas\/las-visitas-de-davidoff\/\" \/>\n<meta property=\"og:locale\" content=\"es_ES\" \/>\n<meta property=\"og:type\" content=\"article\" \/>\n<meta property=\"og:title\" content=\"Las visitas de Davidoff - La Perla Austral Costantino Davidoff\" \/>\n<meta property=\"og:description\" content=\"Las visitas de Davidoff - La Perla Austral - Guerra de Malvinas, actuacion de las fuerzas armadas argentinas en el conflicto del atlantico sur,\" \/>\n<meta property=\"og:url\" content=\"http:\/\/laperlaaustral.com.ar\/guerra-malvinas\/las-visitas-de-davidoff\/\" \/>\n<meta property=\"og:site_name\" content=\"La Perla Austral\" \/>\n<meta property=\"article:publisher\" content=\"https:\/\/www.facebook.com\/La-Perla-Austra-487959322032195\" \/>\n<meta property=\"article:published_time\" content=\"2019-06-28T05:42:41+00:00\" \/>\n<meta property=\"article:modified_time\" content=\"2019-11-09T08:16:21+00:00\" \/>\n<meta property=\"og:image\" content=\"http:\/\/laperlaaustral.com.ar\/guerra-malvinas\/wp-content\/uploads\/2019\/06\/Costantino-Davidoff.jpg\" \/>\n\t<meta property=\"og:image:width\" content=\"700\" \/>\n\t<meta property=\"og:image:height\" content=\"466\" \/>\n\t<meta property=\"og:image:type\" content=\"image\/jpeg\" \/>\n<meta name=\"author\" content=\"GomRam\" \/>\n<meta name=\"twitter:card\" content=\"summary_large_image\" \/>\n<meta name=\"twitter:label1\" content=\"Escrito por\" \/>\n\t<meta name=\"twitter:data1\" content=\"GomRam\" \/>\n\t<meta name=\"twitter:label2\" content=\"Tiempo de lectura\" \/>\n\t<meta name=\"twitter:data2\" content=\"1 minuto\" \/>\n<script type=\"application\/ld+json\" class=\"yoast-schema-graph\">{\"@context\":\"https:\/\/schema.org\",\"@graph\":[{\"@type\":\"WebPage\",\"@id\":\"http:\/\/laperlaaustral.com.ar\/guerra-malvinas\/las-visitas-de-davidoff\/\",\"url\":\"http:\/\/laperlaaustral.com.ar\/guerra-malvinas\/las-visitas-de-davidoff\/\",\"name\":\"Las visitas de Davidoff - La Perla Austral Costantino Davidoff\",\"isPartOf\":{\"@id\":\"http:\/\/laperlaaustral.com.ar\/guerra-malvinas\/#website\"},\"primaryImageOfPage\":{\"@id\":\"http:\/\/laperlaaustral.com.ar\/guerra-malvinas\/las-visitas-de-davidoff\/#primaryimage\"},\"image\":{\"@id\":\"http:\/\/laperlaaustral.com.ar\/guerra-malvinas\/las-visitas-de-davidoff\/#primaryimage\"},\"thumbnailUrl\":\"https:\/\/laperlaaustral.com.ar\/guerra-malvinas\/wp-content\/uploads\/2019\/06\/Costantino-Davidoff.jpg\",\"datePublished\":\"2019-06-28T05:42:41+00:00\",\"dateModified\":\"2019-11-09T08:16:21+00:00\",\"author\":{\"@id\":\"http:\/\/laperlaaustral.com.ar\/guerra-malvinas\/#\/schema\/person\/cccf8f0904f83654d5f2d5380e4eb4b9\"},\"description\":\"Las visitas de Davidoff - La Perla Austral - Guerra de Malvinas, actuacion de las fuerzas armadas argentinas en el conflicto del atlantico sur,\",\"breadcrumb\":{\"@id\":\"http:\/\/laperlaaustral.com.ar\/guerra-malvinas\/las-visitas-de-davidoff\/#breadcrumb\"},\"inLanguage\":\"es\",\"potentialAction\":[{\"@type\":\"ReadAction\",\"target\":[\"http:\/\/laperlaaustral.com.ar\/guerra-malvinas\/las-visitas-de-davidoff\/\"]}]},{\"@type\":\"ImageObject\",\"inLanguage\":\"es\",\"@id\":\"http:\/\/laperlaaustral.com.ar\/guerra-malvinas\/las-visitas-de-davidoff\/#primaryimage\",\"url\":\"https:\/\/laperlaaustral.com.ar\/guerra-malvinas\/wp-content\/uploads\/2019\/06\/Costantino-Davidoff.jpg\",\"contentUrl\":\"https:\/\/laperlaaustral.com.ar\/guerra-malvinas\/wp-content\/uploads\/2019\/06\/Costantino-Davidoff.jpg\",\"width\":700,\"height\":466,\"caption\":\"Constantino Davidoff i\"},{\"@type\":\"BreadcrumbList\",\"@id\":\"http:\/\/laperlaaustral.com.ar\/guerra-malvinas\/las-visitas-de-davidoff\/#breadcrumb\",\"itemListElement\":[{\"@type\":\"ListItem\",\"position\":1,\"name\":\"Portada\",\"item\":\"https:\/\/laperlaaustral.com.ar\/guerra-malvinas\/\"},{\"@type\":\"ListItem\",\"position\":2,\"name\":\"Las visitas de Davidoff\"}]},{\"@type\":\"WebSite\",\"@id\":\"http:\/\/laperlaaustral.com.ar\/guerra-malvinas\/#website\",\"url\":\"http:\/\/laperlaaustral.com.ar\/guerra-malvinas\/\",\"name\":\"La Perla Austral\",\"description\":\"Guerra de Malvinas 1982\",\"potentialAction\":[{\"@type\":\"SearchAction\",\"target\":{\"@type\":\"EntryPoint\",\"urlTemplate\":\"http:\/\/laperlaaustral.com.ar\/guerra-malvinas\/?s={search_term_string}\"},\"query-input\":{\"@type\":\"PropertyValueSpecification\",\"valueRequired\":true,\"valueName\":\"search_term_string\"}}],\"inLanguage\":\"es\"},{\"@type\":\"Person\",\"@id\":\"http:\/\/laperlaaustral.com.ar\/guerra-malvinas\/#\/schema\/person\/cccf8f0904f83654d5f2d5380e4eb4b9\",\"name\":\"GomRam\",\"image\":{\"@type\":\"ImageObject\",\"inLanguage\":\"es\",\"@id\":\"http:\/\/laperlaaustral.com.ar\/guerra-malvinas\/#\/schema\/person\/image\/\",\"url\":\"https:\/\/secure.gravatar.com\/avatar\/a0f191abb2983305e8a2e850573cb20a?s=96&d=mm&r=g\",\"contentUrl\":\"https:\/\/secure.gravatar.com\/avatar\/a0f191abb2983305e8a2e850573cb20a?s=96&d=mm&r=g\",\"caption\":\"GomRam\"},\"url\":\"https:\/\/laperlaaustral.com.ar\/guerra-malvinas\/author\/ac000164\/\"}]}<\/script>\n<!-- \/ Yoast SEO plugin. -->","yoast_head_json":{"title":"Las visitas de Davidoff - La Perla Austral Costantino Davidoff","description":"Las visitas de Davidoff - La Perla Austral - Guerra de Malvinas, actuacion de las fuerzas armadas argentinas en el conflicto del atlantico sur,","robots":{"index":"index","follow":"follow","max-snippet":"max-snippet:-1","max-image-preview":"max-image-preview:large","max-video-preview":"max-video-preview:-1"},"canonical":"http:\/\/laperlaaustral.com.ar\/guerra-malvinas\/las-visitas-de-davidoff\/","og_locale":"es_ES","og_type":"article","og_title":"Las visitas de Davidoff - La Perla Austral Costantino Davidoff","og_description":"Las visitas de Davidoff - La Perla Austral - Guerra de Malvinas, actuacion de las fuerzas armadas argentinas en el conflicto del atlantico sur,","og_url":"http:\/\/laperlaaustral.com.ar\/guerra-malvinas\/las-visitas-de-davidoff\/","og_site_name":"La Perla Austral","article_publisher":"https:\/\/www.facebook.com\/La-Perla-Austra-487959322032195","article_published_time":"2019-06-28T05:42:41+00:00","article_modified_time":"2019-11-09T08:16:21+00:00","og_image":[{"width":700,"height":466,"url":"http:\/\/laperlaaustral.com.ar\/guerra-malvinas\/wp-content\/uploads\/2019\/06\/Costantino-Davidoff.jpg","type":"image\/jpeg"}],"author":"GomRam","twitter_card":"summary_large_image","twitter_misc":{"Escrito por":"GomRam","Tiempo de lectura":"1 minuto"},"schema":{"@context":"https:\/\/schema.org","@graph":[{"@type":"WebPage","@id":"http:\/\/laperlaaustral.com.ar\/guerra-malvinas\/las-visitas-de-davidoff\/","url":"http:\/\/laperlaaustral.com.ar\/guerra-malvinas\/las-visitas-de-davidoff\/","name":"Las visitas de Davidoff - La Perla Austral Costantino Davidoff","isPartOf":{"@id":"http:\/\/laperlaaustral.com.ar\/guerra-malvinas\/#website"},"primaryImageOfPage":{"@id":"http:\/\/laperlaaustral.com.ar\/guerra-malvinas\/las-visitas-de-davidoff\/#primaryimage"},"image":{"@id":"http:\/\/laperlaaustral.com.ar\/guerra-malvinas\/las-visitas-de-davidoff\/#primaryimage"},"thumbnailUrl":"https:\/\/laperlaaustral.com.ar\/guerra-malvinas\/wp-content\/uploads\/2019\/06\/Costantino-Davidoff.jpg","datePublished":"2019-06-28T05:42:41+00:00","dateModified":"2019-11-09T08:16:21+00:00","author":{"@id":"http:\/\/laperlaaustral.com.ar\/guerra-malvinas\/#\/schema\/person\/cccf8f0904f83654d5f2d5380e4eb4b9"},"description":"Las visitas de Davidoff - La Perla Austral - Guerra de Malvinas, actuacion de las fuerzas armadas argentinas en el conflicto del atlantico sur,","breadcrumb":{"@id":"http:\/\/laperlaaustral.com.ar\/guerra-malvinas\/las-visitas-de-davidoff\/#breadcrumb"},"inLanguage":"es","potentialAction":[{"@type":"ReadAction","target":["http:\/\/laperlaaustral.com.ar\/guerra-malvinas\/las-visitas-de-davidoff\/"]}]},{"@type":"ImageObject","inLanguage":"es","@id":"http:\/\/laperlaaustral.com.ar\/guerra-malvinas\/las-visitas-de-davidoff\/#primaryimage","url":"https:\/\/laperlaaustral.com.ar\/guerra-malvinas\/wp-content\/uploads\/2019\/06\/Costantino-Davidoff.jpg","contentUrl":"https:\/\/laperlaaustral.com.ar\/guerra-malvinas\/wp-content\/uploads\/2019\/06\/Costantino-Davidoff.jpg","width":700,"height":466,"caption":"Constantino Davidoff i"},{"@type":"BreadcrumbList","@id":"http:\/\/laperlaaustral.com.ar\/guerra-malvinas\/las-visitas-de-davidoff\/#breadcrumb","itemListElement":[{"@type":"ListItem","position":1,"name":"Portada","item":"https:\/\/laperlaaustral.com.ar\/guerra-malvinas\/"},{"@type":"ListItem","position":2,"name":"Las visitas de Davidoff"}]},{"@type":"WebSite","@id":"http:\/\/laperlaaustral.com.ar\/guerra-malvinas\/#website","url":"http:\/\/laperlaaustral.com.ar\/guerra-malvinas\/","name":"La Perla Austral","description":"Guerra de Malvinas 1982","potentialAction":[{"@type":"SearchAction","target":{"@type":"EntryPoint","urlTemplate":"http:\/\/laperlaaustral.com.ar\/guerra-malvinas\/?s={search_term_string}"},"query-input":{"@type":"PropertyValueSpecification","valueRequired":true,"valueName":"search_term_string"}}],"inLanguage":"es"},{"@type":"Person","@id":"http:\/\/laperlaaustral.com.ar\/guerra-malvinas\/#\/schema\/person\/cccf8f0904f83654d5f2d5380e4eb4b9","name":"GomRam","image":{"@type":"ImageObject","inLanguage":"es","@id":"http:\/\/laperlaaustral.com.ar\/guerra-malvinas\/#\/schema\/person\/image\/","url":"https:\/\/secure.gravatar.com\/avatar\/a0f191abb2983305e8a2e850573cb20a?s=96&d=mm&r=g","contentUrl":"https:\/\/secure.gravatar.com\/avatar\/a0f191abb2983305e8a2e850573cb20a?s=96&d=mm&r=g","caption":"GomRam"},"url":"https:\/\/laperlaaustral.com.ar\/guerra-malvinas\/author\/ac000164\/"}]}},"_links":{"self":[{"href":"https:\/\/laperlaaustral.com.ar\/guerra-malvinas\/wp-json\/wp\/v2\/posts\/685"}],"collection":[{"href":"https:\/\/laperlaaustral.com.ar\/guerra-malvinas\/wp-json\/wp\/v2\/posts"}],"about":[{"href":"https:\/\/laperlaaustral.com.ar\/guerra-malvinas\/wp-json\/wp\/v2\/types\/post"}],"author":[{"embeddable":true,"href":"https:\/\/laperlaaustral.com.ar\/guerra-malvinas\/wp-json\/wp\/v2\/users\/2"}],"replies":[{"embeddable":true,"href":"https:\/\/laperlaaustral.com.ar\/guerra-malvinas\/wp-json\/wp\/v2\/comments?post=685"}],"version-history":[{"count":2,"href":"https:\/\/laperlaaustral.com.ar\/guerra-malvinas\/wp-json\/wp\/v2\/posts\/685\/revisions"}],"predecessor-version":[{"id":3297,"href":"https:\/\/laperlaaustral.com.ar\/guerra-malvinas\/wp-json\/wp\/v2\/posts\/685\/revisions\/3297"}],"wp:featuredmedia":[{"embeddable":true,"href":"https:\/\/laperlaaustral.com.ar\/guerra-malvinas\/wp-json\/wp\/v2\/media\/3291"}],"wp:attachment":[{"href":"https:\/\/laperlaaustral.com.ar\/guerra-malvinas\/wp-json\/wp\/v2\/media?parent=685"}],"wp:term":[{"taxonomy":"category","embeddable":true,"href":"https:\/\/laperlaaustral.com.ar\/guerra-malvinas\/wp-json\/wp\/v2\/categories?post=685"},{"taxonomy":"post_tag","embeddable":true,"href":"https:\/\/laperlaaustral.com.ar\/guerra-malvinas\/wp-json\/wp\/v2\/tags?post=685"}],"curies":[{"name":"wp","href":"https:\/\/api.w.org\/{rel}","templated":true}]}}