{"id":551,"date":"2019-06-24T14:17:35","date_gmt":"2019-06-24T14:17:35","guid":{"rendered":"https:\/\/laperlaaustral.com.ar\/guerra-malvinas\/?p=551"},"modified":"2019-11-08T23:11:37","modified_gmt":"2019-11-08T23:11:37","slug":"me-quedo-con-usted-comandante","status":"publish","type":"post","link":"https:\/\/laperlaaustral.com.ar\/guerra-malvinas\/me-quedo-con-usted-comandante\/","title":{"rendered":"Me quedo con usted Comandante"},"content":{"rendered":"\n<p>Fuerza Naval<\/p>\n\n\n\n<h5 class=\"wp-block-heading\">Guerra de Malvinas Fuerza Naval ARA General Belgrano<br> <\/h5>\n\n\n\n<table class=\"wp-block-table\"><tbody><tr><td>  \u00abMe quedo con usted Comandante\u00bb hab\u00eda  ordenado a todos sus hombres que abandonaran el barco y se hab\u00eda  quedado solo en una cubierta que escoraba r\u00e1pidamente, cortando con un  cuchillo la amarra de una balsa que hab\u00eda permanecido atada. <br>  \u00abSobraban las balsas -dice ahora <a rel=\"noreferrer noopener\" aria-label=\"Bonzo (opens in a new tab)\" href=\"https:\/\/laperlaaustral.com.ar\/laperlaaustral\/laperlaaustralview.php?showdetail=&amp;id=3666\" target=\"_blank\">Bonzo<\/a>-; ten\u00edamos suficiente para 1.400  hombres y \u00e9ramos s\u00f3lo 1.093, pero una m\u00e1s nunca iba a venir mal.<br><br> \u00abEstaba solo, concentrado en mi tarea. De pronto escucho una voz que me dice muy cerca: <br>  \u00abVamos se\u00f1or comandante!\u00bb . Me doy vuelta y veo que era un suboficial  segundo que se hab\u00eda quedado a bordo, a pesar de mi orden expresa en  contrario. Era el suboficial segundo artillero <a rel=\"noreferrer noopener\" aria-label=\"Ram\u00f3n Barrionuevo (opens in a new tab)\" href=\"https:\/\/laperlaaustral.com.ar\/laperlaaustral\/laperlaaustralview.php?showdetail=&amp;id=2720\" target=\"_blank\">Ram\u00f3n Barrionuevo<\/a>. <br> \u00abQue hace suboficial?\u00bb, le dice Bonzo: Me quedo con usted Comandante; si usted no se tira, yo tampoco. <br>  Bonzo duda un instante, pero su emoci\u00f3n ante esta solidaridad elemental  (y suprema) es tan grande, que deja de lado la autoridad y le dice a  Barrionuevo: <br> \u00abBueno, entonces ay\u00fadame a cortar las amarras de este bote. <br>  Los dos marinos terminaron su tarea en la cubierta solitaria barrida  por las olas. Armaron luego una cuerda con pedazos de mantas y s\u00e1banas;  la ataron y se deslizaron por el casco ya casi volcado hacia el agua, el  Capit\u00e1n de nav\u00edo y el suboficial, uno despu\u00e9s del otro, no sin antes  persignarse. <br> Varias balsas los esperaban a unos diez metros al  costado del buque, que no hab\u00edan querido alejarse, a\u00fan a riesgo de ser  absorbidas por el buque que ya ten\u00eda m\u00e1s de 45 grados de escora. <br> La  tripulaci\u00f3n de las balsas hab\u00edan seguido ansiosamente a las dos figuras  solitarias en la cubierta del barco que se hund\u00eda. Y los alentaron con  sus gritos cuando bajaban con su rudimentaria escala hacia el agua. <br>  Uno de los conscriptos que estaban en las balsas cuenta ahora: \u00abLos  ve\u00edamos a los dos en la cubierta y pens\u00e1bamos que se hund\u00edan con el  buque. Grit\u00e1bamos y aplaud\u00edamos cuando lograron salvarse. <br> <a rel=\"noreferrer noopener\" href=\"https:\/\/www.facebook.com\/La-Perla-Austra-487959322032195\/\" target=\"_blank\">Siguenos en Facebook<\/a> <br> \u00abDe estos  \u00faltimos momentos a bordo -dice el capit\u00e1n Bonzo-, fue testigo tambi\u00e9n  el Suboficial Segundo Artillero Ram\u00f3n Barrionuevo. Era una casi sagrada  adhesi\u00f3n, cambi\u00f3 su leg\u00edtimo puesto de abandono en la balsa para  acompa\u00f1arme en una actitud a la que yo solo y \u00fanicamente estaba  obligado.  <\/td><\/tr><\/tbody><\/table>\n\n\n\n<p><a rel=\"noreferrer noopener\" href=\"https:\/\/www.facebook.com\/La-Perla-Austra-487959322032195\/\" target=\"_blank\">Siguenos en Facebook<\/a><\/p>\n","protected":false},"excerpt":{"rendered":"<p>Fuerza Naval Guerra de Malvinas Fuerza Naval ARA General Belgrano \u00abMe quedo con usted Comandante\u00bb hab\u00eda ordenado a todos sus hombres que abandonaran el barco y se hab\u00eda quedado solo en una cubierta que escoraba r\u00e1pidamente, cortando con un cuchillo la amarra de una balsa que hab\u00eda permanecido atada. \u00abSobraban las balsas -dice ahora Bonzo-;&hellip; <br \/> <a class=\"read-more\" href=\"https:\/\/laperlaaustral.com.ar\/guerra-malvinas\/me-quedo-con-usted-comandante\/\">Leer m\u00e1s<\/a><\/p>\n","protected":false},"author":2,"featured_media":620,"comment_status":"open","ping_status":"open","sticky":false,"template":"","format":"standard","meta":{"_monsterinsights_skip_tracking":false,"_monsterinsights_sitenote_active":false,"_monsterinsights_sitenote_note":"","_monsterinsights_sitenote_category":0,"footnotes":""},"categories":[315],"tags":[372,369],"yoast_head":"<!-- This site is optimized with the Yoast SEO plugin v23.4 - https:\/\/yoast.com\/wordpress\/plugins\/seo\/ -->\n<title>Me quedo con usted Comandante - La Perla Austral<\/title>\n<meta name=\"description\" content=\"Me quedo con usted Comandante - La Perla Austral - Guerra de Malvinas, actuacion de las fuerzas armadas argentinas en el conflicto del atlantico sur\" \/>\n<meta name=\"robots\" content=\"index, follow, max-snippet:-1, max-image-preview:large, max-video-preview:-1\" \/>\n<link rel=\"canonical\" href=\"http:\/\/laperlaaustral.com.ar\/guerra-malvinas\/me-quedo-con-usted-comandante\/\" \/>\n<meta property=\"og:locale\" content=\"es_ES\" \/>\n<meta property=\"og:type\" content=\"article\" \/>\n<meta property=\"og:title\" content=\"Me quedo con usted Comandante - La Perla Austral\" \/>\n<meta property=\"og:description\" content=\"Me quedo con usted Comandante - La Perla Austral - Guerra de Malvinas, actuacion de las fuerzas armadas argentinas en el conflicto del atlantico sur\" \/>\n<meta property=\"og:url\" content=\"http:\/\/laperlaaustral.com.ar\/guerra-malvinas\/me-quedo-con-usted-comandante\/\" \/>\n<meta property=\"og:site_name\" content=\"La Perla Austral\" \/>\n<meta property=\"article:publisher\" content=\"https:\/\/www.facebook.com\/La-Perla-Austra-487959322032195\" \/>\n<meta property=\"article:published_time\" content=\"2019-06-24T14:17:35+00:00\" \/>\n<meta property=\"article:modified_time\" content=\"2019-11-08T23:11:37+00:00\" \/>\n<meta property=\"og:image\" content=\"http:\/\/laperlaaustral.com.ar\/guerra-malvinas\/wp-content\/uploads\/2019\/06\/ARA-General-Belgrano-3.jpg\" \/>\n\t<meta property=\"og:image:width\" content=\"800\" \/>\n\t<meta property=\"og:image:height\" content=\"567\" \/>\n\t<meta property=\"og:image:type\" content=\"image\/jpeg\" \/>\n<meta name=\"author\" content=\"GomRam\" \/>\n<meta name=\"twitter:card\" content=\"summary_large_image\" \/>\n<meta name=\"twitter:label1\" content=\"Escrito por\" \/>\n\t<meta name=\"twitter:data1\" content=\"GomRam\" \/>\n\t<meta name=\"twitter:label2\" content=\"Tiempo de lectura\" \/>\n\t<meta name=\"twitter:data2\" content=\"2 minutos\" \/>\n<script type=\"application\/ld+json\" class=\"yoast-schema-graph\">{\"@context\":\"https:\/\/schema.org\",\"@graph\":[{\"@type\":\"WebPage\",\"@id\":\"http:\/\/laperlaaustral.com.ar\/guerra-malvinas\/me-quedo-con-usted-comandante\/\",\"url\":\"http:\/\/laperlaaustral.com.ar\/guerra-malvinas\/me-quedo-con-usted-comandante\/\",\"name\":\"Me quedo con usted Comandante - La Perla Austral\",\"isPartOf\":{\"@id\":\"http:\/\/laperlaaustral.com.ar\/guerra-malvinas\/#website\"},\"primaryImageOfPage\":{\"@id\":\"http:\/\/laperlaaustral.com.ar\/guerra-malvinas\/me-quedo-con-usted-comandante\/#primaryimage\"},\"image\":{\"@id\":\"http:\/\/laperlaaustral.com.ar\/guerra-malvinas\/me-quedo-con-usted-comandante\/#primaryimage\"},\"thumbnailUrl\":\"https:\/\/laperlaaustral.com.ar\/guerra-malvinas\/wp-content\/uploads\/2019\/06\/ARA-General-Belgrano-3.jpg\",\"datePublished\":\"2019-06-24T14:17:35+00:00\",\"dateModified\":\"2019-11-08T23:11:37+00:00\",\"author\":{\"@id\":\"http:\/\/laperlaaustral.com.ar\/guerra-malvinas\/#\/schema\/person\/cccf8f0904f83654d5f2d5380e4eb4b9\"},\"description\":\"Me quedo con usted Comandante - La Perla Austral - Guerra de Malvinas, actuacion de las fuerzas armadas argentinas en el conflicto del atlantico sur\",\"breadcrumb\":{\"@id\":\"http:\/\/laperlaaustral.com.ar\/guerra-malvinas\/me-quedo-con-usted-comandante\/#breadcrumb\"},\"inLanguage\":\"es\",\"potentialAction\":[{\"@type\":\"ReadAction\",\"target\":[\"http:\/\/laperlaaustral.com.ar\/guerra-malvinas\/me-quedo-con-usted-comandante\/\"]}]},{\"@type\":\"ImageObject\",\"inLanguage\":\"es\",\"@id\":\"http:\/\/laperlaaustral.com.ar\/guerra-malvinas\/me-quedo-con-usted-comandante\/#primaryimage\",\"url\":\"https:\/\/laperlaaustral.com.ar\/guerra-malvinas\/wp-content\/uploads\/2019\/06\/ARA-General-Belgrano-3.jpg\",\"contentUrl\":\"https:\/\/laperlaaustral.com.ar\/guerra-malvinas\/wp-content\/uploads\/2019\/06\/ARA-General-Belgrano-3.jpg\",\"width\":800,\"height\":567,\"caption\":\"Crucero General Belgrano, historia de su escudo\"},{\"@type\":\"BreadcrumbList\",\"@id\":\"http:\/\/laperlaaustral.com.ar\/guerra-malvinas\/me-quedo-con-usted-comandante\/#breadcrumb\",\"itemListElement\":[{\"@type\":\"ListItem\",\"position\":1,\"name\":\"Portada\",\"item\":\"https:\/\/laperlaaustral.com.ar\/guerra-malvinas\/\"},{\"@type\":\"ListItem\",\"position\":2,\"name\":\"Me quedo con usted Comandante\"}]},{\"@type\":\"WebSite\",\"@id\":\"http:\/\/laperlaaustral.com.ar\/guerra-malvinas\/#website\",\"url\":\"http:\/\/laperlaaustral.com.ar\/guerra-malvinas\/\",\"name\":\"La Perla Austral\",\"description\":\"Guerra de Malvinas 1982\",\"potentialAction\":[{\"@type\":\"SearchAction\",\"target\":{\"@type\":\"EntryPoint\",\"urlTemplate\":\"http:\/\/laperlaaustral.com.ar\/guerra-malvinas\/?s={search_term_string}\"},\"query-input\":{\"@type\":\"PropertyValueSpecification\",\"valueRequired\":true,\"valueName\":\"search_term_string\"}}],\"inLanguage\":\"es\"},{\"@type\":\"Person\",\"@id\":\"http:\/\/laperlaaustral.com.ar\/guerra-malvinas\/#\/schema\/person\/cccf8f0904f83654d5f2d5380e4eb4b9\",\"name\":\"GomRam\",\"image\":{\"@type\":\"ImageObject\",\"inLanguage\":\"es\",\"@id\":\"http:\/\/laperlaaustral.com.ar\/guerra-malvinas\/#\/schema\/person\/image\/\",\"url\":\"https:\/\/secure.gravatar.com\/avatar\/a0f191abb2983305e8a2e850573cb20a?s=96&d=mm&r=g\",\"contentUrl\":\"https:\/\/secure.gravatar.com\/avatar\/a0f191abb2983305e8a2e850573cb20a?s=96&d=mm&r=g\",\"caption\":\"GomRam\"},\"url\":\"https:\/\/laperlaaustral.com.ar\/guerra-malvinas\/author\/ac000164\/\"}]}<\/script>\n<!-- \/ Yoast SEO plugin. -->","yoast_head_json":{"title":"Me quedo con usted Comandante - La Perla Austral","description":"Me quedo con usted Comandante - La Perla Austral - Guerra de Malvinas, actuacion de las fuerzas armadas argentinas en el conflicto del atlantico sur","robots":{"index":"index","follow":"follow","max-snippet":"max-snippet:-1","max-image-preview":"max-image-preview:large","max-video-preview":"max-video-preview:-1"},"canonical":"http:\/\/laperlaaustral.com.ar\/guerra-malvinas\/me-quedo-con-usted-comandante\/","og_locale":"es_ES","og_type":"article","og_title":"Me quedo con usted Comandante - La Perla Austral","og_description":"Me quedo con usted Comandante - La Perla Austral - Guerra de Malvinas, actuacion de las fuerzas armadas argentinas en el conflicto del atlantico sur","og_url":"http:\/\/laperlaaustral.com.ar\/guerra-malvinas\/me-quedo-con-usted-comandante\/","og_site_name":"La Perla Austral","article_publisher":"https:\/\/www.facebook.com\/La-Perla-Austra-487959322032195","article_published_time":"2019-06-24T14:17:35+00:00","article_modified_time":"2019-11-08T23:11:37+00:00","og_image":[{"width":800,"height":567,"url":"http:\/\/laperlaaustral.com.ar\/guerra-malvinas\/wp-content\/uploads\/2019\/06\/ARA-General-Belgrano-3.jpg","type":"image\/jpeg"}],"author":"GomRam","twitter_card":"summary_large_image","twitter_misc":{"Escrito por":"GomRam","Tiempo de lectura":"2 minutos"},"schema":{"@context":"https:\/\/schema.org","@graph":[{"@type":"WebPage","@id":"http:\/\/laperlaaustral.com.ar\/guerra-malvinas\/me-quedo-con-usted-comandante\/","url":"http:\/\/laperlaaustral.com.ar\/guerra-malvinas\/me-quedo-con-usted-comandante\/","name":"Me quedo con usted Comandante - La Perla Austral","isPartOf":{"@id":"http:\/\/laperlaaustral.com.ar\/guerra-malvinas\/#website"},"primaryImageOfPage":{"@id":"http:\/\/laperlaaustral.com.ar\/guerra-malvinas\/me-quedo-con-usted-comandante\/#primaryimage"},"image":{"@id":"http:\/\/laperlaaustral.com.ar\/guerra-malvinas\/me-quedo-con-usted-comandante\/#primaryimage"},"thumbnailUrl":"https:\/\/laperlaaustral.com.ar\/guerra-malvinas\/wp-content\/uploads\/2019\/06\/ARA-General-Belgrano-3.jpg","datePublished":"2019-06-24T14:17:35+00:00","dateModified":"2019-11-08T23:11:37+00:00","author":{"@id":"http:\/\/laperlaaustral.com.ar\/guerra-malvinas\/#\/schema\/person\/cccf8f0904f83654d5f2d5380e4eb4b9"},"description":"Me quedo con usted Comandante - La Perla Austral - Guerra de Malvinas, actuacion de las fuerzas armadas argentinas en el conflicto del atlantico sur","breadcrumb":{"@id":"http:\/\/laperlaaustral.com.ar\/guerra-malvinas\/me-quedo-con-usted-comandante\/#breadcrumb"},"inLanguage":"es","potentialAction":[{"@type":"ReadAction","target":["http:\/\/laperlaaustral.com.ar\/guerra-malvinas\/me-quedo-con-usted-comandante\/"]}]},{"@type":"ImageObject","inLanguage":"es","@id":"http:\/\/laperlaaustral.com.ar\/guerra-malvinas\/me-quedo-con-usted-comandante\/#primaryimage","url":"https:\/\/laperlaaustral.com.ar\/guerra-malvinas\/wp-content\/uploads\/2019\/06\/ARA-General-Belgrano-3.jpg","contentUrl":"https:\/\/laperlaaustral.com.ar\/guerra-malvinas\/wp-content\/uploads\/2019\/06\/ARA-General-Belgrano-3.jpg","width":800,"height":567,"caption":"Crucero General Belgrano, historia de su escudo"},{"@type":"BreadcrumbList","@id":"http:\/\/laperlaaustral.com.ar\/guerra-malvinas\/me-quedo-con-usted-comandante\/#breadcrumb","itemListElement":[{"@type":"ListItem","position":1,"name":"Portada","item":"https:\/\/laperlaaustral.com.ar\/guerra-malvinas\/"},{"@type":"ListItem","position":2,"name":"Me quedo con usted Comandante"}]},{"@type":"WebSite","@id":"http:\/\/laperlaaustral.com.ar\/guerra-malvinas\/#website","url":"http:\/\/laperlaaustral.com.ar\/guerra-malvinas\/","name":"La Perla Austral","description":"Guerra de Malvinas 1982","potentialAction":[{"@type":"SearchAction","target":{"@type":"EntryPoint","urlTemplate":"http:\/\/laperlaaustral.com.ar\/guerra-malvinas\/?s={search_term_string}"},"query-input":{"@type":"PropertyValueSpecification","valueRequired":true,"valueName":"search_term_string"}}],"inLanguage":"es"},{"@type":"Person","@id":"http:\/\/laperlaaustral.com.ar\/guerra-malvinas\/#\/schema\/person\/cccf8f0904f83654d5f2d5380e4eb4b9","name":"GomRam","image":{"@type":"ImageObject","inLanguage":"es","@id":"http:\/\/laperlaaustral.com.ar\/guerra-malvinas\/#\/schema\/person\/image\/","url":"https:\/\/secure.gravatar.com\/avatar\/a0f191abb2983305e8a2e850573cb20a?s=96&d=mm&r=g","contentUrl":"https:\/\/secure.gravatar.com\/avatar\/a0f191abb2983305e8a2e850573cb20a?s=96&d=mm&r=g","caption":"GomRam"},"url":"https:\/\/laperlaaustral.com.ar\/guerra-malvinas\/author\/ac000164\/"}]}},"_links":{"self":[{"href":"https:\/\/laperlaaustral.com.ar\/guerra-malvinas\/wp-json\/wp\/v2\/posts\/551"}],"collection":[{"href":"https:\/\/laperlaaustral.com.ar\/guerra-malvinas\/wp-json\/wp\/v2\/posts"}],"about":[{"href":"https:\/\/laperlaaustral.com.ar\/guerra-malvinas\/wp-json\/wp\/v2\/types\/post"}],"author":[{"embeddable":true,"href":"https:\/\/laperlaaustral.com.ar\/guerra-malvinas\/wp-json\/wp\/v2\/users\/2"}],"replies":[{"embeddable":true,"href":"https:\/\/laperlaaustral.com.ar\/guerra-malvinas\/wp-json\/wp\/v2\/comments?post=551"}],"version-history":[{"count":3,"href":"https:\/\/laperlaaustral.com.ar\/guerra-malvinas\/wp-json\/wp\/v2\/posts\/551\/revisions"}],"predecessor-version":[{"id":3275,"href":"https:\/\/laperlaaustral.com.ar\/guerra-malvinas\/wp-json\/wp\/v2\/posts\/551\/revisions\/3275"}],"wp:featuredmedia":[{"embeddable":true,"href":"https:\/\/laperlaaustral.com.ar\/guerra-malvinas\/wp-json\/wp\/v2\/media\/620"}],"wp:attachment":[{"href":"https:\/\/laperlaaustral.com.ar\/guerra-malvinas\/wp-json\/wp\/v2\/media?parent=551"}],"wp:term":[{"taxonomy":"category","embeddable":true,"href":"https:\/\/laperlaaustral.com.ar\/guerra-malvinas\/wp-json\/wp\/v2\/categories?post=551"},{"taxonomy":"post_tag","embeddable":true,"href":"https:\/\/laperlaaustral.com.ar\/guerra-malvinas\/wp-json\/wp\/v2\/tags?post=551"}],"curies":[{"name":"wp","href":"https:\/\/api.w.org\/{rel}","templated":true}]}}