{"id":549,"date":"2019-06-24T14:16:17","date_gmt":"2019-06-24T14:16:17","guid":{"rendered":"https:\/\/laperlaaustral.com.ar\/guerra-malvinas\/?p=549"},"modified":"2019-11-08T23:11:24","modified_gmt":"2019-11-08T23:11:24","slug":"apreciacion-de-la-faa-respecto-al-ara-gral-belgrano","status":"publish","type":"post","link":"https:\/\/laperlaaustral.com.ar\/guerra-malvinas\/apreciacion-de-la-faa-respecto-al-ara-gral-belgrano\/","title":{"rendered":"Apreciaci\u00f3n de la FAA respecto al ARA Gral. Belgrano"},"content":{"rendered":"\n<h6 class=\"wp-block-heading\">Guerra de Malvinas Fuerza Naval ARA General Belgrano <\/h6>\n\n\n\n<p>Apreciaci\u00f3n de la FAA respecto al ARA Gral Belgrano, La FAA mantiene su convicci\u00f3n de que esta operaci\u00f3n militar enemiga; fuera de toda justificaci\u00f3n honorable de las leyes y costumbres de la guerra, obedeci\u00f3 a una decisi\u00f3n eminentemente pol\u00edtica; del m\u00e1s alto nivel del gobierno brit\u00e1nico, cuyas causas pueden encontrarse en los siguientes factores:<\/p>\n\n\n\n<p>El inter\u00e9s pol\u00edtico estrat\u00e9gico del gobierno brit\u00e1nico, de entorpecer las negociaciones de paz; que en esos momentos llevaba, con grandes posibilidades de \u00e9xito, el presidente del Per\u00fa Arq. Belaunde Terry, con el auspicio (aunque t\u00e1citamente encubierto), del gobierno de los EEUU. a necesidad de provocar un hecho militar; psicol\u00f3gicamente auspicioso, ante la opini\u00f3n p\u00fablica internacional y especialmente, brit\u00e1nica, antes que las noticias del rev\u00e9s militar del 1\u00ba de mayo; desencadenaran actitudes, (oficiales y privadas), desfavorables a la conducci\u00f3n pol\u00edtica en el Reino Unido. <\/p>\n\n\n\n<p>En realidad, la acci\u00f3n psicol\u00f3gica del gobierno brit\u00e1nico, presentando al hundimiento del Belgrano sin relacionarlo con las acciones inmediatamente anteriores; fue mantenida por mucho tiempo despu\u00e9s como un objetivo permanente; tendiente a ocultar una verdad hist\u00f3rica que, analizada serenamente, demuestra la importancia que en el conflicto tuvo la batalla del 1\u00ba de mayo, donde; podemos afirmar, el saldo para Gran Breta\u00f1a fue: p\u00e9rdida de un destructor D-42 clase Sheffield; dos fragatas tipo F 21 averiadas dos Sea Harrier derribados dos intentos de desembarco rechazados casi ning\u00fan objetivo operacional alcanzado .<\/p>\n\n\n\n<h5 class=\"wp-block-heading\"> En s\u00edntesis<\/h5>\n\n\n\n<p>El ataque al crucero era una consecuencia del rev\u00e9s operativo que sufri\u00f3 la Task Force el 1\u00ba de mayo. Estos son los factores que, a su juicio, la FAA asigna mayor porcentaje de peso; para que se haya adoptado esta resoluci\u00f3n por parte del gobierno brit\u00e1nico. <\/p>\n\n\n\n<p>Las actividades a\u00e9reas Durante la noche del 1 al 2 de mayo, el Comando de la Fuerza A\u00e9rea Sur trabaj\u00f3 febrilmente; para alistar las unidades, porque preve\u00eda que ser\u00eda una nueva e intensa jornada; a\u00fan estimaba que el enemigo intentar\u00eda alcanzar los objetivos que no hab\u00eda logrado el d\u00eda anterior. Asimismo, se supon\u00eda que podr\u00eda haber desembarcado, incluso esa noche, mayor cantidad de efectivos, y estar consolidando una cabecera de playa. <\/p>\n\n\n\n<p>Por ello, al amanecer, las unidades de la Fuerza A\u00e9rea Sur hab\u00edan recibido las \u00f3rdenes preparatorias para una serie de operaciones predispuestas; que se pondr\u00edan en ejecuci\u00f3n al confirmarse la informaci\u00f3n sobre los blancos enemigos. <\/p>\n\n\n\n<p>Pero el enemigo no se acerc\u00f3 a las islas, interesado en los movimientos de nuestra flota de mar, y favorecido; adem\u00e1s, por la situaci\u00f3n meteorol\u00f3gica en el Teatro de Operaciones y el continente, que dificultar\u00eda casi todo movimiento a\u00e9reo de nuestra parte. <\/p>\n\n\n\n<h6 class=\"wp-block-heading\"><a href=\"https:\/\/laperlaaustral.com.ar\/guerra-malvinas\/listado-de-caidos-en-el-ara-general-belgrano\/\" target=\"_blank\" rel=\"noreferrer noopener\" aria-label=\"Listado de caidos en el ARA General Belgrano (opens in a new tab)\">Listado de caidos en el ARA General Belgrano<\/a><\/h6>\n\n\n\n<p>Apreciaci\u00f3n de la FAA respecto al ARA Gral Belgrano<\/p>\n\n\n\n<p><a rel=\"noreferrer noopener\" href=\"https:\/\/www.facebook.com\/La-Perla-Austra-487959322032195\/\" target=\"_blank\">Siguenos en Facebook<\/a><\/p>\n","protected":false},"excerpt":{"rendered":"<p>Guerra de Malvinas Fuerza Naval ARA General Belgrano Apreciaci\u00f3n de la FAA respecto al ARA Gral Belgrano, La FAA mantiene su convicci\u00f3n de que esta operaci\u00f3n militar enemiga; fuera de toda justificaci\u00f3n honorable de las leyes y costumbres de la guerra, obedeci\u00f3 a una decisi\u00f3n eminentemente pol\u00edtica; del m\u00e1s alto nivel del gobierno brit\u00e1nico, cuyas&hellip; <br \/> <a class=\"read-more\" href=\"https:\/\/laperlaaustral.com.ar\/guerra-malvinas\/apreciacion-de-la-faa-respecto-al-ara-gral-belgrano\/\">Leer m\u00e1s<\/a><\/p>\n","protected":false},"author":2,"featured_media":2261,"comment_status":"open","ping_status":"open","sticky":false,"template":"","format":"standard","meta":{"_monsterinsights_skip_tracking":false,"_monsterinsights_sitenote_active":false,"_monsterinsights_sitenote_note":"","_monsterinsights_sitenote_category":0,"footnotes":""},"categories":[315],"tags":[369,34],"yoast_head":"<!-- This site is optimized with the Yoast SEO plugin v23.4 - https:\/\/yoast.com\/wordpress\/plugins\/seo\/ -->\n<title>Apreciaci\u00f3n de la FAA respecto al ARA Gral. Belgrano - La Perla Austral<\/title>\n<meta name=\"description\" content=\"Apreciaci\u00f3n de la FAA respecto al ARA Gral Belgrano - La Perla Austral - Guerra de Malvinas, actuacion de las fuerzas armadas argentinas en el conflicto\" \/>\n<meta name=\"robots\" content=\"index, follow, max-snippet:-1, max-image-preview:large, max-video-preview:-1\" \/>\n<link rel=\"canonical\" href=\"http:\/\/laperlaaustral.com.ar\/guerra-malvinas\/apreciacion-de-la-faa-respecto-al-ara-gral-belgrano\/\" \/>\n<meta property=\"og:locale\" content=\"es_ES\" \/>\n<meta property=\"og:type\" content=\"article\" \/>\n<meta property=\"og:title\" content=\"Apreciaci\u00f3n de la FAA respecto al ARA Gral. Belgrano - La Perla Austral\" \/>\n<meta property=\"og:description\" content=\"Apreciaci\u00f3n de la FAA respecto al ARA Gral Belgrano - La Perla Austral - Guerra de Malvinas, actuacion de las fuerzas armadas argentinas en el conflicto\" \/>\n<meta property=\"og:url\" content=\"http:\/\/laperlaaustral.com.ar\/guerra-malvinas\/apreciacion-de-la-faa-respecto-al-ara-gral-belgrano\/\" \/>\n<meta property=\"og:site_name\" content=\"La Perla Austral\" \/>\n<meta property=\"article:publisher\" content=\"https:\/\/www.facebook.com\/La-Perla-Austra-487959322032195\" \/>\n<meta property=\"article:published_time\" content=\"2019-06-24T14:16:17+00:00\" \/>\n<meta property=\"article:modified_time\" content=\"2019-11-08T23:11:24+00:00\" \/>\n<meta property=\"og:image\" content=\"http:\/\/laperlaaustral.com.ar\/guerra-malvinas\/wp-content\/uploads\/2019\/07\/ARA-Belgrano-3.jpg\" \/>\n\t<meta property=\"og:image:width\" content=\"720\" \/>\n\t<meta property=\"og:image:height\" content=\"533\" \/>\n\t<meta property=\"og:image:type\" content=\"image\/jpeg\" \/>\n<meta name=\"author\" content=\"GomRam\" \/>\n<meta name=\"twitter:card\" content=\"summary_large_image\" \/>\n<meta name=\"twitter:label1\" content=\"Escrito por\" \/>\n\t<meta name=\"twitter:data1\" content=\"GomRam\" \/>\n\t<meta name=\"twitter:label2\" content=\"Tiempo de lectura\" \/>\n\t<meta name=\"twitter:data2\" content=\"2 minutos\" \/>\n<script type=\"application\/ld+json\" class=\"yoast-schema-graph\">{\"@context\":\"https:\/\/schema.org\",\"@graph\":[{\"@type\":\"WebPage\",\"@id\":\"http:\/\/laperlaaustral.com.ar\/guerra-malvinas\/apreciacion-de-la-faa-respecto-al-ara-gral-belgrano\/\",\"url\":\"http:\/\/laperlaaustral.com.ar\/guerra-malvinas\/apreciacion-de-la-faa-respecto-al-ara-gral-belgrano\/\",\"name\":\"Apreciaci\u00f3n de la FAA respecto al ARA Gral. Belgrano - La Perla Austral\",\"isPartOf\":{\"@id\":\"http:\/\/laperlaaustral.com.ar\/guerra-malvinas\/#website\"},\"primaryImageOfPage\":{\"@id\":\"http:\/\/laperlaaustral.com.ar\/guerra-malvinas\/apreciacion-de-la-faa-respecto-al-ara-gral-belgrano\/#primaryimage\"},\"image\":{\"@id\":\"http:\/\/laperlaaustral.com.ar\/guerra-malvinas\/apreciacion-de-la-faa-respecto-al-ara-gral-belgrano\/#primaryimage\"},\"thumbnailUrl\":\"https:\/\/laperlaaustral.com.ar\/guerra-malvinas\/wp-content\/uploads\/2019\/07\/ARA-Belgrano-3.jpg\",\"datePublished\":\"2019-06-24T14:16:17+00:00\",\"dateModified\":\"2019-11-08T23:11:24+00:00\",\"author\":{\"@id\":\"http:\/\/laperlaaustral.com.ar\/guerra-malvinas\/#\/schema\/person\/cccf8f0904f83654d5f2d5380e4eb4b9\"},\"description\":\"Apreciaci\u00f3n de la FAA respecto al ARA Gral Belgrano - La Perla Austral - Guerra de Malvinas, actuacion de las fuerzas armadas argentinas en el conflicto\",\"breadcrumb\":{\"@id\":\"http:\/\/laperlaaustral.com.ar\/guerra-malvinas\/apreciacion-de-la-faa-respecto-al-ara-gral-belgrano\/#breadcrumb\"},\"inLanguage\":\"es\",\"potentialAction\":[{\"@type\":\"ReadAction\",\"target\":[\"http:\/\/laperlaaustral.com.ar\/guerra-malvinas\/apreciacion-de-la-faa-respecto-al-ara-gral-belgrano\/\"]}]},{\"@type\":\"ImageObject\",\"inLanguage\":\"es\",\"@id\":\"http:\/\/laperlaaustral.com.ar\/guerra-malvinas\/apreciacion-de-la-faa-respecto-al-ara-gral-belgrano\/#primaryimage\",\"url\":\"https:\/\/laperlaaustral.com.ar\/guerra-malvinas\/wp-content\/uploads\/2019\/07\/ARA-Belgrano-3.jpg\",\"contentUrl\":\"https:\/\/laperlaaustral.com.ar\/guerra-malvinas\/wp-content\/uploads\/2019\/07\/ARA-Belgrano-3.jpg\",\"width\":720,\"height\":533,\"caption\":\"ARA Belgrano\"},{\"@type\":\"BreadcrumbList\",\"@id\":\"http:\/\/laperlaaustral.com.ar\/guerra-malvinas\/apreciacion-de-la-faa-respecto-al-ara-gral-belgrano\/#breadcrumb\",\"itemListElement\":[{\"@type\":\"ListItem\",\"position\":1,\"name\":\"Portada\",\"item\":\"https:\/\/laperlaaustral.com.ar\/guerra-malvinas\/\"},{\"@type\":\"ListItem\",\"position\":2,\"name\":\"Apreciaci\u00f3n de la FAA respecto al ARA Gral. Belgrano\"}]},{\"@type\":\"WebSite\",\"@id\":\"http:\/\/laperlaaustral.com.ar\/guerra-malvinas\/#website\",\"url\":\"http:\/\/laperlaaustral.com.ar\/guerra-malvinas\/\",\"name\":\"La Perla Austral\",\"description\":\"Guerra de Malvinas 1982\",\"potentialAction\":[{\"@type\":\"SearchAction\",\"target\":{\"@type\":\"EntryPoint\",\"urlTemplate\":\"http:\/\/laperlaaustral.com.ar\/guerra-malvinas\/?s={search_term_string}\"},\"query-input\":{\"@type\":\"PropertyValueSpecification\",\"valueRequired\":true,\"valueName\":\"search_term_string\"}}],\"inLanguage\":\"es\"},{\"@type\":\"Person\",\"@id\":\"http:\/\/laperlaaustral.com.ar\/guerra-malvinas\/#\/schema\/person\/cccf8f0904f83654d5f2d5380e4eb4b9\",\"name\":\"GomRam\",\"image\":{\"@type\":\"ImageObject\",\"inLanguage\":\"es\",\"@id\":\"http:\/\/laperlaaustral.com.ar\/guerra-malvinas\/#\/schema\/person\/image\/\",\"url\":\"https:\/\/secure.gravatar.com\/avatar\/a0f191abb2983305e8a2e850573cb20a?s=96&d=mm&r=g\",\"contentUrl\":\"https:\/\/secure.gravatar.com\/avatar\/a0f191abb2983305e8a2e850573cb20a?s=96&d=mm&r=g\",\"caption\":\"GomRam\"},\"url\":\"https:\/\/laperlaaustral.com.ar\/guerra-malvinas\/author\/ac000164\/\"}]}<\/script>\n<!-- \/ Yoast SEO plugin. -->","yoast_head_json":{"title":"Apreciaci\u00f3n de la FAA respecto al ARA Gral. Belgrano - La Perla Austral","description":"Apreciaci\u00f3n de la FAA respecto al ARA Gral Belgrano - La Perla Austral - Guerra de Malvinas, actuacion de las fuerzas armadas argentinas en el conflicto","robots":{"index":"index","follow":"follow","max-snippet":"max-snippet:-1","max-image-preview":"max-image-preview:large","max-video-preview":"max-video-preview:-1"},"canonical":"http:\/\/laperlaaustral.com.ar\/guerra-malvinas\/apreciacion-de-la-faa-respecto-al-ara-gral-belgrano\/","og_locale":"es_ES","og_type":"article","og_title":"Apreciaci\u00f3n de la FAA respecto al ARA Gral. Belgrano - La Perla Austral","og_description":"Apreciaci\u00f3n de la FAA respecto al ARA Gral Belgrano - La Perla Austral - Guerra de Malvinas, actuacion de las fuerzas armadas argentinas en el conflicto","og_url":"http:\/\/laperlaaustral.com.ar\/guerra-malvinas\/apreciacion-de-la-faa-respecto-al-ara-gral-belgrano\/","og_site_name":"La Perla Austral","article_publisher":"https:\/\/www.facebook.com\/La-Perla-Austra-487959322032195","article_published_time":"2019-06-24T14:16:17+00:00","article_modified_time":"2019-11-08T23:11:24+00:00","og_image":[{"width":720,"height":533,"url":"http:\/\/laperlaaustral.com.ar\/guerra-malvinas\/wp-content\/uploads\/2019\/07\/ARA-Belgrano-3.jpg","type":"image\/jpeg"}],"author":"GomRam","twitter_card":"summary_large_image","twitter_misc":{"Escrito por":"GomRam","Tiempo de lectura":"2 minutos"},"schema":{"@context":"https:\/\/schema.org","@graph":[{"@type":"WebPage","@id":"http:\/\/laperlaaustral.com.ar\/guerra-malvinas\/apreciacion-de-la-faa-respecto-al-ara-gral-belgrano\/","url":"http:\/\/laperlaaustral.com.ar\/guerra-malvinas\/apreciacion-de-la-faa-respecto-al-ara-gral-belgrano\/","name":"Apreciaci\u00f3n de la FAA respecto al ARA Gral. Belgrano - La Perla Austral","isPartOf":{"@id":"http:\/\/laperlaaustral.com.ar\/guerra-malvinas\/#website"},"primaryImageOfPage":{"@id":"http:\/\/laperlaaustral.com.ar\/guerra-malvinas\/apreciacion-de-la-faa-respecto-al-ara-gral-belgrano\/#primaryimage"},"image":{"@id":"http:\/\/laperlaaustral.com.ar\/guerra-malvinas\/apreciacion-de-la-faa-respecto-al-ara-gral-belgrano\/#primaryimage"},"thumbnailUrl":"https:\/\/laperlaaustral.com.ar\/guerra-malvinas\/wp-content\/uploads\/2019\/07\/ARA-Belgrano-3.jpg","datePublished":"2019-06-24T14:16:17+00:00","dateModified":"2019-11-08T23:11:24+00:00","author":{"@id":"http:\/\/laperlaaustral.com.ar\/guerra-malvinas\/#\/schema\/person\/cccf8f0904f83654d5f2d5380e4eb4b9"},"description":"Apreciaci\u00f3n de la FAA respecto al ARA Gral Belgrano - La Perla Austral - Guerra de Malvinas, actuacion de las fuerzas armadas argentinas en el conflicto","breadcrumb":{"@id":"http:\/\/laperlaaustral.com.ar\/guerra-malvinas\/apreciacion-de-la-faa-respecto-al-ara-gral-belgrano\/#breadcrumb"},"inLanguage":"es","potentialAction":[{"@type":"ReadAction","target":["http:\/\/laperlaaustral.com.ar\/guerra-malvinas\/apreciacion-de-la-faa-respecto-al-ara-gral-belgrano\/"]}]},{"@type":"ImageObject","inLanguage":"es","@id":"http:\/\/laperlaaustral.com.ar\/guerra-malvinas\/apreciacion-de-la-faa-respecto-al-ara-gral-belgrano\/#primaryimage","url":"https:\/\/laperlaaustral.com.ar\/guerra-malvinas\/wp-content\/uploads\/2019\/07\/ARA-Belgrano-3.jpg","contentUrl":"https:\/\/laperlaaustral.com.ar\/guerra-malvinas\/wp-content\/uploads\/2019\/07\/ARA-Belgrano-3.jpg","width":720,"height":533,"caption":"ARA Belgrano"},{"@type":"BreadcrumbList","@id":"http:\/\/laperlaaustral.com.ar\/guerra-malvinas\/apreciacion-de-la-faa-respecto-al-ara-gral-belgrano\/#breadcrumb","itemListElement":[{"@type":"ListItem","position":1,"name":"Portada","item":"https:\/\/laperlaaustral.com.ar\/guerra-malvinas\/"},{"@type":"ListItem","position":2,"name":"Apreciaci\u00f3n de la FAA respecto al ARA Gral. Belgrano"}]},{"@type":"WebSite","@id":"http:\/\/laperlaaustral.com.ar\/guerra-malvinas\/#website","url":"http:\/\/laperlaaustral.com.ar\/guerra-malvinas\/","name":"La Perla Austral","description":"Guerra de Malvinas 1982","potentialAction":[{"@type":"SearchAction","target":{"@type":"EntryPoint","urlTemplate":"http:\/\/laperlaaustral.com.ar\/guerra-malvinas\/?s={search_term_string}"},"query-input":{"@type":"PropertyValueSpecification","valueRequired":true,"valueName":"search_term_string"}}],"inLanguage":"es"},{"@type":"Person","@id":"http:\/\/laperlaaustral.com.ar\/guerra-malvinas\/#\/schema\/person\/cccf8f0904f83654d5f2d5380e4eb4b9","name":"GomRam","image":{"@type":"ImageObject","inLanguage":"es","@id":"http:\/\/laperlaaustral.com.ar\/guerra-malvinas\/#\/schema\/person\/image\/","url":"https:\/\/secure.gravatar.com\/avatar\/a0f191abb2983305e8a2e850573cb20a?s=96&d=mm&r=g","contentUrl":"https:\/\/secure.gravatar.com\/avatar\/a0f191abb2983305e8a2e850573cb20a?s=96&d=mm&r=g","caption":"GomRam"},"url":"https:\/\/laperlaaustral.com.ar\/guerra-malvinas\/author\/ac000164\/"}]}},"_links":{"self":[{"href":"https:\/\/laperlaaustral.com.ar\/guerra-malvinas\/wp-json\/wp\/v2\/posts\/549"}],"collection":[{"href":"https:\/\/laperlaaustral.com.ar\/guerra-malvinas\/wp-json\/wp\/v2\/posts"}],"about":[{"href":"https:\/\/laperlaaustral.com.ar\/guerra-malvinas\/wp-json\/wp\/v2\/types\/post"}],"author":[{"embeddable":true,"href":"https:\/\/laperlaaustral.com.ar\/guerra-malvinas\/wp-json\/wp\/v2\/users\/2"}],"replies":[{"embeddable":true,"href":"https:\/\/laperlaaustral.com.ar\/guerra-malvinas\/wp-json\/wp\/v2\/comments?post=549"}],"version-history":[{"count":3,"href":"https:\/\/laperlaaustral.com.ar\/guerra-malvinas\/wp-json\/wp\/v2\/posts\/549\/revisions"}],"predecessor-version":[{"id":3274,"href":"https:\/\/laperlaaustral.com.ar\/guerra-malvinas\/wp-json\/wp\/v2\/posts\/549\/revisions\/3274"}],"wp:featuredmedia":[{"embeddable":true,"href":"https:\/\/laperlaaustral.com.ar\/guerra-malvinas\/wp-json\/wp\/v2\/media\/2261"}],"wp:attachment":[{"href":"https:\/\/laperlaaustral.com.ar\/guerra-malvinas\/wp-json\/wp\/v2\/media?parent=549"}],"wp:term":[{"taxonomy":"category","embeddable":true,"href":"https:\/\/laperlaaustral.com.ar\/guerra-malvinas\/wp-json\/wp\/v2\/categories?post=549"},{"taxonomy":"post_tag","embeddable":true,"href":"https:\/\/laperlaaustral.com.ar\/guerra-malvinas\/wp-json\/wp\/v2\/tags?post=549"}],"curies":[{"name":"wp","href":"https:\/\/api.w.org\/{rel}","templated":true}]}}