{"id":457,"date":"2019-06-24T11:35:57","date_gmt":"2019-06-24T11:35:57","guid":{"rendered":"https:\/\/laperlaaustral.com.ar\/guerra-malvinas\/?p=457"},"modified":"2019-11-08T19:54:30","modified_gmt":"2019-11-08T19:54:30","slug":"la-toma-de-las-islas-malvinas","status":"publish","type":"post","link":"https:\/\/laperlaaustral.com.ar\/guerra-malvinas\/la-toma-de-las-islas-malvinas\/","title":{"rendered":"La toma de las Islas Malvinas"},"content":{"rendered":"\n<h5 class=\"wp-block-heading\">Guerra de Malvinas <\/h5>\n\n\n\n<p><em> La Toma de las Islas Malvinas<\/em><br>Se constituy\u00f3 la Fuerza de Tareas Anfibia Nro. 40 bajo el Comando del contraalmirante D. Walter O. Allara. Esta Fuerza estaba integrada por los siguientes componentes: <\/p>\n\n\n\n<p>A. La Fuerza de Desembarco se integra con el Batall\u00f3n de Infanter\u00eda de Marina N\u00ba 2 ( BIM2); una Agrupaci\u00f3n de Comandos Anfibios, una Secci\u00f3n de Tiradores del Ej\u00e9rcito, un Grupo de Comandos Anfibios y una Reserva.<\/p>\n\n\n\n<p><br>B. Un Grupo de Transporte, con el Buque de Desembarco de Tropas A.R.A. \u00abCabo San Antonio\u00bb, el Rompehielos A.R.A. \u00abAlmirante Irizar\u00bb y el buque Transporte \u00abIsla de los Estados\u00bb.<br>C. Un Grupo de Apoyo Escolta y Desembarco, formado por las Fragatas Tipo 42, A.R.A. \u00abHerc\u00faleas\u00bb y \u00abSant\u00edsima Trinidad\u00bb, m\u00e1s las Corbetas A.R.A. \u00abDrumond\u00bby \u00abGranville\u00bb.<br>D. El Grupo de Tareas Especiales, constituido por el submarino clase \u00abGuppy\u00bb ARA \u00abSanta Fe\u00bb.<\/p>\n\n\n\n<p>Las naves hab\u00edan zarpado de sus apostaderos el d\u00eda 28 de marzo, hall\u00e1ndose a bordo del A.R.A. \u00abSant\u00edsima Trinidad\u00bb, de acuerdo con lo resuelto por el COMIL, el Comandante del Teatro de Operaciones Malvinas, general de divisi\u00f3n D. <a href=\"https:\/\/laperlaaustral.com.ar\/laperlaaustral\/laperlaaustralview.php?showdetail=&amp;id=10604\" target=\"_blank\" rel=\"noreferrer noopener\" aria-label=\"Osvaldo J. Garc\u00eda (opens in a new tab)\">Osvaldo J. Garc\u00eda<\/a><br> Debido a las malas condiciones meteorol\u00f3gicas, la operaci\u00f3n se demor\u00f3 24 horas, respecto de su fecha m\u00e1s temprana.<\/p>\n\n\n\n<p> La Fuerza de tareas qued\u00f3 dispuesta para el asalto final el d\u00eda 1 de abril a \u00faltima hora. La misi\u00f3n de la misma establec\u00eda la reducci\u00f3n de la resistencia armada de la isla; constituida por 68 Infantes de Marina del Destacamento de la Marina Real N\u00ba 8901; m\u00e1s algunos irregulares voluntarios pertenecientes a la poblaci\u00f3n local, la ocupaci\u00f3n de Puerto Stanley; y la toma del aer\u00f3dromo para permitir el abastecimiento de las Islas con medios a\u00e9reos propios. Y por \u00faltimo la instalaci\u00f3n de un gobierno militar argentino en el archipi\u00e9lago.<\/p>\n\n\n\n<p>A las 0.30 horas del d\u00eda 2 de abril se inici\u00f3 el desembarco en la zona de Puerto Enriqueta; 4 km. al Sur de la capital de las islas donde los Comandos Anfibios de la Armada iniciaron su marcha hacia las barracas de los \u00abmarines\u00bb brit\u00e1nicos en Moody Brook.<br> Tres horas m\u00e1s tarde hac\u00edan lo propio los buzos t\u00e1cticos desembarcados del submarino A.R.A. \u00abSanta Fe\u00bb en las proximidades del Cabo San Felipe; con la tarea de tomar el faro de ese lugar y preparar el desembarco del Transporte \u00abCabo San Antonio\u00bb.<\/p>\n\n\n\n<p>Este buque desembarc\u00f3 en la playa \u00abYork\u00bb al BIM 2 y tropas del RI 25; los que deb\u00edan tomar el aeropuerto y avanzar hacia Puerto Stanley en un movimiento de pinzas que converg\u00eda sobre la residencia del gobernador; desde el Este; mientras los buzos t\u00e1cticos lo hac\u00edan desde el Oeste.<\/p>\n\n\n\n<p> La maniobra result\u00f3 exitosa, ya que hubo solamente una d\u00e9bil resistencia, la cual se tradujo en tres bajas propias; aunque no se infringi\u00f3 ninguna baja al enemigo; tal como lo establecieron los criterios operacionales impuestos por el Comit\u00e9 Militar.<br> El cese del fuego y la rendici\u00f3n del gobernador Hunt se realiz\u00f3 a las 09.15 horas, ante el General de Divisi\u00f3n Garc\u00eda.<\/p>\n\n\n\n<h5 class=\"wp-block-heading\">La Toma de las Islas Georgias del Sur<\/h5>\n\n\n\n<p>Antes de eso, el d\u00eda 23 de marzo de 1982, el Comit\u00e9 Militar; ante los acontecimientos que se ven\u00edan desarrollando en relaci\u00f3n con el desembarco de un grupo de obreros en Puerto Leith y la consecuente reacci\u00f3n brit\u00e1nica; resolvi\u00f3 enviar al Buque A.R.A \u00abBah\u00eda Para\u00edso\u00bb con el grupo \u00abAlfa\u00bb a Puerto Leith;  para impedir que los obreros fuesen evacuados por el nav\u00edo ingl\u00e9s HMS \u00abEndurance\u00bb, al momento en navegaci\u00f3n hacia dicho puerto; con 22 infantes de marina a bordo. <\/p>\n\n\n\n<p>En esa misma reuni\u00f3n del Comit\u00e9 Militar; se resolvi\u00f3 que el Comando de la Operaci\u00f3n Georgias, hasta el momento asignado al Jefe del Estado Mayor General Naval; fuese transferido al Gral. de Divisi\u00f3n Garc\u00eda, a efectos de mantener bajo un Comando \u00fanico a las dos operaciones (\u00abAzul\u00bb,y \u00abGeorgias\u00bb).<\/p>\n\n\n\n<p>El d\u00eda 24 de marzo de 1982 a las 23.40 horas, el A.R.A. \u00abBah\u00eda Para\u00edso\u00bb lleg\u00f3 a la Bah\u00eda Stromness y poco despu\u00e9s desembarc\u00f3 el grupo \u00abAlfa\u00bb que se instal\u00f3 junto a los obreros de la empresa \u00abIslas Georgias del Sur S.A.\u00bb.<br> 1.- Las novedades indicaban que la situaci\u00f3n se iba agravando paulatinamente, ya que, adem\u00e1s del mencionado buque HMS \u00abEndurance\u00bb, el d\u00eda 24 de marzo; hab\u00eda zarpado de Montevideo el RR5 \u00bb John Biscoe\u00bb, con infantes de marina de refuerzo para la Guarnici\u00f3n Malvinas.<\/p>\n\n\n\n<p>El d\u00eda 25 de marzo, desde Punta Arenas, part\u00eda el RRS \u00abBransfield\u00bb, tambi\u00e9n con el mismo destino.<\/p>\n\n\n\n<p>El \u00abEndurance\u00bb; mientras tanto, se encontraba en el \u00e1rea de la Isla San Pedro; con instrucciones de dirigirse a Puerto Leith a evacuar a los obreros argentinos y ejecutar una presencia naval en la zona.<\/p>\n\n\n\n<p>Sus \u00f3rdenes fueron cambiadas luego por el Foreign Office, a fin de evitar un enfrentamiento mayor con el A.R.A. \u00abBah\u00eda Para\u00edso\u00bb, que se le hab\u00eda adelantado, y fue as\u00ed dirigido a Grytviken, donde deber\u00eda esperar nuevas directivas.<\/p>\n\n\n\n<p>Ante las novedades descripta en el p\u00e1rrafo anterior se resolvi\u00f3 que era necesario reforzar la Guarnici\u00f3n Georgias; por lo cual se orden\u00f3 a la Corbeta A.R.A. Guerrico; que se hallaba en reparaciones en dique, su alistamiento inmediato para cumplir una misi\u00f3n especial, trasladando adem\u00e1s; una fuerza de infanter\u00eda de marina de 40 hombres.<\/p>\n\n\n\n<p>En Grytviken, el \u00abEndurance\u00bb hab\u00eda desembarcado a 22 \u00abmarines\u00bb y se hab\u00eda alejado de la zona quedando, adem\u00e1s, 13 civiles pertenecientes a \u00abBrifish Antartic Survey\u00bb; que constitu\u00edan la poblaci\u00f3n semi-permanente de la isla. <\/p>\n\n\n\n<p>La Corbeta abandon\u00f3 Puerto Belgrano el d\u00eda 29 de marzo con 40 infantes de marina a bordo, y juntamente con el \u00abBah\u00eda Para\u00edso\u00bb y el Grupo \u00abAlfa\u00bb formar\u00edan el Grupo de Tareas 60.1<\/p>\n\n\n\n<p>La Corbeta recibi\u00f3 sus \u00f3rdenes el d\u00eda 1 de abril y; debido a los fuertes temporales que azotaban el Atl\u00e1ntico Sur, reci\u00e9n consigui\u00f3 arribar a la zona de la Bah\u00eda Cumberland (Isla San Pedro); a las 17,00 horas del d\u00eda 2 de abril es decir; cuando el mundo ya hab\u00eda tomado conocimiento de que las fuerzas argentinas hab\u00edan recuperado las islas Malvinas.<\/p>\n\n\n\n<p>Debido a que las condiciones meteorol\u00f3gicas y lo avanzado de la hora imped\u00edan realizar la tarea de tomar Grytviken en esos momentos, el capit\u00e1n de nav\u00edo Trombeta; a cargo del Grupo de Tareas; resolvi\u00f3 demorarla para el d\u00eda siguiente, informando por radio al jefe de base del \u00abBritish Antartic Survey\u00bb la transmisi\u00f3n de un mensaje importante a recibir en la primera hora del d\u00eda 3 de abril.<\/p>\n\n\n\n<p>A las 10.00 horas del d\u00eda 3 de abril, se solicit\u00f3 al jefe de base del B.A.S. su rendici\u00f3n; atento a que el gobernador Hunt hab\u00eda hecho lo propio en Malvinas, a fin de evitar problemas mayores.<\/p>\n\n\n\n<p>El jefe de la base inglesa inform\u00f3 que su gobierno le hab\u00eda ordenado resistir, solicit\u00e1ndole a las fuerzas argentinas no hacer uso de la fuerza; pues en ese caso \u00e9l perder\u00eda autoridad como comandante civil y los \u00abmarines\u00bb se har\u00edan cargo de la resistencia.<\/p>\n\n\n\n<p>Teniendo en cuenta que en el Consejo de Seguridad de las Naciones Unidas se estaba desarrollando una reuni\u00f3n para considerar el proyecto de la resoluci\u00f3n 502; solicitada por el gobierno brit\u00e1nico; el capit\u00e1n de nav\u00edo Trombeta decidi\u00f3 no esperar m\u00e1s tiempo; ya que se hallaba ante maniobras dilatorias por parte de los defensores; y orden\u00f3 el desembarco de la dotaci\u00f3n del Grupo de Tareas mediante un helic\u00f3ptero Puma del Ej\u00e9rcito Argentino.<\/p>\n\n\n\n<p><br><br> <em>La Toma de las Islas Malvinas<\/em>  <\/p>\n\n\n\n<p><a rel=\"noreferrer noopener\" href=\"https:\/\/www.facebook.com\/La-Perla-Austra-487959322032195\/\" target=\"_blank\">Encuentranos en Facebook<\/a><\/p>\n","protected":false},"excerpt":{"rendered":"<p>Guerra de Malvinas La Toma de las Islas MalvinasSe constituy\u00f3 la Fuerza de Tareas Anfibia Nro. 40 bajo el Comando del contraalmirante D. Walter O. Allara. Esta Fuerza estaba integrada por los siguientes componentes: A. La Fuerza de Desembarco se integra con el Batall\u00f3n de Infanter\u00eda de Marina N\u00ba 2 ( BIM2); una Agrupaci\u00f3n de&hellip; <br \/> <a class=\"read-more\" href=\"https:\/\/laperlaaustral.com.ar\/guerra-malvinas\/la-toma-de-las-islas-malvinas\/\">Leer m\u00e1s<\/a><\/p>\n","protected":false},"author":2,"featured_media":3057,"comment_status":"open","ping_status":"open","sticky":false,"template":"","format":"standard","meta":{"_monsterinsights_skip_tracking":false,"_monsterinsights_sitenote_active":false,"_monsterinsights_sitenote_note":"","_monsterinsights_sitenote_category":0,"footnotes":""},"categories":[313],"tags":[317,319,318,34],"yoast_head":"<!-- This site is optimized with the Yoast SEO plugin v23.4 - https:\/\/yoast.com\/wordpress\/plugins\/seo\/ -->\n<title>La toma de las Islas Malvinas - La Perla Austral Infanteria de Marina<\/title>\n<meta name=\"description\" content=\"La toma de las Islas Malvinas - La Perla Austral - Guerra de Malvinas, actuacion de las fuerzas armadas argentinas en el conflicto del atlantico sur\" \/>\n<meta name=\"robots\" content=\"index, follow, max-snippet:-1, max-image-preview:large, max-video-preview:-1\" \/>\n<link rel=\"canonical\" href=\"http:\/\/laperlaaustral.com.ar\/guerra-malvinas\/la-toma-de-las-islas-malvinas\/\" \/>\n<meta property=\"og:locale\" content=\"es_ES\" \/>\n<meta property=\"og:type\" content=\"article\" \/>\n<meta property=\"og:title\" content=\"La toma de las Islas Malvinas - La Perla Austral Infanteria de Marina\" \/>\n<meta property=\"og:description\" content=\"La toma de las Islas Malvinas - La Perla Austral - Guerra de Malvinas, actuacion de las fuerzas armadas argentinas en el conflicto del atlantico sur\" \/>\n<meta property=\"og:url\" content=\"http:\/\/laperlaaustral.com.ar\/guerra-malvinas\/la-toma-de-las-islas-malvinas\/\" \/>\n<meta property=\"og:site_name\" content=\"La Perla Austral\" \/>\n<meta property=\"article:publisher\" content=\"https:\/\/www.facebook.com\/La-Perla-Austra-487959322032195\" \/>\n<meta property=\"article:published_time\" content=\"2019-06-24T11:35:57+00:00\" \/>\n<meta property=\"article:modified_time\" content=\"2019-11-08T19:54:30+00:00\" \/>\n<meta property=\"og:image\" content=\"http:\/\/laperlaaustral.com.ar\/guerra-malvinas\/wp-content\/uploads\/2019\/06\/desembarco.jpg\" \/>\n\t<meta property=\"og:image:width\" content=\"800\" \/>\n\t<meta property=\"og:image:height\" content=\"567\" \/>\n\t<meta property=\"og:image:type\" content=\"image\/jpeg\" \/>\n<meta name=\"author\" content=\"GomRam\" \/>\n<meta name=\"twitter:card\" content=\"summary_large_image\" \/>\n<meta name=\"twitter:label1\" content=\"Escrito por\" \/>\n\t<meta name=\"twitter:data1\" content=\"GomRam\" \/>\n\t<meta name=\"twitter:label2\" content=\"Tiempo de lectura\" \/>\n\t<meta name=\"twitter:data2\" content=\"7 minutos\" \/>\n<script type=\"application\/ld+json\" class=\"yoast-schema-graph\">{\"@context\":\"https:\/\/schema.org\",\"@graph\":[{\"@type\":\"WebPage\",\"@id\":\"http:\/\/laperlaaustral.com.ar\/guerra-malvinas\/la-toma-de-las-islas-malvinas\/\",\"url\":\"http:\/\/laperlaaustral.com.ar\/guerra-malvinas\/la-toma-de-las-islas-malvinas\/\",\"name\":\"La toma de las Islas Malvinas - La Perla Austral Infanteria de Marina\",\"isPartOf\":{\"@id\":\"http:\/\/laperlaaustral.com.ar\/guerra-malvinas\/#website\"},\"primaryImageOfPage\":{\"@id\":\"http:\/\/laperlaaustral.com.ar\/guerra-malvinas\/la-toma-de-las-islas-malvinas\/#primaryimage\"},\"image\":{\"@id\":\"http:\/\/laperlaaustral.com.ar\/guerra-malvinas\/la-toma-de-las-islas-malvinas\/#primaryimage\"},\"thumbnailUrl\":\"https:\/\/laperlaaustral.com.ar\/guerra-malvinas\/wp-content\/uploads\/2019\/06\/desembarco.jpg\",\"datePublished\":\"2019-06-24T11:35:57+00:00\",\"dateModified\":\"2019-11-08T19:54:30+00:00\",\"author\":{\"@id\":\"http:\/\/laperlaaustral.com.ar\/guerra-malvinas\/#\/schema\/person\/cccf8f0904f83654d5f2d5380e4eb4b9\"},\"description\":\"La toma de las Islas Malvinas - La Perla Austral - Guerra de Malvinas, actuacion de las fuerzas armadas argentinas en el conflicto del atlantico sur\",\"breadcrumb\":{\"@id\":\"http:\/\/laperlaaustral.com.ar\/guerra-malvinas\/la-toma-de-las-islas-malvinas\/#breadcrumb\"},\"inLanguage\":\"es\",\"potentialAction\":[{\"@type\":\"ReadAction\",\"target\":[\"http:\/\/laperlaaustral.com.ar\/guerra-malvinas\/la-toma-de-las-islas-malvinas\/\"]}]},{\"@type\":\"ImageObject\",\"inLanguage\":\"es\",\"@id\":\"http:\/\/laperlaaustral.com.ar\/guerra-malvinas\/la-toma-de-las-islas-malvinas\/#primaryimage\",\"url\":\"https:\/\/laperlaaustral.com.ar\/guerra-malvinas\/wp-content\/uploads\/2019\/06\/desembarco.jpg\",\"contentUrl\":\"https:\/\/laperlaaustral.com.ar\/guerra-malvinas\/wp-content\/uploads\/2019\/06\/desembarco.jpg\",\"width\":800,\"height\":567,\"caption\":\"La toma de las Islas Malvinas\"},{\"@type\":\"BreadcrumbList\",\"@id\":\"http:\/\/laperlaaustral.com.ar\/guerra-malvinas\/la-toma-de-las-islas-malvinas\/#breadcrumb\",\"itemListElement\":[{\"@type\":\"ListItem\",\"position\":1,\"name\":\"Portada\",\"item\":\"https:\/\/laperlaaustral.com.ar\/guerra-malvinas\/\"},{\"@type\":\"ListItem\",\"position\":2,\"name\":\"La toma de las Islas Malvinas\"}]},{\"@type\":\"WebSite\",\"@id\":\"http:\/\/laperlaaustral.com.ar\/guerra-malvinas\/#website\",\"url\":\"http:\/\/laperlaaustral.com.ar\/guerra-malvinas\/\",\"name\":\"La Perla Austral\",\"description\":\"Guerra de Malvinas 1982\",\"potentialAction\":[{\"@type\":\"SearchAction\",\"target\":{\"@type\":\"EntryPoint\",\"urlTemplate\":\"http:\/\/laperlaaustral.com.ar\/guerra-malvinas\/?s={search_term_string}\"},\"query-input\":{\"@type\":\"PropertyValueSpecification\",\"valueRequired\":true,\"valueName\":\"search_term_string\"}}],\"inLanguage\":\"es\"},{\"@type\":\"Person\",\"@id\":\"http:\/\/laperlaaustral.com.ar\/guerra-malvinas\/#\/schema\/person\/cccf8f0904f83654d5f2d5380e4eb4b9\",\"name\":\"GomRam\",\"image\":{\"@type\":\"ImageObject\",\"inLanguage\":\"es\",\"@id\":\"http:\/\/laperlaaustral.com.ar\/guerra-malvinas\/#\/schema\/person\/image\/\",\"url\":\"https:\/\/secure.gravatar.com\/avatar\/a0f191abb2983305e8a2e850573cb20a?s=96&d=mm&r=g\",\"contentUrl\":\"https:\/\/secure.gravatar.com\/avatar\/a0f191abb2983305e8a2e850573cb20a?s=96&d=mm&r=g\",\"caption\":\"GomRam\"},\"url\":\"https:\/\/laperlaaustral.com.ar\/guerra-malvinas\/author\/ac000164\/\"}]}<\/script>\n<!-- \/ Yoast SEO plugin. -->","yoast_head_json":{"title":"La toma de las Islas Malvinas - La Perla Austral Infanteria de Marina","description":"La toma de las Islas Malvinas - La Perla Austral - Guerra de Malvinas, actuacion de las fuerzas armadas argentinas en el conflicto del atlantico sur","robots":{"index":"index","follow":"follow","max-snippet":"max-snippet:-1","max-image-preview":"max-image-preview:large","max-video-preview":"max-video-preview:-1"},"canonical":"http:\/\/laperlaaustral.com.ar\/guerra-malvinas\/la-toma-de-las-islas-malvinas\/","og_locale":"es_ES","og_type":"article","og_title":"La toma de las Islas Malvinas - La Perla Austral Infanteria de Marina","og_description":"La toma de las Islas Malvinas - La Perla Austral - Guerra de Malvinas, actuacion de las fuerzas armadas argentinas en el conflicto del atlantico sur","og_url":"http:\/\/laperlaaustral.com.ar\/guerra-malvinas\/la-toma-de-las-islas-malvinas\/","og_site_name":"La Perla Austral","article_publisher":"https:\/\/www.facebook.com\/La-Perla-Austra-487959322032195","article_published_time":"2019-06-24T11:35:57+00:00","article_modified_time":"2019-11-08T19:54:30+00:00","og_image":[{"width":800,"height":567,"url":"http:\/\/laperlaaustral.com.ar\/guerra-malvinas\/wp-content\/uploads\/2019\/06\/desembarco.jpg","type":"image\/jpeg"}],"author":"GomRam","twitter_card":"summary_large_image","twitter_misc":{"Escrito por":"GomRam","Tiempo de lectura":"7 minutos"},"schema":{"@context":"https:\/\/schema.org","@graph":[{"@type":"WebPage","@id":"http:\/\/laperlaaustral.com.ar\/guerra-malvinas\/la-toma-de-las-islas-malvinas\/","url":"http:\/\/laperlaaustral.com.ar\/guerra-malvinas\/la-toma-de-las-islas-malvinas\/","name":"La toma de las Islas Malvinas - La Perla Austral Infanteria de Marina","isPartOf":{"@id":"http:\/\/laperlaaustral.com.ar\/guerra-malvinas\/#website"},"primaryImageOfPage":{"@id":"http:\/\/laperlaaustral.com.ar\/guerra-malvinas\/la-toma-de-las-islas-malvinas\/#primaryimage"},"image":{"@id":"http:\/\/laperlaaustral.com.ar\/guerra-malvinas\/la-toma-de-las-islas-malvinas\/#primaryimage"},"thumbnailUrl":"https:\/\/laperlaaustral.com.ar\/guerra-malvinas\/wp-content\/uploads\/2019\/06\/desembarco.jpg","datePublished":"2019-06-24T11:35:57+00:00","dateModified":"2019-11-08T19:54:30+00:00","author":{"@id":"http:\/\/laperlaaustral.com.ar\/guerra-malvinas\/#\/schema\/person\/cccf8f0904f83654d5f2d5380e4eb4b9"},"description":"La toma de las Islas Malvinas - La Perla Austral - Guerra de Malvinas, actuacion de las fuerzas armadas argentinas en el conflicto del atlantico sur","breadcrumb":{"@id":"http:\/\/laperlaaustral.com.ar\/guerra-malvinas\/la-toma-de-las-islas-malvinas\/#breadcrumb"},"inLanguage":"es","potentialAction":[{"@type":"ReadAction","target":["http:\/\/laperlaaustral.com.ar\/guerra-malvinas\/la-toma-de-las-islas-malvinas\/"]}]},{"@type":"ImageObject","inLanguage":"es","@id":"http:\/\/laperlaaustral.com.ar\/guerra-malvinas\/la-toma-de-las-islas-malvinas\/#primaryimage","url":"https:\/\/laperlaaustral.com.ar\/guerra-malvinas\/wp-content\/uploads\/2019\/06\/desembarco.jpg","contentUrl":"https:\/\/laperlaaustral.com.ar\/guerra-malvinas\/wp-content\/uploads\/2019\/06\/desembarco.jpg","width":800,"height":567,"caption":"La toma de las Islas Malvinas"},{"@type":"BreadcrumbList","@id":"http:\/\/laperlaaustral.com.ar\/guerra-malvinas\/la-toma-de-las-islas-malvinas\/#breadcrumb","itemListElement":[{"@type":"ListItem","position":1,"name":"Portada","item":"https:\/\/laperlaaustral.com.ar\/guerra-malvinas\/"},{"@type":"ListItem","position":2,"name":"La toma de las Islas Malvinas"}]},{"@type":"WebSite","@id":"http:\/\/laperlaaustral.com.ar\/guerra-malvinas\/#website","url":"http:\/\/laperlaaustral.com.ar\/guerra-malvinas\/","name":"La Perla Austral","description":"Guerra de Malvinas 1982","potentialAction":[{"@type":"SearchAction","target":{"@type":"EntryPoint","urlTemplate":"http:\/\/laperlaaustral.com.ar\/guerra-malvinas\/?s={search_term_string}"},"query-input":{"@type":"PropertyValueSpecification","valueRequired":true,"valueName":"search_term_string"}}],"inLanguage":"es"},{"@type":"Person","@id":"http:\/\/laperlaaustral.com.ar\/guerra-malvinas\/#\/schema\/person\/cccf8f0904f83654d5f2d5380e4eb4b9","name":"GomRam","image":{"@type":"ImageObject","inLanguage":"es","@id":"http:\/\/laperlaaustral.com.ar\/guerra-malvinas\/#\/schema\/person\/image\/","url":"https:\/\/secure.gravatar.com\/avatar\/a0f191abb2983305e8a2e850573cb20a?s=96&d=mm&r=g","contentUrl":"https:\/\/secure.gravatar.com\/avatar\/a0f191abb2983305e8a2e850573cb20a?s=96&d=mm&r=g","caption":"GomRam"},"url":"https:\/\/laperlaaustral.com.ar\/guerra-malvinas\/author\/ac000164\/"}]}},"_links":{"self":[{"href":"https:\/\/laperlaaustral.com.ar\/guerra-malvinas\/wp-json\/wp\/v2\/posts\/457"}],"collection":[{"href":"https:\/\/laperlaaustral.com.ar\/guerra-malvinas\/wp-json\/wp\/v2\/posts"}],"about":[{"href":"https:\/\/laperlaaustral.com.ar\/guerra-malvinas\/wp-json\/wp\/v2\/types\/post"}],"author":[{"embeddable":true,"href":"https:\/\/laperlaaustral.com.ar\/guerra-malvinas\/wp-json\/wp\/v2\/users\/2"}],"replies":[{"embeddable":true,"href":"https:\/\/laperlaaustral.com.ar\/guerra-malvinas\/wp-json\/wp\/v2\/comments?post=457"}],"version-history":[{"count":3,"href":"https:\/\/laperlaaustral.com.ar\/guerra-malvinas\/wp-json\/wp\/v2\/posts\/457\/revisions"}],"predecessor-version":[{"id":3247,"href":"https:\/\/laperlaaustral.com.ar\/guerra-malvinas\/wp-json\/wp\/v2\/posts\/457\/revisions\/3247"}],"wp:featuredmedia":[{"embeddable":true,"href":"https:\/\/laperlaaustral.com.ar\/guerra-malvinas\/wp-json\/wp\/v2\/media\/3057"}],"wp:attachment":[{"href":"https:\/\/laperlaaustral.com.ar\/guerra-malvinas\/wp-json\/wp\/v2\/media?parent=457"}],"wp:term":[{"taxonomy":"category","embeddable":true,"href":"https:\/\/laperlaaustral.com.ar\/guerra-malvinas\/wp-json\/wp\/v2\/categories?post=457"},{"taxonomy":"post_tag","embeddable":true,"href":"https:\/\/laperlaaustral.com.ar\/guerra-malvinas\/wp-json\/wp\/v2\/tags?post=457"}],"curies":[{"name":"wp","href":"https:\/\/api.w.org\/{rel}","templated":true}]}}