{"id":377,"date":"2019-06-24T10:10:08","date_gmt":"2019-06-24T10:10:08","guid":{"rendered":"https:\/\/laperlaaustral.com.ar\/guerra-malvinas\/?p=377"},"modified":"2019-10-07T18:55:36","modified_gmt":"2019-10-07T18:55:36","slug":"medico-y-capitan-en-las-islas-malvinas","status":"publish","type":"post","link":"https:\/\/laperlaaustral.com.ar\/guerra-malvinas\/medico-y-capitan-en-las-islas-malvinas\/","title":{"rendered":"M\u00e9dico y capit\u00e1n en las Islas Malvinas"},"content":{"rendered":"\n<h5 class=\"wp-block-heading\">Guerra de Malvinas Compania de Comandos 602<\/h5>\n\n\n\n<p>Testimonio de un profesional que combati\u00f3 en las islas argentinas <br> M\u00e9dico y capit\u00e1n en las Islas Malvinas .<\/p>\n\n\n\n<p> El 2 de abril se cumplen 21 a\u00f1os del comienzo de la guerra por la  Recuperaci\u00f3n Argentina de las Islas Malvinas, Georgias e Islas del  Atl\u00e1ntico Sur. Concluida el 14 de junio de 1982 la batalla por la  posesi\u00f3n de la capital \u00abPuerto Argentino\u00bb, el acontecimiento que  conmocion\u00f3 a los argentinos y latinoamericanos es considerado uno de los  hitos de la historia reciente del siglo XX. <\/p>\n\n\n\n<p> La valoraci\u00f3n del episodio b\u00e9lico es motivo todav\u00eda de interminables  controversias pol\u00edticas, militares y diplom\u00e1ticas. \u00abGuerra justa o  aventura irresponsable\u00bb, son los t\u00e9rminos polares en que a\u00fan perturban  la conciencia de muchos argentinos a la hora de definir un conflicto que  replante\u00f3, y puso al descubierto, m\u00e1s all\u00e1 de la voluntad de sus  actores, los v\u00ednculos del pa\u00eds con Am\u00e9rica Latina, Europa y EE.UU., como  as\u00ed tambi\u00e9n el papel de las Naciones Unidas y el sumiso Consejo de  Seguridad. <\/p>\n\n\n\n<p>Una nueva \u00e9poca comenz\u00f3 en aquellas intensas jornadas en el helado teatro geogr\u00e1fico del Atl\u00e1ntico Sur.  <\/p>\n\n\n\n<p>Como en toda guerra, el papel de los m\u00e9dicos y sus auxiliares fue  relevante, aunque la abundante y desigual bibliograf\u00eda que se ocup\u00f3 de  la guerra, no parece tenerlos muy en cuenta. <\/p>\n\n\n\n<p>Por eso parece oportuno  rescatar el testimonio directo, espont\u00e1neo y sin duda ilustrativo,  proporcionado por un capit\u00e1n m\u00e9dico que actu\u00f3, en las Islas, en su doble  condici\u00f3n de m\u00e9dico militar y de comando entrenado para las misiones  m\u00e1s peligrosas. <\/p>\n\n\n\n<p>Rafael Bernal  Castro, Director editorial. El texto que sigue pertenece al libro As\u00ed  lucharon (Editorial Sudamericana, Buenos Aires, diciembre de 1982). <br>El  Dr Carlos M. T\u00farolo, autor de la obra, lo ha cedido para su difusi\u00f3n en  la secci\u00f3n Historia con Salud. <\/p>\n\n\n\n<table class=\"wp-block-table\"><tbody><tr><td><img loading=\"lazy\" decoding=\"async\" width=\"600\" height=\"498\" scale=\"0\" class=\"wp-image-378\" style=\"width: 600px;\" src=\"https:\/\/laperlaaustral.com.ar\/guerra-malvinas\/wp-content\/uploads\/2019\/06\/malvinas.jpg\" alt=\"Islas Malvinas. \"> <br><br>Imagen satelital de las Islas Malvinas. <br> Foto de Instituto Geogr\u00e1fico Militar de la Rep\u00fablica Argentina  <\/td><\/tr><\/tbody><\/table>\n\n\n\n<p>\u00abDespu\u00e9s del 2 de abril, tanto en el hospital como en casa escuchaba noticieros o le\u00eda revistas y pensaba por qu\u00e9 no me llamaban. Estaba muy nervioso y ten\u00eda problemas a nivel personal, inclusive con mi se\u00f1ora, con quien uno descarga un poco los nervios. Hasta que por fin lleg\u00f3 la orden. Me la adelant\u00f3 por tel\u00e9fono un primo m\u00edo tambi\u00e9n m\u00e9dico militar, que ya se hab\u00eda enterado. <\/p>\n\n\n\n<p> A la noche fui al hospital a retirar equipo y regres\u00e9 con mi bols\u00f3n portaequipo y todos los elementos que pude juntar. La orden dec\u00eda en concreto que me presentara en la Escuela de Infanter\u00eda: no sab\u00eda bien de qu\u00e9 se trataba pero me lo imaginaba: se formaba la <a href=\"https:\/\/laperlaaustral.com.ar\/guerra-malvinas\/category\/ea\/cacom602\/\" target=\"_blank\" rel=\"noreferrer noopener\" aria-label=\"Compa\u00f1\u00eda de Comandos 602 (opens in a new tab)\">Compa\u00f1\u00eda de Comandos 602<\/a> a las \u00f3rdenes del mayor A.R. <\/p>\n\n\n\n<p> Llegu\u00e9 a las veinte horas a la Escuela y escuch\u00e9 una voz que me llamaba por mi nombre: era el teniente primero J.J.G., \u00abPepe\u00bb. <\/p>\n\n\n\n<p>Nos juntamos en un abrazo; me encontr\u00e9 con el otro \u00abPepe\u00bb, el teniente primero R.M., comando perteneciente al arma de Ingenieros, gran amigo de toda la vida. <\/p>\n\n\n\n<p>Nos preparamos juntos para ir al curso de comandos all\u00e1 por el 66 o 67. Lamentablemente \u00e9l fue de los que no volvieron de Malvinas; fue muerto en combate. <\/p>\n\n\n\n<p> Llam\u00e9 esa noche al mayor a la casa y me orden\u00f3 estar a primera hora del domingo en la Escuela para empezar a retirar equipo, hacer el plan de llamada; en fin, todos los elementos que hacen a la formaci\u00f3n de una compa\u00f1\u00eda. <\/p>\n\n\n\n<p> Ese domingo me encontr\u00e9 con otros camaradas de la compa\u00f1\u00eda; trabajamos todo el d\u00eda e hicimos un descanso al atardecer. Seguimos as\u00ed, el lunes nos dijeron que probablemente tuvi\u00e9ramos que salir el viernes o el s\u00e1bado; y lo cierto es que el martes ya nos dijeron la orden para marchar a las Malvinas. <\/p>\n\n\n\n<p>Es decir, la compa\u00f1\u00eda se form\u00f3 en dos d\u00edas y pico. <br> Los comandos somos todos cuadros -oficiales y suboficiales- y en este caso tuvimos adem\u00e1s el agregado de unos suboficiales no comandos y un teniente primero m\u00e1s cuatro soldados -los \u00fanicos de nuestra compa\u00f1\u00eda- que ten\u00edan a su cargo los Blow Pipe. <\/p>\n\n\n\n<p>Fuimos de la Escuela de Infanter\u00eda a Palomar, de ah\u00ed a Comodoro e hicimos el primer intento de cruce a Malvinas, que fue interrumpido por problemas en Puerto Argentino. Esto era el 26 de mayo aproximadamente. <\/p>\n\n\n\n<p>Al d\u00eda siguiente intentamos por segunda vez el cruce. El H\u00e9rcules se elev\u00f3 a, creo, dos o tres mil metros y m\u00e1s o menos a una hora de vuelo se mantuvo estacionario a unos ocho metros sobre el nivel del mar, haciendo evasi\u00f3n de radares. <\/p>\n\n\n\n<p>Hacia el final del viaje nos advirtieron sobre la manera en que se deb\u00eda abandonar el avi\u00f3n. Se abrieron la puerta delantera hacia la izquierda, las puertas traseras y la rampa. <\/p>\n\n\n\n<p>De la primera sali\u00f3 un suboficial con una soga para hacer una pasarela de manera que nadie fuera hacia las h\u00e9lices ya que era totalmente de noche y sin luces para evitar ser detectados por el enemigo. <\/p>\n\n\n\n<p>Dejamos los bolsos y mochilas a un costado de la pista y comenzamos la tarea de bajar los elementos del avi\u00f3n. A las rampas del avi\u00f3n que estaban cargadas con munici\u00f3n, explosivos, comestibles, etc\u00e9tera, simplemente se le soltaron las amarras y, como tienen rodillos, el avi\u00f3n hizo una peque\u00f1a aceleraci\u00f3n y todo cay\u00f3 hacia atr\u00e1s por inercia.<\/p>\n\n\n\n<p>El avi\u00f3n, que nunca detuvo los motores, inici\u00f3 inmediatamente el despegue. <\/p>\n\n\n\n<p>Nosotros quedamos entonces como perplejos. Luego besamos la pista, grit\u00e1bamos \u00a1Viva la Patria !, se escuchaba en respuesta el griter\u00edo de la tropa que estaba en ese lugar, nos abraz\u00e1bamos con algunos conocidos. Realmente una gran emoci\u00f3n un momento inolvidable.<\/p>\n\n\n\n<p>Posteriormente, todos a colaborar para poder sacar r\u00e1pidamente los elementos de ese lugar. La maniobra se hac\u00eda a oscuras y era muy complicado, inclusive algunos elementos se extraviaron. Era todo bastante confuso y no hab\u00eda mucho orden, pero a bordo de camiones llegamos a Puerto Argentino. <\/p>\n\n\n\n<p>Nos alojamos en el gimnasio junto a los otros comandos, los de la 601, que estaban combatiendo ya desde antes. Tambi\u00e9n en incertidumbre porque encontramos que mucha gente estaba faltando, muchos camaradas comandos que salieron en misiones y que no hab\u00edan regresado. <\/p>\n\n\n\n<p>Los ingleses ya estaban en la isla y estaban haciendo de las suyas. No se sab\u00eda bien c\u00f3mo estaba la cosa y nosotros hab\u00edamos llegado un poco como para bailar con la renga. En la peor parte, pero para eso hab\u00edamos ido. <\/p>\n\n\n\n<p>Los primeros dos d\u00edas nos sirvieron para aclimatarnos. Hicimos marchas forzadas, adiestramiento f\u00edsico, probamos el equipo para saber si serv\u00eda para marchar en temperaturas fr\u00edas y bajo la lluvia. Y por supuesto, probamos el armamento, lo limpiamos y reglamos las miras. En definitiva nos preparamos para el combate. <\/p>\n\n\n\n<p>Recib\u00edamos mucha informaci\u00f3n y ten\u00edamos contactos con elementos de Puerto Argentino para apreciar la situaci\u00f3n, hasta que comenzamos a salir en patrullas de combate. <br> La primera patrulla que sali\u00f3 fue la del capit\u00e1n J.V. con trece hombres. <\/p>\n\n\n\n<p>Esta patrulla combati\u00f3 detr\u00e1s de las l\u00edneas enemigas y s\u00f3lo volvimos a saber de ellos al final de la guerra, que -ya prisioneros- nos encontramos con los heridos de esta patrulla en el \u00abCanberra\u00bb. Renncontrarlos fue una gran emoci\u00f3n. <\/p>\n\n\n\n<p>Pr\u00e1cticamente eran fantasmas para nosotros. Para colmo estaban vestidos con una especie de mameluco blanco dado por los ingleses y que era el uniforme de herido. Recibimos tambi\u00e9n la noticia de los que hab\u00edan muerto. <\/p>\n\n\n\n<p>Luego nos unimos las dos compa\u00f1\u00edas de comandos y recibimos \u00f3rdenes para marchar hacia la zona de monte Kent para hacer patrullas de combate, fundamentalmente emboscadas, y traer informaci\u00f3n. <\/p>\n\n\n\n<p> Yo soy capit\u00e1n y m\u00e9dico, y en la patrulla de comandos esta dualidad se soluciona de la siguiente forma. Si la misi\u00f3n lo permite, y de acuerdo con las circunstancias, act\u00fao como m\u00e9dico; es decir si hay bajas, act\u00fao como tal. <\/p>\n\n\n\n<p>En la compa\u00f1\u00eda fui S1, es decir oficial de personal, y tirador especial. Adem\u00e1s hice el curso de buceo en el 74 y estuve tres o cuatro a\u00f1os en una unidad de ingenieros haciendo la parte de explosivos. <\/p>\n\n\n\n<p>Doy tambi\u00e9n \u00absupervivencia\u00bb en el curso de comandos. Por supuesto doy tambi\u00e9n sanidad, pero tengo una gran afinidad con todo lo dem\u00e1s. <\/p>\n\n\n\n<p>Cuando la patrulla tiene una misi\u00f3n, hay que cumplirla. Ante todo est\u00e1 la misi\u00f3n, y caiga quien caiga hay que cumplirla. Esto hay que tenerlo como norte siempre. <\/p>\n\n\n\n<p>Una vez cumplida la misi\u00f3n y si las circunstancias lo permiten, nos ocupamos del personal. <br> Tambi\u00e9n debo capacitar a mi gente para que se autoabastezca en las necesidades de sanidad. Cada uno debe saber qu\u00e9 hacer ante un n\u00famero de problemas al respecto: calmar el dolor, parar la hemorragia, reponer l\u00edquidos, evitar el shock. <\/p>\n\n\n\n<p>Estos son los pasos m\u00ednimos que todos en mi compa\u00f1\u00eda sab\u00edan. A eso se dirige la instrucci\u00f3n de un m\u00e9dico en la compa\u00f1\u00eda de comandos. <\/p>\n\n\n\n<p>Debimos dejar muertos en territorio enemigo pero recuperamos siempre a los heridos. Por suerte no se dio el caso extremo de tener que abandonar heridos para cumplir la misi\u00f3n. <\/p>\n\n\n\n<p>No s\u00e9 qu\u00e9 hubi\u00e9ramos sentido si se hubiera presentado el caso, dado que nosotros nos conocemos desde siempre. <\/p>\n\n\n\n<p>No somos muchos los comandos y se establece entre nosotros un v\u00ednculo muy particular; realmente estamos muy unidos. Debe costar tomar una decisi\u00f3n extrema as\u00ed; pero en un caso de este tipo, mi jefe me hubiera pedido asesoramiento para decidir si alguien segu\u00eda o se quedaba, y yo ten\u00eda que estar preparado para contestar. O sea, \u00e9ste lo dejamos o lo llevamos, que es igual a decir se salva o se muere\u2026 <\/p>\n\n\n\n<p>Hay que tener en cuenta que actuamos aislados, movi\u00e9ndonos a pie dentro del dispositivo del enemigo y contamos nada m\u00e1s que con nuestros medios. Tenemos una misi\u00f3n que cumplir s\u00ed o s\u00ed y llevar un herido implica en esas circunstancias un esfuerzo tremendo y la p\u00e9rdida de la capacidad combativa en general. Resumiendo, puedo decir que en los comandos soy mas capit\u00e1n-m\u00e9dico que m\u00e9dico-capit\u00e1n. <\/p>\n\n\n\n<p>Volviendo entonces a las \u00f3rdenes de marchar al Kent y los cerros pr\u00f3ximos, as\u00ed lo hicimos. Salieron varias patrullas y dos de ellas apenas echaron pie a tierra desde los helic\u00f3pteros, entraron en combate con el enemigo. <\/p>\n\n\n\n<p>Luego volvieron por propios medios, o sea a pie, a nuestras l\u00edneas. Algunos le pusieron hasta dos d\u00edas con sus dos noches de marcha. Recuerdo que el primero que lleg\u00f3 fue el capit\u00e1n F.T. Ah\u00ed tuvimos bajas como la del teniente primero R.M. (Pepe) que ya mencion\u00e9 al principio y la del suboficial B.<\/p>\n\n\n\n<p>Tuvimos tambi\u00e9n actos heroicos como el del teniente primero L., que se qued\u00f3 cuidando durante dos d\u00edas a un suboficial herido en el tal\u00f3n, esquivando al enemigo, sufriendo temperaturas bajo cero y enterrados entre las rocas porque estaban rodeados. Hasta que el segundo d\u00eda se mont\u00f3 un operativo para rescatarlos.<\/p>\n\n\n\n<p>En Land Rover y motocross, se lleg\u00f3 a la zona donde supon\u00edamos pod\u00edan estar y logramos el rescate. Al suboficial hubo que amputarle el pie. Para esa \u00e9poca el capit\u00e1n E.H.L., que hab\u00eda arribado en el buque hospital como piloto del helic\u00f3ptero sanitario, nos trajo algunos regalos: dulce, un jam\u00f3n cocido. <\/p>\n\n\n\n<p>Hay que ver lo que fue para nosotros en aquellas circunstancias que de repente llegara un jam\u00f3n\u2026 Realmente nos dio una gran alegr\u00eda. Tambi\u00e9n nos trajo noticias del continente, de las que se estaba \u00e1vido; uno siempre quiere que le cuenten cosas\u2026 <\/p>\n\n\n\n<p> Llevaba ya en la isla varios d\u00edas, ve\u00eda que nuestra gente sal\u00eda y no volv\u00eda; se acercaban las misiones realmente de combate. Antes hab\u00edan sido de exploraci\u00f3n, de tanteo, inclusive de control de poblaci\u00f3n o, por la noche, alg\u00fan tipo de seguridad dentro de las instalaciones. <br> Un d\u00eda se me ocurri\u00f3 meter la mano en un bolsillo y ten\u00eda algunas de las fotos que me hab\u00eda puesto mi se\u00f1ora. <\/p>\n\n\n\n<p>Eran una docena de fotos de mi hija, de ella, de mis padres y alguna en que estaba toda la familia reunida en una fiesta. Tuve la intenci\u00f3n de escribir la primera carta. Mi mujer me hab\u00eda dado hasta el sobre con la direcci\u00f3n escrita por ella. <\/p>\n\n\n\n<p>No sab\u00eda qu\u00e9 escribirle, hab\u00eda tenido una comunicaci\u00f3n telef\u00f3nica con ella y le hab\u00eda dicho que estaba todo bien en Puerto Argentino. La realidad era otra; la situaci\u00f3n, bastante fea; ve\u00edamos que est\u00e1bamos ante riesgo inminente: los ingleses tra\u00edan mucho, much\u00edsimo equipo. <\/p>\n\n\n\n<p>Bueno, me motiv\u00e9 un poco con esas fotos. Las puse arriba de una mesa debajo de la cual dorm\u00eda para protegerme, si ca\u00eda un bombazo en el techo del gimnasio. Las puse en semic\u00edrculo como mir\u00e1ndome. Empec\u00e9 a escribir y me pas\u00f3 algo, no s\u00e9 si positivo o negativo: me emocion\u00e9 y estuve a punto de ponerme a llorar, as\u00ed que me dije que no me conven\u00eda mirar m\u00e1s las fotos. No quer\u00eda volver a pasar por ese momento. <\/p>\n\n\n\n<p>Ten\u00eda tambi\u00e9n un par de chocolates importados que me hab\u00eda dado mi mujer. Record\u00e9 que un capit\u00e1n ten\u00eda guardada una botella para tom\u00e1rsela al final de la guerra, as\u00ed que decid\u00ed guardarme uno de los chocolates para lo mismo. El otro lo compart\u00ed como hac\u00edamos con casi la totalidad de lo que ten\u00edamos. En el lugar donde nos sorprendi\u00f3 el fin de la guerra me acord\u00e9 del chocolate restante y nos lo comimos no m\u00e1s. <\/p>\n\n\n\n<p>Por suerte los ingleses no me sacaron las fotos, el Rosario, una cruz de madera que me hab\u00edan dado en el curso de comandos, ni unos pesos que ten\u00eda. <br> Unos d\u00edas despu\u00e9s de haber enviado esa carta recib\u00ed un telegrama de mi se\u00f1ora, en el cual me dec\u00eda que estaba embarazada. Me enter\u00e9 de esto cuando ya est\u00e1bamos bastante metidos en la guerra. <\/p>\n\n\n\n<p>Una noche tuvimos una misi\u00f3n de combate, ser\u00eda el 2 o 3 de junio, en el monte Wall. Salimos desde el puesto del teniente primero C.A.A., jefe de la compa\u00f1\u00eda \u00abB\u00bb en el monte Harriet, de destacada actuaci\u00f3n, un gran oficial, para tener en cuenta. <\/p>\n\n\n\n<p>Hab\u00edamos comenzado por la tarde con el intento de reglar el fuego de nuestra artiller\u00eda, maniobra ya de por s\u00ed delicada. Hab\u00eda dos bater\u00edas que tiraban en paralelo y se dieron \u00f3rdenes para la segunda. Por un malentendido, \u00e9sta recibi\u00f3 la coordinaci\u00f3n de la primera. Lo concreto es que nos cay\u00f3 fuego de nuestra propia artiller\u00eda, que casi nos barre a todos. Posteriormente se regl\u00f3 bien el tiro y fue lo que utilizamos para el ataque nocturno. <\/p>\n\n\n\n<p>Los tiros cayeron muy, muy cerca de la carpa donde estaba el \u00abrancho\u00bb de la compa\u00f1\u00eda \u00abB\u00bb del teniente primero C.A.A. Pero ellos estaban bastante acostumbrados a recibir ca\u00f1onazos, porque los barcos les tiraban todas las noches. A las seis y media de la tarde, un soldado \u00abranchero\u00bb nos prepar\u00f3 la \u00fanica carne roja que pude comer en los quince d\u00edas que estuve en la isla. <\/p>\n\n\n\n<p>La comimos con la mano y con cuchillo, es decir, a diente y boca. Tambi\u00e9n nos dieron dulce de batata como postre. <\/p>\n\n\n\n<p>Tomamos el armamento, nos enmascaramos y salimos hacia el Wall. Debimos andar haciendo zigzag para atravesar varios campos minados. Se ve\u00eda muy mal y el oficial que hab\u00eda reconocido el camino no encontraba las marcas que hab\u00eda hecho de manera que anduvimos en un momento arriba de campo minado y tuvimos que regresar sobre nuestra marcha rogando a Dios que no pasara nada. Por suerte as\u00ed fue. <\/p>\n\n\n\n<p>Hab\u00edamos coordinado fuego de artiller\u00eda para las veintid\u00f3s horas y ten\u00edamos que alcanzar un punto. A esa hora la primera bater\u00eda empez\u00f3 a batir el Wall. Cuando iba a hacer fuego la segunda bater\u00eda, el mayor A.R. apreci\u00f3 que lo iba a hacer donde est\u00e1bamos nosotros. <\/p>\n\n\n\n<p>Orden\u00f3 entonces milagrosamente adelantarnos como ciento cincuenta metros a una especie de zanj\u00f3n. No hab\u00edan pasado dos minutos cuando los ca\u00f1onazos empezaron a caer donde hab\u00edamos estado. <\/p>\n\n\n\n<p>El mayor no quiso perder m\u00e1s tiempo y orden\u00f3 el asalto al monte. Pasamos al ataque y nos encontramos con que los ingleses se hab\u00edan retirado abandonando todo; supongo que por el fuego de artiller\u00eda. Hab\u00eda mucho equipo: mochilas completas, bolsas cama, cascos, tel\u00e9metros las\u00e9ricos, radios, bater\u00edas de radio, linternas de se\u00f1ales, comida, varios dispositivos de antenas. Es decir, era todo un equipo para un puesto adelantado para pasar informaci\u00f3n hacia atr\u00e1s. <\/p>\n\n\n\n<p>Con sofisticados elementos adem\u00e1s para la detecci\u00f3n de nuestras posiciones, tanto para apuntar como para reglar la artiller\u00eda. Hab\u00eda tambi\u00e9n pa\u00f1os para se\u00f1alamiento de aterrizaje de helic\u00f3pteros. <\/p>\n\n\n\n<p>Ten\u00edan una posici\u00f3n muy, muy s\u00f3lida. Nos hab\u00eda costado mucho llegar esa noche a la cima de ese monte y pienso que si los ingleses hubiesen estado se hubiera hecho dif\u00edcil tomarlo. Nosotros est\u00e1bamos trepando muy de frente, pero por suerte se fueron. <br> Yo llevaba un fusil calibre 300 Magnum con mira telesc\u00f3pica, un arma muy fuerte. <\/p>\n\n\n\n<p>La noche era muy fr\u00eda y con llovizna y la marcha se hab\u00eda hecho toda a pie. A todo esto hubo que agregarle la vuelta acarreando el equipo de los ingleses inclusive como 8 \u00f3 9 mochilas. <\/p>\n\n\n\n<p>Nos apropiamos de cualquier cantidad de material que hab\u00edan abandonado; se ve\u00eda que les sobraba. Lo bueno fue que tambi\u00e9n dejaron comida, que por supuesto probamos. <\/p>\n\n\n\n<p>Una vez que llegamos a la base abrimos las mochilas. En una en particular, que se ve\u00eda que era de un oficial de Royal Marines encontramos una caja de cuero t\u00edpicamente inglesa. Al abrirla nos encontramos bet\u00fan para zapatos, el cepillo correspondiente y una gamuza, todo muy bien colocadito. <\/p>\n\n\n\n<p>As\u00ed que este hombre se recorri\u00f3 14.000 kil\u00f3metros para estar en el medio de un monte perdido en las Malvinas, en un barrial infernal \u00a1pero sin dejar su bet\u00fan! Yo dir\u00eda que en las Malvinas llueve siempre y eventualmente sale el sol. Adem\u00e1s el terreno es esponjoso.<\/p>\n\n\n\n<p> Esa turba maldita es como una esponja en la que uno se entierra y se llena siempre de barro. Tambi\u00e9n ten\u00eda su afeitadora a pilas, otro objeto muy importante en combate, en el medio de un cerro. Nosotros, apenas llegamos nos hab\u00edamos dejado barba pues sistem\u00e1ticamente todas las noches deb\u00edamos enmascararnos la cara con bet\u00fan, con los pasamonta\u00f1as negros o simplemente con barro. <\/p>\n\n\n\n<p>Al otro d\u00eda le obsequiamos la afeitadora al suboficial que m\u00e1s se hab\u00eda destacado en la patrulla a criterio del jefe de secci\u00f3n. Todas estas cosas fueron registradas en notas con Nicol\u00e1s Kasansew, con la gente del periodismo que estaba all\u00e1 y estaba ansiosa por recibir informaci\u00f3n. Y parece que no era mucha. <\/p>\n\n\n\n<p>Sal\u00edamos pr\u00e1cticamente todas las noches. Las misiones eran todas nocturnas, esta guerra estaba planteada as\u00ed. <\/p>\n\n\n\n<p>Una vez salimos con una patrulla bastante fuerte a montar una emboscada en las \u00faltimas estribaciones del Dos Hermanas (Two Sisters) bastante cerca del Kent. La primera noche que la montamos recibimos la alarma de un ala de la emboscada que nos indicaba que se aproximaban alrededor de veinte ingleses. <\/p>\n\n\n\n<p>La cuesti\u00f3n es que pasaron a algo as\u00ed como cuatrocientos metros; solamente los pod\u00edamos ver con los anteojos de luz residual -los visores nocturnos- y no pudimos entrar en combate. Hubo una gran tensi\u00f3n dado que los ve\u00edamos ah\u00ed y no les pod\u00edamos tirar para no perderlos, pues pod\u00eda ser que se aproximaran para nuestro lado y cayeran en la emboscada. Pero no fue as\u00ed. <\/p>\n\n\n\n<p>Decidimos entonces volver a la noche siguiente, ten\u00edamos firmes intenciones de agarrarlos. <\/p>\n\n\n\n<p> Para montar una emboscada se proced\u00eda as\u00ed: se sal\u00eda temprano, a las dos o tres de la tarde, para hacer el traslado en Land Rover o Unimog hasta las \u00faltimas l\u00edneas nuestras. <\/p>\n\n\n\n<p>A partir de all\u00ed hab\u00eda que empezar a visualizar todo lo que se mov\u00eda hacia el otro lado, que obviamente era la tierra de nadie. Esto se hac\u00eda para tratar de tener con las \u00faltimas luces la l\u00ednea de marcha; es decir, por donde uno se mover\u00e1. <\/p>\n\n\n\n<p>Ya de noche, se sal\u00eda hacia las l\u00edneas del enemigo. Se sal\u00eda, entonces, a las seis o siete para llegar a montar la emboscada m\u00e1s o menos a la una de la ma\u00f1ana. Es decir, camin\u00e1bamos bastante meti\u00e9ndonos por donde el enemigo se mov\u00eda, para tratar de sorprenderlo. <\/p>\n\n\n\n<p>Se montaba todo muy sigilosamente, con mucha precauci\u00f3n, para que realmente fuera una emboscada y tomar al enemigo de sorpresa. <br> <\/p>\n\n\n\n<p>A partir de que uno tomaba su posici\u00f3n ya no hab\u00eda m\u00e1s comunicaci\u00f3n entre los miembros de la patrulla; tampoco movimiento. Simplemente se ten\u00eda vista a derecha e izquierda a los compa\u00f1eros y se esperaba al enemigo. Todos, por otra parte, sab\u00edamos lo que ten\u00edamos que hacer.<\/p>\n\n\n\n<p> La noche de esta emboscada hac\u00eda un fr\u00edo terrible, much\u00edsimo fr\u00edo. Como deb\u00edamos estar en el puesto sin movernos nos escarch\u00e1bamos y nos \u00edbamos poniendo blancos, cosa que era habitual en esas misiones; pero esa noche era especialmente fr\u00eda. <\/p>\n\n\n\n<p> Nos topamos all\u00ed con un enemigo realmente muy capaz, con muy buenos elementos de apoyo, armamento y visores. <\/p>\n\n\n\n<p>Lo cierto que es que ellos sorprendieron a un ala de nuestra emboscada. Entramos en un combate muy violento, con mucho fuego por parte del enemigo. <\/p>\n\n\n\n<p>Muchas bengalas que obligaban a agachar la cabeza un poco, hasta que pasaran. Deb\u00edamos tambi\u00e9n detectar de d\u00f3nde ven\u00edan los fogonazos. <\/p>\n\n\n\n<p>Esos primeros momentos son para organizarse un poco y ver de d\u00f3nde viene la cosa. Hab\u00eda muchos gritos por parte del enemigo, dado que daban las \u00f3rdenes en voz alta. Nosotros ya ten\u00edamos a todo esto dos muertos y dos heridos. <\/p>\n\n\n\n<p>El enemigo realmente estaba haciendo las cosas muy bien. <\/p>\n\n\n\n<p>El combate fue muy duro. El sargento M.C. cay\u00f3 muerto a su lado el teniente primero V. Fue herido en sus posiciones, m\u00e1s abajo hacia la izquierda. <\/p>\n\n\n\n<p>Lo que sucedi\u00f3 con V. Es muy notable. Una granada o un mortero descartable de esos que ten\u00edan los ingleses hiri\u00f3 al teniente primero que qued\u00f3 tendido boca abajo.<\/p>\n\n\n\n<p>Ten\u00eda varias esquirlas en el cr\u00e1neo y qued\u00f3 atontado por la explosi\u00f3n. Se arrim\u00f3 el enemigo e intent\u00f3 rematarlo con un tiro de FAL: esto le produjo una herida en el medio de la espalda en oblicuo ascendente hacia la izquierda. <\/p>\n\n\n\n<p>Fue un trazo de unos catorce cent\u00edmetros de largo y unos siete u ocho cent\u00edmetros de ancho, no muy profundo. <\/p>\n\n\n\n<p>Al hacer la bala un deslizamiento por debajo de la carne, \u00e9sta se abri\u00f3 es toda la longitud sin penetrar profundo, de ah\u00ed el ancho de la herida. <\/p>\n\n\n\n<p> Ten\u00eda orificio de salida en el cuello, y como era trazante luminoso le produjo una gran quemadura pues el f\u00f3sforo que lo hace luminoso se segu\u00eda quemando. <\/p>\n\n\n\n<p>Cuando le hice la curaci\u00f3n me encontr\u00e9 con el proyectil que asomaba por el cuello y se lo saqu\u00e9 con la mano: el calor del mismo hab\u00eda fundido una cuenta del Rosario que el teniente primero llevaba al cuello y \u00e9sta hab\u00eda quedado como pegada. <\/p>\n\n\n\n<p> Un tiro de FAL disparado a dos metros es imposible que se detenga por atravesar quince cent\u00edmetros de carne humana. El FAL rompe hueso, todo, y sigue de largo; es un proyectil muy fuerte. Sin embargo, \u00e9ste se detuvo y qued\u00f3 fundido con una cuenta del Rosario del teniente primero. <\/p>\n\n\n\n<p> Los ingleses lo dieron vuelta de una patada y \u00e9l se hizo el muerto. En ese momento, estos ingleses se replegaron debido al fuego. <\/p>\n\n\n\n<p>El teniente primero, que -ahora boca arriba- los hab\u00eda visto, intent\u00f3 manotear la MAG que ten\u00eda el sargento M.C. muerto a su lado. La ametralladora estaba partida por la mitad pero encontr\u00f3 su FAL y le vaci\u00f3 un cargador a la columna enemiga que se movilizaba, matando a tres ingleses. <\/p>\n\n\n\n<p>Lo orientamos a gritos y subi\u00f3 a mi posici\u00f3n. A todo esto, yo estaba haciendo fuego de apoyo con un fusil calibre 300 Magnum con mira telesc\u00f3pica junto a un comando de gendarmer\u00eda de los que operaron con nosotros. <\/p>\n\n\n\n<p>Est\u00e1bamos en la posici\u00f3n m\u00e1s elevada con respecto al resto y se dominaba muy bien el combate, pero tambi\u00e9n recib\u00edamos mucho fuego del enemigo. Atr\u00e1s de una roca lo revis\u00e9 y ya relat\u00e9 sus heridas as\u00ed como lo milagroso de la bala como detenida por el Rosario. <\/p>\n\n\n\n<p>Estaba semishoqueado pero entero y con mucha agresividad. Dir\u00eda que estaba con bronca. Me pidi\u00f3 la habilitaci\u00f3n para seguir el combate y luego tom\u00f3 su fusil, cambi\u00f3 el cargador y sigui\u00f3 haciendo fuego. <\/p>\n\n\n\n<p>Continu\u00f3 el combate d\u00e1ndonos con todo por ambas partes. Dur\u00f3 esto entre veinte y treinta minutos o sea que fue un combate bastante largo. Hasta que culmin\u00f3 con la retirada del enemigo. En concreto, dir\u00eda que les ganamos. <\/p>\n\n\n\n<p>Como nosotros ten\u00edamos coordinado el fuego de artiller\u00eda, el mayor A.R. orden\u00f3 la apertura del fuego y \u00e9ste comenz\u00f3 a caer sobre el enemigo en retirada. Nosotros indicamos que alargaran el tiro a medida que se iban, o sea los \u00edbamos corriendo a ca\u00f1onazos. <\/p>\n\n\n\n<p>Aprecio que esa noche tienen que haber muerto muchos ingleses porque el fuego de nuestra artiller\u00eda era tremendo. <\/p>\n\n\n\n<p> Nosotros tambi\u00e9n est\u00e1bamos recibiendo fuego de ca\u00f1ones y morteros, inclusive bastante detr\u00e1s de nosotros. Tiraban a la retirada nuestra sin tener en cuenta que nosotros segu\u00edamos ah\u00ed. Ten\u00edamos atr\u00e1s, a unos setecientos metros, a un peque\u00f1o grupo al que llamamos de recibimiento y su artiller\u00eda lo habr\u00e1 confundido con el grupo principal. Pero lo real era que nosotros, desde el lugar, continu\u00e1bamos tir\u00e1ndoles con todo lo que ten\u00edamos. <\/p>\n\n\n\n<p> El combate termin\u00f3 y el mayor orden\u00f3 el repliegue. Comenzamos una marcha de kil\u00f3metros y kil\u00f3metros por las serran\u00edas que dur\u00f3 ocho horas, hasta llegar a un lugar donde por fin hab\u00eda camino y fuimos recogidos en veh\u00edculos. <\/p>\n\n\n\n<p> Llegamos hasta el Hospital Militar con nuestros comandos heridos que se hab\u00edan valido por sus propios medios durante la marcha. <\/p>\n\n\n\n<p>El teniente primero V. Siendo las nueve de la ma\u00f1ana se desmay\u00f3 cuando lo puse sobre la camilla, como si se hubiera relajado reci\u00e9n en ese momento. Hab\u00edamos salido el d\u00eda anterior a las tres de la tarde y regres\u00e1bamos a las nueve de la ma\u00f1ana despu\u00e9s de combatir, sin dormir ni comer. <\/p>\n\n\n\n<p> A las once lo operaron y no hab\u00eda forma de convencerlo de que fuera evacuado. Pero dos o tres d\u00edas mas tarde lleg\u00f3 el buque hospital y pr\u00e1cticamente lo echaron de Puerto Argentino. Falt\u00f3 poco para que se agarrara de la pata de la cama. <\/p>\n\n\n\n<p>Seguimos recibiendo y cumpliendo misiones hasta que la noche anterior a la rendici\u00f3n nos ordenaron dirigirnos a la pen\u00ednsula que, bah\u00eda por medio, est\u00e1 al norte de Puerto Argentino.<\/p>\n\n\n\n<p>Al parecer, hab\u00eda desembarcado -en botes de asalto- un grupo comando enemigo en esa zona donde se encontraba tropa de nuestra Infanter\u00eda de Marina con algunas piezas de artiller\u00eda. Nos ordenaron ir a buscarlos. <\/p>\n\n\n\n<p>Salimos de noche, ser\u00edan las once. Era una noche muy oscura y esa pen\u00ednsula estaba minada y llena de trampas explosivas. Intentamos hacer algunas maniobras pero si hubi\u00e9ramos salido a buscar al enemigo nuestra tropa se hubiera visto inhibida de hace fuego por el riesgo de abatirnos a nosotros. <\/p>\n\n\n\n<p>Entonces concretamente se decidi\u00f3 reforzar la seguridad: todo lo que se moviera invariablemente era enemigo. O sea que reforzamos algunas piezas y algunas posiciones importantes. <\/p>\n\n\n\n<p>Antes del amanecer nos ordenaron marchar a la zona al norte de Moody Brook siempre por la pen\u00ednsula, para reforzar la l\u00ednea oeste-este que era la direcci\u00f3n de marcha del enemigo. <\/p>\n\n\n\n<p>Llegamos entonces jutno con esta unidad de Infanter\u00eda de Marina a una posici\u00f3n -dir\u00eda- \u00abprivilegiada\u00bb. Est\u00e1bamos en las \u00faltimas monta\u00f1as ya de frente al enemigo. Empezamos a recibir fuerte fuego de artiller\u00eda. Nos encontr\u00e1bamos viendo desde esa altura, bah\u00eda por medio, lo que ocurr\u00eda del otro lado. <\/p>\n\n\n\n<p>Es decir, en la zona del Hospital Militar, helipuerto, hip\u00f3dromo, ya al final de la guerra. Se ve\u00eda el inters\u00edsimo fuego de artiller\u00eda enemigo que ca\u00eda sobre las primeras casas de Puerto Argentino y sobre la zona del helipuerto, hip\u00f3dromo, Hospital Militar y el hospital civil. Pr\u00e1cticamente barrieron todo eso. <\/p>\n\n\n\n<p>Milagrosamente no cay\u00f3 ning\u00fan proyectil arriba del Hospital con lo que hubiera muerto mucha gente. Ve\u00edamos todo el repliegue argentino.<\/p>\n\n\n\n<p>Nuestras tropas se replegaban recibiendo intens\u00edsimo fuego de artiller\u00eda; unos doscientos o trescientos metros atr\u00e1s avanzaban las primeras l\u00edneas inglesas. Su artiller\u00eda -magistralmente dirigida por los sofisticados elementos con que contaban- ca\u00eda cien metros delante de ellos, protegi\u00e9ndolos. <\/p>\n\n\n\n<p>Lo podr\u00eda relatar con lujo de detalles pues esta escena me qued\u00f3 grabada. Ve\u00eda las boinas rojas de ellos avanzando detr\u00e1s de los nuestros que recib\u00edan el fuego de artiller\u00eda. <\/p>\n\n\n\n<p>Una retirada es una cosa desgraciada, realmente problem\u00e1tica. Se va abandonando equipo, no hay parque, no hay munici\u00f3n. Nadie puede buscar en esas circunstancias una posici\u00f3n para tirar al enemigo. Es una cosa muy confusa y desgraciada. <\/p>\n\n\n\n<p>Yo me imagino a nuestros soldados pasando un momento muy feo, realmente debe de haber sido muy duro. <\/p>\n\n\n\n<p>Bueno, nosotros ve\u00edamos eso desde nuestra posici\u00f3n, a la vez que tambi\u00e9n sufr\u00edamos intenso fuego de artiller\u00eda. <\/p>\n\n\n\n<p>Termin\u00f3 el fuego y vino una impasse en la cual recibimos la que ser\u00eda nuestra \u00faltima misi\u00f3n. Deb\u00edamos cubrir el repliegue de esta compa\u00f1\u00eda de Infanter\u00eda de Marina en el \u00abForrest\u00bb y en una lanchita de Prefectura. El \u00abForrest\u00bb era un peque\u00f1o buque que estaba ah\u00ed anclado y con el cual hab\u00edamos cruzado por la noche. <\/p>\n\n\n\n<p>Entre esta pen\u00ednsula y el Puerto Argentino habr\u00e1 creo unos setecientos metros de agua. El puerto se llamaba Camber o algo as\u00ed. <\/p>\n\n\n\n<p>Esos dos buques comenzaron a evacuar a los infantes y nosotros volvimos hacia el frente a tomar posiciones. En el frente vimos que el enemigo, lejos de quedarse quieto, avanzaba. Unos setecientos tipos, m\u00e1s o menos un batall\u00f3n, avanzaban a pie hacia nosotros, con seis o siete helic\u00f3pteros cubri\u00e9ndolos. <\/p>\n\n\n\n<p>Entonces en la \u00faltima comunicaci\u00f3n radial preguntamos: \u00ab\u00bfQu\u00e9 hacemos? \u00bfCombatimos o no combatimos? \u00bfNos quedamos aqu\u00ed hasta las \u00faltimas consecuencias?\u00bb Porque aparentemente exist\u00eda un cese de fuego, pero el enemigo segu\u00eda avanzando. <\/p>\n\n\n\n<p>La respuesta fue cubrir hasta las \u00faltimas consecuencias, y una vez que se hubiesen replegado los infantes, replegamos nosotros. Todo esto ocurri\u00f3 en minutos. El operativo de embarque fue de veras r\u00e1pido y el \u00abForrest\u00bb repleto de gente cruz\u00f3 r\u00e1pidamente. <\/p>\n\n\n\n<p>Los ingleses estaban ya a trescientos metros de nosotros, que est\u00e1bamos listos para entrar en combate, pero no disparaban. <\/p>\n\n\n\n<p>Vino entonces la lanchita de prefectura para buscarnos y se produjo una especie de comunicaci\u00f3n por se\u00f1as con nosotros. Alcanzamos a destruir armamentos y equipos de radio, y nos embarcamos y pudimos cruzar. La lanchita creo que era la \u00abIguaz\u00fa\u00bb, la hist\u00f3rica lancha que derrib\u00f3 al Harrier. <\/p>\n\n\n\n<p>Llegamos a Puerto Argentino y todo era bastante confuso. Nosotros ya no est\u00e1bamos en el gimnasio sino en unas casas en la zona alta de Puerto Argentino y hacia all\u00e1 fuimos.<\/p>\n\n\n\n<p>Quedamos esperando los acontecimientos. Pas\u00f3 el tiempo y se produjo una mezcla de efectivos nuestros e ingleses. <\/p>\n\n\n\n<p>Por ejemplo yo fui hacia el hospital un par de veces para ver heridos y me encontr\u00e9 con que estaban aterrizando gran cantidad de helic\u00f3pteros enemigos mientras nuestras tropas evacuaban el hospital que era convertido en cuartel ingl\u00e9s. <\/p>\n\n\n\n<p>Nuestros heridos eran llevados hacia el \u00abComandante Ir\u00edzar\u00bb o el \u00abBah\u00eda Para\u00edso\u00bb, no recuerdo de cu\u00e1l de los dos se trataba. <\/p>\n\n\n\n<p>Como dije, nos mezclamos: hab\u00eda soldados ingleses y nuestros por las calles. Inclusive recuerdo un par de conversaciones interesantes, con soldados de ellos, sobre sus t\u00e1cticas, su artiller\u00eda, qu\u00e9 elementos ten\u00edan, etc\u00e9tera. <\/p>\n\n\n\n<p>Cosas que nos parec\u00edan de inter\u00e9s en ese momento. Y tambi\u00e9n comentarios tanto de ellos como de nosotros sobre el tremendo fr\u00edo, el dif\u00edcil terreno, la comida, en fin, sobre lo duro de la guerra. Evidentemente, ellos hab\u00edan tenido tanto fr\u00edo y dificultades para que les llegara la comida como nosotros. <\/p>\n\n\n\n<p>Pero lo entend\u00edan como consecuencia l\u00f3gica de una guerra en ese lugar geogr\u00e1fico. <\/p>\n\n\n\n<p>Recibimos finalmente la orden de marchar al campo de prisioneros en la zona del aeropuerto. Llov\u00eda, estaba haciendo mucho fr\u00edo y viento y all\u00ed cada uno deb\u00eda encontrar su refugio. Algunos lo hicimos con tambores de doscientos litros o paneles de la pista de aluminio. Le sacamos tambi\u00e9n el toldo completo con esqueleto a un Unimog que estaba por all\u00ed e hicimos una carpa. <\/p>\n\n\n\n<p>El mayor A.R. se instal\u00f3 en los que llamamos \u00abel sarc\u00f3fago del mayor\u00bb. Era una columna doble de alumbrado de secci\u00f3n cuadrada, tumbada sobre la tierra; quedaba una cavidad formada por los bordes de la columna y un travesa\u00f1o. <\/p>\n\n\n\n<p>Ser\u00eda de dos metros de longitud por setenta cent\u00edmetros de separaci\u00f3n entre columnas. Ah\u00ed durmi\u00f3 esa noche el mayor, tap\u00e1ndose con unas chapas. <\/p>\n\n\n\n<p>Es un hombre corpulento y entraba justo all\u00ed, pens\u00e9 que no deb\u00eda ser nada c\u00f3modo. Me lo confirm\u00f3 el hecho de que a la segunda noche intent\u00f3 hacerse una carpa en serio. Pero a poco de lograrlo, lo sacaron de la cama como a todos nosotros pues nos ordenaron marchar para ser embarcados en el \u00abCanberra\u00bb. <\/p>\n\n\n\n<p>En esos casi dos d\u00edas tuvimos una sola comida por d\u00eda que consist\u00eda en fideos fr\u00edos y crudos. Cuando uno est\u00e1 prisionero trata de pensar maniobras destinadas a pasarlo mejor.<\/p>\n\n\n\n<p>Es la incertidumbre total ya que no se sabe cu\u00e1nto tiempo m\u00e1s se permanecer\u00e1 en esa condici\u00f3n. Entonces, se trataba de hacer refugios confortables, tratar de cuidar la poca comida que ten\u00edamos. <\/p>\n\n\n\n<p>La marcha hacia Puerto Argentino para embarcar se llev\u00f3 a cabo alrededor de la una de la ma\u00f1ana, bajo una intensa lluvia y mucho fr\u00edo. <\/p>\n\n\n\n<p>Nosotros hab\u00edamos logrado pasar algunos fusiles por los controles. Los llev\u00e1bamos desarmados adentro de las mochilas que tambi\u00e9n hab\u00edamos conservado. Tambi\u00e9n algunas pistolas desarmadas y las diferentes partes escondidas en los borcegu\u00edes o distintas partes del cuerpo. <\/p>\n\n\n\n<p>Pero fuimos revisados despu\u00e9s de la marcha minuciosamente al punto de que hasta nos sacaron los cinturones y los cordones de los borcegu\u00edes. As\u00ed fue que no pudimos pasar nada. <\/p>\n\n\n\n<p> La selecci\u00f3n para subir al \u00abCanberra\u00bb fue bastante extra\u00f1a. Pasaban delante de nosotros gran cantidad de soldados. <\/p>\n\n\n\n<p>Entonces, un oficial de ellos en un castellano bastante raro nos dijo que hici\u00e9ramos una lista de nuestra unidad, que en realidad eran dos: las compa\u00f1\u00edas de comandos 601 y 602. Nosotros \u00e9ramos todos cuadros y ellos lo notaron. <\/p>\n\n\n\n<p>As\u00ed que cuando ordenaron que primero los soldados, nos empezamos a mirar. Hasta que uno se acord\u00f3 de los cuatro soldados del teniente primero.<\/p>\n\n\n\n<p> Empezamos a gritar bastante hasta que aparecieron los cuatro soldados que, por supuesto, pasaron. Entonces el oficial ingl\u00e9s dijo: \u00ab\u00bfC\u00f3mo, en tantas personas solamente cuatro soldados\u2026? Hum, medio raro\u2026\u00bb <\/p>\n\n\n\n<p>Entonces empezaron a revisarnos e interrogarnos antes de darnos paso, previo hacerse dos filas con los mayores C. Y A.R. al frente. <\/p>\n\n\n\n<p>A sus preguntas sobre si ten\u00edamos alg\u00fan curso hecho se le respond\u00eda que corte y confecci\u00f3n, contabilidad o cualquier cosa por el estilo. Pero claro, nos ve\u00edan con ropa diferente, insignias de paracaidistas, etc. y que todos \u00e9ramos cuadros. <\/p>\n\n\n\n<p>As\u00ed que los primeros cuatro tuvimos suerte y pasamos. Aunque el caso m\u00edo fue sencillo pues lo hice como m\u00e9dico. Pero el ingl\u00e9s se puso nervioso y resolvi\u00f3 que no pasase nadie m\u00e1s. Yo fui el \u00faltimo de la compa\u00f1\u00eda y cuando me alejaba el mayor me grit\u00f3: \u00ab\u00a1Zafaste, Rana!\u00bb <\/p>\n\n\n\n<p>Finalmente, el \u00abCanberra\u00bb zarp\u00f3 hacia Puerto Madryn. Nos dividieron entre oficiales, suboficiales y tropa, ocupando distintos niveles del buque. <\/p>\n\n\n\n<p>Nosotros \u00e9ramos custodiados por oficiales y el trato fue muy bueno, realmente. Reinaba el orden y sucedieron cosas que se pueden llamar agradables. Recibimos una alimentaci\u00f3n en caliente, aire acondicionado. Hay que recordar que se trata de un barco de lujo.<\/p>\n\n\n\n<p>Yo me ba\u00f1\u00e9 como seis o siete veces, lo mismo debieron hacer muchos porque el comandante pidi\u00f3 por los altavoces que economiz\u00e1ramos agua porque se estaba acabando. En Puerto Argentino me hab\u00eda ba\u00f1ado solamente dos veces en veinte d\u00edas, a bordo de la lanchita de prefectura, as\u00ed que me encantaba poder hacerlo. <\/p>\n\n\n\n<p> Pudimos hacer tambi\u00e9n una recorrida por cubierta, aspirando aire de mar como si fuera un crucero de placer. Hab\u00eda m\u00fasica en dos bandas: de la BBC y grabada con el disc jockey del buque. <\/p>\n\n\n\n<p>Esta \u00faltima era buena pero el tipo era p\u00e9simo porque entre disco y disco hablaba mucho. Nos hab\u00edan puesto en un cuarto con camas sin colch\u00f3n y s\u00f3lo dos almohadas para cuatro. Pero a poco de descubrir d\u00f3nde hab\u00eda almohadas terminamos durmiendo sobre las mismas. <\/p>\n\n\n\n<p> Los cordones de los borcegu\u00edes que nos hab\u00edan sacado fueron r\u00e1pidamente reemplazados por los piolines para subir las persianas de los camarotes. A la media hora de estar a bordo no hab\u00eda uno que siguiese sin cordones. <\/p>\n\n\n\n<p> Se hac\u00eda fila con una bandeja para recibir la comida. Empezamos a comerla r\u00e1pido y colocarnos de nuevo en la fila antes de que se acabara. En fin, peque\u00f1as trampas que hac\u00edamos para alimentarnos mejor, pues la comida era buena pero escasa. <\/p>\n\n\n\n<p>Un capit\u00e1n hab\u00eda logrado pasar una br\u00fajula y una carta con lo que sacaba el derrotero del buque. Algo relativamente inocente. No era ning\u00fan misterio por d\u00f3nde iba, adem\u00e1s a la mitad del trayecto se la hab\u00eda acoplado un buque de guerra de nuestra Armada. <\/p>\n\n\n\n<p>Pero un ingl\u00e9s detect\u00f3 que hab\u00eda una br\u00fajula y nos empezaron a perseguir. Nos revisaron como seis veces sac\u00e1ndonos al pasillo y coloc\u00e1ndonos con las manos contra la pared y las piernas abiertas. <\/p>\n\n\n\n<p>Finalmente le encontraron la br\u00fajula y en el momento en que se la sacaron, apareci\u00f3 una persona de la Cruz Roja. Se le dijo que nos estaban robando la br\u00fajula, un elemento inofensivo que no implica peligro. Este hombre se la sac\u00f3 al ingl\u00e9s y se la devolvi\u00f3 al capit\u00e1n. <\/p>\n\n\n\n<p> Volvimos al camarote e inmediatamente la escondimos junto con los cigarrillos que eran tambi\u00e9n elemento prohibido. Por supuesto, despu\u00e9s del almuerzo, volvi\u00f3 a aparecer el oficial ingl\u00e9s a revisarnos para sacarnos de nuevo la br\u00fajula. Nos manifest\u00f3 que su mayor dec\u00eda que ten\u00edamos que entregarla. <\/p>\n\n\n\n<p>Entonces el capit\u00e1n F.T. -con gran rapidez- le respondi\u00f3 que al bajar a almorzar uno de sus paracaidistas \u00abboina roja\u00bb le hab\u00eda cambiado la br\u00fajula por cigarrillos. Se arm\u00f3 un esc\u00e1ndalo infernal y el ingl\u00e9s se pas\u00f3 horas buscando al supuesto paracaidista que se hab\u00eda vendido al enemigo por una br\u00fajula, ese tan estrat\u00e9gico elemento que su mayor le hab\u00eda ordenado requisar. <\/p>\n\n\n\n<p>A partir de ese momento los cuatro comandos que \u00e9ramos los ocupantes del camarote 25 del Meridian Room pasamos a ser los insurrectos. Nos revisaban todo el tiempo. Nos hab\u00edamos hecho fama de que ciertos elementos de confort se nos \u00abpegaban\u00bb: almohadas, perchas, comida, etc\u00e9tera. En realidad, ten\u00edamos de todo en la habitaci\u00f3n. <\/p>\n\n\n\n<p> A m\u00ed, como m\u00e9dico, me hab\u00edan venido a ofrecer los de la Cruz Roja el trato y alojamiento preferencial que deb\u00eda de tener de acuerdo con la Convenci\u00f3n de Ginebra; pero me qued\u00e9 con los comandos que era mucho m\u00e1s divertido. <\/p>\n\n\n\n<p> En la cena nos colocaban cartelitos con algunas noticias. Alg\u00fan resultado de Argentina en el Mundial, que Galtieri hab\u00eda renunciado, que el Papa estuvo en Buenos Aires. <\/p>\n\n\n\n<p>Otra noche, ya cerca de Puerto Madryn, nos pusieron la foto de una mujer desnuda. Ac\u00e1 recuerdo que a prisioneros argentinos heridos se les ofrecieron revistas pornogr\u00e1ficas, que se ve son elemento com\u00fan a bordo; pero no fueron aceptadas. <\/p>\n\n\n\n<p>Volviendo a la foto de la chica desnuda, yo le pregunt\u00e9 al que repart\u00eda la comida si era su hermana a lo que con gran rapidez me dijo que no, pero que evidentemente deb\u00eda ser mi madre. Pero todo termin\u00f3 entre risas de todos. El esp\u00edritu de ellos no era de molestarnos; por otra parte, uno de nuestros buques de guerra navegaba a su lado, la cosa se hab\u00eda acabado y todos -incluso ellos- hab\u00edamos sufrido bastante. <\/p>\n\n\n\n<p>Llegamos a Madryn, y de una zona de reuni\u00f3n volamos a Palomar y luego a casa, pasando por la Escuela Lemos. <\/p>\n\n\n\n<p> \u00bfSi volver\u00eda a Malvinas? S\u00ed, volver\u00eda. Cuando los ingleses estaban intentando negociar con la situaci\u00f3n de mis camaradas que manten\u00edan como rehenes, yo no quer\u00eda saber nada. Posteriormente, ellos me confirmaron que pensaban igual. <\/p>\n\n\n\n<p>En los combates que tuvimos con ellos, los corrimos. Peleamos contra seres humanos que no quer\u00edan morir, que ten\u00edan hambre, que ten\u00edan fr\u00edo. Y eso que earn gente muy profesional y muy capacitada. Los salvadores de Occidente, la fuerza de la OTAN , los que van a parar al torbellino del Este. Sin embargo, nosotros -las compa\u00f1\u00edas 601 y 602 con todos cuadros, oficiales y suboficiales- los corrimos. Abandonaban todo: radio, claves, mochilas completas. Aun sucedi\u00f3 cuando nos golpearon ellos primero y nos sorprendieron. <\/p>\n\n\n\n<p> Por eso lo que yo deseo de mi ej\u00e9rcito es que se transforme en uno de profesionales. Cuando se trataba de cuadros contra cuadros, en patrullas de comandos, terminaban por irse excepto cuando ten\u00edan la ventaja de una enorme superioridad num\u00e9rica y de medios de apoyo como artiller\u00eda y helic\u00f3pteros. Por algo el general Jeremy Moore dijo que dondequiera que sus tropas se toparon con efectivos profesionales debieron luchar duramente para dominarlos y que fue tan dif\u00edcil como despegar mejillones de las rocas. <\/p>\n\n\n\n<p>Lo que Moore no puede decir es que cuando consigui\u00f3 \u00abdespegarnos\u00bb fue por abrumadora superioridad de medios o num\u00e9rica pero cuando as\u00ed no fue, ellos debieron correr. Hubo soldados que se destacaron y mucho, verdaderos h\u00e9roes, pero los a\u00f1os de instrucci\u00f3n de un profesional no se pueden discutir\u00bb. <\/p>\n\n\n\n<p> RELATO EXTRAIDO DEL LIBRO \u00abASI LUCHARON\u00bb  <\/p>\n\n\n\n<figure class=\"wp-block-image\"><img loading=\"lazy\" decoding=\"async\" width=\"80\" height=\"125\" src=\"https:\/\/laperlaaustral.com.ar\/guerra-malvinas\/wp-content\/uploads\/2019\/06\/asi-lucharon.gif\" alt=\"Guerra de Malvinas\" class=\"wp-image-265\"\/><figcaption>Guerra de Malvinas<\/figcaption><\/figure>\n","protected":false},"excerpt":{"rendered":"<p>Guerra de Malvinas Compania de Comandos 602 Testimonio de un profesional que combati\u00f3 en las islas argentinas M\u00e9dico y capit\u00e1n en las Islas Malvinas . El 2 de abril se cumplen 21 a\u00f1os del comienzo de la guerra por la Recuperaci\u00f3n Argentina de las Islas Malvinas, Georgias e Islas del Atl\u00e1ntico Sur. Concluida el 14&hellip; <br \/> <a class=\"read-more\" href=\"https:\/\/laperlaaustral.com.ar\/guerra-malvinas\/medico-y-capitan-en-las-islas-malvinas\/\">Leer m\u00e1s<\/a><\/p>\n","protected":false},"author":2,"featured_media":0,"comment_status":"open","ping_status":"open","sticky":false,"template":"","format":"standard","meta":{"_monsterinsights_skip_tracking":false,"_monsterinsights_sitenote_active":false,"_monsterinsights_sitenote_note":"","_monsterinsights_sitenote_category":0,"footnotes":""},"categories":[63],"tags":[144,34],"yoast_head":"<!-- This site is optimized with the Yoast SEO plugin v23.4 - https:\/\/yoast.com\/wordpress\/plugins\/seo\/ -->\n<title>M\u00e9dico y capit\u00e1n en las Islas Malvinas - La Perla Austral<\/title>\n<meta name=\"description\" content=\"M\u00e9dico y capit\u00e1n en las Islas Malvinas, Testimonio de un profesional que combati\u00f3 en las islas argentinas M\u00e9dico y capit\u00e1n en las Islas Malvinas .\" \/>\n<meta name=\"robots\" content=\"index, follow, max-snippet:-1, max-image-preview:large, max-video-preview:-1\" \/>\n<link rel=\"canonical\" href=\"http:\/\/laperlaaustral.com.ar\/guerra-malvinas\/medico-y-capitan-en-las-islas-malvinas\/\" \/>\n<meta property=\"og:locale\" content=\"es_ES\" \/>\n<meta property=\"og:type\" content=\"article\" \/>\n<meta property=\"og:title\" content=\"M\u00e9dico y capit\u00e1n en las Islas Malvinas - La Perla Austral\" \/>\n<meta property=\"og:description\" content=\"M\u00e9dico y capit\u00e1n en las Islas Malvinas, Testimonio de un profesional que combati\u00f3 en las islas argentinas M\u00e9dico y capit\u00e1n en las Islas Malvinas .\" \/>\n<meta property=\"og:url\" content=\"http:\/\/laperlaaustral.com.ar\/guerra-malvinas\/medico-y-capitan-en-las-islas-malvinas\/\" \/>\n<meta property=\"og:site_name\" content=\"La Perla Austral\" \/>\n<meta property=\"article:publisher\" content=\"https:\/\/www.facebook.com\/La-Perla-Austra-487959322032195\" \/>\n<meta property=\"article:published_time\" content=\"2019-06-24T10:10:08+00:00\" \/>\n<meta property=\"article:modified_time\" content=\"2019-10-07T18:55:36+00:00\" \/>\n<meta property=\"og:image\" content=\"http:\/\/laperlaaustral.com.ar\/guerra-malvinas\/wp-content\/uploads\/2019\/06\/malvinas.jpg\" \/>\n<meta name=\"author\" content=\"GomRam\" \/>\n<meta name=\"twitter:card\" content=\"summary_large_image\" \/>\n<meta name=\"twitter:label1\" content=\"Escrito por\" \/>\n\t<meta name=\"twitter:data1\" content=\"GomRam\" \/>\n\t<meta name=\"twitter:label2\" content=\"Tiempo de lectura\" \/>\n\t<meta name=\"twitter:data2\" content=\"37 minutos\" \/>\n<script type=\"application\/ld+json\" class=\"yoast-schema-graph\">{\"@context\":\"https:\/\/schema.org\",\"@graph\":[{\"@type\":\"WebPage\",\"@id\":\"http:\/\/laperlaaustral.com.ar\/guerra-malvinas\/medico-y-capitan-en-las-islas-malvinas\/\",\"url\":\"http:\/\/laperlaaustral.com.ar\/guerra-malvinas\/medico-y-capitan-en-las-islas-malvinas\/\",\"name\":\"M\u00e9dico y capit\u00e1n en las Islas Malvinas - La Perla Austral\",\"isPartOf\":{\"@id\":\"http:\/\/laperlaaustral.com.ar\/guerra-malvinas\/#website\"},\"primaryImageOfPage\":{\"@id\":\"http:\/\/laperlaaustral.com.ar\/guerra-malvinas\/medico-y-capitan-en-las-islas-malvinas\/#primaryimage\"},\"image\":{\"@id\":\"http:\/\/laperlaaustral.com.ar\/guerra-malvinas\/medico-y-capitan-en-las-islas-malvinas\/#primaryimage\"},\"thumbnailUrl\":\"https:\/\/laperlaaustral.com.ar\/guerra-malvinas\/wp-content\/uploads\/2019\/06\/malvinas.jpg\",\"datePublished\":\"2019-06-24T10:10:08+00:00\",\"dateModified\":\"2019-10-07T18:55:36+00:00\",\"author\":{\"@id\":\"http:\/\/laperlaaustral.com.ar\/guerra-malvinas\/#\/schema\/person\/cccf8f0904f83654d5f2d5380e4eb4b9\"},\"description\":\"M\u00e9dico y capit\u00e1n en las Islas Malvinas, Testimonio de un profesional que combati\u00f3 en las islas argentinas M\u00e9dico y capit\u00e1n en las Islas Malvinas .\",\"breadcrumb\":{\"@id\":\"http:\/\/laperlaaustral.com.ar\/guerra-malvinas\/medico-y-capitan-en-las-islas-malvinas\/#breadcrumb\"},\"inLanguage\":\"es\",\"potentialAction\":[{\"@type\":\"ReadAction\",\"target\":[\"http:\/\/laperlaaustral.com.ar\/guerra-malvinas\/medico-y-capitan-en-las-islas-malvinas\/\"]}]},{\"@type\":\"ImageObject\",\"inLanguage\":\"es\",\"@id\":\"http:\/\/laperlaaustral.com.ar\/guerra-malvinas\/medico-y-capitan-en-las-islas-malvinas\/#primaryimage\",\"url\":\"https:\/\/laperlaaustral.com.ar\/guerra-malvinas\/wp-content\/uploads\/2019\/06\/malvinas.jpg\",\"contentUrl\":\"https:\/\/laperlaaustral.com.ar\/guerra-malvinas\/wp-content\/uploads\/2019\/06\/malvinas.jpg\",\"width\":300,\"height\":249,\"caption\":\"Islas Malvinas.\"},{\"@type\":\"BreadcrumbList\",\"@id\":\"http:\/\/laperlaaustral.com.ar\/guerra-malvinas\/medico-y-capitan-en-las-islas-malvinas\/#breadcrumb\",\"itemListElement\":[{\"@type\":\"ListItem\",\"position\":1,\"name\":\"Portada\",\"item\":\"https:\/\/laperlaaustral.com.ar\/guerra-malvinas\/\"},{\"@type\":\"ListItem\",\"position\":2,\"name\":\"M\u00e9dico y capit\u00e1n en las Islas Malvinas\"}]},{\"@type\":\"WebSite\",\"@id\":\"http:\/\/laperlaaustral.com.ar\/guerra-malvinas\/#website\",\"url\":\"http:\/\/laperlaaustral.com.ar\/guerra-malvinas\/\",\"name\":\"La Perla Austral\",\"description\":\"Guerra de Malvinas 1982\",\"potentialAction\":[{\"@type\":\"SearchAction\",\"target\":{\"@type\":\"EntryPoint\",\"urlTemplate\":\"http:\/\/laperlaaustral.com.ar\/guerra-malvinas\/?s={search_term_string}\"},\"query-input\":{\"@type\":\"PropertyValueSpecification\",\"valueRequired\":true,\"valueName\":\"search_term_string\"}}],\"inLanguage\":\"es\"},{\"@type\":\"Person\",\"@id\":\"http:\/\/laperlaaustral.com.ar\/guerra-malvinas\/#\/schema\/person\/cccf8f0904f83654d5f2d5380e4eb4b9\",\"name\":\"GomRam\",\"image\":{\"@type\":\"ImageObject\",\"inLanguage\":\"es\",\"@id\":\"http:\/\/laperlaaustral.com.ar\/guerra-malvinas\/#\/schema\/person\/image\/\",\"url\":\"https:\/\/secure.gravatar.com\/avatar\/a0f191abb2983305e8a2e850573cb20a?s=96&d=mm&r=g\",\"contentUrl\":\"https:\/\/secure.gravatar.com\/avatar\/a0f191abb2983305e8a2e850573cb20a?s=96&d=mm&r=g\",\"caption\":\"GomRam\"},\"url\":\"https:\/\/laperlaaustral.com.ar\/guerra-malvinas\/author\/ac000164\/\"}]}<\/script>\n<!-- \/ Yoast SEO plugin. -->","yoast_head_json":{"title":"M\u00e9dico y capit\u00e1n en las Islas Malvinas - La Perla Austral","description":"M\u00e9dico y capit\u00e1n en las Islas Malvinas, Testimonio de un profesional que combati\u00f3 en las islas argentinas M\u00e9dico y capit\u00e1n en las Islas Malvinas .","robots":{"index":"index","follow":"follow","max-snippet":"max-snippet:-1","max-image-preview":"max-image-preview:large","max-video-preview":"max-video-preview:-1"},"canonical":"http:\/\/laperlaaustral.com.ar\/guerra-malvinas\/medico-y-capitan-en-las-islas-malvinas\/","og_locale":"es_ES","og_type":"article","og_title":"M\u00e9dico y capit\u00e1n en las Islas Malvinas - La Perla Austral","og_description":"M\u00e9dico y capit\u00e1n en las Islas Malvinas, Testimonio de un profesional que combati\u00f3 en las islas argentinas M\u00e9dico y capit\u00e1n en las Islas Malvinas .","og_url":"http:\/\/laperlaaustral.com.ar\/guerra-malvinas\/medico-y-capitan-en-las-islas-malvinas\/","og_site_name":"La Perla Austral","article_publisher":"https:\/\/www.facebook.com\/La-Perla-Austra-487959322032195","article_published_time":"2019-06-24T10:10:08+00:00","article_modified_time":"2019-10-07T18:55:36+00:00","og_image":[{"url":"http:\/\/laperlaaustral.com.ar\/guerra-malvinas\/wp-content\/uploads\/2019\/06\/malvinas.jpg"}],"author":"GomRam","twitter_card":"summary_large_image","twitter_misc":{"Escrito por":"GomRam","Tiempo de lectura":"37 minutos"},"schema":{"@context":"https:\/\/schema.org","@graph":[{"@type":"WebPage","@id":"http:\/\/laperlaaustral.com.ar\/guerra-malvinas\/medico-y-capitan-en-las-islas-malvinas\/","url":"http:\/\/laperlaaustral.com.ar\/guerra-malvinas\/medico-y-capitan-en-las-islas-malvinas\/","name":"M\u00e9dico y capit\u00e1n en las Islas Malvinas - La Perla Austral","isPartOf":{"@id":"http:\/\/laperlaaustral.com.ar\/guerra-malvinas\/#website"},"primaryImageOfPage":{"@id":"http:\/\/laperlaaustral.com.ar\/guerra-malvinas\/medico-y-capitan-en-las-islas-malvinas\/#primaryimage"},"image":{"@id":"http:\/\/laperlaaustral.com.ar\/guerra-malvinas\/medico-y-capitan-en-las-islas-malvinas\/#primaryimage"},"thumbnailUrl":"https:\/\/laperlaaustral.com.ar\/guerra-malvinas\/wp-content\/uploads\/2019\/06\/malvinas.jpg","datePublished":"2019-06-24T10:10:08+00:00","dateModified":"2019-10-07T18:55:36+00:00","author":{"@id":"http:\/\/laperlaaustral.com.ar\/guerra-malvinas\/#\/schema\/person\/cccf8f0904f83654d5f2d5380e4eb4b9"},"description":"M\u00e9dico y capit\u00e1n en las Islas Malvinas, Testimonio de un profesional que combati\u00f3 en las islas argentinas M\u00e9dico y capit\u00e1n en las Islas Malvinas .","breadcrumb":{"@id":"http:\/\/laperlaaustral.com.ar\/guerra-malvinas\/medico-y-capitan-en-las-islas-malvinas\/#breadcrumb"},"inLanguage":"es","potentialAction":[{"@type":"ReadAction","target":["http:\/\/laperlaaustral.com.ar\/guerra-malvinas\/medico-y-capitan-en-las-islas-malvinas\/"]}]},{"@type":"ImageObject","inLanguage":"es","@id":"http:\/\/laperlaaustral.com.ar\/guerra-malvinas\/medico-y-capitan-en-las-islas-malvinas\/#primaryimage","url":"https:\/\/laperlaaustral.com.ar\/guerra-malvinas\/wp-content\/uploads\/2019\/06\/malvinas.jpg","contentUrl":"https:\/\/laperlaaustral.com.ar\/guerra-malvinas\/wp-content\/uploads\/2019\/06\/malvinas.jpg","width":300,"height":249,"caption":"Islas Malvinas."},{"@type":"BreadcrumbList","@id":"http:\/\/laperlaaustral.com.ar\/guerra-malvinas\/medico-y-capitan-en-las-islas-malvinas\/#breadcrumb","itemListElement":[{"@type":"ListItem","position":1,"name":"Portada","item":"https:\/\/laperlaaustral.com.ar\/guerra-malvinas\/"},{"@type":"ListItem","position":2,"name":"M\u00e9dico y capit\u00e1n en las Islas Malvinas"}]},{"@type":"WebSite","@id":"http:\/\/laperlaaustral.com.ar\/guerra-malvinas\/#website","url":"http:\/\/laperlaaustral.com.ar\/guerra-malvinas\/","name":"La Perla Austral","description":"Guerra de Malvinas 1982","potentialAction":[{"@type":"SearchAction","target":{"@type":"EntryPoint","urlTemplate":"http:\/\/laperlaaustral.com.ar\/guerra-malvinas\/?s={search_term_string}"},"query-input":{"@type":"PropertyValueSpecification","valueRequired":true,"valueName":"search_term_string"}}],"inLanguage":"es"},{"@type":"Person","@id":"http:\/\/laperlaaustral.com.ar\/guerra-malvinas\/#\/schema\/person\/cccf8f0904f83654d5f2d5380e4eb4b9","name":"GomRam","image":{"@type":"ImageObject","inLanguage":"es","@id":"http:\/\/laperlaaustral.com.ar\/guerra-malvinas\/#\/schema\/person\/image\/","url":"https:\/\/secure.gravatar.com\/avatar\/a0f191abb2983305e8a2e850573cb20a?s=96&d=mm&r=g","contentUrl":"https:\/\/secure.gravatar.com\/avatar\/a0f191abb2983305e8a2e850573cb20a?s=96&d=mm&r=g","caption":"GomRam"},"url":"https:\/\/laperlaaustral.com.ar\/guerra-malvinas\/author\/ac000164\/"}]}},"_links":{"self":[{"href":"https:\/\/laperlaaustral.com.ar\/guerra-malvinas\/wp-json\/wp\/v2\/posts\/377"}],"collection":[{"href":"https:\/\/laperlaaustral.com.ar\/guerra-malvinas\/wp-json\/wp\/v2\/posts"}],"about":[{"href":"https:\/\/laperlaaustral.com.ar\/guerra-malvinas\/wp-json\/wp\/v2\/types\/post"}],"author":[{"embeddable":true,"href":"https:\/\/laperlaaustral.com.ar\/guerra-malvinas\/wp-json\/wp\/v2\/users\/2"}],"replies":[{"embeddable":true,"href":"https:\/\/laperlaaustral.com.ar\/guerra-malvinas\/wp-json\/wp\/v2\/comments?post=377"}],"version-history":[{"count":5,"href":"https:\/\/laperlaaustral.com.ar\/guerra-malvinas\/wp-json\/wp\/v2\/posts\/377\/revisions"}],"predecessor-version":[{"id":3191,"href":"https:\/\/laperlaaustral.com.ar\/guerra-malvinas\/wp-json\/wp\/v2\/posts\/377\/revisions\/3191"}],"wp:attachment":[{"href":"https:\/\/laperlaaustral.com.ar\/guerra-malvinas\/wp-json\/wp\/v2\/media?parent=377"}],"wp:term":[{"taxonomy":"category","embeddable":true,"href":"https:\/\/laperlaaustral.com.ar\/guerra-malvinas\/wp-json\/wp\/v2\/categories?post=377"},{"taxonomy":"post_tag","embeddable":true,"href":"https:\/\/laperlaaustral.com.ar\/guerra-malvinas\/wp-json\/wp\/v2\/tags?post=377"}],"curies":[{"name":"wp","href":"https:\/\/api.w.org\/{rel}","templated":true}]}}