{"id":374,"date":"2019-06-24T10:05:14","date_gmt":"2019-06-24T10:05:14","guid":{"rendered":"https:\/\/laperlaaustral.com.ar\/guerra-malvinas\/?p=374"},"modified":"2019-08-14T07:39:51","modified_gmt":"2019-08-14T07:39:51","slug":"el-combate-en-monte-dos-hermanas","status":"publish","type":"post","link":"https:\/\/laperlaaustral.com.ar\/guerra-malvinas\/el-combate-en-monte-dos-hermanas\/","title":{"rendered":"El Combate en Monte Dos Hermanas"},"content":{"rendered":"\n<h5 class=\"wp-block-heading\">Guerra de Malvinas Compania de Comandos 602<\/h5>\n\n\n\n<p>El Combate en Monte Dos Hermanas <\/p>\n\n\n\n<p>La mente del soldado esta en batalla, se siente el rugir de la me\u00adtralla y avanza, como sombra de su misma sombra, buscando con fervor esa metralla que intenta la inercia del combate por lo suyo.<\/p>\n\n\n\n<p>Cuando era un joven militar le dijeron: arma tu brazo y bajo la noche clara defiende tu pa\u00eds y su estilo de vida; que es tambi\u00e9n tu forma de ver la vida para entenderla mejor. Pero sabr\u00e1s, que solo en la guerra se levanta la dignidad de ese car\u00e1cter nacional que defiendes, razonando los principios, que te llevan a quitarle la vida misma al adversario. <\/p>\n\n\n\n<p>As\u00ed pensaba r\u00e1pidamente el soldado que, con buen estilo, abr\u00eda fuego por batir al ingles que se cubr\u00eda detr\u00e1s de la metralla rompiendo con su cadencia de fuego las rocas del risco en que se ocultaba en pleno ataque.<\/p>\n\n\n\n<p> Bajo la noche clara era necesario aumentar el volumen de fuego aunque se perdiera un poco de eficacia del tiro y as\u00ed a velocidad continua; la trayectoria del plomo que es munici\u00f3n trazadora, buscaba el cuerpo mortal del adversario.<\/p>\n\n\n\n<p> EI combate era letal. Los ingleses que continuamente se in\u00adfiltraban en las posiciones Argentinas, hab\u00edan llegado hasta ese lugar, llamado Dos Hermanas por ser dos riscos gemelos. <\/p>\n\n\n\n<p>Pero la patrulla de Comandos Argentinos que hab\u00eda ca\u00eddo en la con\u00adtraemboscada sab\u00eda que \u00abDos Hermanas\u00bb; no ten\u00eda frontera y que hab\u00eda que salir de la sorpresa de sentirse atacados furiosamente por la fusiler\u00eda inglesa.<\/p>\n\n\n\n<p>Superada la sorpresa y ante el escozor de la batalla, en los pri\u00admeros embates, cay\u00f3 mortalmente herido, e1 Sargento Cisnero.<\/p>\n\n\n\n<p>Este valiente soldado, la noche anterior, hab\u00eda escrito en su libreta de comando: si no vuelvo al continente es porque no se rendirme; perola fuerza superior de la tierra malvinera abrazo al <a rel=\"noreferrer noopener\" aria-label=\"Sargento Cisnero (opens in a new tab)\" href=\"https:\/\/laperlaaustral.com.ar\/laperlaaustral\/laperlaaustralview.php?showdetail=&amp;id=6233\" target=\"_blank\">Sargento Cisnero<\/a> que, masticando turba; muri\u00f3 abriendo fuego como pod\u00eda contra el ingles, el cl\u00e1sico invasor de nuestro pa\u00eds.<\/p>\n\n\n\n<p> EI SAS (Special Air Service) alerto a la metralla que lanzo la granada y quebr\u00f3 la fervorosa vida del Sargento. \u00abPerro\u00bb Cisnero, ametrallador de Mag, comando.<br> A su lada estaba el teniente primero Vizoso Posse (apodada el yanqui, por sus campaneros) que recibi\u00f3 la onda expansiva mientras; aprovechando el desconcierto, el SAS escalaba las ro\u00adcas queriendo hacer una Abra y Shantia en Malvinas.<\/p>\n\n\n\n<p>El teniente primero Vizoso Posse sintiendo la muerte muy de cerca, crey\u00f3 que se le dislocaba el cuerpo; el plomo que atraves\u00f3 el cuello parec\u00eda que a la vez lo abr\u00eda y lo desangraba y en otros momentos parec\u00eda que le acariciaba el cuello porque una cuenta del Rosario que llevaba persist\u00eda en el metal letal; carne a carne, en la herida abierta.<\/p>\n\n\n\n<p>Pero el valiente soldado. Vizoso Posse, sin amedrentarse en la lid, tomo el fusil en sus manos y cuando. Los ingleses descend\u00edan repleg\u00e1ndose por las rocas, convencidos de la abra consumada, espero la oportunidad y entonces, el argentino; disparo su fusil al le\u00f3n y a su corana logrando que el enemigo sufriera de esta manera, sus primeras bajas.<\/p>\n\n\n\n<p>El jefe de la patrulla de Comandas Argentinas, sabiendo que la victoria es del que m\u00e1s se atreve, actu\u00f3 al primer impulso de la contraemboscada, en la que el fuego enemigo buscaba desbastar todo lo que encontrara a su paso. <\/p>\n\n\n\n<p>Con energ\u00eda y decisi\u00f3n calculo que de esa situaci\u00f3n dif\u00edcil, solo se pod\u00eda salir con un volumen de fuego m\u00e1s agresivo; por lo que ordeno al teniente primero Vizaozo Posse, que se replegara porque iba a ser apoyado en ese momento.<\/p>\n\n\n\n<p>EI oficial, obediente, escalo las rocas, sintiendo, como un fue\u00adgo que le ard\u00eda fuerte en el cuerpo, la herida donde la adrenalina parec\u00eda que dejaba de hacer su efecto. Pero con esfuerzo y coraje llego a donde estaban las suyos. En ese tenso momento ninguna de las partes ced\u00eda posiciones. <\/p>\n\n\n\n<p>El volumen de fuego de las dos subunidades de tropas especiales era impresionante: tales es as\u00ed que ambos contendientes creyeron que se las estaban viendo en un combate encarnizado contra un regimiento completo de la l\u00ednea enemiga.<\/p>\n\n\n\n<p>Ambas contendientes, por un lado, los comandos argentinos, famosos por hacer honor a su agresividad y portando la empu\u00ad\u00f1adura roja que ostentan con su insignia en la boina y por el otro lado, el Special Air Service los afamados y aut\u00e9nticos comandos brit\u00e1nicos estaban convencidos que el enemigo con que se en\u00adfrentaban era la vanguardia de una fuerza mayor.<\/p>\n\n\n\n<p>AI jefe de la patrulla de Comandos Argentinas le gustaba recordar esa frase que dice elige hambres y guerra y con esa consigna hab\u00eda elegido. Los hombres y el momento. <\/p>\n\n\n\n<p>A ellos les pidi\u00f3 que entregaran el m\u00e1ximo de su rendimiento como com\u00adbatientes, para lograr quebrar el brazo armada del adversario. <\/p>\n\n\n\n<p>Mientras tanto el m\u00e9dico militar de la Campania de Comandas revisaba la herida que recibiera el oficial <a rel=\"noreferrer noopener\" aria-label=\"Vizoso Posse (opens in a new tab)\" href=\"https:\/\/laperlaaustral.com.ar\/laperlaaustral\/laperlaaustralview.php?showdetail=&amp;id=27141\" target=\"_blank\">Vizoso Posse<\/a>, hacienda lo posible para que vuelva r\u00e1pido al combate con el fusil en alto. Esta impartici\u00f3n era lo que esperaba el soldada para recuperar el \u00e1nimo y poder continuar en la lucha.<\/p>\n\n\n\n<p>EI jefe de la patrulla de Comandos Argentinos rumiaba el combate, parec\u00eda que hacia un auto examen en el mismo fragor de la lucha y se dec\u00eda para si mismo: nuestra misi\u00f3n no es fo\u00adguearnos, hacer instrucci\u00f3n, sino.<\/p>\n\n\n\n<p>Localizar; fijar al enemigo y aniquilarlo en toda oportunidad que entremos a combatir. Se dec\u00eda, que ser\u00eda error no empe\u00f1arse del todo por preservar a la gente y mientras pensaba combat\u00eda, rumiaba, daba animo a su tropa, y sin necesidad le dio m\u00e1s tiempo al adversario, no logran\u00addo aferrarlo y sinti\u00f3 fracasada la operaci\u00f3n de dejarse sobrepasar en las alturas del risco en disputa.<\/p>\n\n\n\n<p>Pero sin embargo procedi\u00f3 como si fuera la ultima ocasi\u00f3n para convertirse en h\u00e9roes, observo que en esos niveles no hay li\u00admitaciones para el combate y el SAS tambi\u00e9n con su agresividad hab\u00eda hecho lo suyo sobre la moral de su tropa.<\/p>\n\n\n\n<p>EI combate fue desgastante, hab\u00eda que pelear permanente\u00admente como si la batalla final dependiera de ese momento. El segundo Jefe de la Compa\u00f1\u00eda de Comandos argentinos, que par\u00adticipaba observando el combate con mucho detalle, ve\u00eda como reaccionaba nuestra gente y como atacaba el enemigo; teniendo en cuenta que era una contraemboscada.<\/p>\n\n\n\n<p>Estaba convencido de las agallas del Jefe de la Patrulla que con ejemplo personal, arrojo y la precisi\u00f3n necesaria supo guiar el fuego de la artiller\u00eda propia, contra el enemigo ingles que se retiraba abandonado la escena del sangriento combate.<\/p>\n\n\n\n<p>En ese momento; el capit\u00e1n medico de la patrulla de Coman\u00addos argentinos, con voz tensa y firme grito a viva voz el lema de las tropas especialmente adiestradas:<\/p>\n\n\n\n<h2 class=\"wp-block-heading\"> Dios y Patria o muerte.<\/h2>\n\n\n\n<p>EI resto de la patrulla sumisa, valerosa y resignada grito la pelea, triunfa y muere, respondiendo al lema de los comandos argentinos.<\/p>\n\n\n\n<p>Para evitar que el enemigo pudiera replegarse con \u00e9xito, la artiller\u00eda argentina con precisi\u00f3n matem\u00e1tica, persigui\u00f3 a la fuerza brit\u00e1nica durante cuatrocientos metros hasta que se hizo un silencio total, silencio mezclado con euforia. En las fuerzas argentinas se respiraba por la sensaci\u00f3n de haberse impuesto a un adversario tan fuerte y afloraba el tremendo y agotador cansancio de la ardua jornada de combate.<\/p>\n\n\n\n<p>Mientras tanto el jefe de la patrulla de comandos argentinos, hacia su evaluaci\u00f3n critica diciendo: \u00abel que conduce un elemento tendr\u00eda que ir desarmado, porque el combate nos atrae y se deja de conducir y es necesario situarse bien y reaccionar, d\u00e1ndose cuenta de lo que debe hacerse\u201d\u00ad.<\/p>\n\n\n\n<p>Si bien la gloria consiste en vencer con el menor sacrificio po\u00adsible, los comandos argentinos hab\u00edan sido pr\u00f3digos en su ardor y valor generoso. El combate hab\u00eda sido a sangre y fuego y esos soldados pod\u00edan ser acreedores a la consideraci\u00f3n y estimaci\u00f3n de su Ej\u00e9rcito.<\/p>\n\n\n\n<p>Pero a pesar que el cerro pareci\u00f3 estallar con sus explosiones y en la emergencia se complicaba todo, porque el golpe de fuego inicial lo tuvieron los ingleses, las tropas argentinas supieron dar impulso al combate y salir de la sorpresa. Los comandos argentinos recordaban que el encuentro fue sumamente duro y que quiz\u00e1s se diera \u00fanicamente en una isla; el choque de dos patrullas de Comandos.<\/p>\n\n\n\n<p>La fuerza de la tierra que abraza a sus hijos es m\u00e1s fuerte que todos ellos.<br> Por eso dicen que en pleno territorio dominado por el enemi\u00adgo hay un basti\u00f3n argentino. Al pie de un monte de dos crestas de Malvinas. Y es el tenaz esp\u00edritu de los que pelearon en el Monte Dos Hermanas.<\/p>\n\n\n\n<h5 class=\"wp-block-heading\"> Reflexiones al regreso del Monte dos Hermanas<\/h5>\n\n\n\n<p>La noche con sus ilusiones inconclusas cay\u00f3 sobre Malvinas y los comandos argentinos marcharon hacia el brumoso Puerto Argentino, que los esperaba a ocho kil\u00f3metros de distancia del lugar donde se produjo el sangriento combate por el Cerro Dos Hermanas.<\/p>\n\n\n\n<p>Los combatientes tomaban conciencia del peligro que en estas circunstancias se corr\u00eda recuerdo de los camaradas ca\u00eddos en acci\u00f3n dejaba una profunda huella en el \u00e1nimo de los todos. Algunos de ellos recordaba las palabras del jefe de opera\u00adciones de la Compa\u00f1\u00eda;  expresadas en el continente, en v\u00edsperas a partir hacia Malvinas, cuando los preparaba dici\u00e9ndoles que mientras m\u00e1s nos conoci\u00e9ramos; mayor seria el esp\u00edritu de cuerpo a formarse entre los nuestros y a la vez menor serio el n\u00famero de bajas en los combates y par lo tanto, mayor seria la cantidad de comandos al volver del duro desaf\u00edo de la guerra en la que estaban enfrentados y empe\u00f1ados.<\/p>\n\n\n\n<p>Los comandos argentinos aprendieron; a partir de ese comba\u00adte en el monte Dos Hermanas, que los comandos ingleses; si bien se comportaron como maquinas reci\u00e9n aceitadas para la pelea, estaban lejos de la precisi\u00f3n; valor y agresividad que se necesita para salir victorioso en el combate; sobre todo en estos niveles, en los que no se da ni se pide tregua , al esfuerzo impuesto por la lucha y que, dadas las circunstancias extremas, se puede dar lugar al combate con la bayoneta o a la esgrima de fusil; en un combate cuerpo a cuerpo donde la rapidez de concepci\u00f3n y reacci\u00f3n hubieran sido decisivas para imponerse al adversario.<\/p>\n\n\n\n<p>Los comandos argentinos hab\u00edan aprendido en el fragor del combate y en esa lucha no simulada, la distancia entre; el mapa de la Argentina de sus manuales de estudio, y la realidad de la sangre de los que fueron protagonistas del enfrentamiento con el Special Air Service brit\u00e1nico; ese que hab\u00eda sido una ame\u00adnaza terrible en esa hora de la prueba, tan lejos de la mesa de arena y los juegos de simulaci\u00f3n; utilizados en las t\u00e9cnicas de planeamiento que fueron tan comunes en su previa preparaci\u00f3n y entrenamiento.<\/p>\n\n\n\n<p>Tambi\u00e9n los comandos argentinos reconoc\u00edan el descanso psicol\u00f3gico tremendo que significo, para las tropas convencio\u00adnales; la aparici\u00f3n oportuna de la compa\u00f1\u00eda especial en el cerro Dos Hermanas; la tranquilidad de saber que adelante hab\u00eda gru\u00adpos con entrenamiento superior realizando incursiones en las cercan\u00edas y que ellos no eran la primera l\u00ednea de defensa hizo que aflojaran, un tanto, las tensiones.<\/p>\n\n\n\n<p>En definitiva en este combate los comandos argentinos hab\u00edan pasado por la gran prueba en la vigilia y en la lucha, lejos de las lecciones librescas y los datos \u00fatiles tan vigentes en los Estados Mayores que controlan la m\u00e1quina de guerra.<\/p>\n\n\n\n<h6 class=\"wp-block-heading\"> Siempre ser\u00e1 resaltado el valor del tiempo en la guerra.<\/h6>\n\n\n\n<p>Para saber cu\u00e1ntas bajas sufrieron las secciones del Special Air Service a manos de la compa\u00f1\u00eda de comandos 602; nos re\u00admitimos a la informaci\u00f3n del Doctor Isidoro Ruiz Moreno en su libro \u00abComandos en acci\u00f3n\u00bb.<\/p>\n\n\n\n<p>Hasta que no se posean datos fehacientes ser\u00e1 dif\u00edcil determi\u00adnarlo con precisi\u00f3n, pero sin duda su n\u00famero debi\u00f3 ser elevado, dada la violencia del enfrentamiento entre comandos, y el fuego de la artiller\u00eda Argentina. <\/p>\n\n\n\n<p>El teniente primero Horacio Lauria refiri\u00f3 haber visto una pel\u00edcula de la BBC (British Broadcasting Corporation) compaginada inmediatamente despu\u00e9s de conclui\u00addo el conflicto, sin retacear informes; y que en la misma se hac\u00eda alusi\u00f3n al combate diciendo que las bajas inglesas sumaban treinta y tres, cifra que comprender\u00eda muertos y heridos.<\/p>\n\n\n\n<p> M\u00e1s detallada es la versi\u00f3n transmitida por uno de los propios actores, seg\u00fan relato que efectuara el capit\u00e1n Andr\u00e9s Ferrero:<\/p>\n\n\n\n<blockquote class=\"wp-block-quote is-layout-flow wp-block-quote-is-layout-flow\"><p> \u00abCuando yo estuve prisionero en el Saint Edmond, un d\u00eda vino un oficial de Caballer\u00eda y me dijo. Mi capit\u00e1n venga, ac\u00e1 hay un ingles que est\u00e1 contando la operaci\u00f3n que usted nos re\u00adlato el otro d\u00eda\u00bb<\/p><\/blockquote>\n\n\n\n<p> Yo me acerque a escucharlo. EI ingles contaba que intervino en el Special Air Service que; hab\u00edan muerto dieciocho en esa operaci\u00f3n, unos en el combate y otros como consecuencia de las heridas; que hab\u00eda sido un combate encarnizadisimo y pensaron<br> Que se hab\u00edan enfrentado contra un regimiento completo de la l\u00ednea nuestra, y que fue impresionante el fuego que recibieron.<\/p>\n\n\n\n<p> Eso corroboraba 1o que yo pens\u00e9 cuando nos enfrentemos: nosotros imaginamos que ellos eran la vanguardia de una fuerza mayor, y ellos pensaron lo mismo; lo que paso es que \u00e9ramos dos fuerzas especiales muy duras. Este hombre, un suboficial que estaba de guardia, era uno de los sobrevivientes.<\/p>\n\n\n\n<p> El otro era un oficial que estaba ah\u00ed en el barco tambi\u00e9n, pero yo no lo vi.<br> Y mas no se pudo obtener, porque cuando yo lo empec\u00e9, a interrogar sobre c\u00f3mo hab\u00eda sido esa an\u00e9cdota, que nos relatara algo mas; no s\u00e9 si porque \u00e9l se dio cuenta o porque realmente ya no le interesaba seguir hablando; dijo \u00ab&#8216;no, no basta\u00bb -Porque contaban cuando quer\u00edan: no le pod\u00edamos imponer nada.<\/p>\n\n\n\n<p> EI tiempo transcurre y mientras la demora, ladrona del tiempo, sea la clave; me pregunto si seguiremos perdiendo una oportunidad tras otra, a medida que se presentan las ocasiones para el contraataque a los brit\u00e1nicos. Porque para nosotros, el objetivo es el acto de contraatacar y de esa manera reafirmar definitivamente nuestra identidad nacional.<br> En estos a\u00f1os de p\u00e9rdidas y derrotas nos alienta un sen\u00adtimiento de ultraje en guerra por las Malvinas; por eso es importante volvernos a empe\u00f1ar en tiempo. <\/p>\n\n\n\n<table class=\"wp-block-table\"><tbody><tr><td> Relato extraido de Malvinas la ultima guerra romantica  <br><img loading=\"lazy\" decoding=\"async\" width=\"80\" height=\"115\" scale=\"0\" class=\"wp-image-375\" style=\"width: 80px;\" src=\"https:\/\/laperlaaustral.com.ar\/guerra-malvinas\/wp-content\/uploads\/2019\/06\/Malvinas-la-ultima-guerra-romantica.jpg\" alt=\"Malvinas la ultima guerra romantica\"><\/td><\/tr><\/tbody><\/table>\n","protected":false},"excerpt":{"rendered":"<p>Guerra de Malvinas Compania de Comandos 602 El Combate en Monte Dos Hermanas La mente del soldado esta en batalla, se siente el rugir de la me\u00adtralla y avanza, como sombra de su misma sombra, buscando con fervor esa metralla que intenta la inercia del combate por lo suyo. Cuando era un joven militar le&hellip; <br \/> <a class=\"read-more\" href=\"https:\/\/laperlaaustral.com.ar\/guerra-malvinas\/el-combate-en-monte-dos-hermanas\/\">Leer m\u00e1s<\/a><\/p>\n","protected":false},"author":2,"featured_media":2976,"comment_status":"open","ping_status":"open","sticky":false,"template":"","format":"standard","meta":{"_monsterinsights_skip_tracking":false,"_monsterinsights_sitenote_active":false,"_monsterinsights_sitenote_note":"","_monsterinsights_sitenote_category":0,"footnotes":""},"categories":[63],"tags":[144,54,34,311,312],"yoast_head":"<!-- This site is optimized with the Yoast SEO plugin v23.4 - https:\/\/yoast.com\/wordpress\/plugins\/seo\/ -->\n<title>El Combate en Monte Dos Hermanas - La Perla Austral<\/title>\n<meta name=\"description\" content=\"El Combate en Monte Dos Hermanas , accion de la compa\u00f1ia de comandos 602, en el monte dos Hermanas, Duro enfrentamiento contra el SAS\" \/>\n<meta name=\"robots\" content=\"index, follow, max-snippet:-1, max-image-preview:large, max-video-preview:-1\" \/>\n<link rel=\"canonical\" href=\"http:\/\/laperlaaustral.com.ar\/guerra-malvinas\/el-combate-en-monte-dos-hermanas\/\" \/>\n<meta property=\"og:locale\" content=\"es_ES\" \/>\n<meta property=\"og:type\" content=\"article\" \/>\n<meta property=\"og:title\" content=\"El Combate en Monte Dos Hermanas - La Perla Austral\" \/>\n<meta property=\"og:description\" content=\"El Combate en Monte Dos Hermanas , accion de la compa\u00f1ia de comandos 602, en el monte dos Hermanas, Duro enfrentamiento contra el SAS\" \/>\n<meta property=\"og:url\" content=\"http:\/\/laperlaaustral.com.ar\/guerra-malvinas\/el-combate-en-monte-dos-hermanas\/\" \/>\n<meta property=\"og:site_name\" content=\"La Perla Austral\" \/>\n<meta property=\"article:publisher\" content=\"https:\/\/www.facebook.com\/La-Perla-Austra-487959322032195\" \/>\n<meta property=\"article:published_time\" content=\"2019-06-24T10:05:14+00:00\" \/>\n<meta property=\"article:modified_time\" content=\"2019-08-14T07:39:51+00:00\" \/>\n<meta property=\"og:image\" content=\"http:\/\/laperlaaustral.com.ar\/guerra-malvinas\/wp-content\/uploads\/2019\/06\/sargento-ciisnero.jpg\" \/>\n\t<meta property=\"og:image:width\" content=\"800\" \/>\n\t<meta property=\"og:image:height\" content=\"567\" \/>\n\t<meta property=\"og:image:type\" content=\"image\/jpeg\" \/>\n<meta name=\"author\" content=\"GomRam\" \/>\n<meta name=\"twitter:card\" content=\"summary_large_image\" \/>\n<meta name=\"twitter:label1\" content=\"Escrito por\" \/>\n\t<meta name=\"twitter:data1\" content=\"GomRam\" \/>\n\t<meta name=\"twitter:label2\" content=\"Tiempo de lectura\" \/>\n\t<meta name=\"twitter:data2\" content=\"13 minutos\" \/>\n<script type=\"application\/ld+json\" class=\"yoast-schema-graph\">{\"@context\":\"https:\/\/schema.org\",\"@graph\":[{\"@type\":\"WebPage\",\"@id\":\"http:\/\/laperlaaustral.com.ar\/guerra-malvinas\/el-combate-en-monte-dos-hermanas\/\",\"url\":\"http:\/\/laperlaaustral.com.ar\/guerra-malvinas\/el-combate-en-monte-dos-hermanas\/\",\"name\":\"El Combate en Monte Dos Hermanas - La Perla Austral\",\"isPartOf\":{\"@id\":\"http:\/\/laperlaaustral.com.ar\/guerra-malvinas\/#website\"},\"primaryImageOfPage\":{\"@id\":\"http:\/\/laperlaaustral.com.ar\/guerra-malvinas\/el-combate-en-monte-dos-hermanas\/#primaryimage\"},\"image\":{\"@id\":\"http:\/\/laperlaaustral.com.ar\/guerra-malvinas\/el-combate-en-monte-dos-hermanas\/#primaryimage\"},\"thumbnailUrl\":\"https:\/\/laperlaaustral.com.ar\/guerra-malvinas\/wp-content\/uploads\/2019\/06\/sargento-ciisnero.jpg\",\"datePublished\":\"2019-06-24T10:05:14+00:00\",\"dateModified\":\"2019-08-14T07:39:51+00:00\",\"author\":{\"@id\":\"http:\/\/laperlaaustral.com.ar\/guerra-malvinas\/#\/schema\/person\/cccf8f0904f83654d5f2d5380e4eb4b9\"},\"description\":\"El Combate en Monte Dos Hermanas , accion de la compa\u00f1ia de comandos 602, en el monte dos Hermanas, Duro enfrentamiento contra el SAS\",\"breadcrumb\":{\"@id\":\"http:\/\/laperlaaustral.com.ar\/guerra-malvinas\/el-combate-en-monte-dos-hermanas\/#breadcrumb\"},\"inLanguage\":\"es\",\"potentialAction\":[{\"@type\":\"ReadAction\",\"target\":[\"http:\/\/laperlaaustral.com.ar\/guerra-malvinas\/el-combate-en-monte-dos-hermanas\/\"]}]},{\"@type\":\"ImageObject\",\"inLanguage\":\"es\",\"@id\":\"http:\/\/laperlaaustral.com.ar\/guerra-malvinas\/el-combate-en-monte-dos-hermanas\/#primaryimage\",\"url\":\"https:\/\/laperlaaustral.com.ar\/guerra-malvinas\/wp-content\/uploads\/2019\/06\/sargento-ciisnero.jpg\",\"contentUrl\":\"https:\/\/laperlaaustral.com.ar\/guerra-malvinas\/wp-content\/uploads\/2019\/06\/sargento-ciisnero.jpg\",\"width\":800,\"height\":567,\"caption\":\"Monte dos hermanas, emboscada Islas Malvinas en la guerra de Malvinas , Compa\u00f1ia de comandos 602\"},{\"@type\":\"BreadcrumbList\",\"@id\":\"http:\/\/laperlaaustral.com.ar\/guerra-malvinas\/el-combate-en-monte-dos-hermanas\/#breadcrumb\",\"itemListElement\":[{\"@type\":\"ListItem\",\"position\":1,\"name\":\"Portada\",\"item\":\"https:\/\/laperlaaustral.com.ar\/guerra-malvinas\/\"},{\"@type\":\"ListItem\",\"position\":2,\"name\":\"El Combate en Monte Dos Hermanas\"}]},{\"@type\":\"WebSite\",\"@id\":\"http:\/\/laperlaaustral.com.ar\/guerra-malvinas\/#website\",\"url\":\"http:\/\/laperlaaustral.com.ar\/guerra-malvinas\/\",\"name\":\"La Perla Austral\",\"description\":\"Guerra de Malvinas 1982\",\"potentialAction\":[{\"@type\":\"SearchAction\",\"target\":{\"@type\":\"EntryPoint\",\"urlTemplate\":\"http:\/\/laperlaaustral.com.ar\/guerra-malvinas\/?s={search_term_string}\"},\"query-input\":{\"@type\":\"PropertyValueSpecification\",\"valueRequired\":true,\"valueName\":\"search_term_string\"}}],\"inLanguage\":\"es\"},{\"@type\":\"Person\",\"@id\":\"http:\/\/laperlaaustral.com.ar\/guerra-malvinas\/#\/schema\/person\/cccf8f0904f83654d5f2d5380e4eb4b9\",\"name\":\"GomRam\",\"image\":{\"@type\":\"ImageObject\",\"inLanguage\":\"es\",\"@id\":\"http:\/\/laperlaaustral.com.ar\/guerra-malvinas\/#\/schema\/person\/image\/\",\"url\":\"https:\/\/secure.gravatar.com\/avatar\/a0f191abb2983305e8a2e850573cb20a?s=96&d=mm&r=g\",\"contentUrl\":\"https:\/\/secure.gravatar.com\/avatar\/a0f191abb2983305e8a2e850573cb20a?s=96&d=mm&r=g\",\"caption\":\"GomRam\"},\"url\":\"https:\/\/laperlaaustral.com.ar\/guerra-malvinas\/author\/ac000164\/\"}]}<\/script>\n<!-- \/ Yoast SEO plugin. -->","yoast_head_json":{"title":"El Combate en Monte Dos Hermanas - La Perla Austral","description":"El Combate en Monte Dos Hermanas , accion de la compa\u00f1ia de comandos 602, en el monte dos Hermanas, Duro enfrentamiento contra el SAS","robots":{"index":"index","follow":"follow","max-snippet":"max-snippet:-1","max-image-preview":"max-image-preview:large","max-video-preview":"max-video-preview:-1"},"canonical":"http:\/\/laperlaaustral.com.ar\/guerra-malvinas\/el-combate-en-monte-dos-hermanas\/","og_locale":"es_ES","og_type":"article","og_title":"El Combate en Monte Dos Hermanas - La Perla Austral","og_description":"El Combate en Monte Dos Hermanas , accion de la compa\u00f1ia de comandos 602, en el monte dos Hermanas, Duro enfrentamiento contra el SAS","og_url":"http:\/\/laperlaaustral.com.ar\/guerra-malvinas\/el-combate-en-monte-dos-hermanas\/","og_site_name":"La Perla Austral","article_publisher":"https:\/\/www.facebook.com\/La-Perla-Austra-487959322032195","article_published_time":"2019-06-24T10:05:14+00:00","article_modified_time":"2019-08-14T07:39:51+00:00","og_image":[{"width":800,"height":567,"url":"http:\/\/laperlaaustral.com.ar\/guerra-malvinas\/wp-content\/uploads\/2019\/06\/sargento-ciisnero.jpg","type":"image\/jpeg"}],"author":"GomRam","twitter_card":"summary_large_image","twitter_misc":{"Escrito por":"GomRam","Tiempo de lectura":"13 minutos"},"schema":{"@context":"https:\/\/schema.org","@graph":[{"@type":"WebPage","@id":"http:\/\/laperlaaustral.com.ar\/guerra-malvinas\/el-combate-en-monte-dos-hermanas\/","url":"http:\/\/laperlaaustral.com.ar\/guerra-malvinas\/el-combate-en-monte-dos-hermanas\/","name":"El Combate en Monte Dos Hermanas - La Perla Austral","isPartOf":{"@id":"http:\/\/laperlaaustral.com.ar\/guerra-malvinas\/#website"},"primaryImageOfPage":{"@id":"http:\/\/laperlaaustral.com.ar\/guerra-malvinas\/el-combate-en-monte-dos-hermanas\/#primaryimage"},"image":{"@id":"http:\/\/laperlaaustral.com.ar\/guerra-malvinas\/el-combate-en-monte-dos-hermanas\/#primaryimage"},"thumbnailUrl":"https:\/\/laperlaaustral.com.ar\/guerra-malvinas\/wp-content\/uploads\/2019\/06\/sargento-ciisnero.jpg","datePublished":"2019-06-24T10:05:14+00:00","dateModified":"2019-08-14T07:39:51+00:00","author":{"@id":"http:\/\/laperlaaustral.com.ar\/guerra-malvinas\/#\/schema\/person\/cccf8f0904f83654d5f2d5380e4eb4b9"},"description":"El Combate en Monte Dos Hermanas , accion de la compa\u00f1ia de comandos 602, en el monte dos Hermanas, Duro enfrentamiento contra el SAS","breadcrumb":{"@id":"http:\/\/laperlaaustral.com.ar\/guerra-malvinas\/el-combate-en-monte-dos-hermanas\/#breadcrumb"},"inLanguage":"es","potentialAction":[{"@type":"ReadAction","target":["http:\/\/laperlaaustral.com.ar\/guerra-malvinas\/el-combate-en-monte-dos-hermanas\/"]}]},{"@type":"ImageObject","inLanguage":"es","@id":"http:\/\/laperlaaustral.com.ar\/guerra-malvinas\/el-combate-en-monte-dos-hermanas\/#primaryimage","url":"https:\/\/laperlaaustral.com.ar\/guerra-malvinas\/wp-content\/uploads\/2019\/06\/sargento-ciisnero.jpg","contentUrl":"https:\/\/laperlaaustral.com.ar\/guerra-malvinas\/wp-content\/uploads\/2019\/06\/sargento-ciisnero.jpg","width":800,"height":567,"caption":"Monte dos hermanas, emboscada Islas Malvinas en la guerra de Malvinas , Compa\u00f1ia de comandos 602"},{"@type":"BreadcrumbList","@id":"http:\/\/laperlaaustral.com.ar\/guerra-malvinas\/el-combate-en-monte-dos-hermanas\/#breadcrumb","itemListElement":[{"@type":"ListItem","position":1,"name":"Portada","item":"https:\/\/laperlaaustral.com.ar\/guerra-malvinas\/"},{"@type":"ListItem","position":2,"name":"El Combate en Monte Dos Hermanas"}]},{"@type":"WebSite","@id":"http:\/\/laperlaaustral.com.ar\/guerra-malvinas\/#website","url":"http:\/\/laperlaaustral.com.ar\/guerra-malvinas\/","name":"La Perla Austral","description":"Guerra de Malvinas 1982","potentialAction":[{"@type":"SearchAction","target":{"@type":"EntryPoint","urlTemplate":"http:\/\/laperlaaustral.com.ar\/guerra-malvinas\/?s={search_term_string}"},"query-input":{"@type":"PropertyValueSpecification","valueRequired":true,"valueName":"search_term_string"}}],"inLanguage":"es"},{"@type":"Person","@id":"http:\/\/laperlaaustral.com.ar\/guerra-malvinas\/#\/schema\/person\/cccf8f0904f83654d5f2d5380e4eb4b9","name":"GomRam","image":{"@type":"ImageObject","inLanguage":"es","@id":"http:\/\/laperlaaustral.com.ar\/guerra-malvinas\/#\/schema\/person\/image\/","url":"https:\/\/secure.gravatar.com\/avatar\/a0f191abb2983305e8a2e850573cb20a?s=96&d=mm&r=g","contentUrl":"https:\/\/secure.gravatar.com\/avatar\/a0f191abb2983305e8a2e850573cb20a?s=96&d=mm&r=g","caption":"GomRam"},"url":"https:\/\/laperlaaustral.com.ar\/guerra-malvinas\/author\/ac000164\/"}]}},"_links":{"self":[{"href":"https:\/\/laperlaaustral.com.ar\/guerra-malvinas\/wp-json\/wp\/v2\/posts\/374"}],"collection":[{"href":"https:\/\/laperlaaustral.com.ar\/guerra-malvinas\/wp-json\/wp\/v2\/posts"}],"about":[{"href":"https:\/\/laperlaaustral.com.ar\/guerra-malvinas\/wp-json\/wp\/v2\/types\/post"}],"author":[{"embeddable":true,"href":"https:\/\/laperlaaustral.com.ar\/guerra-malvinas\/wp-json\/wp\/v2\/users\/2"}],"replies":[{"embeddable":true,"href":"https:\/\/laperlaaustral.com.ar\/guerra-malvinas\/wp-json\/wp\/v2\/comments?post=374"}],"version-history":[{"count":2,"href":"https:\/\/laperlaaustral.com.ar\/guerra-malvinas\/wp-json\/wp\/v2\/posts\/374\/revisions"}],"predecessor-version":[{"id":2977,"href":"https:\/\/laperlaaustral.com.ar\/guerra-malvinas\/wp-json\/wp\/v2\/posts\/374\/revisions\/2977"}],"wp:featuredmedia":[{"embeddable":true,"href":"https:\/\/laperlaaustral.com.ar\/guerra-malvinas\/wp-json\/wp\/v2\/media\/2976"}],"wp:attachment":[{"href":"https:\/\/laperlaaustral.com.ar\/guerra-malvinas\/wp-json\/wp\/v2\/media?parent=374"}],"wp:term":[{"taxonomy":"category","embeddable":true,"href":"https:\/\/laperlaaustral.com.ar\/guerra-malvinas\/wp-json\/wp\/v2\/categories?post=374"},{"taxonomy":"post_tag","embeddable":true,"href":"https:\/\/laperlaaustral.com.ar\/guerra-malvinas\/wp-json\/wp\/v2\/tags?post=374"}],"curies":[{"name":"wp","href":"https:\/\/api.w.org\/{rel}","templated":true}]}}