{"id":366,"date":"2019-06-24T09:49:36","date_gmt":"2019-06-24T09:49:36","guid":{"rendered":"https:\/\/laperlaaustral.com.ar\/guerra-malvinas\/?p=366"},"modified":"2019-06-30T13:58:42","modified_gmt":"2019-06-30T13:58:42","slug":"testimonio-del-ex-soldado-horacio-ghittoni","status":"publish","type":"post","link":"https:\/\/laperlaaustral.com.ar\/guerra-malvinas\/testimonio-del-ex-soldado-horacio-ghittoni\/","title":{"rendered":"Testimonio del Ex Soldado Ram\u00f3n El\u00edas Mango"},"content":{"rendered":"\n<h5 class=\"wp-block-heading\">Guerra de Malvinas Grupo de Artilleria 3<\/h5>\n\n\n\n<table class=\"wp-block-table\"><tbody><tr><td><em> \u00a0 Testimonio del Ex Soldado Horacio Ghittoni  <\/em><\/td><\/tr><\/tbody><\/table>\n\n\n\n<p>\nPertenec\u00ed  al Grupo de Artiller\u00eda 3 (GA 3) de Paso de los Libres y \nparticip\u00e9 en  las operaciones en Malvinas, a las que llegu\u00e9 el 13 de \nabril en vuelo  desde R\u00edo Gallegos.  <\/p>\n\n\n\n<p>D\u00edas\n  despu\u00e9s fui destinado a la Bater\u00eda de Tiro C, la cual tom\u00f3 posici\u00f3n a 9\n  km al Oeste de Puerto Argentino. Mi rol de combate fue el de operador \n del Centro de Direcci\u00f3n de Tiro (CDT). <\/p>\n\n\n\n<p>Posteriormente\n fui asignado al CDT del Grupo. Para ello nos hab\u00edamos preparado durante\n el a\u00f1o anterior. Fuimos  la primera subunidad de Artiller\u00eda de Campa\u00f1a \nque entramos en combate,  precisamente el d\u00eda 3 de junio. Hasta ese \nmomento s\u00f3lo vimos derribar  aviones por nuestra artiller\u00eda antia\u00e9rea. <\/p>\n\n\n\n<p>Anteriormente\n  hab\u00edamos soportado el hostigamiento de la artiller\u00eda naval enemiga y  \nvarias veces impactaron muy cerca de la posici\u00f3n; tal fue el caso de un \n \u00abpepazo\u00bb (como lo llam\u00e1bamos) que cay\u00f3 a 2 metros de la 4ta Pieza de mi\n  bater\u00eda y que felizmente no explot\u00f3, permaneciendo enterrado a 1,50  \nmetros.<\/p>\n\n\n\n<p>  An\u00edmicamente  en la posici\u00f3n no deca\u00edamos y mucho menos cuando  escuch\u00e1bamos nuestro  ca\u00f1ones 155mm. responderles a las fragatas  inglesas. <\/p>\n\n\n\n<p>El fr\u00edo lo  soportamos y el racionamiento del Grupo estuvo muy  bien, excepto entre  el 18 y el 24 de mayo que nuestra cocina  funcionaba a medias por los  ataques a\u00e9reos y navales (nos mandaron  raci\u00f3n fr\u00eda desde Puerto  Argentino por orden del Jefe de Unidad).<\/p>\n\n\n\n<p> Fui trasladado despu\u00e9s al sur de Puerto Argentino, donde integr\u00e9 el CDT del Grupo.<br>  Los  pedidos de fuego se hac\u00edan m\u00e1s frecuentes en los \u00faltimos d\u00edas. En   aquellos d\u00edas me toc\u00f3 dirigir el tiro de la Bater\u00eda A, desde el CDT,   bajo las \u00f3rdenes del Jefe de Grupo y del Mayor Belocchio.<\/p>\n\n\n\n<p>  El  d\u00eda 12 de junio, con la Bater\u00eda A, hicimos fuego sobre Monte  Longdon y  por primera vez v\u00ed el efecto de nuestros Oto Melara, calibre  105mm. Creo  que mi mayor emoci\u00f3n como mortal, fue precisamente ese d\u00eda,  dirig\u00ed el  fuego desde el CDT, correg\u00ed y batimos sistem\u00e1ticamente la  zona durante  m\u00e1s de una hora.<\/p>\n\n\n\n<p> A   partir de ese d\u00eda, el combate se hizo mucho m\u00e1s intenso. El ambiente   ol\u00eda a p\u00f3lvora, nosotros est\u00e1bamos sordos por las propias detonaciones y   por las del enemigo, que cada vez ca\u00edan m\u00e1s cerca. El 13 de junio  pens\u00e9  realmente que no lo pas\u00e1bamos&#8230;., y as\u00ed lleg\u00f3 la rendici\u00f3n el 14   conocida por todos.<\/p>\n\n\n\n<p> No me cansar\u00e9 de expresar que con hombres como los del GA 3 volver\u00eda a combatir por mi Patria hoy mismo.<\/p>\n\n\n\n<p><br> \u00abLa Artiller\u00eda Argentina en Malvinas\u00bb,<br> Horacio Rodr\u00edguez Mottino,<br> Editorial Cl\u00edo,<br> Buenos Aires, 1984  <\/p>\n","protected":false},"excerpt":{"rendered":"<p>Guerra de Malvinas Grupo de Artilleria 3 \u00a0 Testimonio del Ex Soldado Horacio Ghittoni Pertenec\u00ed al Grupo de Artiller\u00eda 3 (GA 3) de Paso de los Libres y particip\u00e9 en las operaciones en Malvinas, a las que llegu\u00e9 el 13 de abril en vuelo desde R\u00edo Gallegos. D\u00edas despu\u00e9s fui destinado a la Bater\u00eda de&hellip; <br \/> <a class=\"read-more\" href=\"https:\/\/laperlaaustral.com.ar\/guerra-malvinas\/testimonio-del-ex-soldado-horacio-ghittoni\/\">Leer m\u00e1s<\/a><\/p>\n","protected":false},"author":2,"featured_media":0,"comment_status":"open","ping_status":"open","sticky":false,"template":"","format":"standard","meta":{"_monsterinsights_skip_tracking":false,"_monsterinsights_sitenote_active":false,"_monsterinsights_sitenote_note":"","_monsterinsights_sitenote_category":0,"footnotes":""},"categories":[97],"tags":[133,136,34,128],"yoast_head":"<!-- This site is optimized with the Yoast SEO plugin v23.4 - https:\/\/yoast.com\/wordpress\/plugins\/seo\/ -->\n<title>Testimonio del Ex Soldado Ram\u00f3n El\u00edas Mango - La Perla Austral<\/title>\n<meta name=\"robots\" content=\"index, follow, max-snippet:-1, max-image-preview:large, max-video-preview:-1\" \/>\n<link rel=\"canonical\" href=\"http:\/\/laperlaaustral.com.ar\/guerra-malvinas\/testimonio-del-ex-soldado-horacio-ghittoni\/\" \/>\n<meta property=\"og:locale\" content=\"es_ES\" \/>\n<meta property=\"og:type\" content=\"article\" \/>\n<meta property=\"og:title\" content=\"Testimonio del Ex Soldado Ram\u00f3n El\u00edas Mango - La Perla Austral\" \/>\n<meta property=\"og:description\" content=\"Guerra de Malvinas Grupo de Artilleria 3 \u00a0 Testimonio del Ex Soldado Horacio Ghittoni Pertenec\u00ed al Grupo de Artiller\u00eda 3 (GA 3) de Paso de los Libres y particip\u00e9 en las operaciones en Malvinas, a las que llegu\u00e9 el 13 de abril en vuelo desde R\u00edo Gallegos. D\u00edas despu\u00e9s fui destinado a la Bater\u00eda de&hellip; Leer m\u00e1s\" \/>\n<meta property=\"og:url\" content=\"http:\/\/laperlaaustral.com.ar\/guerra-malvinas\/testimonio-del-ex-soldado-horacio-ghittoni\/\" \/>\n<meta property=\"og:site_name\" content=\"La Perla Austral\" \/>\n<meta property=\"article:publisher\" content=\"https:\/\/www.facebook.com\/La-Perla-Austra-487959322032195\" \/>\n<meta property=\"article:published_time\" content=\"2019-06-24T09:49:36+00:00\" \/>\n<meta property=\"article:modified_time\" content=\"2019-06-30T13:58:42+00:00\" \/>\n<meta name=\"author\" content=\"GomRam\" \/>\n<meta name=\"twitter:card\" content=\"summary_large_image\" \/>\n<meta name=\"twitter:label1\" content=\"Escrito por\" \/>\n\t<meta name=\"twitter:data1\" content=\"GomRam\" \/>\n\t<meta name=\"twitter:label2\" content=\"Tiempo de lectura\" \/>\n\t<meta name=\"twitter:data2\" content=\"2 minutos\" \/>\n<script type=\"application\/ld+json\" class=\"yoast-schema-graph\">{\"@context\":\"https:\/\/schema.org\",\"@graph\":[{\"@type\":\"WebPage\",\"@id\":\"http:\/\/laperlaaustral.com.ar\/guerra-malvinas\/testimonio-del-ex-soldado-horacio-ghittoni\/\",\"url\":\"http:\/\/laperlaaustral.com.ar\/guerra-malvinas\/testimonio-del-ex-soldado-horacio-ghittoni\/\",\"name\":\"Testimonio del Ex Soldado Ram\u00f3n El\u00edas Mango - La Perla Austral\",\"isPartOf\":{\"@id\":\"http:\/\/laperlaaustral.com.ar\/guerra-malvinas\/#website\"},\"datePublished\":\"2019-06-24T09:49:36+00:00\",\"dateModified\":\"2019-06-30T13:58:42+00:00\",\"author\":{\"@id\":\"http:\/\/laperlaaustral.com.ar\/guerra-malvinas\/#\/schema\/person\/cccf8f0904f83654d5f2d5380e4eb4b9\"},\"breadcrumb\":{\"@id\":\"http:\/\/laperlaaustral.com.ar\/guerra-malvinas\/testimonio-del-ex-soldado-horacio-ghittoni\/#breadcrumb\"},\"inLanguage\":\"es\",\"potentialAction\":[{\"@type\":\"ReadAction\",\"target\":[\"http:\/\/laperlaaustral.com.ar\/guerra-malvinas\/testimonio-del-ex-soldado-horacio-ghittoni\/\"]}]},{\"@type\":\"BreadcrumbList\",\"@id\":\"http:\/\/laperlaaustral.com.ar\/guerra-malvinas\/testimonio-del-ex-soldado-horacio-ghittoni\/#breadcrumb\",\"itemListElement\":[{\"@type\":\"ListItem\",\"position\":1,\"name\":\"Portada\",\"item\":\"https:\/\/laperlaaustral.com.ar\/guerra-malvinas\/\"},{\"@type\":\"ListItem\",\"position\":2,\"name\":\"Testimonio del Ex Soldado Ram\u00f3n El\u00edas Mango\"}]},{\"@type\":\"WebSite\",\"@id\":\"http:\/\/laperlaaustral.com.ar\/guerra-malvinas\/#website\",\"url\":\"http:\/\/laperlaaustral.com.ar\/guerra-malvinas\/\",\"name\":\"La Perla Austral\",\"description\":\"Guerra de Malvinas 1982\",\"potentialAction\":[{\"@type\":\"SearchAction\",\"target\":{\"@type\":\"EntryPoint\",\"urlTemplate\":\"http:\/\/laperlaaustral.com.ar\/guerra-malvinas\/?s={search_term_string}\"},\"query-input\":{\"@type\":\"PropertyValueSpecification\",\"valueRequired\":true,\"valueName\":\"search_term_string\"}}],\"inLanguage\":\"es\"},{\"@type\":\"Person\",\"@id\":\"http:\/\/laperlaaustral.com.ar\/guerra-malvinas\/#\/schema\/person\/cccf8f0904f83654d5f2d5380e4eb4b9\",\"name\":\"GomRam\",\"image\":{\"@type\":\"ImageObject\",\"inLanguage\":\"es\",\"@id\":\"http:\/\/laperlaaustral.com.ar\/guerra-malvinas\/#\/schema\/person\/image\/\",\"url\":\"https:\/\/secure.gravatar.com\/avatar\/a0f191abb2983305e8a2e850573cb20a?s=96&d=mm&r=g\",\"contentUrl\":\"https:\/\/secure.gravatar.com\/avatar\/a0f191abb2983305e8a2e850573cb20a?s=96&d=mm&r=g\",\"caption\":\"GomRam\"},\"url\":\"https:\/\/laperlaaustral.com.ar\/guerra-malvinas\/author\/ac000164\/\"}]}<\/script>\n<!-- \/ Yoast SEO plugin. -->","yoast_head_json":{"title":"Testimonio del Ex Soldado Ram\u00f3n El\u00edas Mango - La Perla Austral","robots":{"index":"index","follow":"follow","max-snippet":"max-snippet:-1","max-image-preview":"max-image-preview:large","max-video-preview":"max-video-preview:-1"},"canonical":"http:\/\/laperlaaustral.com.ar\/guerra-malvinas\/testimonio-del-ex-soldado-horacio-ghittoni\/","og_locale":"es_ES","og_type":"article","og_title":"Testimonio del Ex Soldado Ram\u00f3n El\u00edas Mango - La Perla Austral","og_description":"Guerra de Malvinas Grupo de Artilleria 3 \u00a0 Testimonio del Ex Soldado Horacio Ghittoni Pertenec\u00ed al Grupo de Artiller\u00eda 3 (GA 3) de Paso de los Libres y particip\u00e9 en las operaciones en Malvinas, a las que llegu\u00e9 el 13 de abril en vuelo desde R\u00edo Gallegos. D\u00edas despu\u00e9s fui destinado a la Bater\u00eda de&hellip; Leer m\u00e1s","og_url":"http:\/\/laperlaaustral.com.ar\/guerra-malvinas\/testimonio-del-ex-soldado-horacio-ghittoni\/","og_site_name":"La Perla Austral","article_publisher":"https:\/\/www.facebook.com\/La-Perla-Austra-487959322032195","article_published_time":"2019-06-24T09:49:36+00:00","article_modified_time":"2019-06-30T13:58:42+00:00","author":"GomRam","twitter_card":"summary_large_image","twitter_misc":{"Escrito por":"GomRam","Tiempo de lectura":"2 minutos"},"schema":{"@context":"https:\/\/schema.org","@graph":[{"@type":"WebPage","@id":"http:\/\/laperlaaustral.com.ar\/guerra-malvinas\/testimonio-del-ex-soldado-horacio-ghittoni\/","url":"http:\/\/laperlaaustral.com.ar\/guerra-malvinas\/testimonio-del-ex-soldado-horacio-ghittoni\/","name":"Testimonio del Ex Soldado Ram\u00f3n El\u00edas Mango - La Perla Austral","isPartOf":{"@id":"http:\/\/laperlaaustral.com.ar\/guerra-malvinas\/#website"},"datePublished":"2019-06-24T09:49:36+00:00","dateModified":"2019-06-30T13:58:42+00:00","author":{"@id":"http:\/\/laperlaaustral.com.ar\/guerra-malvinas\/#\/schema\/person\/cccf8f0904f83654d5f2d5380e4eb4b9"},"breadcrumb":{"@id":"http:\/\/laperlaaustral.com.ar\/guerra-malvinas\/testimonio-del-ex-soldado-horacio-ghittoni\/#breadcrumb"},"inLanguage":"es","potentialAction":[{"@type":"ReadAction","target":["http:\/\/laperlaaustral.com.ar\/guerra-malvinas\/testimonio-del-ex-soldado-horacio-ghittoni\/"]}]},{"@type":"BreadcrumbList","@id":"http:\/\/laperlaaustral.com.ar\/guerra-malvinas\/testimonio-del-ex-soldado-horacio-ghittoni\/#breadcrumb","itemListElement":[{"@type":"ListItem","position":1,"name":"Portada","item":"https:\/\/laperlaaustral.com.ar\/guerra-malvinas\/"},{"@type":"ListItem","position":2,"name":"Testimonio del Ex Soldado Ram\u00f3n El\u00edas Mango"}]},{"@type":"WebSite","@id":"http:\/\/laperlaaustral.com.ar\/guerra-malvinas\/#website","url":"http:\/\/laperlaaustral.com.ar\/guerra-malvinas\/","name":"La Perla Austral","description":"Guerra de Malvinas 1982","potentialAction":[{"@type":"SearchAction","target":{"@type":"EntryPoint","urlTemplate":"http:\/\/laperlaaustral.com.ar\/guerra-malvinas\/?s={search_term_string}"},"query-input":{"@type":"PropertyValueSpecification","valueRequired":true,"valueName":"search_term_string"}}],"inLanguage":"es"},{"@type":"Person","@id":"http:\/\/laperlaaustral.com.ar\/guerra-malvinas\/#\/schema\/person\/cccf8f0904f83654d5f2d5380e4eb4b9","name":"GomRam","image":{"@type":"ImageObject","inLanguage":"es","@id":"http:\/\/laperlaaustral.com.ar\/guerra-malvinas\/#\/schema\/person\/image\/","url":"https:\/\/secure.gravatar.com\/avatar\/a0f191abb2983305e8a2e850573cb20a?s=96&d=mm&r=g","contentUrl":"https:\/\/secure.gravatar.com\/avatar\/a0f191abb2983305e8a2e850573cb20a?s=96&d=mm&r=g","caption":"GomRam"},"url":"https:\/\/laperlaaustral.com.ar\/guerra-malvinas\/author\/ac000164\/"}]}},"_links":{"self":[{"href":"https:\/\/laperlaaustral.com.ar\/guerra-malvinas\/wp-json\/wp\/v2\/posts\/366"}],"collection":[{"href":"https:\/\/laperlaaustral.com.ar\/guerra-malvinas\/wp-json\/wp\/v2\/posts"}],"about":[{"href":"https:\/\/laperlaaustral.com.ar\/guerra-malvinas\/wp-json\/wp\/v2\/types\/post"}],"author":[{"embeddable":true,"href":"https:\/\/laperlaaustral.com.ar\/guerra-malvinas\/wp-json\/wp\/v2\/users\/2"}],"replies":[{"embeddable":true,"href":"https:\/\/laperlaaustral.com.ar\/guerra-malvinas\/wp-json\/wp\/v2\/comments?post=366"}],"version-history":[{"count":3,"href":"https:\/\/laperlaaustral.com.ar\/guerra-malvinas\/wp-json\/wp\/v2\/posts\/366\/revisions"}],"predecessor-version":[{"id":1083,"href":"https:\/\/laperlaaustral.com.ar\/guerra-malvinas\/wp-json\/wp\/v2\/posts\/366\/revisions\/1083"}],"wp:attachment":[{"href":"https:\/\/laperlaaustral.com.ar\/guerra-malvinas\/wp-json\/wp\/v2\/media?parent=366"}],"wp:term":[{"taxonomy":"category","embeddable":true,"href":"https:\/\/laperlaaustral.com.ar\/guerra-malvinas\/wp-json\/wp\/v2\/categories?post=366"},{"taxonomy":"post_tag","embeddable":true,"href":"https:\/\/laperlaaustral.com.ar\/guerra-malvinas\/wp-json\/wp\/v2\/tags?post=366"}],"curies":[{"name":"wp","href":"https:\/\/api.w.org\/{rel}","templated":true}]}}