{"id":360,"date":"2019-06-24T09:39:31","date_gmt":"2019-06-24T09:39:31","guid":{"rendered":"https:\/\/laperlaaustral.com.ar\/guerra-malvinas\/?p=360"},"modified":"2019-06-24T09:39:31","modified_gmt":"2019-06-24T09:39:31","slug":"testimonio-del-teniente-general-d-martin-antonio-balza","status":"publish","type":"post","link":"https:\/\/laperlaaustral.com.ar\/guerra-malvinas\/testimonio-del-teniente-general-d-martin-antonio-balza\/","title":{"rendered":"Testimonio del Teniente General D Mart\u00edn Antonio Balza"},"content":{"rendered":"\n<h3 class=\"wp-block-heading\">Guerra de Malvinas Grupo de Artilleria 3<\/h3>\n\n\n\n<table class=\"wp-block-table\"><tbody><tr><td> Testimonio del Teniente General D Mart\u00edn Antonio Balza \u00a0 <br>Ex &#8211; Jefe del Grupo de Artiller\u00eda 3 <br><br>Ser  un prisionero de guerra proporciona una situaci\u00f3n ideal para la  reflexi\u00f3n. Hay tiempo disponible y los pensamientos acuden en tropel a  la mente que hasta hace poco estuvo ocupada por entero en combatir y  cuidar a los hombres que uno ten\u00eda bajo su mando. As\u00ed discurr\u00eda yo en  mis largas cavilaciones dentro del viejo frigor\u00edfico abandonado en San  Carlos, donde los ingleses nos ten\u00edan alojados a un grupo de oficiales  argentinos prisioneros. Nos acompa\u00f1aba la vecindad de dos bombas  argentinas de 500 libras sin explotar, incrustadas en el lugar. Y vaya  si hab\u00eda cosas para pensar en aquel momento, cuando la derrota militar  nos presentaba la que cre\u00edamos era su peor cara.<br> Un  mes despu\u00e9s, al regresar al continente descubrir\u00edamos que lo peor nos  esperaba en la forma de la indiferencia, cuando no el mal trato de los  superiores. Y tambi\u00e9n esa penosa sensaci\u00f3n de que la culpa se estaba  buscando en los que combatieron, la misma que en el mundo ya hab\u00edan  experimentado otros soldados tras una derrota, como los norteamericanos  que regresaron de Vietnam.<br> Pero  fue en esas largas semanas de prisionero que, adem\u00e1s de preguntarme  como cualquiera c\u00f3mo lo estar\u00edan pasando mi esposa y mis cuatro hijos (a  la m\u00e1s peque\u00f1a todav\u00eda no la conoc\u00eda, hab\u00eda nacido estando yo en  Malvinas) empec\u00e9 a poner en orden todos los sucesos que me hab\u00edan tra\u00eddo  hasta aqu\u00ed.<br> \u00a1Qu\u00e9 atr\u00e1s quedaron aquellos momentos iniciales en que nos sacudi\u00f3 la noticia del 2 de abril! <br> Aquella  ma\u00f1ana, a las 7.30 de ese viernes, hab\u00eda llegado a mi oficina en el  Grupo de Artiller\u00eda 3 &#8211; GA 3 -, en Paso de los Libres, Corrientes, all\u00ed  me enter\u00e9 de la recuperaci\u00f3n de nuestras islas. La sorpresa de la  guarnici\u00f3n no fue nada comparada con la euforia que gan\u00f3 al poco rato  las calles del pueblo; los autos daban vueltas a la plaza tocando  bocina. Compart\u00ed la alegr\u00eda esa ma\u00f1ana, pero para nosotros los militares  era imposible no pensar en lo que vendr\u00eda y yo termin\u00e9 la jornada con  esa preocupaci\u00f3n.<br> Tres d\u00edas despu\u00e9s me dieron la orden de marchar  con mi unidad a Buenos Aires. Destino: desconocido. Probablemente el  Sur; otros dec\u00edan Malvinas&#8230;<br> Lo que no olvidar\u00e9 fue el espont\u00e1neo  apoyo que la gente de Paso de los Libres nos dio apenas corri\u00f3 la  noticia de que el GA 3 hab\u00eda sido movilizado y se aprestaba a partir.  Como siempre, son los m\u00e1s humildes los que tienen m\u00e1s a flor de piel el  sentimiento solidario. Y aqu\u00e9lla no fue una excepci\u00f3n. Bufandas,  guantes, medias tejidas a mano y tantas otras cosas les fueron  entregadas a nuestros soldados que estaban por marchar con destino  incierto, pero a cumplir con lo que les ped\u00eda la patria. Eso la gente lo  ten\u00eda bien claro.<br> Por eso es que cuando lleg\u00f3 la hora de la  despedida, en la estaci\u00f3n del ferrocarril estaba todo el pueblo.  Partimos y en cambio no hubo ning\u00fan mando superior que nos saludara, ni  mi comandante de Brigada, ni qu\u00e9 decir el comandante del Cuerpo de  Ej\u00e9rcito. Para m\u00ed y mis soldados tampoco hubo ni siquiera un llamado  telef\u00f3nico de despedida de los altos mandos. Arranc\u00f3 el tren y salimos,  s\u00f3lo acompa\u00f1ados por los aplausos y los v\u00edtores de la gente que nos  deseaba buena suerte y las l\u00e1grimas de nuestras esposas e hijos. No lo  sab\u00edamos oficialmente, pero part\u00edamos hacia la guerra y como suele  suceder, alguno no volver\u00eda, algo que hasta en un pueblo de paz como el  nuestro, la gente no ignora y por eso estaban all\u00ed.<br> En el and\u00e9n de  la estaci\u00f3n que se fue quedando atr\u00e1s aquella noche del viernes 9 de  abril, muchos de nosotros dej\u00e1bamos nuestros mejores afectos. En lo  personal, all\u00e1 quedaba mi esposa Mar\u00eda In\u00e9s, esperando nuestro cuarto  hijo, que nacer\u00eda el 22 de abril y a quien yo reci\u00e9n conocer\u00eda tres  meses despu\u00e9s&#8230;<br> <br> <strong>En el tren: un repaso a la instrucci\u00f3n<\/strong><br> El  largo trayecto entre Libres y Buenos Aires y, cambio de tren mediante,  Buenos Aires a Bah\u00eda Blanca lo aprovechamos para perfeccionar algunos  aspectos de la instrucci\u00f3n, a pesar de que oficiales, suboficiales y  soldados llevaban quince meses de adiestramiento juntos. Mientras se  robustec\u00eda en m\u00ed la convicci\u00f3n de que fuera cual fuese la situaci\u00f3n  deb\u00edamos estar preparados para la m\u00e1xima prueba del combate, compart\u00eda  con mis oficiales y suboficiales la preocupaci\u00f3n por tener a la gente en  el mejor nivel de aptitud. Esa era, ocup\u00e1ndonos del equipo y las cosas  pr\u00e1cticas, la mejor manera de alejar la incertidumbre que nos acosa  siempre que se avecina una instancia desconocida. Casi no prestamos  mucha atenci\u00f3n a la euforia de Plaza de Mayo, que escuchamos por la  radio en un momento del viaje. Ten\u00edamos conciencia de que no \u00edbamos a un  desfile.<br> Que ese estado de conciencia no era igualmente compartido  por otra gente, empezar\u00eda a descubrirlo pronto. A nuestra llegada a  Bah\u00eda Blanca y mientras mi unidad proced\u00eda a descargar sus bagajes, me  present\u00e9 en el Comando del Quinto Cuerpo. Me recibi\u00f3 el segundo  comandante, quien para mi sorpresa me pregunt\u00f3:<br> -\u00bfQu\u00e9 hace usted aqu\u00ed?<br> -\u00a1Si usted no lo sabe! &#8211; le respond\u00ed.<br>  Regres\u00e9 adonde estaba mi gente haciendo un esfuerzo para disimular la  contrariedad que me hab\u00eda producido hallar tan poca consistencia en la  superioridad y convencido m\u00e1s que nunca de que ten\u00edamos que preocuparnos  nosotros mismos por hacer las cosas bien.<br> Horas despu\u00e9s lleg\u00f3 la  orden desde Buenos Aires. Ten\u00edamos que cruzar a Malvinas con nuestro  Grupo de Artiller\u00eda. La realidad se impon\u00eda vertiginosamente.<br> <br> <strong>Vamos a la guerra<\/strong><br> Empez\u00f3  una carrera contra reloj para tener todo el equipo acondicionado para  el transporte que, de acuerdo con las \u00f3rdenes recibidas, iba a ser  a\u00e9reo. S\u00f3lo dispondr\u00eda de cinco aviones para embarcar las piezas de  artiller\u00eda y los hombres. De ellos s\u00f3lo tres eran transportes H\u00e9rcules  C-130 de gran capacidad y aptos para el material pesado.<br> Ya que no  podr\u00eda pasar la unidad al completo a Malvinas, lo primero fue  seleccionar a la gente que \u00abdar\u00eda el salto\u00bb. De eso me ocup\u00e9  personalmente, lo mismo que de otra tarea que entendimos ten\u00edamos que  hacer antes de partir. Era la \u00faltima oportunidad disponible de comprar  las cosas que no ten\u00edamos, que no nos hab\u00edan sido provistas y que \u00edbamos  a necesitar seguramente en las islas.<br> Con dinero personal que ten\u00eda  ahorrado adquirimos toda clase de comida en latas, especialmente corned  beef, pat\u00e9, picadillo y duraznos al natural. Otro tanto hicimos con las  pilas para las linternas y las radios que no nos pod\u00edan faltar.<br> Y a  todo ello agregamos un elemento que la experiencia de salir al terreno  nos marcaba prioritario: telas de pl\u00e1stico, muchos metros de ese  material para diverso empleo, tan \u00fatil para poner a salvo de la lluvia y  la humedad las cosas como para impermeabilizar nuestras propias  posiciones. Eso, como los alimentos que previsoramente embarcamos, lo  pagu\u00e9, reitero, con dinero propio.<br> \u00a1Y lo bien que nos vino hacerlo!  En toda la campa\u00f1a nunca tuve la suerte de que me entregaran una raci\u00f3n  de las preparadas en el continente.<br> Finalmente, todo estuvo estibado  a bordo de los aviones y cruzamos. Sobrevolamos el mar sin mayores  alternativas y arribamos a la pista de Puerto Argentino a las 3.30 de la  madrugada del 13 de abril. Mi primera impresi\u00f3n fue la de un caos  total, la desorganizaci\u00f3n reinaba en la capital de nuestro archipi\u00e9lago  reci\u00e9n recuperado.<br> <strong>\u00abHablemos en serio\u00bb<\/strong><br> Nuestros  primeros d\u00edas en el sector que se nos asign\u00f3 fueron de intensa tarea.  Trabamos contacto con la naturaleza del suelo malvinero, la turba, las  rocas aflorando y en general la blandura permeable y el afloramiento de  agua a poca profundidad.<br> Empleamos una retroexcavadora y construimos  las posiciones de las bater\u00edas. \u00abComo jode El Flaco con las  fortificaciones\u00bb fue una frase muy o\u00edda en esas primeras jornadas.  Despu\u00e9s, al irse haciendo veteranos, ser\u00edan mis propios soldados los que  se preocupar\u00edan por fortificar bien cada posici\u00f3n.<br> S\u00e9 que lo que  menos les gust\u00f3 todav\u00eda fue cuando orden\u00e9 construir m\u00e1s posiciones pero  esta vez simuladas, en distintos lugares. Sin embargo despu\u00e9s, cuando la  batalla nos envolvi\u00f3 en su fragor, se valorar\u00eda lo realizado.<br> El  caso es que, una vez instalados, me present\u00e9 al comandante de la  Agrupaci\u00f3n Ej\u00e9rcito Puerto Argentino para formularle un requerimiento.  Le ped\u00ed que gestionara el env\u00edo de artiller\u00eda de 155 mm, como los  ca\u00f1ones Sofma que ten\u00eda el Ej\u00e9rcito. Mi argumento era sencillo: los Oto  Melara de 105 mm. de que dispon\u00eda mi unidad apenas alcanzaban a los  10.200 metros, en tanto que los Sofma pod\u00edan poner un proyectil de mayor  calibre hasta a 20.000 metros. Como vio que me quedaba esperando una  respuesta, o al menos una opini\u00f3n suya, el se\u00f1or general expres\u00f3:<br> -\u00a1Hablemos en serio! \u00bfUsted cree que habr\u00e1 enfrentamiento con los ingleses?<br> Le contest\u00e9 con un lac\u00f3nico: -\u00a1S\u00ed!<br> Una tensa espera<br>  A pesar de la ch\u00e1chara de los improvisados estrategas que a veces  o\u00edamos por radio y de la poca seriedad con que algunos que deb\u00edan ser  serios tramitaban las cosas de la guerra, lo cierto es que nos est\u00e1bamos  encaminando al choque armado.<br> Las visitas de los generales Galtieri  y Nicolaides a las islas no trajeron cambio alguno en la situaci\u00f3n de  improvisaci\u00f3n en que se debat\u00eda la guarnici\u00f3n que deber\u00eda defenderlas  del ataque brit\u00e1nico en ciernes.<br> Por mi parte, yo era uno m\u00e1s de los  que cada d\u00eda se convenc\u00edan de lo insensato de la guerra que se  avecinaba. Comprobaba asimismo que la falta de previsi\u00f3n no inquietaba a  la mayor\u00eda de los altos mandos en el continente.<br> No hac\u00eda falta ser  un genio para comprender que encerrados en las islas, sin dominio del  mar y sin dominio del aire, no \u00edbamos a tener mucha chance de vencer.<br>  Seguimos oyendo imbecilidades. Como que \u00ablos barcos ingleses no van a  llegar hasta aqu\u00ed\u00bb, o \u00abellos creen que \u00e9stas son unas islas caribe\u00f1as\u00bb o  \u00abvan a llegar mareados y sin aptitud para combatir\u00bb o eso de que \u00ablos  norteamericanos est\u00e1n con nosotros y no se van a meter\u00bb. Estas pavadas  formaron parte de la p\u00e9sima acci\u00f3n psicol\u00f3gica que llegaba desde el  continente mediante panfletos y caricaturas.<br> Despu\u00e9s, cuando se  sab\u00eda que ya estaban los barcos en el Atl\u00e1ntico Sur, se insist\u00eda: \u00abs\u00ed,  pero no van a intentar un desembarco porque no traen suficiente gente y  sufrir\u00edan muchas p\u00e9rdidas&#8230;\u00bb<br> Entretanto, la desastrosa comunicaci\u00f3n  institucional aplicada por el Estado Mayor Conjunto rend\u00eda los  resultados de esperar, contribuyendo tanto a la confusi\u00f3n de los propios  como al lucimiento de los adversarios.<br> No es \u00e9ste el lugar para una  cr\u00edtica pormenorizada de estos temas, pero no es f\u00e1cil pasarlos por  alto cuando uno se ubica en aquellos d\u00edas previos a la batalla. El caso  es que hubo una hora de un d\u00eda en que todas las especulaciones que se  ven\u00edan abarajando, con fundamento o disparatadas, llegaron a su fin.<br> Fue a las 4.42 de la ma\u00f1ana del 1\u00ba de mayo de 1982, cuando un alerta nos sacudi\u00f3.<br> -\u00a1Atacan el aeropuerto!<br>  Con ese bombardeo brit\u00e1nico sobre Puerto Argentino y la Base A\u00e9rea  Militar C\u00f3ndor se iniciaron las acciones b\u00e9licas. Los antecedentes  pol\u00edticos que condujeron a eso pasaban a ser historia antigua. Ahora  eran los ca\u00f1ones los que ten\u00edan que hablar.<br> <strong>La hora de la verdad<\/strong><br> Los  ingleses desembarcaron en las islas tres grupos de artiller\u00eda. El  n\u00famero de piezas con que contaban oscilaba entre 54 y 60, porque cada  grupo de artiller\u00eda tiene tres bater\u00edas de tiro y cada de esas bater\u00edas,  seis piezas. La cuenta da 54, pero despu\u00e9s comprobamos que algunas  bater\u00edas las ten\u00edan armadas con ocho piezas, por lo cual pod\u00edan haber  llegado a disponer de 60.<br> Cuando lleg\u00f3 la hora de la verdad, el  combate, los duelos de artiller\u00eda fueron intensos y muy prolongados.  Trat\u00e1bamos de neutralizar al enemigo, es decir que sus piezas estuvieran  inactivas, lo que depend\u00eda \u00fanicamente de la cantidad de fuego que les  hici\u00e9ramos llegar.<br> Los ataques comenzaron a incrementar su  intensidad a partir de los primeros d\u00edas de junio. De los ingleses  recib\u00edamos intenso fuego de artiller\u00eda, de campa\u00f1a y naval, as\u00ed como  ataques de sus aviones. Participamos en acciones de apoyo a nuestras  patrullas de las Compa\u00f1\u00edas de Comandos 601 y 602 que en repetidas  oportunidades incursionaron en territorio ya ocupado por el enemigo. Ese  apoyo de nuestra artiller\u00eda se hizo en forma muy coordinada, ya que  entra\u00f1aba un gran riesgo para los comandos. Ellos mismos ped\u00edan, para  poder entrar m\u00e1s en el dispositivo enemigo, que realiz\u00e1ramos el fuego  adelantado muy cerca de ellos. Lo hicimos con \u00e9xito y nunca causamos  bajas propias, pero creo que esto nos pon\u00eda m\u00e1s nerviosos a nosotros que  a los mismos comandos, que se estaban batiendo con las tropas de \u00e9lite  brit\u00e1nicas, los integrantes del Special Air Service -SAS-.<br> El fuego  contra bater\u00edas inglesas y sus tropas comenz\u00f3 a hacerlo una de mis  bater\u00edas, que estaba sensiblemente orientada hacia el oeste. Como  respuesta, fue recibiendo un cada vez m\u00e1s graneado fuego enemigo, que la  oblig\u00f3 a realizar diferentes cambios de posici\u00f3n.<br> A partir de ese  momento, comenz\u00f3 tambi\u00e9n una dram\u00e1tica cuenta regresiva para nosotros;  \u00e9ramos conscientes de que cada disparo que hac\u00edamos no era repuesto.  Ten\u00edamos todav\u00eda una cantidad considerable de municiones, pero  disminu\u00eda. Una de mis subunidades, que fue la que tom\u00f3 contacto  primeramente con el enemigo, en uno de esos cambios de posici\u00f3n ya  estaba aproximadamente a cuatro kil\u00f3metros al oeste del ex cuartel de  los Royal Marines, es decir Moody Brook, a unos 9 kil\u00f3metros de Puerto  Argentino.<br> El Almirante Otero coment\u00f3 despu\u00e9s que hab\u00eda observado  desde su posici\u00f3n que un intenso fuego ingl\u00e9s pr\u00e1cticamente hab\u00eda  aplastado el accionar de esa bater\u00eda de mi unidad y, temiendo lo peor,  pidi\u00f3 dos ambulancias para mandarlas all\u00ed. Sin embargo, su sorpresa fue  grande cuando, al disiparse la polvareda y el humo de los disparos  brit\u00e1nicos, vio como hormiguitas que sal\u00edan, ocupaban sus puestos,  contestaban el fuego y volv\u00edan r\u00e1pidamente a sus pozos. Nuevamente la  respuesta inglesa, y otra vez a salir apurados los argentinos a  contestar el fuego y a sus pozos. Esto se repiti\u00f3 por casi 30 minutos.<br>  Cuando me lo comunicaron, concurr\u00ed al lugar y acababa de cesar el fuego  ingl\u00e9s, ya que mediante el uso de helic\u00f3pteros estaban desplazando esa  bater\u00eda a otra posici\u00f3n. Dios hab\u00eda estado de nuevo con nosotros; casi  no hubo bajas. Pero fue un milagro porque varias cajas de repuestos que  estaban a un metro de los refugios de los servidores de esas piezas  hab\u00edan sido destrozadas por los impactos.<br> Mucho m\u00e9rito tuvo all\u00ed el teniente primero Tessey.<br> <strong>El HMS \u00abGlamorgan\u00bb<\/strong><br> Mientras  continuaban las acciones de las bater\u00edas, se hab\u00eda implementado un  equipo de trabajo orientado a localizar buques ingleses. En la noche del  11 de junio los radaristas de mi unidad, trabajando en conjunto con  personal de la Armada, localizan en forma efectiva un buque. Se trataba  de la misma nave que noche tras noche ven\u00eda ca\u00f1oneando nuestras  posiciones y se acercaba hasta lo que consideraba el alcance de nuestra  artiller\u00eda. Nunca so\u00f1aron con que podr\u00edamos llegar a alcanzarlos con un  disparo, pero no contaban con el ingenio criollo. Esta acci\u00f3n es una de  las grandes en la historia detallada de lo que los argentinos hicimos en  la guerra. Y fue una acci\u00f3n conjunta, en la participamos en integraci\u00f3n  total el Ej\u00e9rcito (GA 3) con nuestra Armada. Se dispar\u00f3 un Exocet MM-38  montado sobre un chasis de cami\u00f3n y esa noche qued\u00f3 fuera de combate el  crucero HMS \u00abGlamorgan\u00bb.<br> <strong>Los combates finales<\/strong><br> Esa  misma noche del 11, se produce el ataque ingl\u00e9s a nuestras posiciones  en los montes Dos Hermanas, Harriet y Longdon. El enemigo ten\u00eda una gran  capacidad de ataque nocturno.<br> Nuestras tropas, el regimiento de  Infanter\u00eda 4 y una fracci\u00f3n del 7, resisten. Son rodeados por el  enemigo, que concentra un gran poder de fuego y se produce la ca\u00edda de  esas posiciones.<br> En el monte Longdon pierdo un observador  adelantado, el Teniente Ramos. En el \u00faltimo enlace radioel\u00e9ctrico que  realiz\u00f3 conmigo me hab\u00eda dicho que el cerro estaba totalmente rodeado y  que iba a tratar de localizar y pedir fuego propio. Era de noche y  pr\u00e1cticamente era muy dif\u00edcil individualizar al enemigo.  Simult\u00e1neamente, mientras rodean al Longdon, los ingleses tratan de  neutralizar nuestra posici\u00f3n. Nos sobrevolaban helic\u00f3pteros a poca  distancia y eran los que sin duda reglaban el fuego de los barcos.<br>  Finalmente, nuestras posiciones caen. En su \u00faltimo enlace, el Teniente  Ramos me dice que est\u00e1 completamente rodeado y no puede dirigir el tiro,  que intentar\u00e1 replegarse. Poco despu\u00e9s su auxiliar, que s\u00ed logr\u00f3  hacerlo, me dijo que el teniente, herido en una rodilla, hab\u00eda muerto  combatiendo, respondiendo al avance ingl\u00e9s con una ametralladora que  hab\u00eda logrado tomar. Ese d\u00eda fue realmente penoso para m\u00ed. Adem\u00e1s del  teniente Ramos, en el monte Harriet ten\u00eda como enlace y observadores a  otros tres hombres y los tres desaparecieron. Posteriormente, en el  campo de prisioneros, me reencuentro con uno de ellos y, despu\u00e9s de  abrazarnos \u00e9l nota que temo preguntarle por la suerte de sus compa\u00f1eros y  me dice: -No se preocupe, los otros est\u00e1n bien y rumbo al continente.<br>  Aquella noche del 11 de junio, los ingleses nos disparaban  simult\u00e1neamente con artiller\u00eda naval y terrestre. Se hizo un intenso  fuego de iluminaci\u00f3n. Tanto, que el teniente Ramos durante su enlace  radial, antes de morir, me dijo: -Esto es un infierno. Hay granadas de  iluminaci\u00f3n nuestras y de los ingleses. Se escuchan gritos desaforados  por todos lados.<br> La bater\u00eda nuestra, que estaba operando detr\u00e1s de  las l\u00edneas del Longdon, vino a quedar en el frente mismo. Cuando  amaneci\u00f3 el 12 tuvimos que empezar un cambio de posici\u00f3n que nos llev\u00f3  muchas horas para reintegrarla al resto de la unidad que estaba al sur  de Puerto Argentino. Cambio de posici\u00f3n que fue dificil\u00edsimo, ya que se  hizo pieza por pieza bajo el intenso fuego enemigo. Para colmo, ten\u00edamos  un solo veh\u00edculo ya que de los tres de que dispon\u00edamos para  arrastrarlas, dos hab\u00edan quedado inutilizados. Finalmente, qued\u00f3 tirando  la \u00faltima pieza y pudimos luego replegarla. Mientras realiz\u00e1bamos esta  operaci\u00f3n, nuestras restantes bater\u00edas y las del Grupo de Artiller\u00eda  Aerotransportado 4, trataban de favorecer nuestro repliegue haciendo  fuego contra la artiller\u00eda inglesa.<br> Desde nuestras nuevas posiciones  vimos claramente que los helic\u00f3pteros de ellos se acercaban  transportando piezas de artiller\u00eda. Abrimos fuego y logramos derribar  uno. Obligamos as\u00ed al enemigo a desplazar las piezas a otro lugar.<br> Todo era sumamente riesgoso, las decisiones deb\u00edan tomarse velozmente y las tomamos. Las misiones de fuego siguieron.<br>  Con las primeras luces del d\u00eda 13, ya el enemigo domin\u00f3 las colinas  pr\u00f3ximas a Puerto Argentino y centraliz\u00f3 toda su acci\u00f3n sobre un sector  defendido por el Batall\u00f3n de Infanter\u00eda de Marina 5 y por el Regimiento  de Infanter\u00eda 7. Ese combate, que fue de los m\u00e1s intensos, dur\u00f3 todo el  d\u00eda 13 y la noche del 13 al 14.<br> El Grupo de Artiller\u00eda  Aerotransportado 4, que estaba m\u00e1s al oeste que el m\u00edo, lleg\u00f3  pr\u00e1cticamente a tener el enemigo a la vista. Combatieron hasta que no  tuvieron m\u00e1s munici\u00f3n y las piezas quedaron enterradas en el barro,  pr\u00e1cticamente inoperables. Mientras que nosotros, en el sector que  defend\u00edamos ten\u00edamos un piso algo m\u00e1s firme.<br> Ese d\u00eda 13 yo cumpl\u00eda  48 a\u00f1os. Fue entre la una y las dos de la tarde que soportamos el fuego  m\u00e1s intenso de la artiller\u00eda inglesa. La peor \u00ablluvia de proyectiles\u00bb  (fuego de contraartiller\u00eda) dur\u00f3 m\u00e1s de media hora y se centraliz\u00f3 en el  punto donde ten\u00eda mi puesto de comando y en las cercan\u00edas de la bater\u00eda  \u00abAla\u00bb, a cargo del Teniente 1ro Caballero. Dos proyectiles explotaron  sobre nuestro puesto, que era un contenedor forrado con tambores llenos  de tierra. El estampido fue tremendo y pareci\u00f3 que hab\u00edan explotado  adentro.<br> Cuando se inici\u00f3 ese ataque est\u00e1bamos fuera del contenedor.  Con algunos soldados y suboficiales buscamos refugiarnos, pero uno no  lo logr\u00f3 y qued\u00f3 tendido en el suelo. Cuando fuimos a auxiliarlo vimos  que estaba muerto, lo hab\u00eda matado la onda expansiva. Era el cabo 1ro  Quispe.<br> Momentos despu\u00e9s de que cayeran los proyectiles sobre  nuestro contenedor me habla por tel\u00e9fono el comandante de la Agrupaci\u00f3n  Ej\u00e9rcito, General Jofre, quien por supuesto ve\u00eda c\u00f3mo est\u00e1bamos siendo  sometidos a un violento bombardeo ingl\u00e9s. Me pregunta c\u00f3mo andan las  cosas.<br> -\u00a1Hasta ahora bien -le dije- pero debo reconocer que estos ingleses no me est\u00e1n festejando muy bien el cumplea\u00f1os!<br> -\u00a1Feliz cumplea\u00f1os y mucha suerte! &#8211; fue su respuesta.<br>  Como est\u00e1bamos en red con las dem\u00e1s unidades, al rato todos los jefes  que escucharon me hicieron llegar su saludo as\u00ed, en medio del combate. Y  ahora reconozco que al fin del d\u00eda pens\u00e9 que hab\u00eda sido feliz, porque  despu\u00e9s de tanto ca\u00f1oneo, a excepci\u00f3n del Cabo 1ro Quispe, no tuvimos  bajas fatales pero s\u00ed muchos heridos. Cuando disminuy\u00f3 la intensidad del  fuego ingl\u00e9s, fui hasta la bater\u00eda \u00abAla\u00bb, que estaba a 200 metros y me  parec\u00eda imposible que con el fuego de contraartiller\u00eda recibido no  hubi\u00e9semos tenido m\u00e1s bajas.<br> Fue esa misma noche, que all\u00e1 en el  continente o\u00edmos que las radios de Buenos Aires se lamentaban  amargamente de que nuestra selecci\u00f3n nacional de f\u00fatbol, participando  del Mundial en Espa\u00f1a, hubiera perdido por 1 a 0 el partido con B\u00e9lgica.<br> <strong>Ep\u00edlogo<\/strong><br> Y  volvemos al comienzo de esta historia. Estar prisionero durante ese  \u00faltimo mes me facilit\u00f3 la digesti\u00f3n de la masa de acontecimientos que  nos hab\u00eda tocado vivir. A las l\u00e1grimas de bronca le sigui\u00f3 ese tiempo de  reflexi\u00f3n y, aunque entonces no tuve conciencia clara de ello, hoy s\u00e9  que fue all\u00ed donde empec\u00e9 a dar forma a mis ideas de qu\u00e9 clase de  Ej\u00e9rcito deb\u00edamos tener para que no nos volvieran a ocurrir cosas como  las que est\u00e1bamos viviendo.<br> Por cierto, lejos estaba entonces de  imaginar que el destino me dar\u00eda un d\u00eda la oportunidad de poner en  pr\u00e1ctica muchas de esas ideas, nacidas de la experiencia de tantos a\u00f1os  de servicio y, muy especialmente, de esa triste guerra. Pero sin  saberlo, lo deseaba interiormente; quer\u00eda por sobre todas las cosas  estar a la altura de aquellos soldados que hab\u00eda visto pelear con honor y  morir con decoro.<br> El ejemplo de ellos es lo que nos compromete como  veteranos. Haber combatido es nuestro orgullo. Como tambi\u00e9n es hoy la  mejor raz\u00f3n que tenemos para amar la paz. <br><br><br> Texto extra\u00eddo del libro \u00abAs\u00ed peleamos Malvinas &#8211;  <br><img loading=\"lazy\" decoding=\"async\" width=\"80\" height=\"125\" class=\"wp-image-265\" style=\"width: 80px;\" src=\"https:\/\/laperlaaustral.com.ar\/guerra-malvinas\/wp-content\/uploads\/2019\/06\/asi-lucharon.gif\" alt=\"Guerra de Malvinas\"><\/td><\/tr><\/tbody><\/table>\n","protected":false},"excerpt":{"rendered":"<p>Guerra de Malvinas Grupo de Artilleria 3 Testimonio del Teniente General D Mart\u00edn Antonio Balza \u00a0 Ex &#8211; Jefe del Grupo de Artiller\u00eda 3 Ser un prisionero de guerra proporciona una situaci\u00f3n ideal para la reflexi\u00f3n. Hay tiempo disponible y los pensamientos acuden en tropel a la mente que hasta hace poco estuvo ocupada por&hellip; <br \/> <a class=\"read-more\" href=\"https:\/\/laperlaaustral.com.ar\/guerra-malvinas\/testimonio-del-teniente-general-d-martin-antonio-balza\/\">Leer m\u00e1s<\/a><\/p>\n","protected":false},"author":2,"featured_media":0,"comment_status":"open","ping_status":"open","sticky":false,"template":"","format":"standard","meta":{"_monsterinsights_skip_tracking":false,"_monsterinsights_sitenote_active":false,"_monsterinsights_sitenote_note":"","_monsterinsights_sitenote_category":0,"footnotes":""},"categories":[97],"tags":[133,136],"yoast_head":"<!-- This site is optimized with the Yoast SEO plugin v23.4 - https:\/\/yoast.com\/wordpress\/plugins\/seo\/ -->\n<title>Testimonio del Teniente General D Mart\u00edn Antonio Balza - La Perla Austral<\/title>\n<meta name=\"robots\" content=\"index, follow, max-snippet:-1, max-image-preview:large, max-video-preview:-1\" \/>\n<link rel=\"canonical\" href=\"http:\/\/laperlaaustral.com.ar\/guerra-malvinas\/testimonio-del-teniente-general-d-martin-antonio-balza\/\" \/>\n<meta property=\"og:locale\" content=\"es_ES\" \/>\n<meta property=\"og:type\" content=\"article\" \/>\n<meta property=\"og:title\" content=\"Testimonio del Teniente General D Mart\u00edn Antonio Balza - La Perla Austral\" \/>\n<meta property=\"og:description\" content=\"Guerra de Malvinas Grupo de Artilleria 3 Testimonio del Teniente General D Mart\u00edn Antonio Balza \u00a0 Ex &#8211; Jefe del Grupo de Artiller\u00eda 3 Ser un prisionero de guerra proporciona una situaci\u00f3n ideal para la reflexi\u00f3n. Hay tiempo disponible y los pensamientos acuden en tropel a la mente que hasta hace poco estuvo ocupada por&hellip; Leer m\u00e1s\" \/>\n<meta property=\"og:url\" content=\"http:\/\/laperlaaustral.com.ar\/guerra-malvinas\/testimonio-del-teniente-general-d-martin-antonio-balza\/\" \/>\n<meta property=\"og:site_name\" content=\"La Perla Austral\" \/>\n<meta property=\"article:publisher\" content=\"https:\/\/www.facebook.com\/La-Perla-Austra-487959322032195\" \/>\n<meta property=\"article:published_time\" content=\"2019-06-24T09:39:31+00:00\" \/>\n<meta property=\"og:image\" content=\"http:\/\/laperlaaustral.com.ar\/guerra-malvinas\/wp-content\/uploads\/2019\/06\/asi-lucharon.gif\" \/>\n<meta name=\"author\" content=\"GomRam\" \/>\n<meta name=\"twitter:card\" content=\"summary_large_image\" \/>\n<meta name=\"twitter:label1\" content=\"Escrito por\" \/>\n\t<meta name=\"twitter:data1\" content=\"GomRam\" \/>\n\t<meta name=\"twitter:label2\" content=\"Tiempo de lectura\" \/>\n\t<meta name=\"twitter:data2\" content=\"20 minutos\" \/>\n<script type=\"application\/ld+json\" class=\"yoast-schema-graph\">{\"@context\":\"https:\/\/schema.org\",\"@graph\":[{\"@type\":\"WebPage\",\"@id\":\"http:\/\/laperlaaustral.com.ar\/guerra-malvinas\/testimonio-del-teniente-general-d-martin-antonio-balza\/\",\"url\":\"http:\/\/laperlaaustral.com.ar\/guerra-malvinas\/testimonio-del-teniente-general-d-martin-antonio-balza\/\",\"name\":\"Testimonio del Teniente General D Mart\u00edn Antonio Balza - La Perla Austral\",\"isPartOf\":{\"@id\":\"http:\/\/laperlaaustral.com.ar\/guerra-malvinas\/#website\"},\"primaryImageOfPage\":{\"@id\":\"http:\/\/laperlaaustral.com.ar\/guerra-malvinas\/testimonio-del-teniente-general-d-martin-antonio-balza\/#primaryimage\"},\"image\":{\"@id\":\"http:\/\/laperlaaustral.com.ar\/guerra-malvinas\/testimonio-del-teniente-general-d-martin-antonio-balza\/#primaryimage\"},\"thumbnailUrl\":\"https:\/\/laperlaaustral.com.ar\/guerra-malvinas\/wp-content\/uploads\/2019\/06\/asi-lucharon.gif\",\"datePublished\":\"2019-06-24T09:39:31+00:00\",\"dateModified\":\"2019-06-24T09:39:31+00:00\",\"author\":{\"@id\":\"http:\/\/laperlaaustral.com.ar\/guerra-malvinas\/#\/schema\/person\/cccf8f0904f83654d5f2d5380e4eb4b9\"},\"breadcrumb\":{\"@id\":\"http:\/\/laperlaaustral.com.ar\/guerra-malvinas\/testimonio-del-teniente-general-d-martin-antonio-balza\/#breadcrumb\"},\"inLanguage\":\"es\",\"potentialAction\":[{\"@type\":\"ReadAction\",\"target\":[\"http:\/\/laperlaaustral.com.ar\/guerra-malvinas\/testimonio-del-teniente-general-d-martin-antonio-balza\/\"]}]},{\"@type\":\"ImageObject\",\"inLanguage\":\"es\",\"@id\":\"http:\/\/laperlaaustral.com.ar\/guerra-malvinas\/testimonio-del-teniente-general-d-martin-antonio-balza\/#primaryimage\",\"url\":\"https:\/\/laperlaaustral.com.ar\/guerra-malvinas\/wp-content\/uploads\/2019\/06\/asi-lucharon.gif\",\"contentUrl\":\"https:\/\/laperlaaustral.com.ar\/guerra-malvinas\/wp-content\/uploads\/2019\/06\/asi-lucharon.gif\",\"width\":80,\"height\":125,\"caption\":\"Guerra de Malvinas\"},{\"@type\":\"BreadcrumbList\",\"@id\":\"http:\/\/laperlaaustral.com.ar\/guerra-malvinas\/testimonio-del-teniente-general-d-martin-antonio-balza\/#breadcrumb\",\"itemListElement\":[{\"@type\":\"ListItem\",\"position\":1,\"name\":\"Portada\",\"item\":\"https:\/\/laperlaaustral.com.ar\/guerra-malvinas\/\"},{\"@type\":\"ListItem\",\"position\":2,\"name\":\"Testimonio del Teniente General D Mart\u00edn Antonio Balza\"}]},{\"@type\":\"WebSite\",\"@id\":\"http:\/\/laperlaaustral.com.ar\/guerra-malvinas\/#website\",\"url\":\"http:\/\/laperlaaustral.com.ar\/guerra-malvinas\/\",\"name\":\"La Perla Austral\",\"description\":\"Guerra de Malvinas 1982\",\"potentialAction\":[{\"@type\":\"SearchAction\",\"target\":{\"@type\":\"EntryPoint\",\"urlTemplate\":\"http:\/\/laperlaaustral.com.ar\/guerra-malvinas\/?s={search_term_string}\"},\"query-input\":{\"@type\":\"PropertyValueSpecification\",\"valueRequired\":true,\"valueName\":\"search_term_string\"}}],\"inLanguage\":\"es\"},{\"@type\":\"Person\",\"@id\":\"http:\/\/laperlaaustral.com.ar\/guerra-malvinas\/#\/schema\/person\/cccf8f0904f83654d5f2d5380e4eb4b9\",\"name\":\"GomRam\",\"image\":{\"@type\":\"ImageObject\",\"inLanguage\":\"es\",\"@id\":\"http:\/\/laperlaaustral.com.ar\/guerra-malvinas\/#\/schema\/person\/image\/\",\"url\":\"https:\/\/secure.gravatar.com\/avatar\/a0f191abb2983305e8a2e850573cb20a?s=96&d=mm&r=g\",\"contentUrl\":\"https:\/\/secure.gravatar.com\/avatar\/a0f191abb2983305e8a2e850573cb20a?s=96&d=mm&r=g\",\"caption\":\"GomRam\"},\"url\":\"https:\/\/laperlaaustral.com.ar\/guerra-malvinas\/author\/ac000164\/\"}]}<\/script>\n<!-- \/ Yoast SEO plugin. -->","yoast_head_json":{"title":"Testimonio del Teniente General D Mart\u00edn Antonio Balza - La Perla Austral","robots":{"index":"index","follow":"follow","max-snippet":"max-snippet:-1","max-image-preview":"max-image-preview:large","max-video-preview":"max-video-preview:-1"},"canonical":"http:\/\/laperlaaustral.com.ar\/guerra-malvinas\/testimonio-del-teniente-general-d-martin-antonio-balza\/","og_locale":"es_ES","og_type":"article","og_title":"Testimonio del Teniente General D Mart\u00edn Antonio Balza - La Perla Austral","og_description":"Guerra de Malvinas Grupo de Artilleria 3 Testimonio del Teniente General D Mart\u00edn Antonio Balza \u00a0 Ex &#8211; Jefe del Grupo de Artiller\u00eda 3 Ser un prisionero de guerra proporciona una situaci\u00f3n ideal para la reflexi\u00f3n. Hay tiempo disponible y los pensamientos acuden en tropel a la mente que hasta hace poco estuvo ocupada por&hellip; Leer m\u00e1s","og_url":"http:\/\/laperlaaustral.com.ar\/guerra-malvinas\/testimonio-del-teniente-general-d-martin-antonio-balza\/","og_site_name":"La Perla Austral","article_publisher":"https:\/\/www.facebook.com\/La-Perla-Austra-487959322032195","article_published_time":"2019-06-24T09:39:31+00:00","og_image":[{"url":"http:\/\/laperlaaustral.com.ar\/guerra-malvinas\/wp-content\/uploads\/2019\/06\/asi-lucharon.gif"}],"author":"GomRam","twitter_card":"summary_large_image","twitter_misc":{"Escrito por":"GomRam","Tiempo de lectura":"20 minutos"},"schema":{"@context":"https:\/\/schema.org","@graph":[{"@type":"WebPage","@id":"http:\/\/laperlaaustral.com.ar\/guerra-malvinas\/testimonio-del-teniente-general-d-martin-antonio-balza\/","url":"http:\/\/laperlaaustral.com.ar\/guerra-malvinas\/testimonio-del-teniente-general-d-martin-antonio-balza\/","name":"Testimonio del Teniente General D Mart\u00edn Antonio Balza - La Perla Austral","isPartOf":{"@id":"http:\/\/laperlaaustral.com.ar\/guerra-malvinas\/#website"},"primaryImageOfPage":{"@id":"http:\/\/laperlaaustral.com.ar\/guerra-malvinas\/testimonio-del-teniente-general-d-martin-antonio-balza\/#primaryimage"},"image":{"@id":"http:\/\/laperlaaustral.com.ar\/guerra-malvinas\/testimonio-del-teniente-general-d-martin-antonio-balza\/#primaryimage"},"thumbnailUrl":"https:\/\/laperlaaustral.com.ar\/guerra-malvinas\/wp-content\/uploads\/2019\/06\/asi-lucharon.gif","datePublished":"2019-06-24T09:39:31+00:00","dateModified":"2019-06-24T09:39:31+00:00","author":{"@id":"http:\/\/laperlaaustral.com.ar\/guerra-malvinas\/#\/schema\/person\/cccf8f0904f83654d5f2d5380e4eb4b9"},"breadcrumb":{"@id":"http:\/\/laperlaaustral.com.ar\/guerra-malvinas\/testimonio-del-teniente-general-d-martin-antonio-balza\/#breadcrumb"},"inLanguage":"es","potentialAction":[{"@type":"ReadAction","target":["http:\/\/laperlaaustral.com.ar\/guerra-malvinas\/testimonio-del-teniente-general-d-martin-antonio-balza\/"]}]},{"@type":"ImageObject","inLanguage":"es","@id":"http:\/\/laperlaaustral.com.ar\/guerra-malvinas\/testimonio-del-teniente-general-d-martin-antonio-balza\/#primaryimage","url":"https:\/\/laperlaaustral.com.ar\/guerra-malvinas\/wp-content\/uploads\/2019\/06\/asi-lucharon.gif","contentUrl":"https:\/\/laperlaaustral.com.ar\/guerra-malvinas\/wp-content\/uploads\/2019\/06\/asi-lucharon.gif","width":80,"height":125,"caption":"Guerra de Malvinas"},{"@type":"BreadcrumbList","@id":"http:\/\/laperlaaustral.com.ar\/guerra-malvinas\/testimonio-del-teniente-general-d-martin-antonio-balza\/#breadcrumb","itemListElement":[{"@type":"ListItem","position":1,"name":"Portada","item":"https:\/\/laperlaaustral.com.ar\/guerra-malvinas\/"},{"@type":"ListItem","position":2,"name":"Testimonio del Teniente General D Mart\u00edn Antonio Balza"}]},{"@type":"WebSite","@id":"http:\/\/laperlaaustral.com.ar\/guerra-malvinas\/#website","url":"http:\/\/laperlaaustral.com.ar\/guerra-malvinas\/","name":"La Perla Austral","description":"Guerra de Malvinas 1982","potentialAction":[{"@type":"SearchAction","target":{"@type":"EntryPoint","urlTemplate":"http:\/\/laperlaaustral.com.ar\/guerra-malvinas\/?s={search_term_string}"},"query-input":{"@type":"PropertyValueSpecification","valueRequired":true,"valueName":"search_term_string"}}],"inLanguage":"es"},{"@type":"Person","@id":"http:\/\/laperlaaustral.com.ar\/guerra-malvinas\/#\/schema\/person\/cccf8f0904f83654d5f2d5380e4eb4b9","name":"GomRam","image":{"@type":"ImageObject","inLanguage":"es","@id":"http:\/\/laperlaaustral.com.ar\/guerra-malvinas\/#\/schema\/person\/image\/","url":"https:\/\/secure.gravatar.com\/avatar\/a0f191abb2983305e8a2e850573cb20a?s=96&d=mm&r=g","contentUrl":"https:\/\/secure.gravatar.com\/avatar\/a0f191abb2983305e8a2e850573cb20a?s=96&d=mm&r=g","caption":"GomRam"},"url":"https:\/\/laperlaaustral.com.ar\/guerra-malvinas\/author\/ac000164\/"}]}},"_links":{"self":[{"href":"https:\/\/laperlaaustral.com.ar\/guerra-malvinas\/wp-json\/wp\/v2\/posts\/360"}],"collection":[{"href":"https:\/\/laperlaaustral.com.ar\/guerra-malvinas\/wp-json\/wp\/v2\/posts"}],"about":[{"href":"https:\/\/laperlaaustral.com.ar\/guerra-malvinas\/wp-json\/wp\/v2\/types\/post"}],"author":[{"embeddable":true,"href":"https:\/\/laperlaaustral.com.ar\/guerra-malvinas\/wp-json\/wp\/v2\/users\/2"}],"replies":[{"embeddable":true,"href":"https:\/\/laperlaaustral.com.ar\/guerra-malvinas\/wp-json\/wp\/v2\/comments?post=360"}],"version-history":[{"count":1,"href":"https:\/\/laperlaaustral.com.ar\/guerra-malvinas\/wp-json\/wp\/v2\/posts\/360\/revisions"}],"predecessor-version":[{"id":361,"href":"https:\/\/laperlaaustral.com.ar\/guerra-malvinas\/wp-json\/wp\/v2\/posts\/360\/revisions\/361"}],"wp:attachment":[{"href":"https:\/\/laperlaaustral.com.ar\/guerra-malvinas\/wp-json\/wp\/v2\/media?parent=360"}],"wp:term":[{"taxonomy":"category","embeddable":true,"href":"https:\/\/laperlaaustral.com.ar\/guerra-malvinas\/wp-json\/wp\/v2\/categories?post=360"},{"taxonomy":"post_tag","embeddable":true,"href":"https:\/\/laperlaaustral.com.ar\/guerra-malvinas\/wp-json\/wp\/v2\/tags?post=360"}],"curies":[{"name":"wp","href":"https:\/\/api.w.org\/{rel}","templated":true}]}}