{"id":248,"date":"2019-06-23T22:31:50","date_gmt":"2019-06-23T22:31:50","guid":{"rendered":"https:\/\/laperlaaustral.com.ar\/guerra-malvinas\/?p=248"},"modified":"2019-06-24T07:29:02","modified_gmt":"2019-06-24T07:29:02","slug":"relato-del-cabo-barroso-juan-antonio","status":"publish","type":"post","link":"https:\/\/laperlaaustral.com.ar\/guerra-malvinas\/relato-del-cabo-barroso-juan-antonio\/","title":{"rendered":"Relato del Cabo Barroso Juan Antonio:"},"content":{"rendered":"\n<h3 class=\"wp-block-heading\">Perteneciente a la Secci\u00f3n Apoyo,jefe del mortero N\u00ba 2 R I 6<\/h3>\n\n\n\n<p>Lo  que les cuento fue el d\u00eda 14 de junio en la ma\u00f1ana, quedamos encerrados  arriba del Monte Dos Hermanas Norte, y fuimos ametrallados por un  soldado Ingles Est\u00e1bamos con mis soldados acorralados <\/p>\n\n\n\n<p>\nno ten\u00edamos salida para ning\u00fan lado, el \u00fanico lugar que\n hab\u00eda para bajar estaba el soldado Ingles con la ametralladora \ntir\u00e1ndonos a nosotros .. Nos habr\u00eda fuego donde est\u00e1bamos y las balas \npicaban en la punta de las botas , Tome la decisi\u00f3n &#8230; de saltar por el\n precipicio Estirando la correa del fusil y deslizarme Hasta donde diera\n la misma y Salte al vac\u00edo ,Una vez estando abajo . Pod\u00eda esperar y \nayudar a mis soldados , Ya est\u00e1bamos fuera del alcance de la \nametralladora del soldado Ingles .<br> Una vez reunidos Mis soldados ; \nRomero Daveau ,Fernandez ,Arato ,y salimos cuidadosamente a Puerto \nArgentino ,Pero nos encontramos con un tremendo fuego de ametralladoras \nDesde el Cuartel de los Royal Marines Hacia las espaldas de nuestras \ntropas , ten\u00edamos que pasar como sea les grite! Y encare primero , Antes\n hab\u00edamos sacado un cabo con sus soldados que estaban ,en una cueva de \nuna mina ,eran 14 soldados y el cabo yo lo obligue a que saliera y se \nfue con mi grupo Y pasamos bajo fuego de las ametralladoras luego \npasaron mis soldados gracias a Dios La podemos contar .las balas nos \npasaban a 3 o 4 metros , y corrimos afuera de la zona de tiro &#8230; Y en \neso sale de un pozo un oficial de la Armada ,Que al lado tenia un \ncont\u00e1iner enterrado Y me grita caboo !! De que regimiento es usted ? \n&#8211;Del 6 le grite .Me dice , si\u00e9ntese Que vamos a juntar unos 30\/40 \nhombres y contraatacaremos Y le digo usted esta Loco ?? vienen como 3 \nmil Ingleses atr\u00e1s nuestro , Nos van a matar a todos , y me izo callar \n,y se meti\u00f3 al pozo &#8230; y aprovechamos y salimos corriendo a Puerto \nArgentino .As\u00ed defendimos la PATRIA , como pudimos y con lo que ten\u00edamos\n .<br><br> Barroso Juan Antonio. Cuadro del RI 6 <br> Ca I \u00abB\u00bb Secci\u00f3n Apoyo jefe del mortero N\u00ba 2 <br><br> ( Texto publicado por Jos\u00e9 Luis Delgado en Facebook)\n\n<\/p>\n","protected":false},"excerpt":{"rendered":"<p>Perteneciente a la Secci\u00f3n Apoyo,jefe del mortero N\u00ba 2 R I 6 Lo que les cuento fue el d\u00eda 14 de junio en la ma\u00f1ana, quedamos encerrados arriba del Monte Dos Hermanas Norte, y fuimos ametrallados por un soldado Ingles Est\u00e1bamos con mis soldados acorralados no ten\u00edamos salida para ning\u00fan lado, el \u00fanico lugar que&hellip; <br \/> <a class=\"read-more\" href=\"https:\/\/laperlaaustral.com.ar\/guerra-malvinas\/relato-del-cabo-barroso-juan-antonio\/\">Leer m\u00e1s<\/a><\/p>\n","protected":false},"author":2,"featured_media":249,"comment_status":"open","ping_status":"open","sticky":false,"template":"","format":"standard","meta":{"_monsterinsights_skip_tracking":false,"_monsterinsights_sitenote_active":false,"_monsterinsights_sitenote_note":"","_monsterinsights_sitenote_category":0,"footnotes":""},"categories":[50],"tags":[58,34,53,51,52],"yoast_head":"<!-- This site is optimized with the Yoast SEO plugin v23.4 - https:\/\/yoast.com\/wordpress\/plugins\/seo\/ -->\n<title>Relato del Cabo Barroso Juan Antonio: - La Perla Austral<\/title>\n<meta name=\"robots\" content=\"index, follow, max-snippet:-1, max-image-preview:large, max-video-preview:-1\" \/>\n<link rel=\"canonical\" href=\"http:\/\/laperlaaustral.com.ar\/guerra-malvinas\/relato-del-cabo-barroso-juan-antonio\/\" \/>\n<meta property=\"og:locale\" content=\"es_ES\" \/>\n<meta property=\"og:type\" content=\"article\" \/>\n<meta property=\"og:title\" content=\"Relato del Cabo Barroso Juan Antonio: - La Perla Austral\" \/>\n<meta property=\"og:description\" content=\"Perteneciente a la Secci\u00f3n Apoyo,jefe del mortero N\u00ba 2 R I 6 Lo que les cuento fue el d\u00eda 14 de junio en la ma\u00f1ana, quedamos encerrados arriba del Monte Dos Hermanas Norte, y fuimos ametrallados por un soldado Ingles Est\u00e1bamos con mis soldados acorralados no ten\u00edamos salida para ning\u00fan lado, el \u00fanico lugar que&hellip; Leer m\u00e1s\" \/>\n<meta property=\"og:url\" content=\"http:\/\/laperlaaustral.com.ar\/guerra-malvinas\/relato-del-cabo-barroso-juan-antonio\/\" \/>\n<meta property=\"og:site_name\" content=\"La Perla Austral\" \/>\n<meta property=\"article:publisher\" content=\"https:\/\/www.facebook.com\/La-Perla-Austra-487959322032195\" \/>\n<meta property=\"article:published_time\" content=\"2019-06-23T22:31:50+00:00\" \/>\n<meta property=\"article:modified_time\" content=\"2019-06-24T07:29:02+00:00\" \/>\n<meta property=\"og:image\" content=\"http:\/\/laperlaaustral.com.ar\/guerra-malvinas\/wp-content\/uploads\/2019\/06\/Regimiento-de-infanteria-6-Cabo-Barroso-Juan-Antonio.jpg\" \/>\n\t<meta property=\"og:image:width\" content=\"800\" \/>\n\t<meta property=\"og:image:height\" content=\"567\" \/>\n\t<meta property=\"og:image:type\" content=\"image\/jpeg\" \/>\n<meta name=\"author\" content=\"GomRam\" \/>\n<meta name=\"twitter:card\" content=\"summary_large_image\" \/>\n<meta name=\"twitter:label1\" content=\"Escrito por\" \/>\n\t<meta name=\"twitter:data1\" content=\"GomRam\" \/>\n\t<meta name=\"twitter:label2\" content=\"Tiempo de lectura\" \/>\n\t<meta name=\"twitter:data2\" content=\"2 minutos\" \/>\n<script type=\"application\/ld+json\" class=\"yoast-schema-graph\">{\"@context\":\"https:\/\/schema.org\",\"@graph\":[{\"@type\":\"WebPage\",\"@id\":\"http:\/\/laperlaaustral.com.ar\/guerra-malvinas\/relato-del-cabo-barroso-juan-antonio\/\",\"url\":\"http:\/\/laperlaaustral.com.ar\/guerra-malvinas\/relato-del-cabo-barroso-juan-antonio\/\",\"name\":\"Relato del Cabo Barroso Juan Antonio: - La Perla Austral\",\"isPartOf\":{\"@id\":\"http:\/\/laperlaaustral.com.ar\/guerra-malvinas\/#website\"},\"primaryImageOfPage\":{\"@id\":\"http:\/\/laperlaaustral.com.ar\/guerra-malvinas\/relato-del-cabo-barroso-juan-antonio\/#primaryimage\"},\"image\":{\"@id\":\"http:\/\/laperlaaustral.com.ar\/guerra-malvinas\/relato-del-cabo-barroso-juan-antonio\/#primaryimage\"},\"thumbnailUrl\":\"https:\/\/laperlaaustral.com.ar\/guerra-malvinas\/wp-content\/uploads\/2019\/06\/Regimiento-de-infanteria-6-Cabo-Barroso-Juan-Antonio.jpg\",\"datePublished\":\"2019-06-23T22:31:50+00:00\",\"dateModified\":\"2019-06-24T07:29:02+00:00\",\"author\":{\"@id\":\"http:\/\/laperlaaustral.com.ar\/guerra-malvinas\/#\/schema\/person\/cccf8f0904f83654d5f2d5380e4eb4b9\"},\"breadcrumb\":{\"@id\":\"http:\/\/laperlaaustral.com.ar\/guerra-malvinas\/relato-del-cabo-barroso-juan-antonio\/#breadcrumb\"},\"inLanguage\":\"es\",\"potentialAction\":[{\"@type\":\"ReadAction\",\"target\":[\"http:\/\/laperlaaustral.com.ar\/guerra-malvinas\/relato-del-cabo-barroso-juan-antonio\/\"]}]},{\"@type\":\"ImageObject\",\"inLanguage\":\"es\",\"@id\":\"http:\/\/laperlaaustral.com.ar\/guerra-malvinas\/relato-del-cabo-barroso-juan-antonio\/#primaryimage\",\"url\":\"https:\/\/laperlaaustral.com.ar\/guerra-malvinas\/wp-content\/uploads\/2019\/06\/Regimiento-de-infanteria-6-Cabo-Barroso-Juan-Antonio.jpg\",\"contentUrl\":\"https:\/\/laperlaaustral.com.ar\/guerra-malvinas\/wp-content\/uploads\/2019\/06\/Regimiento-de-infanteria-6-Cabo-Barroso-Juan-Antonio.jpg\",\"width\":800,\"height\":567,\"caption\":\"Regimiento de infanteria 6 en la guerra de Malvinas\"},{\"@type\":\"BreadcrumbList\",\"@id\":\"http:\/\/laperlaaustral.com.ar\/guerra-malvinas\/relato-del-cabo-barroso-juan-antonio\/#breadcrumb\",\"itemListElement\":[{\"@type\":\"ListItem\",\"position\":1,\"name\":\"Portada\",\"item\":\"https:\/\/laperlaaustral.com.ar\/guerra-malvinas\/\"},{\"@type\":\"ListItem\",\"position\":2,\"name\":\"Relato del Cabo Barroso Juan Antonio:\"}]},{\"@type\":\"WebSite\",\"@id\":\"http:\/\/laperlaaustral.com.ar\/guerra-malvinas\/#website\",\"url\":\"http:\/\/laperlaaustral.com.ar\/guerra-malvinas\/\",\"name\":\"La Perla Austral\",\"description\":\"Guerra de Malvinas 1982\",\"potentialAction\":[{\"@type\":\"SearchAction\",\"target\":{\"@type\":\"EntryPoint\",\"urlTemplate\":\"http:\/\/laperlaaustral.com.ar\/guerra-malvinas\/?s={search_term_string}\"},\"query-input\":{\"@type\":\"PropertyValueSpecification\",\"valueRequired\":true,\"valueName\":\"search_term_string\"}}],\"inLanguage\":\"es\"},{\"@type\":\"Person\",\"@id\":\"http:\/\/laperlaaustral.com.ar\/guerra-malvinas\/#\/schema\/person\/cccf8f0904f83654d5f2d5380e4eb4b9\",\"name\":\"GomRam\",\"image\":{\"@type\":\"ImageObject\",\"inLanguage\":\"es\",\"@id\":\"http:\/\/laperlaaustral.com.ar\/guerra-malvinas\/#\/schema\/person\/image\/\",\"url\":\"https:\/\/secure.gravatar.com\/avatar\/a0f191abb2983305e8a2e850573cb20a?s=96&d=mm&r=g\",\"contentUrl\":\"https:\/\/secure.gravatar.com\/avatar\/a0f191abb2983305e8a2e850573cb20a?s=96&d=mm&r=g\",\"caption\":\"GomRam\"},\"url\":\"https:\/\/laperlaaustral.com.ar\/guerra-malvinas\/author\/ac000164\/\"}]}<\/script>\n<!-- \/ Yoast SEO plugin. -->","yoast_head_json":{"title":"Relato del Cabo Barroso Juan Antonio: - La Perla Austral","robots":{"index":"index","follow":"follow","max-snippet":"max-snippet:-1","max-image-preview":"max-image-preview:large","max-video-preview":"max-video-preview:-1"},"canonical":"http:\/\/laperlaaustral.com.ar\/guerra-malvinas\/relato-del-cabo-barroso-juan-antonio\/","og_locale":"es_ES","og_type":"article","og_title":"Relato del Cabo Barroso Juan Antonio: - La Perla Austral","og_description":"Perteneciente a la Secci\u00f3n Apoyo,jefe del mortero N\u00ba 2 R I 6 Lo que les cuento fue el d\u00eda 14 de junio en la ma\u00f1ana, quedamos encerrados arriba del Monte Dos Hermanas Norte, y fuimos ametrallados por un soldado Ingles Est\u00e1bamos con mis soldados acorralados no ten\u00edamos salida para ning\u00fan lado, el \u00fanico lugar que&hellip; Leer m\u00e1s","og_url":"http:\/\/laperlaaustral.com.ar\/guerra-malvinas\/relato-del-cabo-barroso-juan-antonio\/","og_site_name":"La Perla Austral","article_publisher":"https:\/\/www.facebook.com\/La-Perla-Austra-487959322032195","article_published_time":"2019-06-23T22:31:50+00:00","article_modified_time":"2019-06-24T07:29:02+00:00","og_image":[{"width":800,"height":567,"url":"http:\/\/laperlaaustral.com.ar\/guerra-malvinas\/wp-content\/uploads\/2019\/06\/Regimiento-de-infanteria-6-Cabo-Barroso-Juan-Antonio.jpg","type":"image\/jpeg"}],"author":"GomRam","twitter_card":"summary_large_image","twitter_misc":{"Escrito por":"GomRam","Tiempo de lectura":"2 minutos"},"schema":{"@context":"https:\/\/schema.org","@graph":[{"@type":"WebPage","@id":"http:\/\/laperlaaustral.com.ar\/guerra-malvinas\/relato-del-cabo-barroso-juan-antonio\/","url":"http:\/\/laperlaaustral.com.ar\/guerra-malvinas\/relato-del-cabo-barroso-juan-antonio\/","name":"Relato del Cabo Barroso Juan Antonio: - La Perla Austral","isPartOf":{"@id":"http:\/\/laperlaaustral.com.ar\/guerra-malvinas\/#website"},"primaryImageOfPage":{"@id":"http:\/\/laperlaaustral.com.ar\/guerra-malvinas\/relato-del-cabo-barroso-juan-antonio\/#primaryimage"},"image":{"@id":"http:\/\/laperlaaustral.com.ar\/guerra-malvinas\/relato-del-cabo-barroso-juan-antonio\/#primaryimage"},"thumbnailUrl":"https:\/\/laperlaaustral.com.ar\/guerra-malvinas\/wp-content\/uploads\/2019\/06\/Regimiento-de-infanteria-6-Cabo-Barroso-Juan-Antonio.jpg","datePublished":"2019-06-23T22:31:50+00:00","dateModified":"2019-06-24T07:29:02+00:00","author":{"@id":"http:\/\/laperlaaustral.com.ar\/guerra-malvinas\/#\/schema\/person\/cccf8f0904f83654d5f2d5380e4eb4b9"},"breadcrumb":{"@id":"http:\/\/laperlaaustral.com.ar\/guerra-malvinas\/relato-del-cabo-barroso-juan-antonio\/#breadcrumb"},"inLanguage":"es","potentialAction":[{"@type":"ReadAction","target":["http:\/\/laperlaaustral.com.ar\/guerra-malvinas\/relato-del-cabo-barroso-juan-antonio\/"]}]},{"@type":"ImageObject","inLanguage":"es","@id":"http:\/\/laperlaaustral.com.ar\/guerra-malvinas\/relato-del-cabo-barroso-juan-antonio\/#primaryimage","url":"https:\/\/laperlaaustral.com.ar\/guerra-malvinas\/wp-content\/uploads\/2019\/06\/Regimiento-de-infanteria-6-Cabo-Barroso-Juan-Antonio.jpg","contentUrl":"https:\/\/laperlaaustral.com.ar\/guerra-malvinas\/wp-content\/uploads\/2019\/06\/Regimiento-de-infanteria-6-Cabo-Barroso-Juan-Antonio.jpg","width":800,"height":567,"caption":"Regimiento de infanteria 6 en la guerra de Malvinas"},{"@type":"BreadcrumbList","@id":"http:\/\/laperlaaustral.com.ar\/guerra-malvinas\/relato-del-cabo-barroso-juan-antonio\/#breadcrumb","itemListElement":[{"@type":"ListItem","position":1,"name":"Portada","item":"https:\/\/laperlaaustral.com.ar\/guerra-malvinas\/"},{"@type":"ListItem","position":2,"name":"Relato del Cabo Barroso Juan Antonio:"}]},{"@type":"WebSite","@id":"http:\/\/laperlaaustral.com.ar\/guerra-malvinas\/#website","url":"http:\/\/laperlaaustral.com.ar\/guerra-malvinas\/","name":"La Perla Austral","description":"Guerra de Malvinas 1982","potentialAction":[{"@type":"SearchAction","target":{"@type":"EntryPoint","urlTemplate":"http:\/\/laperlaaustral.com.ar\/guerra-malvinas\/?s={search_term_string}"},"query-input":{"@type":"PropertyValueSpecification","valueRequired":true,"valueName":"search_term_string"}}],"inLanguage":"es"},{"@type":"Person","@id":"http:\/\/laperlaaustral.com.ar\/guerra-malvinas\/#\/schema\/person\/cccf8f0904f83654d5f2d5380e4eb4b9","name":"GomRam","image":{"@type":"ImageObject","inLanguage":"es","@id":"http:\/\/laperlaaustral.com.ar\/guerra-malvinas\/#\/schema\/person\/image\/","url":"https:\/\/secure.gravatar.com\/avatar\/a0f191abb2983305e8a2e850573cb20a?s=96&d=mm&r=g","contentUrl":"https:\/\/secure.gravatar.com\/avatar\/a0f191abb2983305e8a2e850573cb20a?s=96&d=mm&r=g","caption":"GomRam"},"url":"https:\/\/laperlaaustral.com.ar\/guerra-malvinas\/author\/ac000164\/"}]}},"_links":{"self":[{"href":"https:\/\/laperlaaustral.com.ar\/guerra-malvinas\/wp-json\/wp\/v2\/posts\/248"}],"collection":[{"href":"https:\/\/laperlaaustral.com.ar\/guerra-malvinas\/wp-json\/wp\/v2\/posts"}],"about":[{"href":"https:\/\/laperlaaustral.com.ar\/guerra-malvinas\/wp-json\/wp\/v2\/types\/post"}],"author":[{"embeddable":true,"href":"https:\/\/laperlaaustral.com.ar\/guerra-malvinas\/wp-json\/wp\/v2\/users\/2"}],"replies":[{"embeddable":true,"href":"https:\/\/laperlaaustral.com.ar\/guerra-malvinas\/wp-json\/wp\/v2\/comments?post=248"}],"version-history":[{"count":3,"href":"https:\/\/laperlaaustral.com.ar\/guerra-malvinas\/wp-json\/wp\/v2\/posts\/248\/revisions"}],"predecessor-version":[{"id":290,"href":"https:\/\/laperlaaustral.com.ar\/guerra-malvinas\/wp-json\/wp\/v2\/posts\/248\/revisions\/290"}],"wp:featuredmedia":[{"embeddable":true,"href":"https:\/\/laperlaaustral.com.ar\/guerra-malvinas\/wp-json\/wp\/v2\/media\/249"}],"wp:attachment":[{"href":"https:\/\/laperlaaustral.com.ar\/guerra-malvinas\/wp-json\/wp\/v2\/media?parent=248"}],"wp:term":[{"taxonomy":"category","embeddable":true,"href":"https:\/\/laperlaaustral.com.ar\/guerra-malvinas\/wp-json\/wp\/v2\/categories?post=248"},{"taxonomy":"post_tag","embeddable":true,"href":"https:\/\/laperlaaustral.com.ar\/guerra-malvinas\/wp-json\/wp\/v2\/tags?post=248"}],"curies":[{"name":"wp","href":"https:\/\/api.w.org\/{rel}","templated":true}]}}