{"id":2157,"date":"2019-07-17T06:51:26","date_gmt":"2019-07-17T06:51:26","guid":{"rendered":"https:\/\/laperlaaustral.com.ar\/guerra-malvinas\/?p=2157"},"modified":"2019-07-17T06:51:29","modified_gmt":"2019-07-17T06:51:29","slug":"citer-155mm","status":"publish","type":"post","link":"https:\/\/laperlaaustral.com.ar\/guerra-malvinas\/citer-155mm\/","title":{"rendered":"Citer 155mm"},"content":{"rendered":"\n<figure class=\"wp-block-image\"><img loading=\"lazy\" decoding=\"async\" width=\"600\" height=\"450\" src=\"https:\/\/laperlaaustral.com.ar\/guerra-malvinas\/wp-content\/uploads\/2019\/07\/aaa-citer02.jpg\" alt=\"\" class=\"wp-image-2165\" srcset=\"https:\/\/laperlaaustral.com.ar\/guerra-malvinas\/wp-content\/uploads\/2019\/07\/aaa-citer02.jpg 600w, https:\/\/laperlaaustral.com.ar\/guerra-malvinas\/wp-content\/uploads\/2019\/07\/aaa-citer02-300x225.jpg 300w\" sizes=\"(max-width: 600px) 100vw, 600px\" \/><\/figure>\n\n\n\n<table class=\"wp-block-table\"><tbody><tr><td>Caracter\u00edstica Principales<\/td><\/tr><tr><td>Peso<\/td><td>8.200 kg<\/td><\/tr><tr><td>Alcance<\/td><td>20.000 m<br> 24.000 m con munici\u00f3n especial. <\/td><\/tr><tr><td><\/td><\/tr><tr><td>Peso del proyectil<\/td><td>44 kg<\/td><\/tr><tr><td>Calibre del proyectil<\/td><td>155 mm<\/td><\/tr><tr><td>\u00c1rea eficazmente batida por un proyectil <\/td><td>Frente: 50 mts<br>Profundidad: 30 mts <br>Radio: 360\u00ba  <\/td><\/tr><tr><td>Tiempo de entrada en posici\u00f3n<\/td><td>15 a 20 minutos<\/td><\/tr><tr><td>Modo de transporte<\/td><td>Remolcado<\/td><\/tr><\/tbody><\/table>\n\n\n\n<figure class=\"wp-block-image is-resized\"><img loading=\"lazy\" decoding=\"async\" src=\"https:\/\/laperlaaustral.com.ar\/guerra-malvinas\/wp-content\/uploads\/2019\/07\/aaa-citer01.jpg\" alt=\"\" class=\"wp-image-2166\" width=\"500\" height=\"354\"\/><\/figure>\n\n\n\n<p><strong>Relata el Coronel Rodr\u00edguez Mottino:<\/strong><br>  En la noche del 13 y 14 de junio el Grupo de Artiller\u00eda 3 llevaba mas  de dos d\u00edas cumpliendo tareas de fuego en forma casi ininterrumpida. Los  ca\u00f1ones de 155 mm hacen estragos en el ataque enemigo, pero la munici\u00f3n  se va agotando&#8230;<br> Los ingleses intentan silenciar a nuestra artiller\u00eda y, una vez mas toda la posici\u00f3n se <br> ve sometido a un fuego de contrabateria muy fuerte.<\/p>\n\n\n\n<p>  Uno de los proyectiles hace impacto en un deposito de munici\u00f3n pr\u00f3ximo a  la bater\u00eda \u00abA\u00bb, ello origina un principio de incendio que, de  extenderse, puede hacer volar todo<br> el emplazamiento. No obstante, el fuego sostenido de los ingleses aplasta a todos, obligandolos a permanecer en sus refugios.<\/p>\n\n\n\n<p> Se observa una silueta que sale de un pozo de zorro y se dirige caminando, en<br> pleno ca\u00f1oneo, hacia el deposito incendiado. Una vez all\u00ed aparta los cajones que<br> arden, los arroja a un pozo e impide que el fuego se extienda. Cumpliendo con  su cometido regresa a su refugio, donde su Jefe de Bater\u00eda lo abraza y  le recrimina por haberse expuesto por propia iniciativa. Ante ello el  soldado Wuldrich, oriundo de la ciudad de Junin exclam\u00f3 \u00abhab\u00eda que  apagarlo mi teniente primero\u00bb<\/p>\n\n\n\n<figure class=\"wp-block-image is-resized\"><img loading=\"lazy\" decoding=\"async\" src=\"https:\/\/laperlaaustral.com.ar\/guerra-malvinas\/wp-content\/uploads\/2019\/07\/aaa-citer03.jpg\" alt=\"\" class=\"wp-image-2167\" width=\"500\" height=\"556\"\/><\/figure>\n\n\n\n<figure class=\"wp-block-image\"><img loading=\"lazy\" decoding=\"async\" width=\"500\" height=\"361\" src=\"https:\/\/laperlaaustral.com.ar\/guerra-malvinas\/wp-content\/uploads\/2019\/07\/aaa-citer04.jpg\" alt=\"\" class=\"wp-image-2168\" srcset=\"https:\/\/laperlaaustral.com.ar\/guerra-malvinas\/wp-content\/uploads\/2019\/07\/aaa-citer04.jpg 500w, https:\/\/laperlaaustral.com.ar\/guerra-malvinas\/wp-content\/uploads\/2019\/07\/aaa-citer04-300x217.jpg 300w\" sizes=\"(max-width: 500px) 100vw, 500px\" \/><\/figure>\n","protected":false},"excerpt":{"rendered":"<p>Caracter\u00edstica Principales Peso 8.200 kg Alcance 20.000 m 24.000 m con munici\u00f3n especial. Peso del proyectil 44 kg Calibre del proyectil 155 mm \u00c1rea eficazmente batida por un proyectil Frente: 50 mtsProfundidad: 30 mts Radio: 360\u00ba Tiempo de entrada en posici\u00f3n 15 a 20 minutos Modo de transporte Remolcado Relata el Coronel Rodr\u00edguez Mottino: En&hellip; <br \/> <a class=\"read-more\" href=\"https:\/\/laperlaaustral.com.ar\/guerra-malvinas\/citer-155mm\/\">Leer m\u00e1s<\/a><\/p>\n","protected":false},"author":2,"featured_media":2169,"comment_status":"open","ping_status":"open","sticky":false,"template":"","format":"standard","meta":{"_monsterinsights_skip_tracking":false,"_monsterinsights_sitenote_active":false,"_monsterinsights_sitenote_note":"","_monsterinsights_sitenote_category":0,"footnotes":""},"categories":[563],"tags":[667,134,671,136,34],"yoast_head":"<!-- This site is optimized with the Yoast SEO plugin v23.4 - https:\/\/yoast.com\/wordpress\/plugins\/seo\/ -->\n<title>Citer 155mm - La Perla Austral de fabricacion argentina<\/title>\n<meta name=\"description\" content=\"Citer 155mm de fabricacion argentina - Los ca\u00f1ones de 155 mm hacen estragos en el ataque enemigo, pero la munici\u00f3n se va agotando\" \/>\n<meta name=\"robots\" content=\"index, follow, max-snippet:-1, max-image-preview:large, max-video-preview:-1\" \/>\n<link rel=\"canonical\" href=\"http:\/\/laperlaaustral.com.ar\/guerra-malvinas\/citer-155mm\/\" \/>\n<meta property=\"og:locale\" content=\"es_ES\" \/>\n<meta property=\"og:type\" content=\"article\" \/>\n<meta property=\"og:title\" content=\"Citer 155mm - La Perla Austral de fabricacion argentina\" \/>\n<meta property=\"og:description\" content=\"Citer 155mm de fabricacion argentina - Los ca\u00f1ones de 155 mm hacen estragos en el ataque enemigo, pero la munici\u00f3n se va agotando\" \/>\n<meta property=\"og:url\" content=\"http:\/\/laperlaaustral.com.ar\/guerra-malvinas\/citer-155mm\/\" \/>\n<meta property=\"og:site_name\" content=\"La Perla Austral\" \/>\n<meta property=\"article:publisher\" content=\"https:\/\/www.facebook.com\/La-Perla-Austra-487959322032195\" \/>\n<meta property=\"article:published_time\" content=\"2019-07-17T06:51:26+00:00\" \/>\n<meta property=\"article:modified_time\" content=\"2019-07-17T06:51:29+00:00\" \/>\n<meta property=\"og:image\" content=\"http:\/\/laperlaaustral.com.ar\/guerra-malvinas\/wp-content\/uploads\/2019\/07\/aaa-citer.png\" \/>\n\t<meta property=\"og:image:width\" content=\"500\" \/>\n\t<meta property=\"og:image:height\" content=\"250\" \/>\n\t<meta property=\"og:image:type\" content=\"image\/png\" \/>\n<meta name=\"author\" content=\"GomRam\" \/>\n<meta name=\"twitter:card\" content=\"summary_large_image\" \/>\n<meta name=\"twitter:label1\" content=\"Escrito por\" \/>\n\t<meta name=\"twitter:data1\" content=\"GomRam\" \/>\n\t<meta name=\"twitter:label2\" content=\"Tiempo de lectura\" \/>\n\t<meta name=\"twitter:data2\" content=\"1 minuto\" \/>\n<script type=\"application\/ld+json\" class=\"yoast-schema-graph\">{\"@context\":\"https:\/\/schema.org\",\"@graph\":[{\"@type\":\"WebPage\",\"@id\":\"http:\/\/laperlaaustral.com.ar\/guerra-malvinas\/citer-155mm\/\",\"url\":\"http:\/\/laperlaaustral.com.ar\/guerra-malvinas\/citer-155mm\/\",\"name\":\"Citer 155mm - La Perla Austral de fabricacion argentina\",\"isPartOf\":{\"@id\":\"http:\/\/laperlaaustral.com.ar\/guerra-malvinas\/#website\"},\"primaryImageOfPage\":{\"@id\":\"http:\/\/laperlaaustral.com.ar\/guerra-malvinas\/citer-155mm\/#primaryimage\"},\"image\":{\"@id\":\"http:\/\/laperlaaustral.com.ar\/guerra-malvinas\/citer-155mm\/#primaryimage\"},\"thumbnailUrl\":\"https:\/\/laperlaaustral.com.ar\/guerra-malvinas\/wp-content\/uploads\/2019\/07\/aaa-citer.png\",\"datePublished\":\"2019-07-17T06:51:26+00:00\",\"dateModified\":\"2019-07-17T06:51:29+00:00\",\"author\":{\"@id\":\"http:\/\/laperlaaustral.com.ar\/guerra-malvinas\/#\/schema\/person\/cccf8f0904f83654d5f2d5380e4eb4b9\"},\"description\":\"Citer 155mm de fabricacion argentina - Los ca\u00f1ones de 155 mm hacen estragos en el ataque enemigo, pero la munici\u00f3n se va agotando\",\"breadcrumb\":{\"@id\":\"http:\/\/laperlaaustral.com.ar\/guerra-malvinas\/citer-155mm\/#breadcrumb\"},\"inLanguage\":\"es\",\"potentialAction\":[{\"@type\":\"ReadAction\",\"target\":[\"http:\/\/laperlaaustral.com.ar\/guerra-malvinas\/citer-155mm\/\"]}]},{\"@type\":\"ImageObject\",\"inLanguage\":\"es\",\"@id\":\"http:\/\/laperlaaustral.com.ar\/guerra-malvinas\/citer-155mm\/#primaryimage\",\"url\":\"https:\/\/laperlaaustral.com.ar\/guerra-malvinas\/wp-content\/uploads\/2019\/07\/aaa-citer.png\",\"contentUrl\":\"https:\/\/laperlaaustral.com.ar\/guerra-malvinas\/wp-content\/uploads\/2019\/07\/aaa-citer.png\",\"width\":500,\"height\":250,\"caption\":\"Citer\"},{\"@type\":\"BreadcrumbList\",\"@id\":\"http:\/\/laperlaaustral.com.ar\/guerra-malvinas\/citer-155mm\/#breadcrumb\",\"itemListElement\":[{\"@type\":\"ListItem\",\"position\":1,\"name\":\"Portada\",\"item\":\"https:\/\/laperlaaustral.com.ar\/guerra-malvinas\/\"},{\"@type\":\"ListItem\",\"position\":2,\"name\":\"Citer 155mm\"}]},{\"@type\":\"WebSite\",\"@id\":\"http:\/\/laperlaaustral.com.ar\/guerra-malvinas\/#website\",\"url\":\"http:\/\/laperlaaustral.com.ar\/guerra-malvinas\/\",\"name\":\"La Perla Austral\",\"description\":\"Guerra de Malvinas 1982\",\"potentialAction\":[{\"@type\":\"SearchAction\",\"target\":{\"@type\":\"EntryPoint\",\"urlTemplate\":\"http:\/\/laperlaaustral.com.ar\/guerra-malvinas\/?s={search_term_string}\"},\"query-input\":{\"@type\":\"PropertyValueSpecification\",\"valueRequired\":true,\"valueName\":\"search_term_string\"}}],\"inLanguage\":\"es\"},{\"@type\":\"Person\",\"@id\":\"http:\/\/laperlaaustral.com.ar\/guerra-malvinas\/#\/schema\/person\/cccf8f0904f83654d5f2d5380e4eb4b9\",\"name\":\"GomRam\",\"image\":{\"@type\":\"ImageObject\",\"inLanguage\":\"es\",\"@id\":\"http:\/\/laperlaaustral.com.ar\/guerra-malvinas\/#\/schema\/person\/image\/\",\"url\":\"https:\/\/secure.gravatar.com\/avatar\/a0f191abb2983305e8a2e850573cb20a?s=96&d=mm&r=g\",\"contentUrl\":\"https:\/\/secure.gravatar.com\/avatar\/a0f191abb2983305e8a2e850573cb20a?s=96&d=mm&r=g\",\"caption\":\"GomRam\"},\"url\":\"https:\/\/laperlaaustral.com.ar\/guerra-malvinas\/author\/ac000164\/\"}]}<\/script>\n<!-- \/ Yoast SEO plugin. -->","yoast_head_json":{"title":"Citer 155mm - La Perla Austral de fabricacion argentina","description":"Citer 155mm de fabricacion argentina - Los ca\u00f1ones de 155 mm hacen estragos en el ataque enemigo, pero la munici\u00f3n se va agotando","robots":{"index":"index","follow":"follow","max-snippet":"max-snippet:-1","max-image-preview":"max-image-preview:large","max-video-preview":"max-video-preview:-1"},"canonical":"http:\/\/laperlaaustral.com.ar\/guerra-malvinas\/citer-155mm\/","og_locale":"es_ES","og_type":"article","og_title":"Citer 155mm - La Perla Austral de fabricacion argentina","og_description":"Citer 155mm de fabricacion argentina - Los ca\u00f1ones de 155 mm hacen estragos en el ataque enemigo, pero la munici\u00f3n se va agotando","og_url":"http:\/\/laperlaaustral.com.ar\/guerra-malvinas\/citer-155mm\/","og_site_name":"La Perla Austral","article_publisher":"https:\/\/www.facebook.com\/La-Perla-Austra-487959322032195","article_published_time":"2019-07-17T06:51:26+00:00","article_modified_time":"2019-07-17T06:51:29+00:00","og_image":[{"width":500,"height":250,"url":"http:\/\/laperlaaustral.com.ar\/guerra-malvinas\/wp-content\/uploads\/2019\/07\/aaa-citer.png","type":"image\/png"}],"author":"GomRam","twitter_card":"summary_large_image","twitter_misc":{"Escrito por":"GomRam","Tiempo de lectura":"1 minuto"},"schema":{"@context":"https:\/\/schema.org","@graph":[{"@type":"WebPage","@id":"http:\/\/laperlaaustral.com.ar\/guerra-malvinas\/citer-155mm\/","url":"http:\/\/laperlaaustral.com.ar\/guerra-malvinas\/citer-155mm\/","name":"Citer 155mm - La Perla Austral de fabricacion argentina","isPartOf":{"@id":"http:\/\/laperlaaustral.com.ar\/guerra-malvinas\/#website"},"primaryImageOfPage":{"@id":"http:\/\/laperlaaustral.com.ar\/guerra-malvinas\/citer-155mm\/#primaryimage"},"image":{"@id":"http:\/\/laperlaaustral.com.ar\/guerra-malvinas\/citer-155mm\/#primaryimage"},"thumbnailUrl":"https:\/\/laperlaaustral.com.ar\/guerra-malvinas\/wp-content\/uploads\/2019\/07\/aaa-citer.png","datePublished":"2019-07-17T06:51:26+00:00","dateModified":"2019-07-17T06:51:29+00:00","author":{"@id":"http:\/\/laperlaaustral.com.ar\/guerra-malvinas\/#\/schema\/person\/cccf8f0904f83654d5f2d5380e4eb4b9"},"description":"Citer 155mm de fabricacion argentina - Los ca\u00f1ones de 155 mm hacen estragos en el ataque enemigo, pero la munici\u00f3n se va agotando","breadcrumb":{"@id":"http:\/\/laperlaaustral.com.ar\/guerra-malvinas\/citer-155mm\/#breadcrumb"},"inLanguage":"es","potentialAction":[{"@type":"ReadAction","target":["http:\/\/laperlaaustral.com.ar\/guerra-malvinas\/citer-155mm\/"]}]},{"@type":"ImageObject","inLanguage":"es","@id":"http:\/\/laperlaaustral.com.ar\/guerra-malvinas\/citer-155mm\/#primaryimage","url":"https:\/\/laperlaaustral.com.ar\/guerra-malvinas\/wp-content\/uploads\/2019\/07\/aaa-citer.png","contentUrl":"https:\/\/laperlaaustral.com.ar\/guerra-malvinas\/wp-content\/uploads\/2019\/07\/aaa-citer.png","width":500,"height":250,"caption":"Citer"},{"@type":"BreadcrumbList","@id":"http:\/\/laperlaaustral.com.ar\/guerra-malvinas\/citer-155mm\/#breadcrumb","itemListElement":[{"@type":"ListItem","position":1,"name":"Portada","item":"https:\/\/laperlaaustral.com.ar\/guerra-malvinas\/"},{"@type":"ListItem","position":2,"name":"Citer 155mm"}]},{"@type":"WebSite","@id":"http:\/\/laperlaaustral.com.ar\/guerra-malvinas\/#website","url":"http:\/\/laperlaaustral.com.ar\/guerra-malvinas\/","name":"La Perla Austral","description":"Guerra de Malvinas 1982","potentialAction":[{"@type":"SearchAction","target":{"@type":"EntryPoint","urlTemplate":"http:\/\/laperlaaustral.com.ar\/guerra-malvinas\/?s={search_term_string}"},"query-input":{"@type":"PropertyValueSpecification","valueRequired":true,"valueName":"search_term_string"}}],"inLanguage":"es"},{"@type":"Person","@id":"http:\/\/laperlaaustral.com.ar\/guerra-malvinas\/#\/schema\/person\/cccf8f0904f83654d5f2d5380e4eb4b9","name":"GomRam","image":{"@type":"ImageObject","inLanguage":"es","@id":"http:\/\/laperlaaustral.com.ar\/guerra-malvinas\/#\/schema\/person\/image\/","url":"https:\/\/secure.gravatar.com\/avatar\/a0f191abb2983305e8a2e850573cb20a?s=96&d=mm&r=g","contentUrl":"https:\/\/secure.gravatar.com\/avatar\/a0f191abb2983305e8a2e850573cb20a?s=96&d=mm&r=g","caption":"GomRam"},"url":"https:\/\/laperlaaustral.com.ar\/guerra-malvinas\/author\/ac000164\/"}]}},"_links":{"self":[{"href":"https:\/\/laperlaaustral.com.ar\/guerra-malvinas\/wp-json\/wp\/v2\/posts\/2157"}],"collection":[{"href":"https:\/\/laperlaaustral.com.ar\/guerra-malvinas\/wp-json\/wp\/v2\/posts"}],"about":[{"href":"https:\/\/laperlaaustral.com.ar\/guerra-malvinas\/wp-json\/wp\/v2\/types\/post"}],"author":[{"embeddable":true,"href":"https:\/\/laperlaaustral.com.ar\/guerra-malvinas\/wp-json\/wp\/v2\/users\/2"}],"replies":[{"embeddable":true,"href":"https:\/\/laperlaaustral.com.ar\/guerra-malvinas\/wp-json\/wp\/v2\/comments?post=2157"}],"version-history":[{"count":1,"href":"https:\/\/laperlaaustral.com.ar\/guerra-malvinas\/wp-json\/wp\/v2\/posts\/2157\/revisions"}],"predecessor-version":[{"id":2170,"href":"https:\/\/laperlaaustral.com.ar\/guerra-malvinas\/wp-json\/wp\/v2\/posts\/2157\/revisions\/2170"}],"wp:featuredmedia":[{"embeddable":true,"href":"https:\/\/laperlaaustral.com.ar\/guerra-malvinas\/wp-json\/wp\/v2\/media\/2169"}],"wp:attachment":[{"href":"https:\/\/laperlaaustral.com.ar\/guerra-malvinas\/wp-json\/wp\/v2\/media?parent=2157"}],"wp:term":[{"taxonomy":"category","embeddable":true,"href":"https:\/\/laperlaaustral.com.ar\/guerra-malvinas\/wp-json\/wp\/v2\/categories?post=2157"},{"taxonomy":"post_tag","embeddable":true,"href":"https:\/\/laperlaaustral.com.ar\/guerra-malvinas\/wp-json\/wp\/v2\/tags?post=2157"}],"curies":[{"name":"wp","href":"https:\/\/api.w.org\/{rel}","templated":true}]}}