{"id":2122,"date":"2019-07-16T05:50:39","date_gmt":"2019-07-16T05:50:39","guid":{"rendered":"https:\/\/laperlaaustral.com.ar\/guerra-malvinas\/?p=2122"},"modified":"2019-07-16T05:50:42","modified_gmt":"2019-07-16T05:50:42","slug":"british-aerospace-eeco-bac-camberra-mk-9","status":"publish","type":"post","link":"https:\/\/laperlaaustral.com.ar\/guerra-malvinas\/british-aerospace-eeco-bac-camberra-mk-9\/","title":{"rendered":"British Aerospace (EECo\/BAC) Camberra Mk.9"},"content":{"rendered":"\n<p>British Aerospace (EECo\/BAC) Camberra Mk.9 (vercion reconocimiento)<\/p>\n\n\n\n<table class=\"wp-block-table\"><tbody><tr><td>Origen<\/td><td>Gran Breta\u00f1a<\/td><\/tr><tr><td>Tipo<\/td><td>Avion de Reconocimiento<\/td><\/tr><tr><td>Planta Motriz<\/td><td>Dos \u00a0 turborreactores Rolls Royce Avon Mk 206 de <br>4763 kg de empuje unirario<\/td><\/tr><tr><td>Prestaciones<\/td><td>Velocidad maxima&nbsp; a cota media 1050 km\/h hasta los 4570 m;<br> Techo de servicio superior a 18290 m;<br> Alcance de combate superior a 25514 km<\/td><\/tr><tr><td>Pesos<\/td><td>Vacio 11790 kg;<br> Maximo en despegue 11790 kg<\/td><\/tr><tr><td>Dimensiones<\/td><td>Envergadura 20,68 m;<br> Longitud 20,32 m;<br> Altura 4,78 m;<br> Superficie alar 97,08 m\u00b2<\/td><\/tr><tr><td>Armamento<\/td><td>Ninguno<\/td><\/tr><\/tbody><\/table>\n\n\n\n<figure class=\"wp-block-image\"><img loading=\"lazy\" decoding=\"async\" width=\"500\" height=\"187\" src=\"https:\/\/laperlaaustral.com.ar\/guerra-malvinas\/wp-content\/uploads\/2019\/07\/CamberraI201-1.jpg\" alt=\"\" class=\"wp-image-2124\" srcset=\"https:\/\/laperlaaustral.com.ar\/guerra-malvinas\/wp-content\/uploads\/2019\/07\/CamberraI201-1.jpg 500w, https:\/\/laperlaaustral.com.ar\/guerra-malvinas\/wp-content\/uploads\/2019\/07\/CamberraI201-1-300x112.jpg 300w\" sizes=\"(max-width: 500px) 100vw, 500px\" \/><\/figure>\n\n\n\n<p> Tres  Camberra PR. Mk 9 de la RAF del Escuadr\u00f3n 39 despegaron desde Wyton  hacia Chile y con sus colores, estos aviones operar\u00edan desde Punta  Arenas en misiones de reconocimiento en apoyo de la Operaci\u00f3n Corporate.<\/p>\n\n\n\n<figure class=\"wp-block-image\"><img loading=\"lazy\" decoding=\"async\" width=\"500\" height=\"337\" src=\"https:\/\/laperlaaustral.com.ar\/guerra-malvinas\/wp-content\/uploads\/2019\/07\/CamberraI202.jpg\" alt=\"\" class=\"wp-image-2125\" srcset=\"https:\/\/laperlaaustral.com.ar\/guerra-malvinas\/wp-content\/uploads\/2019\/07\/CamberraI202.jpg 500w, https:\/\/laperlaaustral.com.ar\/guerra-malvinas\/wp-content\/uploads\/2019\/07\/CamberraI202-300x202.jpg 300w\" sizes=\"(max-width: 500px) 100vw, 500px\" \/><\/figure>\n\n\n\n<figure class=\"wp-block-image\"><img loading=\"lazy\" decoding=\"async\" width=\"500\" height=\"337\" src=\"https:\/\/laperlaaustral.com.ar\/guerra-malvinas\/wp-content\/uploads\/2019\/07\/CamberraI203.jpg\" alt=\"\" class=\"wp-image-2126\" srcset=\"https:\/\/laperlaaustral.com.ar\/guerra-malvinas\/wp-content\/uploads\/2019\/07\/CamberraI203.jpg 500w, https:\/\/laperlaaustral.com.ar\/guerra-malvinas\/wp-content\/uploads\/2019\/07\/CamberraI203-300x202.jpg 300w\" sizes=\"(max-width: 500px) 100vw, 500px\" \/><\/figure>\n\n\n\n<p> El  Camberra PR. Mk 9 era probablemente el avi\u00f3n de reconocimiento mas  apropiado para las operaciones chilenas ya que su largo alcance le  permit\u00eda operar en el la Argentina continental y en las propias Islas .<br>  Pod\u00eda llevar una amplia variedad de c\u00e1maras y posee una espaciosa  bodega de c\u00e1maras que le permite el empleo de lentes de gran amplitud  focal, adem\u00e1s estaban equipados con receptores de alerta y un  actualizado sistema de navegaci\u00f3n, pod\u00eda llevar un explorador de barrido  lineal infrarrojo que le permit\u00eda las operaciones todo tiempo y  nocturnas. <\/p>\n","protected":false},"excerpt":{"rendered":"<p>British Aerospace (EECo\/BAC) Camberra Mk.9 (vercion reconocimiento) Origen Gran Breta\u00f1a Tipo Avion de Reconocimiento Planta Motriz Dos \u00a0 turborreactores Rolls Royce Avon Mk 206 de 4763 kg de empuje unirario Prestaciones Velocidad maxima&nbsp; a cota media 1050 km\/h hasta los 4570 m; Techo de servicio superior a 18290 m; Alcance de combate superior a 25514&hellip; <br \/> <a class=\"read-more\" href=\"https:\/\/laperlaaustral.com.ar\/guerra-malvinas\/british-aerospace-eeco-bac-camberra-mk-9\/\">Leer m\u00e1s<\/a><\/p>\n","protected":false},"author":2,"featured_media":2127,"comment_status":"open","ping_status":"open","sticky":false,"template":"","format":"standard","meta":{"_monsterinsights_skip_tracking":false,"_monsterinsights_sitenote_active":false,"_monsterinsights_sitenote_note":"","_monsterinsights_sitenote_category":0,"footnotes":""},"categories":[650],"tags":[659,536,34],"yoast_head":"<!-- This site is optimized with the Yoast SEO plugin v23.4 - https:\/\/yoast.com\/wordpress\/plugins\/seo\/ -->\n<title>British Aerospace (EECo\/BAC) Camberra Mk.9 - La Perla Austral<\/title>\n<meta name=\"description\" content=\"British Aerospace (EECo\/BAC) Camberra Mk.9 Avion de reconocimiento de las fuerzas inglesas utilizado durante la guerra de malvinas\" \/>\n<meta name=\"robots\" content=\"index, follow, max-snippet:-1, max-image-preview:large, max-video-preview:-1\" \/>\n<link rel=\"canonical\" href=\"http:\/\/laperlaaustral.com.ar\/guerra-malvinas\/british-aerospace-eeco-bac-camberra-mk-9\/\" \/>\n<meta property=\"og:locale\" content=\"es_ES\" \/>\n<meta property=\"og:type\" content=\"article\" \/>\n<meta property=\"og:title\" content=\"British Aerospace (EECo\/BAC) Camberra Mk.9 - La Perla Austral\" \/>\n<meta property=\"og:description\" content=\"British Aerospace (EECo\/BAC) Camberra Mk.9 Avion de reconocimiento de las fuerzas inglesas utilizado durante la guerra de malvinas\" \/>\n<meta property=\"og:url\" content=\"http:\/\/laperlaaustral.com.ar\/guerra-malvinas\/british-aerospace-eeco-bac-camberra-mk-9\/\" \/>\n<meta property=\"og:site_name\" content=\"La Perla Austral\" \/>\n<meta property=\"article:publisher\" content=\"https:\/\/www.facebook.com\/La-Perla-Austra-487959322032195\" \/>\n<meta property=\"article:published_time\" content=\"2019-07-16T05:50:39+00:00\" \/>\n<meta property=\"article:modified_time\" content=\"2019-07-16T05:50:42+00:00\" \/>\n<meta property=\"og:image\" content=\"http:\/\/laperlaaustral.com.ar\/guerra-malvinas\/wp-content\/uploads\/2019\/07\/00-camberra2I.png\" \/>\n\t<meta property=\"og:image:width\" content=\"500\" \/>\n\t<meta property=\"og:image:height\" content=\"250\" \/>\n\t<meta property=\"og:image:type\" content=\"image\/png\" \/>\n<meta name=\"author\" content=\"GomRam\" \/>\n<meta name=\"twitter:card\" content=\"summary_large_image\" \/>\n<meta name=\"twitter:label1\" content=\"Escrito por\" \/>\n\t<meta name=\"twitter:data1\" content=\"GomRam\" \/>\n\t<meta name=\"twitter:label2\" content=\"Tiempo de lectura\" \/>\n\t<meta name=\"twitter:data2\" content=\"1 minuto\" \/>\n<script type=\"application\/ld+json\" class=\"yoast-schema-graph\">{\"@context\":\"https:\/\/schema.org\",\"@graph\":[{\"@type\":\"WebPage\",\"@id\":\"http:\/\/laperlaaustral.com.ar\/guerra-malvinas\/british-aerospace-eeco-bac-camberra-mk-9\/\",\"url\":\"http:\/\/laperlaaustral.com.ar\/guerra-malvinas\/british-aerospace-eeco-bac-camberra-mk-9\/\",\"name\":\"British Aerospace (EECo\/BAC) Camberra Mk.9 - La Perla Austral\",\"isPartOf\":{\"@id\":\"http:\/\/laperlaaustral.com.ar\/guerra-malvinas\/#website\"},\"primaryImageOfPage\":{\"@id\":\"http:\/\/laperlaaustral.com.ar\/guerra-malvinas\/british-aerospace-eeco-bac-camberra-mk-9\/#primaryimage\"},\"image\":{\"@id\":\"http:\/\/laperlaaustral.com.ar\/guerra-malvinas\/british-aerospace-eeco-bac-camberra-mk-9\/#primaryimage\"},\"thumbnailUrl\":\"https:\/\/laperlaaustral.com.ar\/guerra-malvinas\/wp-content\/uploads\/2019\/07\/00-camberra2I.png\",\"datePublished\":\"2019-07-16T05:50:39+00:00\",\"dateModified\":\"2019-07-16T05:50:42+00:00\",\"author\":{\"@id\":\"http:\/\/laperlaaustral.com.ar\/guerra-malvinas\/#\/schema\/person\/cccf8f0904f83654d5f2d5380e4eb4b9\"},\"description\":\"British Aerospace (EECo\/BAC) Camberra Mk.9 Avion de reconocimiento de las fuerzas inglesas utilizado durante la guerra de malvinas\",\"breadcrumb\":{\"@id\":\"http:\/\/laperlaaustral.com.ar\/guerra-malvinas\/british-aerospace-eeco-bac-camberra-mk-9\/#breadcrumb\"},\"inLanguage\":\"es\",\"potentialAction\":[{\"@type\":\"ReadAction\",\"target\":[\"http:\/\/laperlaaustral.com.ar\/guerra-malvinas\/british-aerospace-eeco-bac-camberra-mk-9\/\"]}]},{\"@type\":\"ImageObject\",\"inLanguage\":\"es\",\"@id\":\"http:\/\/laperlaaustral.com.ar\/guerra-malvinas\/british-aerospace-eeco-bac-camberra-mk-9\/#primaryimage\",\"url\":\"https:\/\/laperlaaustral.com.ar\/guerra-malvinas\/wp-content\/uploads\/2019\/07\/00-camberra2I.png\",\"contentUrl\":\"https:\/\/laperlaaustral.com.ar\/guerra-malvinas\/wp-content\/uploads\/2019\/07\/00-camberra2I.png\",\"width\":500,\"height\":250,\"caption\":\"British Aerospace (EECo\/BAC) Camberra Mk.9 (vercion reconocimiento)\"},{\"@type\":\"BreadcrumbList\",\"@id\":\"http:\/\/laperlaaustral.com.ar\/guerra-malvinas\/british-aerospace-eeco-bac-camberra-mk-9\/#breadcrumb\",\"itemListElement\":[{\"@type\":\"ListItem\",\"position\":1,\"name\":\"Portada\",\"item\":\"https:\/\/laperlaaustral.com.ar\/guerra-malvinas\/\"},{\"@type\":\"ListItem\",\"position\":2,\"name\":\"British Aerospace (EECo\/BAC) Camberra Mk.9\"}]},{\"@type\":\"WebSite\",\"@id\":\"http:\/\/laperlaaustral.com.ar\/guerra-malvinas\/#website\",\"url\":\"http:\/\/laperlaaustral.com.ar\/guerra-malvinas\/\",\"name\":\"La Perla Austral\",\"description\":\"Guerra de Malvinas 1982\",\"potentialAction\":[{\"@type\":\"SearchAction\",\"target\":{\"@type\":\"EntryPoint\",\"urlTemplate\":\"http:\/\/laperlaaustral.com.ar\/guerra-malvinas\/?s={search_term_string}\"},\"query-input\":{\"@type\":\"PropertyValueSpecification\",\"valueRequired\":true,\"valueName\":\"search_term_string\"}}],\"inLanguage\":\"es\"},{\"@type\":\"Person\",\"@id\":\"http:\/\/laperlaaustral.com.ar\/guerra-malvinas\/#\/schema\/person\/cccf8f0904f83654d5f2d5380e4eb4b9\",\"name\":\"GomRam\",\"image\":{\"@type\":\"ImageObject\",\"inLanguage\":\"es\",\"@id\":\"http:\/\/laperlaaustral.com.ar\/guerra-malvinas\/#\/schema\/person\/image\/\",\"url\":\"https:\/\/secure.gravatar.com\/avatar\/a0f191abb2983305e8a2e850573cb20a?s=96&d=mm&r=g\",\"contentUrl\":\"https:\/\/secure.gravatar.com\/avatar\/a0f191abb2983305e8a2e850573cb20a?s=96&d=mm&r=g\",\"caption\":\"GomRam\"},\"url\":\"https:\/\/laperlaaustral.com.ar\/guerra-malvinas\/author\/ac000164\/\"}]}<\/script>\n<!-- \/ Yoast SEO plugin. -->","yoast_head_json":{"title":"British Aerospace (EECo\/BAC) Camberra Mk.9 - La Perla Austral","description":"British Aerospace (EECo\/BAC) Camberra Mk.9 Avion de reconocimiento de las fuerzas inglesas utilizado durante la guerra de malvinas","robots":{"index":"index","follow":"follow","max-snippet":"max-snippet:-1","max-image-preview":"max-image-preview:large","max-video-preview":"max-video-preview:-1"},"canonical":"http:\/\/laperlaaustral.com.ar\/guerra-malvinas\/british-aerospace-eeco-bac-camberra-mk-9\/","og_locale":"es_ES","og_type":"article","og_title":"British Aerospace (EECo\/BAC) Camberra Mk.9 - La Perla Austral","og_description":"British Aerospace (EECo\/BAC) Camberra Mk.9 Avion de reconocimiento de las fuerzas inglesas utilizado durante la guerra de malvinas","og_url":"http:\/\/laperlaaustral.com.ar\/guerra-malvinas\/british-aerospace-eeco-bac-camberra-mk-9\/","og_site_name":"La Perla Austral","article_publisher":"https:\/\/www.facebook.com\/La-Perla-Austra-487959322032195","article_published_time":"2019-07-16T05:50:39+00:00","article_modified_time":"2019-07-16T05:50:42+00:00","og_image":[{"width":500,"height":250,"url":"http:\/\/laperlaaustral.com.ar\/guerra-malvinas\/wp-content\/uploads\/2019\/07\/00-camberra2I.png","type":"image\/png"}],"author":"GomRam","twitter_card":"summary_large_image","twitter_misc":{"Escrito por":"GomRam","Tiempo de lectura":"1 minuto"},"schema":{"@context":"https:\/\/schema.org","@graph":[{"@type":"WebPage","@id":"http:\/\/laperlaaustral.com.ar\/guerra-malvinas\/british-aerospace-eeco-bac-camberra-mk-9\/","url":"http:\/\/laperlaaustral.com.ar\/guerra-malvinas\/british-aerospace-eeco-bac-camberra-mk-9\/","name":"British Aerospace (EECo\/BAC) Camberra Mk.9 - La Perla Austral","isPartOf":{"@id":"http:\/\/laperlaaustral.com.ar\/guerra-malvinas\/#website"},"primaryImageOfPage":{"@id":"http:\/\/laperlaaustral.com.ar\/guerra-malvinas\/british-aerospace-eeco-bac-camberra-mk-9\/#primaryimage"},"image":{"@id":"http:\/\/laperlaaustral.com.ar\/guerra-malvinas\/british-aerospace-eeco-bac-camberra-mk-9\/#primaryimage"},"thumbnailUrl":"https:\/\/laperlaaustral.com.ar\/guerra-malvinas\/wp-content\/uploads\/2019\/07\/00-camberra2I.png","datePublished":"2019-07-16T05:50:39+00:00","dateModified":"2019-07-16T05:50:42+00:00","author":{"@id":"http:\/\/laperlaaustral.com.ar\/guerra-malvinas\/#\/schema\/person\/cccf8f0904f83654d5f2d5380e4eb4b9"},"description":"British Aerospace (EECo\/BAC) Camberra Mk.9 Avion de reconocimiento de las fuerzas inglesas utilizado durante la guerra de malvinas","breadcrumb":{"@id":"http:\/\/laperlaaustral.com.ar\/guerra-malvinas\/british-aerospace-eeco-bac-camberra-mk-9\/#breadcrumb"},"inLanguage":"es","potentialAction":[{"@type":"ReadAction","target":["http:\/\/laperlaaustral.com.ar\/guerra-malvinas\/british-aerospace-eeco-bac-camberra-mk-9\/"]}]},{"@type":"ImageObject","inLanguage":"es","@id":"http:\/\/laperlaaustral.com.ar\/guerra-malvinas\/british-aerospace-eeco-bac-camberra-mk-9\/#primaryimage","url":"https:\/\/laperlaaustral.com.ar\/guerra-malvinas\/wp-content\/uploads\/2019\/07\/00-camberra2I.png","contentUrl":"https:\/\/laperlaaustral.com.ar\/guerra-malvinas\/wp-content\/uploads\/2019\/07\/00-camberra2I.png","width":500,"height":250,"caption":"British Aerospace (EECo\/BAC) Camberra Mk.9 (vercion reconocimiento)"},{"@type":"BreadcrumbList","@id":"http:\/\/laperlaaustral.com.ar\/guerra-malvinas\/british-aerospace-eeco-bac-camberra-mk-9\/#breadcrumb","itemListElement":[{"@type":"ListItem","position":1,"name":"Portada","item":"https:\/\/laperlaaustral.com.ar\/guerra-malvinas\/"},{"@type":"ListItem","position":2,"name":"British Aerospace (EECo\/BAC) Camberra Mk.9"}]},{"@type":"WebSite","@id":"http:\/\/laperlaaustral.com.ar\/guerra-malvinas\/#website","url":"http:\/\/laperlaaustral.com.ar\/guerra-malvinas\/","name":"La Perla Austral","description":"Guerra de Malvinas 1982","potentialAction":[{"@type":"SearchAction","target":{"@type":"EntryPoint","urlTemplate":"http:\/\/laperlaaustral.com.ar\/guerra-malvinas\/?s={search_term_string}"},"query-input":{"@type":"PropertyValueSpecification","valueRequired":true,"valueName":"search_term_string"}}],"inLanguage":"es"},{"@type":"Person","@id":"http:\/\/laperlaaustral.com.ar\/guerra-malvinas\/#\/schema\/person\/cccf8f0904f83654d5f2d5380e4eb4b9","name":"GomRam","image":{"@type":"ImageObject","inLanguage":"es","@id":"http:\/\/laperlaaustral.com.ar\/guerra-malvinas\/#\/schema\/person\/image\/","url":"https:\/\/secure.gravatar.com\/avatar\/a0f191abb2983305e8a2e850573cb20a?s=96&d=mm&r=g","contentUrl":"https:\/\/secure.gravatar.com\/avatar\/a0f191abb2983305e8a2e850573cb20a?s=96&d=mm&r=g","caption":"GomRam"},"url":"https:\/\/laperlaaustral.com.ar\/guerra-malvinas\/author\/ac000164\/"}]}},"_links":{"self":[{"href":"https:\/\/laperlaaustral.com.ar\/guerra-malvinas\/wp-json\/wp\/v2\/posts\/2122"}],"collection":[{"href":"https:\/\/laperlaaustral.com.ar\/guerra-malvinas\/wp-json\/wp\/v2\/posts"}],"about":[{"href":"https:\/\/laperlaaustral.com.ar\/guerra-malvinas\/wp-json\/wp\/v2\/types\/post"}],"author":[{"embeddable":true,"href":"https:\/\/laperlaaustral.com.ar\/guerra-malvinas\/wp-json\/wp\/v2\/users\/2"}],"replies":[{"embeddable":true,"href":"https:\/\/laperlaaustral.com.ar\/guerra-malvinas\/wp-json\/wp\/v2\/comments?post=2122"}],"version-history":[{"count":1,"href":"https:\/\/laperlaaustral.com.ar\/guerra-malvinas\/wp-json\/wp\/v2\/posts\/2122\/revisions"}],"predecessor-version":[{"id":2128,"href":"https:\/\/laperlaaustral.com.ar\/guerra-malvinas\/wp-json\/wp\/v2\/posts\/2122\/revisions\/2128"}],"wp:featuredmedia":[{"embeddable":true,"href":"https:\/\/laperlaaustral.com.ar\/guerra-malvinas\/wp-json\/wp\/v2\/media\/2127"}],"wp:attachment":[{"href":"https:\/\/laperlaaustral.com.ar\/guerra-malvinas\/wp-json\/wp\/v2\/media?parent=2122"}],"wp:term":[{"taxonomy":"category","embeddable":true,"href":"https:\/\/laperlaaustral.com.ar\/guerra-malvinas\/wp-json\/wp\/v2\/categories?post=2122"},{"taxonomy":"post_tag","embeddable":true,"href":"https:\/\/laperlaaustral.com.ar\/guerra-malvinas\/wp-json\/wp\/v2\/tags?post=2122"}],"curies":[{"name":"wp","href":"https:\/\/api.w.org\/{rel}","templated":true}]}}