{"id":2107,"date":"2019-07-16T05:37:55","date_gmt":"2019-07-16T05:37:55","guid":{"rendered":"https:\/\/laperlaaustral.com.ar\/guerra-malvinas\/?p=2107"},"modified":"2019-07-16T05:37:58","modified_gmt":"2019-07-16T05:37:58","slug":"british-aerospace-sea-harrier-frs-mk-1","status":"publish","type":"post","link":"https:\/\/laperlaaustral.com.ar\/guerra-malvinas\/british-aerospace-sea-harrier-frs-mk-1\/","title":{"rendered":"British Aerospace Sea Harrier FRS .Mk 1"},"content":{"rendered":"\n<table class=\"wp-block-table\"><tbody><tr><td>Origen<\/td><td>Gran Breta\u00f1a<\/td><\/tr><tr><td>Tipo<\/td><td>Avi\u00f3n de combate polivalente embarcado<\/td><\/tr><tr><td>Planta Motriz<\/td><td>Un turbosoplanter de empuje vertical Rolls-Royce <br>Pegasus Mk 104 de 9742 kg. de empuje<\/td><\/tr><tr><td>Prestaciones<\/td><td>Velocidad m\u00e1xima en ligero picado Mach 1,25 o en<br> limpio al nivel del mar 1110 kg. con carga completa de AAM<br> R\u00e9gimen ascensional inicial 15240 m por minuto;<br> Techo de servicio 15545 m;<br> Radio de intercepci\u00f3n (perfil hi-y reserva de combate) 740 km\/h.<\/td><\/tr><tr><td>Pesos<\/td><td>Vac\u00edo 5942 kg.;<br> M\u00e1ximo en despegue 11884 kg.<\/td><\/tr><tr><td>Dimensiones<\/td><td>Envergadura 7,70 m<br> Longitud&nbsp; 14,50 m;<br> Altura 3,71 m;<br> Superficie alar 18,68 m\u00b2<\/td><\/tr><tr><td>Armamento<\/td><td>Instalaci\u00f3n  para dos ca\u00f1ones Aden de 30 mm con 125<br> proyectiles c\/u, mas cinco  soportes para una carga b\u00e9lica <br>de 3629 kg. de bombas, cohetes, CBU,  misiles Sidewinder <br>o Magic y dos misiles antibuque Harpoon o Sea Eagle<\/td><\/tr><\/tbody><\/table>\n\n\n\n<figure class=\"wp-block-image\"><img loading=\"lazy\" decoding=\"async\" width=\"500\" height=\"256\" src=\"https:\/\/laperlaaustral.com.ar\/guerra-malvinas\/wp-content\/uploads\/2019\/07\/SeaHarrier01.jpg\" alt=\"\" class=\"wp-image-2108\" srcset=\"https:\/\/laperlaaustral.com.ar\/guerra-malvinas\/wp-content\/uploads\/2019\/07\/SeaHarrier01.jpg 500w, https:\/\/laperlaaustral.com.ar\/guerra-malvinas\/wp-content\/uploads\/2019\/07\/SeaHarrier01-300x154.jpg 300w\" sizes=\"(max-width: 500px) 100vw, 500px\" \/><\/figure>\n\n\n\n<figure class=\"wp-block-image\"><img loading=\"lazy\" decoding=\"async\" width=\"500\" height=\"285\" src=\"https:\/\/laperlaaustral.com.ar\/guerra-malvinas\/wp-content\/uploads\/2019\/07\/SeaHarrier02.jpg\" alt=\"\" class=\"wp-image-2109\" srcset=\"https:\/\/laperlaaustral.com.ar\/guerra-malvinas\/wp-content\/uploads\/2019\/07\/SeaHarrier02.jpg 500w, https:\/\/laperlaaustral.com.ar\/guerra-malvinas\/wp-content\/uploads\/2019\/07\/SeaHarrier02-300x171.jpg 300w\" sizes=\"(max-width: 500px) 100vw, 500px\" \/><figcaption> Un Sea Harrier equipado con Sidewinder <\/figcaption><\/figure>\n\n\n\n<figure class=\"wp-block-image\"><img loading=\"lazy\" decoding=\"async\" width=\"500\" height=\"281\" src=\"https:\/\/laperlaaustral.com.ar\/guerra-malvinas\/wp-content\/uploads\/2019\/07\/SeaHarrier03.jpg\" alt=\"\" class=\"wp-image-2110\" srcset=\"https:\/\/laperlaaustral.com.ar\/guerra-malvinas\/wp-content\/uploads\/2019\/07\/SeaHarrier03.jpg 500w, https:\/\/laperlaaustral.com.ar\/guerra-malvinas\/wp-content\/uploads\/2019\/07\/SeaHarrier03-300x169.jpg 300w\" sizes=\"(max-width: 500px) 100vw, 500px\" \/><figcaption> Un Sea Harrier despega del portaaviones Hermes <\/figcaption><\/figure>\n\n\n\n<figure class=\"wp-block-image\"><img loading=\"lazy\" decoding=\"async\" width=\"500\" height=\"315\" src=\"https:\/\/laperlaaustral.com.ar\/guerra-malvinas\/wp-content\/uploads\/2019\/07\/SeaHarrier04.jpg\" alt=\"\" class=\"wp-image-2111\" srcset=\"https:\/\/laperlaaustral.com.ar\/guerra-malvinas\/wp-content\/uploads\/2019\/07\/SeaHarrier04.jpg 500w, https:\/\/laperlaaustral.com.ar\/guerra-malvinas\/wp-content\/uploads\/2019\/07\/SeaHarrier04-300x189.jpg 300w\" sizes=\"(max-width: 500px) 100vw, 500px\" \/><\/figure>\n\n\n\n<figure class=\"wp-block-image\"><img loading=\"lazy\" decoding=\"async\" width=\"500\" height=\"322\" src=\"https:\/\/laperlaaustral.com.ar\/guerra-malvinas\/wp-content\/uploads\/2019\/07\/SeaHarrier05.jpg\" alt=\"\" class=\"wp-image-2112\" srcset=\"https:\/\/laperlaaustral.com.ar\/guerra-malvinas\/wp-content\/uploads\/2019\/07\/SeaHarrier05.jpg 500w, https:\/\/laperlaaustral.com.ar\/guerra-malvinas\/wp-content\/uploads\/2019\/07\/SeaHarrier05-300x193.jpg 300w\" sizes=\"(max-width: 500px) 100vw, 500px\" \/><\/figure>\n","protected":false},"excerpt":{"rendered":"<p>Origen Gran Breta\u00f1a Tipo Avi\u00f3n de combate polivalente embarcado Planta Motriz Un turbosoplanter de empuje vertical Rolls-Royce Pegasus Mk 104 de 9742 kg. de empuje Prestaciones Velocidad m\u00e1xima en ligero picado Mach 1,25 o en limpio al nivel del mar 1110 kg. con carga completa de AAM R\u00e9gimen ascensional inicial 15240 m por minuto; Techo&hellip; <br \/> <a class=\"read-more\" href=\"https:\/\/laperlaaustral.com.ar\/guerra-malvinas\/british-aerospace-sea-harrier-frs-mk-1\/\">Leer m\u00e1s<\/a><\/p>\n","protected":false},"author":2,"featured_media":2113,"comment_status":"open","ping_status":"open","sticky":false,"template":"","format":"standard","meta":{"_monsterinsights_skip_tracking":false,"_monsterinsights_sitenote_active":false,"_monsterinsights_sitenote_note":"","_monsterinsights_sitenote_category":0,"footnotes":""},"categories":[650],"tags":[625,34,660],"yoast_head":"<!-- This site is optimized with the Yoast SEO plugin v23.4 - https:\/\/yoast.com\/wordpress\/plugins\/seo\/ -->\n<title>British Aerospace Sea Harrier FRS .Mk 1 - La Perla Austral<\/title>\n<meta name=\"description\" content=\"British Aerospace Sea Harrier FRS .Mk 1 Aviones de Combate embarcados utilizados por los ingleses durante la guerra de Malvinas\" \/>\n<meta name=\"robots\" content=\"index, follow, max-snippet:-1, max-image-preview:large, max-video-preview:-1\" \/>\n<link rel=\"canonical\" href=\"http:\/\/laperlaaustral.com.ar\/guerra-malvinas\/british-aerospace-sea-harrier-frs-mk-1\/\" \/>\n<meta property=\"og:locale\" content=\"es_ES\" \/>\n<meta property=\"og:type\" content=\"article\" \/>\n<meta property=\"og:title\" content=\"British Aerospace Sea Harrier FRS .Mk 1 - La Perla Austral\" \/>\n<meta property=\"og:description\" content=\"British Aerospace Sea Harrier FRS .Mk 1 Aviones de Combate embarcados utilizados por los ingleses durante la guerra de Malvinas\" \/>\n<meta property=\"og:url\" content=\"http:\/\/laperlaaustral.com.ar\/guerra-malvinas\/british-aerospace-sea-harrier-frs-mk-1\/\" \/>\n<meta property=\"og:site_name\" content=\"La Perla Austral\" \/>\n<meta property=\"article:publisher\" content=\"https:\/\/www.facebook.com\/La-Perla-Austra-487959322032195\" \/>\n<meta property=\"article:published_time\" content=\"2019-07-16T05:37:55+00:00\" \/>\n<meta property=\"article:modified_time\" content=\"2019-07-16T05:37:58+00:00\" \/>\n<meta property=\"og:image\" content=\"http:\/\/laperlaaustral.com.ar\/guerra-malvinas\/wp-content\/uploads\/2019\/07\/SeaHarrier.png\" \/>\n\t<meta property=\"og:image:width\" content=\"500\" \/>\n\t<meta property=\"og:image:height\" content=\"250\" \/>\n\t<meta property=\"og:image:type\" content=\"image\/png\" \/>\n<meta name=\"author\" content=\"GomRam\" \/>\n<meta name=\"twitter:card\" content=\"summary_large_image\" \/>\n<meta name=\"twitter:label1\" content=\"Escrito por\" \/>\n\t<meta name=\"twitter:data1\" content=\"GomRam\" \/>\n\t<meta name=\"twitter:label2\" content=\"Tiempo de lectura\" \/>\n\t<meta name=\"twitter:data2\" content=\"1 minuto\" \/>\n<script type=\"application\/ld+json\" class=\"yoast-schema-graph\">{\"@context\":\"https:\/\/schema.org\",\"@graph\":[{\"@type\":\"WebPage\",\"@id\":\"http:\/\/laperlaaustral.com.ar\/guerra-malvinas\/british-aerospace-sea-harrier-frs-mk-1\/\",\"url\":\"http:\/\/laperlaaustral.com.ar\/guerra-malvinas\/british-aerospace-sea-harrier-frs-mk-1\/\",\"name\":\"British Aerospace Sea Harrier FRS .Mk 1 - La Perla Austral\",\"isPartOf\":{\"@id\":\"http:\/\/laperlaaustral.com.ar\/guerra-malvinas\/#website\"},\"primaryImageOfPage\":{\"@id\":\"http:\/\/laperlaaustral.com.ar\/guerra-malvinas\/british-aerospace-sea-harrier-frs-mk-1\/#primaryimage\"},\"image\":{\"@id\":\"http:\/\/laperlaaustral.com.ar\/guerra-malvinas\/british-aerospace-sea-harrier-frs-mk-1\/#primaryimage\"},\"thumbnailUrl\":\"https:\/\/laperlaaustral.com.ar\/guerra-malvinas\/wp-content\/uploads\/2019\/07\/SeaHarrier.png\",\"datePublished\":\"2019-07-16T05:37:55+00:00\",\"dateModified\":\"2019-07-16T05:37:58+00:00\",\"author\":{\"@id\":\"http:\/\/laperlaaustral.com.ar\/guerra-malvinas\/#\/schema\/person\/cccf8f0904f83654d5f2d5380e4eb4b9\"},\"description\":\"British Aerospace Sea Harrier FRS .Mk 1 Aviones de Combate embarcados utilizados por los ingleses durante la guerra de Malvinas\",\"breadcrumb\":{\"@id\":\"http:\/\/laperlaaustral.com.ar\/guerra-malvinas\/british-aerospace-sea-harrier-frs-mk-1\/#breadcrumb\"},\"inLanguage\":\"es\",\"potentialAction\":[{\"@type\":\"ReadAction\",\"target\":[\"http:\/\/laperlaaustral.com.ar\/guerra-malvinas\/british-aerospace-sea-harrier-frs-mk-1\/\"]}]},{\"@type\":\"ImageObject\",\"inLanguage\":\"es\",\"@id\":\"http:\/\/laperlaaustral.com.ar\/guerra-malvinas\/british-aerospace-sea-harrier-frs-mk-1\/#primaryimage\",\"url\":\"https:\/\/laperlaaustral.com.ar\/guerra-malvinas\/wp-content\/uploads\/2019\/07\/SeaHarrier.png\",\"contentUrl\":\"https:\/\/laperlaaustral.com.ar\/guerra-malvinas\/wp-content\/uploads\/2019\/07\/SeaHarrier.png\",\"width\":500,\"height\":250,\"caption\":\"British Aerospace Sea Harrier FRS .Mk 1\"},{\"@type\":\"BreadcrumbList\",\"@id\":\"http:\/\/laperlaaustral.com.ar\/guerra-malvinas\/british-aerospace-sea-harrier-frs-mk-1\/#breadcrumb\",\"itemListElement\":[{\"@type\":\"ListItem\",\"position\":1,\"name\":\"Portada\",\"item\":\"https:\/\/laperlaaustral.com.ar\/guerra-malvinas\/\"},{\"@type\":\"ListItem\",\"position\":2,\"name\":\"British Aerospace Sea Harrier FRS .Mk 1\"}]},{\"@type\":\"WebSite\",\"@id\":\"http:\/\/laperlaaustral.com.ar\/guerra-malvinas\/#website\",\"url\":\"http:\/\/laperlaaustral.com.ar\/guerra-malvinas\/\",\"name\":\"La Perla Austral\",\"description\":\"Guerra de Malvinas 1982\",\"potentialAction\":[{\"@type\":\"SearchAction\",\"target\":{\"@type\":\"EntryPoint\",\"urlTemplate\":\"http:\/\/laperlaaustral.com.ar\/guerra-malvinas\/?s={search_term_string}\"},\"query-input\":{\"@type\":\"PropertyValueSpecification\",\"valueRequired\":true,\"valueName\":\"search_term_string\"}}],\"inLanguage\":\"es\"},{\"@type\":\"Person\",\"@id\":\"http:\/\/laperlaaustral.com.ar\/guerra-malvinas\/#\/schema\/person\/cccf8f0904f83654d5f2d5380e4eb4b9\",\"name\":\"GomRam\",\"image\":{\"@type\":\"ImageObject\",\"inLanguage\":\"es\",\"@id\":\"http:\/\/laperlaaustral.com.ar\/guerra-malvinas\/#\/schema\/person\/image\/\",\"url\":\"https:\/\/secure.gravatar.com\/avatar\/a0f191abb2983305e8a2e850573cb20a?s=96&d=mm&r=g\",\"contentUrl\":\"https:\/\/secure.gravatar.com\/avatar\/a0f191abb2983305e8a2e850573cb20a?s=96&d=mm&r=g\",\"caption\":\"GomRam\"},\"url\":\"https:\/\/laperlaaustral.com.ar\/guerra-malvinas\/author\/ac000164\/\"}]}<\/script>\n<!-- \/ Yoast SEO plugin. -->","yoast_head_json":{"title":"British Aerospace Sea Harrier FRS .Mk 1 - La Perla Austral","description":"British Aerospace Sea Harrier FRS .Mk 1 Aviones de Combate embarcados utilizados por los ingleses durante la guerra de Malvinas","robots":{"index":"index","follow":"follow","max-snippet":"max-snippet:-1","max-image-preview":"max-image-preview:large","max-video-preview":"max-video-preview:-1"},"canonical":"http:\/\/laperlaaustral.com.ar\/guerra-malvinas\/british-aerospace-sea-harrier-frs-mk-1\/","og_locale":"es_ES","og_type":"article","og_title":"British Aerospace Sea Harrier FRS .Mk 1 - La Perla Austral","og_description":"British Aerospace Sea Harrier FRS .Mk 1 Aviones de Combate embarcados utilizados por los ingleses durante la guerra de Malvinas","og_url":"http:\/\/laperlaaustral.com.ar\/guerra-malvinas\/british-aerospace-sea-harrier-frs-mk-1\/","og_site_name":"La Perla Austral","article_publisher":"https:\/\/www.facebook.com\/La-Perla-Austra-487959322032195","article_published_time":"2019-07-16T05:37:55+00:00","article_modified_time":"2019-07-16T05:37:58+00:00","og_image":[{"width":500,"height":250,"url":"http:\/\/laperlaaustral.com.ar\/guerra-malvinas\/wp-content\/uploads\/2019\/07\/SeaHarrier.png","type":"image\/png"}],"author":"GomRam","twitter_card":"summary_large_image","twitter_misc":{"Escrito por":"GomRam","Tiempo de lectura":"1 minuto"},"schema":{"@context":"https:\/\/schema.org","@graph":[{"@type":"WebPage","@id":"http:\/\/laperlaaustral.com.ar\/guerra-malvinas\/british-aerospace-sea-harrier-frs-mk-1\/","url":"http:\/\/laperlaaustral.com.ar\/guerra-malvinas\/british-aerospace-sea-harrier-frs-mk-1\/","name":"British Aerospace Sea Harrier FRS .Mk 1 - La Perla Austral","isPartOf":{"@id":"http:\/\/laperlaaustral.com.ar\/guerra-malvinas\/#website"},"primaryImageOfPage":{"@id":"http:\/\/laperlaaustral.com.ar\/guerra-malvinas\/british-aerospace-sea-harrier-frs-mk-1\/#primaryimage"},"image":{"@id":"http:\/\/laperlaaustral.com.ar\/guerra-malvinas\/british-aerospace-sea-harrier-frs-mk-1\/#primaryimage"},"thumbnailUrl":"https:\/\/laperlaaustral.com.ar\/guerra-malvinas\/wp-content\/uploads\/2019\/07\/SeaHarrier.png","datePublished":"2019-07-16T05:37:55+00:00","dateModified":"2019-07-16T05:37:58+00:00","author":{"@id":"http:\/\/laperlaaustral.com.ar\/guerra-malvinas\/#\/schema\/person\/cccf8f0904f83654d5f2d5380e4eb4b9"},"description":"British Aerospace Sea Harrier FRS .Mk 1 Aviones de Combate embarcados utilizados por los ingleses durante la guerra de Malvinas","breadcrumb":{"@id":"http:\/\/laperlaaustral.com.ar\/guerra-malvinas\/british-aerospace-sea-harrier-frs-mk-1\/#breadcrumb"},"inLanguage":"es","potentialAction":[{"@type":"ReadAction","target":["http:\/\/laperlaaustral.com.ar\/guerra-malvinas\/british-aerospace-sea-harrier-frs-mk-1\/"]}]},{"@type":"ImageObject","inLanguage":"es","@id":"http:\/\/laperlaaustral.com.ar\/guerra-malvinas\/british-aerospace-sea-harrier-frs-mk-1\/#primaryimage","url":"https:\/\/laperlaaustral.com.ar\/guerra-malvinas\/wp-content\/uploads\/2019\/07\/SeaHarrier.png","contentUrl":"https:\/\/laperlaaustral.com.ar\/guerra-malvinas\/wp-content\/uploads\/2019\/07\/SeaHarrier.png","width":500,"height":250,"caption":"British Aerospace Sea Harrier FRS .Mk 1"},{"@type":"BreadcrumbList","@id":"http:\/\/laperlaaustral.com.ar\/guerra-malvinas\/british-aerospace-sea-harrier-frs-mk-1\/#breadcrumb","itemListElement":[{"@type":"ListItem","position":1,"name":"Portada","item":"https:\/\/laperlaaustral.com.ar\/guerra-malvinas\/"},{"@type":"ListItem","position":2,"name":"British Aerospace Sea Harrier FRS .Mk 1"}]},{"@type":"WebSite","@id":"http:\/\/laperlaaustral.com.ar\/guerra-malvinas\/#website","url":"http:\/\/laperlaaustral.com.ar\/guerra-malvinas\/","name":"La Perla Austral","description":"Guerra de Malvinas 1982","potentialAction":[{"@type":"SearchAction","target":{"@type":"EntryPoint","urlTemplate":"http:\/\/laperlaaustral.com.ar\/guerra-malvinas\/?s={search_term_string}"},"query-input":{"@type":"PropertyValueSpecification","valueRequired":true,"valueName":"search_term_string"}}],"inLanguage":"es"},{"@type":"Person","@id":"http:\/\/laperlaaustral.com.ar\/guerra-malvinas\/#\/schema\/person\/cccf8f0904f83654d5f2d5380e4eb4b9","name":"GomRam","image":{"@type":"ImageObject","inLanguage":"es","@id":"http:\/\/laperlaaustral.com.ar\/guerra-malvinas\/#\/schema\/person\/image\/","url":"https:\/\/secure.gravatar.com\/avatar\/a0f191abb2983305e8a2e850573cb20a?s=96&d=mm&r=g","contentUrl":"https:\/\/secure.gravatar.com\/avatar\/a0f191abb2983305e8a2e850573cb20a?s=96&d=mm&r=g","caption":"GomRam"},"url":"https:\/\/laperlaaustral.com.ar\/guerra-malvinas\/author\/ac000164\/"}]}},"_links":{"self":[{"href":"https:\/\/laperlaaustral.com.ar\/guerra-malvinas\/wp-json\/wp\/v2\/posts\/2107"}],"collection":[{"href":"https:\/\/laperlaaustral.com.ar\/guerra-malvinas\/wp-json\/wp\/v2\/posts"}],"about":[{"href":"https:\/\/laperlaaustral.com.ar\/guerra-malvinas\/wp-json\/wp\/v2\/types\/post"}],"author":[{"embeddable":true,"href":"https:\/\/laperlaaustral.com.ar\/guerra-malvinas\/wp-json\/wp\/v2\/users\/2"}],"replies":[{"embeddable":true,"href":"https:\/\/laperlaaustral.com.ar\/guerra-malvinas\/wp-json\/wp\/v2\/comments?post=2107"}],"version-history":[{"count":1,"href":"https:\/\/laperlaaustral.com.ar\/guerra-malvinas\/wp-json\/wp\/v2\/posts\/2107\/revisions"}],"predecessor-version":[{"id":2114,"href":"https:\/\/laperlaaustral.com.ar\/guerra-malvinas\/wp-json\/wp\/v2\/posts\/2107\/revisions\/2114"}],"wp:featuredmedia":[{"embeddable":true,"href":"https:\/\/laperlaaustral.com.ar\/guerra-malvinas\/wp-json\/wp\/v2\/media\/2113"}],"wp:attachment":[{"href":"https:\/\/laperlaaustral.com.ar\/guerra-malvinas\/wp-json\/wp\/v2\/media?parent=2107"}],"wp:term":[{"taxonomy":"category","embeddable":true,"href":"https:\/\/laperlaaustral.com.ar\/guerra-malvinas\/wp-json\/wp\/v2\/categories?post=2107"},{"taxonomy":"post_tag","embeddable":true,"href":"https:\/\/laperlaaustral.com.ar\/guerra-malvinas\/wp-json\/wp\/v2\/tags?post=2107"}],"curies":[{"name":"wp","href":"https:\/\/api.w.org\/{rel}","templated":true}]}}