{"id":1774,"date":"2019-07-14T11:33:27","date_gmt":"2019-07-14T11:33:27","guid":{"rendered":"https:\/\/laperlaaustral.com.ar\/guerra-malvinas\/?p=1774"},"modified":"2019-11-09T20:11:49","modified_gmt":"2019-11-09T20:11:49","slug":"westland-has-mk-23-battlefield-lynx","status":"publish","type":"post","link":"https:\/\/laperlaaustral.com.ar\/guerra-malvinas\/westland-has-mk-23-battlefield-lynx\/","title":{"rendered":"Westland HAS Mk 23 Battlefield Lynx"},"content":{"rendered":"\n<p>Westland HAS Mk 23 Battlefield Lynx en la Guerra de Malvinas sus Caracteristicas<\/p>\n\n\n\n<table class=\"wp-block-table\"><tbody><tr><td> Origen <\/td><td> Gran Breta\u00f1a <\/td><\/tr><tr><td> Tipo <\/td><td> Helic\u00f3ptero de asalto y transporte <\/td><\/tr><tr><td> Planta Motriz <\/td><td> Dos turboejes Rolls-Royce Gem 42-1 de 1120 HP <\/td><\/tr><tr><td> Prestaciones <\/td><td> Velocidad m\u00e1xima de crucero 256 km\/h<br> R\u00e9gimen ascensional 472 m por minutos;<br> Techo de servicio 3230 m;<br> Alcance con el combustible normal 685 km.; <\/td><\/tr><tr><td> Pesos <\/td><td> Vac\u00edo 3178 kg.;<br> M\u00e1ximo en despegue 5125 kg. <\/td><\/tr><tr><td> Dimensiones <\/td><td> Di\u00e1metro del rotor principal 12,80 m;<br> Longitud con los rotores girando 15,69 m<br> Superficie discal del rotor principal 128,69 m\u00b2<br> Altura 3,73 m <\/td><\/tr><tr><td> Armamento <\/td><td> Hasta  ocho misiles TOW (los Hellfire y Hot son otra alternativa) o dos  g\u00f3ndolas ca\u00f1\u00f3n de 20 mm o de ametralladoras o dos lanzacohetes de 19  cohetes de 70 mm <\/td><\/tr><\/tbody><\/table>\n\n\n\n<p>Durante  la Operaci\u00f3n Rosario, el 3-H-141 fue asignado al Buque ARA Sant\u00edsima  Trinidad, mientras que el 3-H-142 lo hizo en el ARA H\u00e9rcules. <\/p>\n\n\n\n<div class=\"wp-block-image\"><figure class=\"aligncenter\"><img loading=\"lazy\" decoding=\"async\" width=\"500\" height=\"266\" src=\"https:\/\/laperlaaustral.com.ar\/guerra-malvinas\/wp-content\/uploads\/2019\/07\/lynx03.jpg\" alt=\"\" class=\"wp-image-1775\" srcset=\"https:\/\/laperlaaustral.com.ar\/guerra-malvinas\/wp-content\/uploads\/2019\/07\/lynx03.jpg 500w, https:\/\/laperlaaustral.com.ar\/guerra-malvinas\/wp-content\/uploads\/2019\/07\/lynx03-300x160.jpg 300w\" sizes=\"(max-width: 500px) 100vw, 500px\" \/><\/figure><\/div>\n\n\n\n<p>Los Lynx formaban parte de la 1\u00ba Escuadrilla de Helicopteros de la Armada<\/p>\n\n\n\n<div class=\"wp-block-image\"><figure class=\"aligncenter\"><img loading=\"lazy\" decoding=\"async\" width=\"320\" height=\"443\" src=\"https:\/\/laperlaaustral.com.ar\/guerra-malvinas\/wp-content\/uploads\/2019\/07\/1-Escuadrilla-de-Helicopteros-de-la-Armada.png\" alt=\"1\u00ba Escuadrilla de Helicopteros\" class=\"wp-image-1779\" srcset=\"https:\/\/laperlaaustral.com.ar\/guerra-malvinas\/wp-content\/uploads\/2019\/07\/1-Escuadrilla-de-Helicopteros-de-la-Armada.png 320w, https:\/\/laperlaaustral.com.ar\/guerra-malvinas\/wp-content\/uploads\/2019\/07\/1-Escuadrilla-de-Helicopteros-de-la-Armada-217x300.png 217w\" sizes=\"(max-width: 320px) 100vw, 320px\" \/><\/figure><\/div>\n\n\n\n<p>La Armada contaba con dos unidades una de ellas se accidento el 2 de mayo maniobrando sobre la Santisima Trinidad <\/p>\n\n\n\n<div class=\"wp-block-image\"><figure class=\"aligncenter\"><img loading=\"lazy\" decoding=\"async\" width=\"500\" height=\"298\" src=\"https:\/\/laperlaaustral.com.ar\/guerra-malvinas\/wp-content\/uploads\/2019\/07\/lynx02.jpg\" alt=\"\" class=\"wp-image-1776\" srcset=\"https:\/\/laperlaaustral.com.ar\/guerra-malvinas\/wp-content\/uploads\/2019\/07\/lynx02.jpg 500w, https:\/\/laperlaaustral.com.ar\/guerra-malvinas\/wp-content\/uploads\/2019\/07\/lynx02-300x179.jpg 300w\" sizes=\"(max-width: 500px) 100vw, 500px\" \/><\/figure><\/div>\n\n\n\n<p> Los  dos Lynx de la Armada Argentina en Puerto Argentino sobre la cancha de  futbol, el 2 de Abril 1982, estos formaron parte del la Fuerza de Tarea  40 de la Armada operando probablemente desde las Fragatas Santisima  Trinidad y Hercules  <\/p>\n\n\n\n<div class=\"wp-block-image\"><figure class=\"aligncenter\"><img loading=\"lazy\" decoding=\"async\" width=\"500\" height=\"315\" src=\"https:\/\/laperlaaustral.com.ar\/guerra-malvinas\/wp-content\/uploads\/2019\/07\/lynx04.jpg\" alt=\"\" class=\"wp-image-1777\" srcset=\"https:\/\/laperlaaustral.com.ar\/guerra-malvinas\/wp-content\/uploads\/2019\/07\/lynx04.jpg 500w, https:\/\/laperlaaustral.com.ar\/guerra-malvinas\/wp-content\/uploads\/2019\/07\/lynx04-300x189.jpg 300w\" sizes=\"(max-width: 500px) 100vw, 500px\" \/><\/figure><\/div>\n\n\n\n<div class=\"wp-block-image\"><figure class=\"aligncenter\"><img loading=\"lazy\" decoding=\"async\" width=\"500\" height=\"345\" src=\"https:\/\/laperlaaustral.com.ar\/guerra-malvinas\/wp-content\/uploads\/2019\/07\/lynx05.jpg\" alt=\"\" class=\"wp-image-1778\" srcset=\"https:\/\/laperlaaustral.com.ar\/guerra-malvinas\/wp-content\/uploads\/2019\/07\/lynx05.jpg 500w, https:\/\/laperlaaustral.com.ar\/guerra-malvinas\/wp-content\/uploads\/2019\/07\/lynx05-300x207.jpg 300w\" sizes=\"(max-width: 500px) 100vw, 500px\" \/><\/figure><\/div>\n\n\n\n<h5 class=\"wp-block-heading\">Ambos Lynx (3-H-142 y 3-H-143) sufrieron fallas mecanicas en Malvinas y se accidentaron<\/h5>\n\n\n\n<p>El  15 de Mayo del 82, debido a o una detenci\u00f3n brusca de una de las turbinas y el  helic\u00f3ptero se prendi\u00f3 fuego. El  aparato impact\u00f3 en el mar y qued\u00f3  invertido bajo el agua. Los tres tripulantes <a rel=\"noreferrer noopener\" aria-label=\"Teniente de Nav\u00edo Rodolfo  Perciacanto (abre en una nueva pesta\u00f1a)\" href=\"https:\/\/laperlaaustral.com.ar\/laperlaaustral\/laperlaaustralview.php?showdetail=&amp;id=19739\" target=\"_blank\">Teniente de Nav\u00edo Rodolfo  Perciacanto<\/a>; Teniente de Corbeta Pablo Loubet y el <a href=\"https:\/\/laperlaaustral.com.ar\/laperlaaustral\/laperlaaustralview.php?showdetail=&amp;id=11848\" target=\"_blank\" rel=\"noreferrer noopener\" aria-label=\"Suboficial Segundo  Luis Gonz\u00e1lez (abre en una nueva pesta\u00f1a)\">Suboficial Segundo  Luis Gonz\u00e1lez<\/a> lograron salir del mismo sin un rasgu\u00f1o. Los restos del  helic\u00f3ptero fueron recuperados el 22 de Mayo del 82.<\/p>\n\n\n\n<p> El  22 de Mayo del 82, mientras el 3-H-141 realizaba un vuelo para incorporarse a uno  de los destructores tuvo una falla en una de sus dos turbinas. Los  pilotos decidieron regresar a la Base Aeronaval Comandante Espora, desde  donde hab\u00edan salido, con un solo motor en marcha, tratando de evitar  que se repitiera el accidente anterior. El helic\u00f3ptero hizo un  aterrizaje de emergencia en el aeropuerto sin da\u00f1os personales ni  materiales. Esa tripulaci\u00f3n estaba compuesta por el <a href=\"https:\/\/laperlaaustral.com.ar\/laperlaaustral\/laperlaaustralview.php?showdetail=&amp;id=16900\" target=\"_blank\" rel=\"noreferrer noopener\" aria-label=\"Teniente de Nav\u00edo  Marcelo Miranda (abre en una nueva pesta\u00f1a)\">Teniente de Nav\u00edo  Marcelo Miranda<\/a> y el <a rel=\"noreferrer noopener\" aria-label=\"Teniente de Corbeta Pablo Loubet (abre en una nueva pesta\u00f1a)\" href=\"https:\/\/laperlaaustral.com.ar\/laperlaaustral\/laperlaaustralview.php?showdetail=&amp;id=14784\" target=\"_blank\">Teniente de Corbeta Pablo Loubet<\/a>. Tambi\u00e9n hab\u00eda un  mec\u00e1nico y un pasajero de la Fuerza A\u00e9rea Argentina.  <\/p>\n\n\n\n<p> <\/p>\n\n\n\n<p><a rel=\"noreferrer noopener\" href=\"https:\/\/www.facebook.com\/La-Perla-Austra-487959322032195\/\" target=\"_blank\">Encuentranos en Facebook<\/a><\/p>\n","protected":false},"excerpt":{"rendered":"<p>Westland HAS Mk 23 Battlefield Lynx en la Guerra de Malvinas sus Caracteristicas Origen Gran Breta\u00f1a Tipo Helic\u00f3ptero de asalto y transporte Planta Motriz Dos turboejes Rolls-Royce Gem 42-1 de 1120 HP Prestaciones Velocidad m\u00e1xima de crucero 256 km\/h R\u00e9gimen ascensional 472 m por minutos; Techo de servicio 3230 m; Alcance con el combustible normal&hellip; <br \/> <a class=\"read-more\" href=\"https:\/\/laperlaaustral.com.ar\/guerra-malvinas\/westland-has-mk-23-battlefield-lynx\/\">Leer m\u00e1s<\/a><\/p>\n","protected":false},"author":2,"featured_media":1781,"comment_status":"open","ping_status":"open","sticky":false,"template":"","format":"standard","meta":{"_monsterinsights_skip_tracking":false,"_monsterinsights_sitenote_active":false,"_monsterinsights_sitenote_note":"","_monsterinsights_sitenote_category":0,"footnotes":""},"categories":[566],"tags":[594,436,34,592,593],"yoast_head":"<!-- This site is optimized with the Yoast SEO plugin v23.4 - https:\/\/yoast.com\/wordpress\/plugins\/seo\/ -->\n<title>Westland HAS Mk 23 Battlefield Lynx - La Perla Austral<\/title>\n<meta name=\"description\" content=\"Westland HAS Mk 23 Battlefield Lynx Helicopteros de la Armada Argentina desplegados durante la Guerra de Malvinas, fueron enviadas 2 unidades\" \/>\n<meta name=\"robots\" content=\"index, follow, max-snippet:-1, max-image-preview:large, max-video-preview:-1\" \/>\n<link rel=\"canonical\" href=\"http:\/\/laperlaaustral.com.ar\/guerra-malvinas\/westland-has-mk-23-battlefield-lynx\/\" \/>\n<meta property=\"og:locale\" content=\"es_ES\" \/>\n<meta property=\"og:type\" content=\"article\" \/>\n<meta property=\"og:title\" content=\"Westland HAS Mk 23 Battlefield Lynx - La Perla Austral\" \/>\n<meta property=\"og:description\" content=\"Westland HAS Mk 23 Battlefield Lynx Helicopteros de la Armada Argentina desplegados durante la Guerra de Malvinas, fueron enviadas 2 unidades\" \/>\n<meta property=\"og:url\" content=\"http:\/\/laperlaaustral.com.ar\/guerra-malvinas\/westland-has-mk-23-battlefield-lynx\/\" \/>\n<meta property=\"og:site_name\" content=\"La Perla Austral\" \/>\n<meta property=\"article:publisher\" content=\"https:\/\/www.facebook.com\/La-Perla-Austra-487959322032195\" \/>\n<meta property=\"article:published_time\" content=\"2019-07-14T11:33:27+00:00\" \/>\n<meta property=\"article:modified_time\" content=\"2019-11-09T20:11:49+00:00\" \/>\n<meta property=\"og:image\" content=\"http:\/\/laperlaaustral.com.ar\/guerra-malvinas\/wp-content\/uploads\/2019\/07\/lynx.png\" \/>\n\t<meta property=\"og:image:width\" content=\"500\" \/>\n\t<meta property=\"og:image:height\" content=\"250\" \/>\n\t<meta property=\"og:image:type\" content=\"image\/png\" \/>\n<meta name=\"author\" content=\"GomRam\" \/>\n<meta name=\"twitter:card\" content=\"summary_large_image\" \/>\n<meta name=\"twitter:label1\" content=\"Escrito por\" \/>\n\t<meta name=\"twitter:data1\" content=\"GomRam\" \/>\n\t<meta name=\"twitter:label2\" content=\"Tiempo de lectura\" \/>\n\t<meta name=\"twitter:data2\" content=\"2 minutos\" \/>\n<script type=\"application\/ld+json\" class=\"yoast-schema-graph\">{\"@context\":\"https:\/\/schema.org\",\"@graph\":[{\"@type\":\"WebPage\",\"@id\":\"http:\/\/laperlaaustral.com.ar\/guerra-malvinas\/westland-has-mk-23-battlefield-lynx\/\",\"url\":\"http:\/\/laperlaaustral.com.ar\/guerra-malvinas\/westland-has-mk-23-battlefield-lynx\/\",\"name\":\"Westland HAS Mk 23 Battlefield Lynx - La Perla Austral\",\"isPartOf\":{\"@id\":\"http:\/\/laperlaaustral.com.ar\/guerra-malvinas\/#website\"},\"primaryImageOfPage\":{\"@id\":\"http:\/\/laperlaaustral.com.ar\/guerra-malvinas\/westland-has-mk-23-battlefield-lynx\/#primaryimage\"},\"image\":{\"@id\":\"http:\/\/laperlaaustral.com.ar\/guerra-malvinas\/westland-has-mk-23-battlefield-lynx\/#primaryimage\"},\"thumbnailUrl\":\"https:\/\/laperlaaustral.com.ar\/guerra-malvinas\/wp-content\/uploads\/2019\/07\/lynx.png\",\"datePublished\":\"2019-07-14T11:33:27+00:00\",\"dateModified\":\"2019-11-09T20:11:49+00:00\",\"author\":{\"@id\":\"http:\/\/laperlaaustral.com.ar\/guerra-malvinas\/#\/schema\/person\/cccf8f0904f83654d5f2d5380e4eb4b9\"},\"description\":\"Westland HAS Mk 23 Battlefield Lynx Helicopteros de la Armada Argentina desplegados durante la Guerra de Malvinas, fueron enviadas 2 unidades\",\"breadcrumb\":{\"@id\":\"http:\/\/laperlaaustral.com.ar\/guerra-malvinas\/westland-has-mk-23-battlefield-lynx\/#breadcrumb\"},\"inLanguage\":\"es\",\"potentialAction\":[{\"@type\":\"ReadAction\",\"target\":[\"http:\/\/laperlaaustral.com.ar\/guerra-malvinas\/westland-has-mk-23-battlefield-lynx\/\"]}]},{\"@type\":\"ImageObject\",\"inLanguage\":\"es\",\"@id\":\"http:\/\/laperlaaustral.com.ar\/guerra-malvinas\/westland-has-mk-23-battlefield-lynx\/#primaryimage\",\"url\":\"https:\/\/laperlaaustral.com.ar\/guerra-malvinas\/wp-content\/uploads\/2019\/07\/lynx.png\",\"contentUrl\":\"https:\/\/laperlaaustral.com.ar\/guerra-malvinas\/wp-content\/uploads\/2019\/07\/lynx.png\",\"width\":500,\"height\":250,\"caption\":\"Westland HAS Mk 23 Battlefield Lynx\"},{\"@type\":\"BreadcrumbList\",\"@id\":\"http:\/\/laperlaaustral.com.ar\/guerra-malvinas\/westland-has-mk-23-battlefield-lynx\/#breadcrumb\",\"itemListElement\":[{\"@type\":\"ListItem\",\"position\":1,\"name\":\"Portada\",\"item\":\"https:\/\/laperlaaustral.com.ar\/guerra-malvinas\/\"},{\"@type\":\"ListItem\",\"position\":2,\"name\":\"Westland HAS Mk 23 Battlefield Lynx\"}]},{\"@type\":\"WebSite\",\"@id\":\"http:\/\/laperlaaustral.com.ar\/guerra-malvinas\/#website\",\"url\":\"http:\/\/laperlaaustral.com.ar\/guerra-malvinas\/\",\"name\":\"La Perla Austral\",\"description\":\"Guerra de Malvinas 1982\",\"potentialAction\":[{\"@type\":\"SearchAction\",\"target\":{\"@type\":\"EntryPoint\",\"urlTemplate\":\"http:\/\/laperlaaustral.com.ar\/guerra-malvinas\/?s={search_term_string}\"},\"query-input\":{\"@type\":\"PropertyValueSpecification\",\"valueRequired\":true,\"valueName\":\"search_term_string\"}}],\"inLanguage\":\"es\"},{\"@type\":\"Person\",\"@id\":\"http:\/\/laperlaaustral.com.ar\/guerra-malvinas\/#\/schema\/person\/cccf8f0904f83654d5f2d5380e4eb4b9\",\"name\":\"GomRam\",\"image\":{\"@type\":\"ImageObject\",\"inLanguage\":\"es\",\"@id\":\"http:\/\/laperlaaustral.com.ar\/guerra-malvinas\/#\/schema\/person\/image\/\",\"url\":\"https:\/\/secure.gravatar.com\/avatar\/a0f191abb2983305e8a2e850573cb20a?s=96&d=mm&r=g\",\"contentUrl\":\"https:\/\/secure.gravatar.com\/avatar\/a0f191abb2983305e8a2e850573cb20a?s=96&d=mm&r=g\",\"caption\":\"GomRam\"},\"url\":\"https:\/\/laperlaaustral.com.ar\/guerra-malvinas\/author\/ac000164\/\"}]}<\/script>\n<!-- \/ Yoast SEO plugin. -->","yoast_head_json":{"title":"Westland HAS Mk 23 Battlefield Lynx - La Perla Austral","description":"Westland HAS Mk 23 Battlefield Lynx Helicopteros de la Armada Argentina desplegados durante la Guerra de Malvinas, fueron enviadas 2 unidades","robots":{"index":"index","follow":"follow","max-snippet":"max-snippet:-1","max-image-preview":"max-image-preview:large","max-video-preview":"max-video-preview:-1"},"canonical":"http:\/\/laperlaaustral.com.ar\/guerra-malvinas\/westland-has-mk-23-battlefield-lynx\/","og_locale":"es_ES","og_type":"article","og_title":"Westland HAS Mk 23 Battlefield Lynx - La Perla Austral","og_description":"Westland HAS Mk 23 Battlefield Lynx Helicopteros de la Armada Argentina desplegados durante la Guerra de Malvinas, fueron enviadas 2 unidades","og_url":"http:\/\/laperlaaustral.com.ar\/guerra-malvinas\/westland-has-mk-23-battlefield-lynx\/","og_site_name":"La Perla Austral","article_publisher":"https:\/\/www.facebook.com\/La-Perla-Austra-487959322032195","article_published_time":"2019-07-14T11:33:27+00:00","article_modified_time":"2019-11-09T20:11:49+00:00","og_image":[{"width":500,"height":250,"url":"http:\/\/laperlaaustral.com.ar\/guerra-malvinas\/wp-content\/uploads\/2019\/07\/lynx.png","type":"image\/png"}],"author":"GomRam","twitter_card":"summary_large_image","twitter_misc":{"Escrito por":"GomRam","Tiempo de lectura":"2 minutos"},"schema":{"@context":"https:\/\/schema.org","@graph":[{"@type":"WebPage","@id":"http:\/\/laperlaaustral.com.ar\/guerra-malvinas\/westland-has-mk-23-battlefield-lynx\/","url":"http:\/\/laperlaaustral.com.ar\/guerra-malvinas\/westland-has-mk-23-battlefield-lynx\/","name":"Westland HAS Mk 23 Battlefield Lynx - La Perla Austral","isPartOf":{"@id":"http:\/\/laperlaaustral.com.ar\/guerra-malvinas\/#website"},"primaryImageOfPage":{"@id":"http:\/\/laperlaaustral.com.ar\/guerra-malvinas\/westland-has-mk-23-battlefield-lynx\/#primaryimage"},"image":{"@id":"http:\/\/laperlaaustral.com.ar\/guerra-malvinas\/westland-has-mk-23-battlefield-lynx\/#primaryimage"},"thumbnailUrl":"https:\/\/laperlaaustral.com.ar\/guerra-malvinas\/wp-content\/uploads\/2019\/07\/lynx.png","datePublished":"2019-07-14T11:33:27+00:00","dateModified":"2019-11-09T20:11:49+00:00","author":{"@id":"http:\/\/laperlaaustral.com.ar\/guerra-malvinas\/#\/schema\/person\/cccf8f0904f83654d5f2d5380e4eb4b9"},"description":"Westland HAS Mk 23 Battlefield Lynx Helicopteros de la Armada Argentina desplegados durante la Guerra de Malvinas, fueron enviadas 2 unidades","breadcrumb":{"@id":"http:\/\/laperlaaustral.com.ar\/guerra-malvinas\/westland-has-mk-23-battlefield-lynx\/#breadcrumb"},"inLanguage":"es","potentialAction":[{"@type":"ReadAction","target":["http:\/\/laperlaaustral.com.ar\/guerra-malvinas\/westland-has-mk-23-battlefield-lynx\/"]}]},{"@type":"ImageObject","inLanguage":"es","@id":"http:\/\/laperlaaustral.com.ar\/guerra-malvinas\/westland-has-mk-23-battlefield-lynx\/#primaryimage","url":"https:\/\/laperlaaustral.com.ar\/guerra-malvinas\/wp-content\/uploads\/2019\/07\/lynx.png","contentUrl":"https:\/\/laperlaaustral.com.ar\/guerra-malvinas\/wp-content\/uploads\/2019\/07\/lynx.png","width":500,"height":250,"caption":"Westland HAS Mk 23 Battlefield Lynx"},{"@type":"BreadcrumbList","@id":"http:\/\/laperlaaustral.com.ar\/guerra-malvinas\/westland-has-mk-23-battlefield-lynx\/#breadcrumb","itemListElement":[{"@type":"ListItem","position":1,"name":"Portada","item":"https:\/\/laperlaaustral.com.ar\/guerra-malvinas\/"},{"@type":"ListItem","position":2,"name":"Westland HAS Mk 23 Battlefield Lynx"}]},{"@type":"WebSite","@id":"http:\/\/laperlaaustral.com.ar\/guerra-malvinas\/#website","url":"http:\/\/laperlaaustral.com.ar\/guerra-malvinas\/","name":"La Perla Austral","description":"Guerra de Malvinas 1982","potentialAction":[{"@type":"SearchAction","target":{"@type":"EntryPoint","urlTemplate":"http:\/\/laperlaaustral.com.ar\/guerra-malvinas\/?s={search_term_string}"},"query-input":{"@type":"PropertyValueSpecification","valueRequired":true,"valueName":"search_term_string"}}],"inLanguage":"es"},{"@type":"Person","@id":"http:\/\/laperlaaustral.com.ar\/guerra-malvinas\/#\/schema\/person\/cccf8f0904f83654d5f2d5380e4eb4b9","name":"GomRam","image":{"@type":"ImageObject","inLanguage":"es","@id":"http:\/\/laperlaaustral.com.ar\/guerra-malvinas\/#\/schema\/person\/image\/","url":"https:\/\/secure.gravatar.com\/avatar\/a0f191abb2983305e8a2e850573cb20a?s=96&d=mm&r=g","contentUrl":"https:\/\/secure.gravatar.com\/avatar\/a0f191abb2983305e8a2e850573cb20a?s=96&d=mm&r=g","caption":"GomRam"},"url":"https:\/\/laperlaaustral.com.ar\/guerra-malvinas\/author\/ac000164\/"}]}},"_links":{"self":[{"href":"https:\/\/laperlaaustral.com.ar\/guerra-malvinas\/wp-json\/wp\/v2\/posts\/1774"}],"collection":[{"href":"https:\/\/laperlaaustral.com.ar\/guerra-malvinas\/wp-json\/wp\/v2\/posts"}],"about":[{"href":"https:\/\/laperlaaustral.com.ar\/guerra-malvinas\/wp-json\/wp\/v2\/types\/post"}],"author":[{"embeddable":true,"href":"https:\/\/laperlaaustral.com.ar\/guerra-malvinas\/wp-json\/wp\/v2\/users\/2"}],"replies":[{"embeddable":true,"href":"https:\/\/laperlaaustral.com.ar\/guerra-malvinas\/wp-json\/wp\/v2\/comments?post=1774"}],"version-history":[{"count":2,"href":"https:\/\/laperlaaustral.com.ar\/guerra-malvinas\/wp-json\/wp\/v2\/posts\/1774\/revisions"}],"predecessor-version":[{"id":3359,"href":"https:\/\/laperlaaustral.com.ar\/guerra-malvinas\/wp-json\/wp\/v2\/posts\/1774\/revisions\/3359"}],"wp:featuredmedia":[{"embeddable":true,"href":"https:\/\/laperlaaustral.com.ar\/guerra-malvinas\/wp-json\/wp\/v2\/media\/1781"}],"wp:attachment":[{"href":"https:\/\/laperlaaustral.com.ar\/guerra-malvinas\/wp-json\/wp\/v2\/media?parent=1774"}],"wp:term":[{"taxonomy":"category","embeddable":true,"href":"https:\/\/laperlaaustral.com.ar\/guerra-malvinas\/wp-json\/wp\/v2\/categories?post=1774"},{"taxonomy":"post_tag","embeddable":true,"href":"https:\/\/laperlaaustral.com.ar\/guerra-malvinas\/wp-json\/wp\/v2\/tags?post=1774"}],"curies":[{"name":"wp","href":"https:\/\/api.w.org\/{rel}","templated":true}]}}