{"id":1751,"date":"2019-07-14T10:46:20","date_gmt":"2019-07-14T10:46:20","guid":{"rendered":"https:\/\/laperlaaustral.com.ar\/guerra-malvinas\/?p=1751"},"modified":"2019-07-14T10:46:23","modified_gmt":"2019-07-14T10:46:23","slug":"vw-iltis-en-malvinas","status":"publish","type":"post","link":"https:\/\/laperlaaustral.com.ar\/guerra-malvinas\/vw-iltis-en-malvinas\/","title":{"rendered":"VW &#8211; Iltis"},"content":{"rendered":"\n<table class=\"wp-block-table\"><tbody><tr><td> <strong>Motor (gasolina 1,7 L)<\/strong> <\/td><td><\/td><\/tr><tr><td> Tipo <\/td><td> Delantero longitudinal de 4 cilindros en l\u00ednea <\/td><\/tr><tr><td> Cilindrada <\/td><td> 1.714 c.c <\/td><\/tr><tr><td> Di\u00e1metro x carrera <\/td><td> 79,5 x 86,4 mm <\/td><\/tr><tr><td> Par m\u00e1ximo <\/td><td> 13,7 kg\u00b7m a 2.800 rpm <\/td><\/tr><tr><td> Potencia m\u00e1xima <\/td><td> 75CV a 5.000 rpm <\/td><\/tr><tr><td> <strong>Transmisi\u00f3n<\/strong> <\/td><td><\/td><\/tr><tr><td> Tipo <\/td><td> Tracci\u00f3n integral <\/td><\/tr><tr><td> Cambio <\/td><td> Manual, de 5 relaciones <\/td><\/tr><tr><td> <strong>Suspensi\u00f3n<\/strong> <\/td><td><\/td><\/tr><tr><td> Delantera <\/td><td> Independiente con ballest\u00f3n transversal y<br>barra estabilizadora. <\/td><\/tr><tr><td> Trasera <\/td><td> Independiente con ballest\u00f3n transversal y <br>barra estabilizadora. <\/td><\/tr><tr><td> <strong>Frenos<\/strong> <\/td><td><\/td><\/tr><tr><td> Delanteros <\/td><td> Tambor <\/td><\/tr><tr><td> Traseros <\/td><td> Tambor <\/td><\/tr><tr><td> <strong>Dimensiones<\/strong> <\/td><td><\/td><\/tr><tr><td> Largo <\/td><td> 3.880 mm <\/td><\/tr><tr><td> Ancho <\/td><td> 1.521 mm <\/td><\/tr><tr><td> Alto <\/td><td> 1.840 mm <\/td><\/tr><tr><td> Batalla <\/td><td> 2.110 mm <\/td><\/tr><tr><td> V\u00eda delantera <\/td><td> 1.229 mm <\/td><\/tr><tr><td> V\u00eda trasera <\/td><td> 1.259 mm <\/td><\/tr><tr><td> Altura libre <\/td><td> 230 mm <\/td><\/tr><tr><td> Di\u00e1metro de giro <\/td><td> 11 m <\/td><\/tr><tr><td> Dep\u00f3sito combustible <\/td><td> 85 l <\/td><\/tr><tr><td> Peso <\/td><td> 1.300 kg <\/td><\/tr><tr><td> <strong>Prestaciones<\/strong> <\/td><td><\/td><\/tr><tr><td> Pendiente superable <\/td><td> 50% <\/td><\/tr><tr><td> Acel. 0-100 km\/h <\/td><td> 21 s. <\/td><\/tr><tr><td> Velocidad m\u00e1x. <\/td><td> 130 km\/h <\/td><\/tr><\/tbody><\/table>\n","protected":false},"excerpt":{"rendered":"<p>Motor (gasolina 1,7 L) Tipo Delantero longitudinal de 4 cilindros en l\u00ednea Cilindrada 1.714 c.c Di\u00e1metro x carrera 79,5 x 86,4 mm Par m\u00e1ximo 13,7 kg\u00b7m a 2.800 rpm Potencia m\u00e1xima 75CV a 5.000 rpm Transmisi\u00f3n Tipo Tracci\u00f3n integral Cambio Manual, de 5 relaciones Suspensi\u00f3n Delantera Independiente con ballest\u00f3n transversal ybarra estabilizadora. Trasera Independiente con&hellip; <br \/> <a class=\"read-more\" href=\"https:\/\/laperlaaustral.com.ar\/guerra-malvinas\/vw-iltis-en-malvinas\/\">Leer m\u00e1s<\/a><\/p>\n","protected":false},"author":2,"featured_media":1752,"comment_status":"open","ping_status":"open","sticky":false,"template":"","format":"standard","meta":{"_monsterinsights_skip_tracking":false,"_monsterinsights_sitenote_active":false,"_monsterinsights_sitenote_note":"","_monsterinsights_sitenote_category":0,"footnotes":""},"categories":[564],"tags":[581,34,582,579,580],"yoast_head":"<!-- This site is optimized with the Yoast SEO plugin v23.4 - https:\/\/yoast.com\/wordpress\/plugins\/seo\/ -->\n<title>VW - Iltis - La Perla Austral Movil de combate en Malvinas<\/title>\n<meta name=\"description\" content=\"VW - Iltis en Malvinas, vehiculo de transporte en la guerra de Malvinas, los todo terreno que fueron enviados a la zona de operaciones\" \/>\n<meta name=\"robots\" content=\"index, follow, max-snippet:-1, max-image-preview:large, max-video-preview:-1\" \/>\n<link rel=\"canonical\" href=\"http:\/\/laperlaaustral.com.ar\/guerra-malvinas\/vw-iltis-en-malvinas\/\" \/>\n<meta property=\"og:locale\" content=\"es_ES\" \/>\n<meta property=\"og:type\" content=\"article\" \/>\n<meta property=\"og:title\" content=\"VW - Iltis - La Perla Austral Movil de combate en Malvinas\" \/>\n<meta property=\"og:description\" content=\"VW - Iltis en Malvinas, vehiculo de transporte en la guerra de Malvinas, los todo terreno que fueron enviados a la zona de operaciones\" \/>\n<meta property=\"og:url\" content=\"http:\/\/laperlaaustral.com.ar\/guerra-malvinas\/vw-iltis-en-malvinas\/\" \/>\n<meta property=\"og:site_name\" content=\"La Perla Austral\" \/>\n<meta property=\"article:publisher\" content=\"https:\/\/www.facebook.com\/La-Perla-Austra-487959322032195\" \/>\n<meta property=\"article:published_time\" content=\"2019-07-14T10:46:20+00:00\" \/>\n<meta property=\"article:modified_time\" content=\"2019-07-14T10:46:23+00:00\" \/>\n<meta property=\"og:image\" content=\"http:\/\/laperlaaustral.com.ar\/guerra-malvinas\/wp-content\/uploads\/2019\/07\/vw-iltis.png\" \/>\n\t<meta property=\"og:image:width\" content=\"640\" \/>\n\t<meta property=\"og:image:height\" content=\"480\" \/>\n\t<meta property=\"og:image:type\" content=\"image\/png\" \/>\n<meta name=\"author\" content=\"GomRam\" \/>\n<meta name=\"twitter:card\" content=\"summary_large_image\" \/>\n<meta name=\"twitter:label1\" content=\"Escrito por\" \/>\n\t<meta name=\"twitter:data1\" content=\"GomRam\" \/>\n\t<meta name=\"twitter:label2\" content=\"Tiempo de lectura\" \/>\n\t<meta name=\"twitter:data2\" content=\"1 minuto\" \/>\n<script type=\"application\/ld+json\" class=\"yoast-schema-graph\">{\"@context\":\"https:\/\/schema.org\",\"@graph\":[{\"@type\":\"WebPage\",\"@id\":\"http:\/\/laperlaaustral.com.ar\/guerra-malvinas\/vw-iltis-en-malvinas\/\",\"url\":\"http:\/\/laperlaaustral.com.ar\/guerra-malvinas\/vw-iltis-en-malvinas\/\",\"name\":\"VW - Iltis - La Perla Austral Movil de combate en Malvinas\",\"isPartOf\":{\"@id\":\"http:\/\/laperlaaustral.com.ar\/guerra-malvinas\/#website\"},\"primaryImageOfPage\":{\"@id\":\"http:\/\/laperlaaustral.com.ar\/guerra-malvinas\/vw-iltis-en-malvinas\/#primaryimage\"},\"image\":{\"@id\":\"http:\/\/laperlaaustral.com.ar\/guerra-malvinas\/vw-iltis-en-malvinas\/#primaryimage\"},\"thumbnailUrl\":\"https:\/\/laperlaaustral.com.ar\/guerra-malvinas\/wp-content\/uploads\/2019\/07\/vw-iltis.png\",\"datePublished\":\"2019-07-14T10:46:20+00:00\",\"dateModified\":\"2019-07-14T10:46:23+00:00\",\"author\":{\"@id\":\"http:\/\/laperlaaustral.com.ar\/guerra-malvinas\/#\/schema\/person\/cccf8f0904f83654d5f2d5380e4eb4b9\"},\"description\":\"VW - Iltis en Malvinas, vehiculo de transporte en la guerra de Malvinas, los todo terreno que fueron enviados a la zona de operaciones\",\"breadcrumb\":{\"@id\":\"http:\/\/laperlaaustral.com.ar\/guerra-malvinas\/vw-iltis-en-malvinas\/#breadcrumb\"},\"inLanguage\":\"es\",\"potentialAction\":[{\"@type\":\"ReadAction\",\"target\":[\"http:\/\/laperlaaustral.com.ar\/guerra-malvinas\/vw-iltis-en-malvinas\/\"]}]},{\"@type\":\"ImageObject\",\"inLanguage\":\"es\",\"@id\":\"http:\/\/laperlaaustral.com.ar\/guerra-malvinas\/vw-iltis-en-malvinas\/#primaryimage\",\"url\":\"https:\/\/laperlaaustral.com.ar\/guerra-malvinas\/wp-content\/uploads\/2019\/07\/vw-iltis.png\",\"contentUrl\":\"https:\/\/laperlaaustral.com.ar\/guerra-malvinas\/wp-content\/uploads\/2019\/07\/vw-iltis.png\",\"width\":640,\"height\":480,\"caption\":\"vw-iltis\"},{\"@type\":\"BreadcrumbList\",\"@id\":\"http:\/\/laperlaaustral.com.ar\/guerra-malvinas\/vw-iltis-en-malvinas\/#breadcrumb\",\"itemListElement\":[{\"@type\":\"ListItem\",\"position\":1,\"name\":\"Portada\",\"item\":\"https:\/\/laperlaaustral.com.ar\/guerra-malvinas\/\"},{\"@type\":\"ListItem\",\"position\":2,\"name\":\"VW &#8211; Iltis\"}]},{\"@type\":\"WebSite\",\"@id\":\"http:\/\/laperlaaustral.com.ar\/guerra-malvinas\/#website\",\"url\":\"http:\/\/laperlaaustral.com.ar\/guerra-malvinas\/\",\"name\":\"La Perla Austral\",\"description\":\"Guerra de Malvinas 1982\",\"potentialAction\":[{\"@type\":\"SearchAction\",\"target\":{\"@type\":\"EntryPoint\",\"urlTemplate\":\"http:\/\/laperlaaustral.com.ar\/guerra-malvinas\/?s={search_term_string}\"},\"query-input\":{\"@type\":\"PropertyValueSpecification\",\"valueRequired\":true,\"valueName\":\"search_term_string\"}}],\"inLanguage\":\"es\"},{\"@type\":\"Person\",\"@id\":\"http:\/\/laperlaaustral.com.ar\/guerra-malvinas\/#\/schema\/person\/cccf8f0904f83654d5f2d5380e4eb4b9\",\"name\":\"GomRam\",\"image\":{\"@type\":\"ImageObject\",\"inLanguage\":\"es\",\"@id\":\"http:\/\/laperlaaustral.com.ar\/guerra-malvinas\/#\/schema\/person\/image\/\",\"url\":\"https:\/\/secure.gravatar.com\/avatar\/a0f191abb2983305e8a2e850573cb20a?s=96&d=mm&r=g\",\"contentUrl\":\"https:\/\/secure.gravatar.com\/avatar\/a0f191abb2983305e8a2e850573cb20a?s=96&d=mm&r=g\",\"caption\":\"GomRam\"},\"url\":\"https:\/\/laperlaaustral.com.ar\/guerra-malvinas\/author\/ac000164\/\"}]}<\/script>\n<!-- \/ Yoast SEO plugin. -->","yoast_head_json":{"title":"VW - Iltis - La Perla Austral Movil de combate en Malvinas","description":"VW - Iltis en Malvinas, vehiculo de transporte en la guerra de Malvinas, los todo terreno que fueron enviados a la zona de operaciones","robots":{"index":"index","follow":"follow","max-snippet":"max-snippet:-1","max-image-preview":"max-image-preview:large","max-video-preview":"max-video-preview:-1"},"canonical":"http:\/\/laperlaaustral.com.ar\/guerra-malvinas\/vw-iltis-en-malvinas\/","og_locale":"es_ES","og_type":"article","og_title":"VW - Iltis - La Perla Austral Movil de combate en Malvinas","og_description":"VW - Iltis en Malvinas, vehiculo de transporte en la guerra de Malvinas, los todo terreno que fueron enviados a la zona de operaciones","og_url":"http:\/\/laperlaaustral.com.ar\/guerra-malvinas\/vw-iltis-en-malvinas\/","og_site_name":"La Perla Austral","article_publisher":"https:\/\/www.facebook.com\/La-Perla-Austra-487959322032195","article_published_time":"2019-07-14T10:46:20+00:00","article_modified_time":"2019-07-14T10:46:23+00:00","og_image":[{"width":640,"height":480,"url":"http:\/\/laperlaaustral.com.ar\/guerra-malvinas\/wp-content\/uploads\/2019\/07\/vw-iltis.png","type":"image\/png"}],"author":"GomRam","twitter_card":"summary_large_image","twitter_misc":{"Escrito por":"GomRam","Tiempo de lectura":"1 minuto"},"schema":{"@context":"https:\/\/schema.org","@graph":[{"@type":"WebPage","@id":"http:\/\/laperlaaustral.com.ar\/guerra-malvinas\/vw-iltis-en-malvinas\/","url":"http:\/\/laperlaaustral.com.ar\/guerra-malvinas\/vw-iltis-en-malvinas\/","name":"VW - Iltis - La Perla Austral Movil de combate en Malvinas","isPartOf":{"@id":"http:\/\/laperlaaustral.com.ar\/guerra-malvinas\/#website"},"primaryImageOfPage":{"@id":"http:\/\/laperlaaustral.com.ar\/guerra-malvinas\/vw-iltis-en-malvinas\/#primaryimage"},"image":{"@id":"http:\/\/laperlaaustral.com.ar\/guerra-malvinas\/vw-iltis-en-malvinas\/#primaryimage"},"thumbnailUrl":"https:\/\/laperlaaustral.com.ar\/guerra-malvinas\/wp-content\/uploads\/2019\/07\/vw-iltis.png","datePublished":"2019-07-14T10:46:20+00:00","dateModified":"2019-07-14T10:46:23+00:00","author":{"@id":"http:\/\/laperlaaustral.com.ar\/guerra-malvinas\/#\/schema\/person\/cccf8f0904f83654d5f2d5380e4eb4b9"},"description":"VW - Iltis en Malvinas, vehiculo de transporte en la guerra de Malvinas, los todo terreno que fueron enviados a la zona de operaciones","breadcrumb":{"@id":"http:\/\/laperlaaustral.com.ar\/guerra-malvinas\/vw-iltis-en-malvinas\/#breadcrumb"},"inLanguage":"es","potentialAction":[{"@type":"ReadAction","target":["http:\/\/laperlaaustral.com.ar\/guerra-malvinas\/vw-iltis-en-malvinas\/"]}]},{"@type":"ImageObject","inLanguage":"es","@id":"http:\/\/laperlaaustral.com.ar\/guerra-malvinas\/vw-iltis-en-malvinas\/#primaryimage","url":"https:\/\/laperlaaustral.com.ar\/guerra-malvinas\/wp-content\/uploads\/2019\/07\/vw-iltis.png","contentUrl":"https:\/\/laperlaaustral.com.ar\/guerra-malvinas\/wp-content\/uploads\/2019\/07\/vw-iltis.png","width":640,"height":480,"caption":"vw-iltis"},{"@type":"BreadcrumbList","@id":"http:\/\/laperlaaustral.com.ar\/guerra-malvinas\/vw-iltis-en-malvinas\/#breadcrumb","itemListElement":[{"@type":"ListItem","position":1,"name":"Portada","item":"https:\/\/laperlaaustral.com.ar\/guerra-malvinas\/"},{"@type":"ListItem","position":2,"name":"VW &#8211; Iltis"}]},{"@type":"WebSite","@id":"http:\/\/laperlaaustral.com.ar\/guerra-malvinas\/#website","url":"http:\/\/laperlaaustral.com.ar\/guerra-malvinas\/","name":"La Perla Austral","description":"Guerra de Malvinas 1982","potentialAction":[{"@type":"SearchAction","target":{"@type":"EntryPoint","urlTemplate":"http:\/\/laperlaaustral.com.ar\/guerra-malvinas\/?s={search_term_string}"},"query-input":{"@type":"PropertyValueSpecification","valueRequired":true,"valueName":"search_term_string"}}],"inLanguage":"es"},{"@type":"Person","@id":"http:\/\/laperlaaustral.com.ar\/guerra-malvinas\/#\/schema\/person\/cccf8f0904f83654d5f2d5380e4eb4b9","name":"GomRam","image":{"@type":"ImageObject","inLanguage":"es","@id":"http:\/\/laperlaaustral.com.ar\/guerra-malvinas\/#\/schema\/person\/image\/","url":"https:\/\/secure.gravatar.com\/avatar\/a0f191abb2983305e8a2e850573cb20a?s=96&d=mm&r=g","contentUrl":"https:\/\/secure.gravatar.com\/avatar\/a0f191abb2983305e8a2e850573cb20a?s=96&d=mm&r=g","caption":"GomRam"},"url":"https:\/\/laperlaaustral.com.ar\/guerra-malvinas\/author\/ac000164\/"}]}},"_links":{"self":[{"href":"https:\/\/laperlaaustral.com.ar\/guerra-malvinas\/wp-json\/wp\/v2\/posts\/1751"}],"collection":[{"href":"https:\/\/laperlaaustral.com.ar\/guerra-malvinas\/wp-json\/wp\/v2\/posts"}],"about":[{"href":"https:\/\/laperlaaustral.com.ar\/guerra-malvinas\/wp-json\/wp\/v2\/types\/post"}],"author":[{"embeddable":true,"href":"https:\/\/laperlaaustral.com.ar\/guerra-malvinas\/wp-json\/wp\/v2\/users\/2"}],"replies":[{"embeddable":true,"href":"https:\/\/laperlaaustral.com.ar\/guerra-malvinas\/wp-json\/wp\/v2\/comments?post=1751"}],"version-history":[{"count":2,"href":"https:\/\/laperlaaustral.com.ar\/guerra-malvinas\/wp-json\/wp\/v2\/posts\/1751\/revisions"}],"predecessor-version":[{"id":3333,"href":"https:\/\/laperlaaustral.com.ar\/guerra-malvinas\/wp-json\/wp\/v2\/posts\/1751\/revisions\/3333"}],"wp:featuredmedia":[{"embeddable":true,"href":"https:\/\/laperlaaustral.com.ar\/guerra-malvinas\/wp-json\/wp\/v2\/media\/1752"}],"wp:attachment":[{"href":"https:\/\/laperlaaustral.com.ar\/guerra-malvinas\/wp-json\/wp\/v2\/media?parent=1751"}],"wp:term":[{"taxonomy":"category","embeddable":true,"href":"https:\/\/laperlaaustral.com.ar\/guerra-malvinas\/wp-json\/wp\/v2\/categories?post=1751"},{"taxonomy":"post_tag","embeddable":true,"href":"https:\/\/laperlaaustral.com.ar\/guerra-malvinas\/wp-json\/wp\/v2\/tags?post=1751"}],"curies":[{"name":"wp","href":"https:\/\/api.w.org\/{rel}","templated":true}]}}