{"id":1619,"date":"2019-07-13T23:07:53","date_gmt":"2019-07-13T23:07:53","guid":{"rendered":"https:\/\/laperlaaustral.com.ar\/guerra-malvinas\/?p=1619"},"modified":"2019-07-13T23:07:57","modified_gmt":"2019-07-13T23:07:57","slug":"cabo-artillero-eduardo-paz","status":"publish","type":"post","link":"https:\/\/laperlaaustral.com.ar\/guerra-malvinas\/cabo-artillero-eduardo-paz\/","title":{"rendered":"Cabo Artillero Eduardo Paz"},"content":{"rendered":"\n<p>Clar\u00edn, S\u00e1bado 6 de abril de 2002, Buenos Aires, Argentina<\/p>\n\n\n\n<p>MALVINAS 20 A\u00d1OS DESPUES: HISTORIA DE<br><em><strong>LOS QUE PELEARON LA GUERRA CABO <br>ARTILLERO <a href=\"https:\/\/laperlaaustral.com.ar\/laperlaaustral\/laperlaaustralview.php?showdetail=&amp;id=19485\" target=\"_blank\" rel=\"noreferrer noopener\" aria-label=\"EDUARDO PAZ (abre en una nueva pesta\u00f1a)\">EDUARDO PAZ<\/a><\/strong><\/em><\/p>\n\n\n\n<p> Suicidio en el Monumento a la Bandera: las otras muertes que dej\u00f3 la guerra <br>Es  un caso emblem\u00e1tico de los traumas de posguerra. Los veteranos dicen  que, desde 1982, se suicidaron m\u00e1s de 270 excombatientes. <br><br>Alberto Amato. DE LA REDACCION DE CLARIN <\/p>\n\n\n\n<p>\nEra un chico y ya so\u00f1aba con el mar. Sab\u00eda, con la intuici\u00f3n disparatada\n y certera de los chicos, que m\u00e1s all\u00e1 del r\u00edo tumultuoso que besaba la \ncosta rosarina, hab\u00eda otra agua, de otro color, de otro sabor, de otra \nprofundidad. Otro mundo a descubrir. A los 15 a\u00f1os, Eduardo Paz se \nalist\u00f3 en la Armada. A los 17 sirvi\u00f3 en el destructor \u00abSegu\u00ed\u00bb. Despu\u00e9s \npas\u00f3 por el portaaviones \u00ab25 de Mayo\u00bb. Lleg\u00f3 a ser cabo artillero. \nCumpli\u00f3 21 a\u00f1os en Malvinas. Volvi\u00f3 de la guerra. Pidi\u00f3 su baja. Intent\u00f3\n seguir viviendo. Se cas\u00f3. Cri\u00f3 seis hijos. Sinti\u00f3 que su matrimonio se \ndesbarrancaba. El lunes 22 de noviembre de 1999 dej\u00f3 sobre una mesa su \nagenda, un tel\u00e9fono celular que le hab\u00edan prestado y las llaves de su \ncasa. Minti\u00f3 ir al Centro de Veteranos de Guerra de Rosario. Camin\u00f3 \nhasta el Monumento a la Bandera. Subi\u00f3 por el ascensor los veintitr\u00e9s \npisos, hasta el mirador, hasta lo m\u00e1s alto. Mir\u00f3 el r\u00edo. Volvi\u00f3 a intuir\n el mar, como cuando era chico y so\u00f1aba con palabras que ignoraba como \npa\u00f1ol, amarras y sotavento. Se las ingeni\u00f3 para remover una reja de \nquita y pon para que la televisi\u00f3n registre los actos oficiales. Despu\u00e9s\n se arroj\u00f3 a la muerte desde setenta metros.<\/p>\n\n\n\n<p>Eduardo Adri\u00e1n \n\u00abTachi\u00bb Paz cay\u00f3 desmadejado cerca de la efigie de la Patria Abanderada.\n No dej\u00f3 una sola l\u00ednea que explicara su decisi\u00f3n. Su familia cree que, \nantes de dar ese salto a la nada, pas\u00f3 por una iglesia del culto \nevangelista. Las autoridades impidieron que la mam\u00e1 de \u00abTachi\u00bb y la \nhermana vieran el cad\u00e1ver. No dej\u00f3 entrever su decisi\u00f3n. Ocult\u00f3 su \nagon\u00eda y se la llev\u00f3 a la tumba. Lo \u00faltimo que vio fue el agua que era \nparte de su vida. Dicen que en la mano derecha llevaba aferrada una foto\n de sus hijos.<\/p>\n\n\n\n<p>\u2014El amaba el mar. Con decirle que en los \u00faltimos \ntiempos le dijo a mi hija que quer\u00eda irse al sur, a pintar barcos. \nSiempre quiso el mar. Cuando estaba en el portaaviones yo estaba \ncontenta porque pensaba que iba a conocer el mundo. Le gustaba de alma \nla marina. Y ahora, ya ve&#8230;<\/p>\n\n\n\n<p>Margarita Noem\u00ed Paz es la madre de \nEduardo. A su lado, con una remera blanca en la que se dibujan las Islas\n Malvinas, est\u00e1 Marta Paz, la hermana. El \u00abya ve&#8230;\u00bb de Margarita es una\n caja con papeles y fotos y distintivos y diplomas y cartas que \namarillean entre cintas con nombres de buques y documentos y estampas y \nemblemas y escudos: esa ilusionada torpeza con la que intentamos retener\n a quien ya no est\u00e1; ese desesperado empe\u00f1o por gritarle al olvido que \nno olvidamos. Margarita acaricia esa caja como alguna vez acarici\u00f3 la \ncabeza del chico que amaba el mar.<\/p>\n\n\n\n<p>Nunca me voy a acostumbrar a \nno verlo m\u00e1s. El 27 de marzo de 1982 llam\u00f3 para decirnos que lo \nllevaban, pero sin rumbo. Despu\u00e9s me avisaron que estaba en Malvinas. S\u00e9\n que lleg\u00f3 a estar en el hospital de Puerto Argentino con principio de \ncongelamiento. Volvi\u00f3 a los diez d\u00edas de terminada la guerra. Estuvo con\n nosotros por diez d\u00edas y volvi\u00f3 a Bah\u00eda Blanca. Pero enseguida pidi\u00f3 la\n baja y se la dieron en diciembre. Al principio no hablaba nada. Yo \nten\u00eda algunas revistas, \u00bfse acuerda?, aquellas que dec\u00edan que \u00edbamos \nganando, uno cre\u00eda en esas cosas&#8230; Pero \u00e9l las hizo desaparecer. No \nquer\u00eda ver. No se hablaba de la guerra en casa. El nunca habl\u00f3. Ni en el\n trabajo ni con la familia. Mi hija mayor lo convenci\u00f3 de que viera a \nuna psiquiatra. Y fue durante un tiempo. Pero nunca supimos qu\u00e9 hizo en \nMalvinas. Deben saber m\u00e1s los muchachos (por el Centro de Veteranos de \nRosario) que nosotros. Yo los llamo mis excombatientes, \u00bfsabe? porque \ncada uno de ellos es un pedacito de \u00e9l.<\/p>\n\n\n\n<p>Paz parece haber \nsucumbido a lo que cl\u00ednicamente se conoce como \u00abs\u00edndrome de estr\u00e9s \npostraum\u00e1tico\u00bb, una patolog\u00eda que fue descripta desde los or\u00edgenes de la\n psiquiatr\u00eda como un mal de los veteranos de guerra. Con el tiempo, el \nestr\u00e9s postraum\u00e1tico se extendi\u00f3 como estudio a quienes han vivido \nsituaciones l\u00edmite (chicos abusados, violencia familiar, accidentes \ngraves, sobrevivientes de atentados) y que hace que las v\u00edctimas vuelvan\n a revivir esos hechos y generen, entre otros cuadros cl\u00ednicos, \ndepresiones profundas, pesadillas, o p\u00e1nico agudo.<\/p>\n\n\n\n<p>Mi hijo s\u00ed \nten\u00eda pesadillas. Tardaba en dormirse. Y cuando de dorm\u00eda, por ah\u00ed se \nmov\u00eda mucho, agitaba los brazos, las piernas, gritaba&#8230; Yo iba y lo \ndespertaba. El abr\u00eda los ojos pero miraba sin ver, segu\u00eda como dormido, \nno se despertaba enseguida aunque tuviera los ojos abiertos. A veces yo \nme lo llevaba a mi cama, como cuando era chico. Y se quedaba tranquilo. \nDespu\u00e9s esas cosas pasaron. Se puso a estudiar, a terminar el secundario\n en el sindicato de los taxistas. Pero igual sal\u00eda poco, hablaba poco. \nDesde que vino de Malvinas no hizo muchos amigos. Usted pregunta qu\u00e9 \ncreo que pas\u00f3. Yo pregunto si no habr\u00e9 fallado como madre. Dicen que las\n madres se dan cuenta \u00bfno? Yo no me di cuenta de nada. El viernes 19 \nvino a dormir ac\u00e1. Yo estaba mirando una pel\u00edcula y se qued\u00f3 conmigo. \nDesayun\u00f3 el s\u00e1bado ac\u00e1 y se fue en colectivo a su casa. A la noche me \nllam\u00f3 para saber si yo iba a ir al culto. Le dije que s\u00ed, a las siete y \nmedia. El me dijo que no pod\u00eda ir porque se quedaba con los chicos, que \nles estaba haciendo la comida. Amaba a sus hijos. Le pregunt\u00e9 si el \ndomingo quer\u00eda ir al campo, donde vive su hermano. Me dijo \u00abUy, c\u00f3mo me \ngustar\u00eda saludar al Negro&#8230;\u00bb<\/p>\n\n\n\n<p>Marta, la hermana que no quiere \nolvidar, s\u00ed not\u00f3 algo raro. Desde hac\u00eda unos d\u00edas, Eduardo buscaba una \npieza para alquilar y hab\u00eda encontrado una a la que hab\u00eda empezado a \nllevar sus cosas el jueves anterior al lunes de la tragedia.<\/p>\n\n\n\n<p>\u2014Se \nhab\u00eda separado de su mujer hac\u00eda unos quince d\u00edas. Algunas noches las \npasaba ac\u00e1. Otras con los chicos. El ten\u00eda su pieza ac\u00e1, como siempre. \nLa madrugada del s\u00e1bado, muy temprano, cuando yo iba al trabajo, lo vi \nsentado en la cama, como pensando. No le dije nada pero me extra\u00f1\u00f3. El \nlunes llam\u00e9 a mi hermana Graciela. Le dije que no lo ve\u00eda bien. Mi \nhermana me dijo: \u00abMe lo traje a casa. Va a comer con nosotros\u00bb. Le dije \nque lo tuviera all\u00ed y que estuvi\u00e9semos en contacto. Habl\u00e9 otra vez m\u00e1s \ntarde y mi hermana me dijo que no se quer\u00eda quedar en la casa: \u00abComi\u00f3, \nse ba\u00f1\u00f3 y se quiere ir al Centro de Ex Combatientes.\u00bb Yo le hab\u00eda \nprestado mi celular y habl\u00e9 con \u00e9l. Me dijo que se iba a caminar un \nrato. Mi hermana lo llev\u00f3 en el auto al centro. Lo dej\u00f3 en Corrientes y \nSan Juan. Algo le oli\u00f3 mal porque dio una vuelta con la intenci\u00f3n de \nvolver a verlo, pero ya no lo vio m\u00e1s. Eran las tres y media de la \ntarde, m\u00e1s o menos.<\/p>\n\n\n\n<p>A las cuatro y veinte, Paz estaba muerto. \nHab\u00eda pasado a integrar una cifra tan numerosa como la de los muertos en\n suelo malvinense durante la guerra: la de los veteranos que eligieron \nquitarse la vida.<\/p>\n\n\n\n<p>\u2014Por supuesto que pensamos que fue por la \nguerra. No eligi\u00f3 cualquier lugar para matarse: lo hizo en el Monumento a\n la Bandera, que es todo un s\u00edmbolo. Estaba esperando una pensi\u00f3n de \ndoscientos cincuenta pesos o trescientos pesos, que reci\u00e9n lleg\u00f3 en \ndiciembre del a\u00f1o siguiente.despu\u00e9s. Pero no es por plata que se mat\u00f3.<\/p>\n\n\n\n<p>\u00bfPor\n qu\u00e9 se mat\u00f3 Paz? Tal por la ingratitud. Los veteranos de guerra de \nMalvinas llevan a cuestas el peso de otra guerra: la de enfrentar la \nindiferencia, el desamparo, el desapego, el aislamiento, la \ndesprotecci\u00f3n en la que han vivido durante dos d\u00e9cadas, y que parece ser\n una extensa prolongaci\u00f3n, en democracia, de la pol\u00edtica con la que la \n\u00faltima dictadura militar encar\u00f3 la derrota de Malvinas. El reclamo m\u00e1s \ncom\u00fan que se escucha en los excombatientes es: \u00abQueremos que se sepa la \nverdad. Queremos que alguien nos diga: \u00abGracias por lo que hicieron\u00bb. \nHan pasado veinte a\u00f1os. Y de entre quienes tuvieron la suerte de \nregresar, casi trescientos han dejado a sus familias un consuelo m\u00ednimo,\n una atadura indulgente donde aferrarse para seguir viviendo. La madre \ndel marinero Paz, digna y entera, tal vez muerta por dentro pero de pie,\n como los \u00e1rboles, lo resume en una frase.<\/p>\n\n\n\n<p>Por eso, siempre que hay estrellas, yo miro al sur: porque era el sur de \u00e9l.\n\n<\/p>\n","protected":false},"excerpt":{"rendered":"<p>Clar\u00edn, S\u00e1bado 6 de abril de 2002, Buenos Aires, Argentina MALVINAS 20 A\u00d1OS DESPUES: HISTORIA DELOS QUE PELEARON LA GUERRA CABO ARTILLERO EDUARDO PAZ Suicidio en el Monumento a la Bandera: las otras muertes que dej\u00f3 la guerra Es un caso emblem\u00e1tico de los traumas de posguerra. Los veteranos dicen que, desde 1982, se suicidaron&hellip; <br \/> <a class=\"read-more\" href=\"https:\/\/laperlaaustral.com.ar\/guerra-malvinas\/cabo-artillero-eduardo-paz\/\">Leer m\u00e1s<\/a><\/p>\n","protected":false},"author":2,"featured_media":0,"comment_status":"open","ping_status":"open","sticky":false,"template":"","format":"standard","meta":{"_monsterinsights_skip_tracking":false,"_monsterinsights_sitenote_active":false,"_monsterinsights_sitenote_note":"","_monsterinsights_sitenote_category":0,"footnotes":""},"categories":[33],"tags":[],"yoast_head":"<!-- This site is optimized with the Yoast SEO plugin v23.4 - https:\/\/yoast.com\/wordpress\/plugins\/seo\/ -->\n<title>Cabo Artillero Eduardo Paz - La Perla Austral<\/title>\n<meta name=\"robots\" content=\"index, follow, max-snippet:-1, max-image-preview:large, max-video-preview:-1\" \/>\n<link rel=\"canonical\" href=\"http:\/\/laperlaaustral.com.ar\/guerra-malvinas\/cabo-artillero-eduardo-paz\/\" \/>\n<meta property=\"og:locale\" content=\"es_ES\" \/>\n<meta property=\"og:type\" content=\"article\" \/>\n<meta property=\"og:title\" content=\"Cabo Artillero Eduardo Paz - La Perla Austral\" \/>\n<meta property=\"og:description\" content=\"Clar\u00edn, S\u00e1bado 6 de abril de 2002, Buenos Aires, Argentina MALVINAS 20 A\u00d1OS DESPUES: HISTORIA DELOS QUE PELEARON LA GUERRA CABO ARTILLERO EDUARDO PAZ Suicidio en el Monumento a la Bandera: las otras muertes que dej\u00f3 la guerra Es un caso emblem\u00e1tico de los traumas de posguerra. Los veteranos dicen que, desde 1982, se suicidaron&hellip; Leer m\u00e1s\" \/>\n<meta property=\"og:url\" content=\"http:\/\/laperlaaustral.com.ar\/guerra-malvinas\/cabo-artillero-eduardo-paz\/\" \/>\n<meta property=\"og:site_name\" content=\"La Perla Austral\" \/>\n<meta property=\"article:publisher\" content=\"https:\/\/www.facebook.com\/La-Perla-Austra-487959322032195\" \/>\n<meta property=\"article:published_time\" content=\"2019-07-13T23:07:53+00:00\" \/>\n<meta property=\"article:modified_time\" content=\"2019-07-13T23:07:57+00:00\" \/>\n<meta name=\"author\" content=\"GomRam\" \/>\n<meta name=\"twitter:card\" content=\"summary_large_image\" \/>\n<meta name=\"twitter:label1\" content=\"Escrito por\" \/>\n\t<meta name=\"twitter:data1\" content=\"GomRam\" \/>\n\t<meta name=\"twitter:label2\" content=\"Tiempo de lectura\" \/>\n\t<meta name=\"twitter:data2\" content=\"8 minutos\" \/>\n<script type=\"application\/ld+json\" class=\"yoast-schema-graph\">{\"@context\":\"https:\/\/schema.org\",\"@graph\":[{\"@type\":\"WebPage\",\"@id\":\"http:\/\/laperlaaustral.com.ar\/guerra-malvinas\/cabo-artillero-eduardo-paz\/\",\"url\":\"http:\/\/laperlaaustral.com.ar\/guerra-malvinas\/cabo-artillero-eduardo-paz\/\",\"name\":\"Cabo Artillero Eduardo Paz - La Perla Austral\",\"isPartOf\":{\"@id\":\"http:\/\/laperlaaustral.com.ar\/guerra-malvinas\/#website\"},\"datePublished\":\"2019-07-13T23:07:53+00:00\",\"dateModified\":\"2019-07-13T23:07:57+00:00\",\"author\":{\"@id\":\"http:\/\/laperlaaustral.com.ar\/guerra-malvinas\/#\/schema\/person\/cccf8f0904f83654d5f2d5380e4eb4b9\"},\"breadcrumb\":{\"@id\":\"http:\/\/laperlaaustral.com.ar\/guerra-malvinas\/cabo-artillero-eduardo-paz\/#breadcrumb\"},\"inLanguage\":\"es\",\"potentialAction\":[{\"@type\":\"ReadAction\",\"target\":[\"http:\/\/laperlaaustral.com.ar\/guerra-malvinas\/cabo-artillero-eduardo-paz\/\"]}]},{\"@type\":\"BreadcrumbList\",\"@id\":\"http:\/\/laperlaaustral.com.ar\/guerra-malvinas\/cabo-artillero-eduardo-paz\/#breadcrumb\",\"itemListElement\":[{\"@type\":\"ListItem\",\"position\":1,\"name\":\"Portada\",\"item\":\"https:\/\/laperlaaustral.com.ar\/guerra-malvinas\/\"},{\"@type\":\"ListItem\",\"position\":2,\"name\":\"Cabo Artillero Eduardo Paz\"}]},{\"@type\":\"WebSite\",\"@id\":\"http:\/\/laperlaaustral.com.ar\/guerra-malvinas\/#website\",\"url\":\"http:\/\/laperlaaustral.com.ar\/guerra-malvinas\/\",\"name\":\"La Perla Austral\",\"description\":\"Guerra de Malvinas 1982\",\"potentialAction\":[{\"@type\":\"SearchAction\",\"target\":{\"@type\":\"EntryPoint\",\"urlTemplate\":\"http:\/\/laperlaaustral.com.ar\/guerra-malvinas\/?s={search_term_string}\"},\"query-input\":{\"@type\":\"PropertyValueSpecification\",\"valueRequired\":true,\"valueName\":\"search_term_string\"}}],\"inLanguage\":\"es\"},{\"@type\":\"Person\",\"@id\":\"http:\/\/laperlaaustral.com.ar\/guerra-malvinas\/#\/schema\/person\/cccf8f0904f83654d5f2d5380e4eb4b9\",\"name\":\"GomRam\",\"image\":{\"@type\":\"ImageObject\",\"inLanguage\":\"es\",\"@id\":\"http:\/\/laperlaaustral.com.ar\/guerra-malvinas\/#\/schema\/person\/image\/\",\"url\":\"https:\/\/secure.gravatar.com\/avatar\/a0f191abb2983305e8a2e850573cb20a?s=96&d=mm&r=g\",\"contentUrl\":\"https:\/\/secure.gravatar.com\/avatar\/a0f191abb2983305e8a2e850573cb20a?s=96&d=mm&r=g\",\"caption\":\"GomRam\"},\"url\":\"https:\/\/laperlaaustral.com.ar\/guerra-malvinas\/author\/ac000164\/\"}]}<\/script>\n<!-- \/ Yoast SEO plugin. -->","yoast_head_json":{"title":"Cabo Artillero Eduardo Paz - La Perla Austral","robots":{"index":"index","follow":"follow","max-snippet":"max-snippet:-1","max-image-preview":"max-image-preview:large","max-video-preview":"max-video-preview:-1"},"canonical":"http:\/\/laperlaaustral.com.ar\/guerra-malvinas\/cabo-artillero-eduardo-paz\/","og_locale":"es_ES","og_type":"article","og_title":"Cabo Artillero Eduardo Paz - La Perla Austral","og_description":"Clar\u00edn, S\u00e1bado 6 de abril de 2002, Buenos Aires, Argentina MALVINAS 20 A\u00d1OS DESPUES: HISTORIA DELOS QUE PELEARON LA GUERRA CABO ARTILLERO EDUARDO PAZ Suicidio en el Monumento a la Bandera: las otras muertes que dej\u00f3 la guerra Es un caso emblem\u00e1tico de los traumas de posguerra. Los veteranos dicen que, desde 1982, se suicidaron&hellip; Leer m\u00e1s","og_url":"http:\/\/laperlaaustral.com.ar\/guerra-malvinas\/cabo-artillero-eduardo-paz\/","og_site_name":"La Perla Austral","article_publisher":"https:\/\/www.facebook.com\/La-Perla-Austra-487959322032195","article_published_time":"2019-07-13T23:07:53+00:00","article_modified_time":"2019-07-13T23:07:57+00:00","author":"GomRam","twitter_card":"summary_large_image","twitter_misc":{"Escrito por":"GomRam","Tiempo de lectura":"8 minutos"},"schema":{"@context":"https:\/\/schema.org","@graph":[{"@type":"WebPage","@id":"http:\/\/laperlaaustral.com.ar\/guerra-malvinas\/cabo-artillero-eduardo-paz\/","url":"http:\/\/laperlaaustral.com.ar\/guerra-malvinas\/cabo-artillero-eduardo-paz\/","name":"Cabo Artillero Eduardo Paz - La Perla Austral","isPartOf":{"@id":"http:\/\/laperlaaustral.com.ar\/guerra-malvinas\/#website"},"datePublished":"2019-07-13T23:07:53+00:00","dateModified":"2019-07-13T23:07:57+00:00","author":{"@id":"http:\/\/laperlaaustral.com.ar\/guerra-malvinas\/#\/schema\/person\/cccf8f0904f83654d5f2d5380e4eb4b9"},"breadcrumb":{"@id":"http:\/\/laperlaaustral.com.ar\/guerra-malvinas\/cabo-artillero-eduardo-paz\/#breadcrumb"},"inLanguage":"es","potentialAction":[{"@type":"ReadAction","target":["http:\/\/laperlaaustral.com.ar\/guerra-malvinas\/cabo-artillero-eduardo-paz\/"]}]},{"@type":"BreadcrumbList","@id":"http:\/\/laperlaaustral.com.ar\/guerra-malvinas\/cabo-artillero-eduardo-paz\/#breadcrumb","itemListElement":[{"@type":"ListItem","position":1,"name":"Portada","item":"https:\/\/laperlaaustral.com.ar\/guerra-malvinas\/"},{"@type":"ListItem","position":2,"name":"Cabo Artillero Eduardo Paz"}]},{"@type":"WebSite","@id":"http:\/\/laperlaaustral.com.ar\/guerra-malvinas\/#website","url":"http:\/\/laperlaaustral.com.ar\/guerra-malvinas\/","name":"La Perla Austral","description":"Guerra de Malvinas 1982","potentialAction":[{"@type":"SearchAction","target":{"@type":"EntryPoint","urlTemplate":"http:\/\/laperlaaustral.com.ar\/guerra-malvinas\/?s={search_term_string}"},"query-input":{"@type":"PropertyValueSpecification","valueRequired":true,"valueName":"search_term_string"}}],"inLanguage":"es"},{"@type":"Person","@id":"http:\/\/laperlaaustral.com.ar\/guerra-malvinas\/#\/schema\/person\/cccf8f0904f83654d5f2d5380e4eb4b9","name":"GomRam","image":{"@type":"ImageObject","inLanguage":"es","@id":"http:\/\/laperlaaustral.com.ar\/guerra-malvinas\/#\/schema\/person\/image\/","url":"https:\/\/secure.gravatar.com\/avatar\/a0f191abb2983305e8a2e850573cb20a?s=96&d=mm&r=g","contentUrl":"https:\/\/secure.gravatar.com\/avatar\/a0f191abb2983305e8a2e850573cb20a?s=96&d=mm&r=g","caption":"GomRam"},"url":"https:\/\/laperlaaustral.com.ar\/guerra-malvinas\/author\/ac000164\/"}]}},"_links":{"self":[{"href":"https:\/\/laperlaaustral.com.ar\/guerra-malvinas\/wp-json\/wp\/v2\/posts\/1619"}],"collection":[{"href":"https:\/\/laperlaaustral.com.ar\/guerra-malvinas\/wp-json\/wp\/v2\/posts"}],"about":[{"href":"https:\/\/laperlaaustral.com.ar\/guerra-malvinas\/wp-json\/wp\/v2\/types\/post"}],"author":[{"embeddable":true,"href":"https:\/\/laperlaaustral.com.ar\/guerra-malvinas\/wp-json\/wp\/v2\/users\/2"}],"replies":[{"embeddable":true,"href":"https:\/\/laperlaaustral.com.ar\/guerra-malvinas\/wp-json\/wp\/v2\/comments?post=1619"}],"version-history":[{"count":1,"href":"https:\/\/laperlaaustral.com.ar\/guerra-malvinas\/wp-json\/wp\/v2\/posts\/1619\/revisions"}],"predecessor-version":[{"id":1621,"href":"https:\/\/laperlaaustral.com.ar\/guerra-malvinas\/wp-json\/wp\/v2\/posts\/1619\/revisions\/1621"}],"wp:attachment":[{"href":"https:\/\/laperlaaustral.com.ar\/guerra-malvinas\/wp-json\/wp\/v2\/media?parent=1619"}],"wp:term":[{"taxonomy":"category","embeddable":true,"href":"https:\/\/laperlaaustral.com.ar\/guerra-malvinas\/wp-json\/wp\/v2\/categories?post=1619"},{"taxonomy":"post_tag","embeddable":true,"href":"https:\/\/laperlaaustral.com.ar\/guerra-malvinas\/wp-json\/wp\/v2\/tags?post=1619"}],"curies":[{"name":"wp","href":"https:\/\/api.w.org\/{rel}","templated":true}]}}