{"id":1618,"date":"2019-07-13T23:04:21","date_gmt":"2019-07-13T23:04:21","guid":{"rendered":"https:\/\/laperlaaustral.com.ar\/guerra-malvinas\/?p=1618"},"modified":"2019-07-13T23:04:24","modified_gmt":"2019-07-13T23:04:24","slug":"un-plan-de-salud-especial-para-excombatientes","status":"publish","type":"post","link":"https:\/\/laperlaaustral.com.ar\/guerra-malvinas\/un-plan-de-salud-especial-para-excombatientes\/","title":{"rendered":"Un plan de Salud Especial para Excombatientes"},"content":{"rendered":"\n<p>Clar\u00edn, S\u00e1bado 6 de abril de 2002, Buenos Aires, Argentina<\/p>\n\n\n\n<p>MALVINAS 20 A\u00d1OS DESPUES: <br><strong><em>UN PLAN DE SALUD ESPECIAL PARA EXCOMBATIENTES<\/em><\/strong><br><br> Psiquiatras y veteranos, juntos para salvar vidas <\/p>\n\n\n\n<p>\nNaci\u00f3 quince a\u00f1os despu\u00e9s de la guerra. Desde entonces, evit\u00f3 muchos suicidios. <br>Una l\u00ednea telef\u00f3nica que responde durante las 24 horas. <br>Es\n un n\u00famero que ha salvado muchas vidas: 0800\u2014999\u20148348. Se puede llamar \ndesde cualquier lugar del pa\u00eds y durante las veinticuatro horas. Entre \nlas nueve de la ma\u00f1ana y las cinco de la tarde, responde un veterano de \nMalvinas, nadie mejor que \u00e9l para comprender las angustias de un \ncompa\u00f1ero. <br>El salvador \u00ab0800\u00bb es s\u00f3lo una parte del Plan de Salud \nMental para Veteranos de Malvinas que empez\u00f3 a gestarse entre 1996 y \n1997, impulsado por los propios ex soldados que ve\u00edan como crec\u00eda a\u00f1o a \na\u00f1o el n\u00famero de suicidios entre excombatientes. Tambi\u00e9n recibi\u00f3 el \nimpulso del Banco Provincia y del entonces ministro de Salud de la \nprovincia, Juan Jos\u00e9 Mussi.<\/p>\n\n\n\n<p>Para saber qu\u00e9 le pasa a un veterano \nde guerra, este equipo de investigaci\u00f3n habl\u00f3 con el titular de Salud \nMental de la provincia, Julio Ainstein, con la licenciada Graciela \nPalermo y con la doctora Silvia Bentolila, responsable del plan en el \nHospital Paroissien de La Matanza.<\/p>\n\n\n\n<p>El equipo m\u00e9dico trabaja en \ncomuni\u00f3n con los veteranos llamados \u00abfacilitadores\u00bb, encargados de \npersuadir a un camarada de que cargar con la posguerra se hace m\u00e1s \nliviano si se cuenta con ayuda profesional. Esos profesionales son \nespecialistas en tratar el s\u00edndrome de estr\u00e9s postraum\u00e1tico (SEP), com\u00fan\n a casi todos los veteranos de todas las guerras. Seg\u00fan los \nprofesionales:<\/p>\n\n\n\n<p>Alguien que padece SEP revive permanentemente esos\n hechos traum\u00e1ticos. Ya sea dormido o despierto. Una persona que ha \nestado en una guerra, escucha el escape de un auto y no puede \ndiscriminar entre esa realidad y sus recuerdos. Y vuelve a sentirse en \ncombate.<\/p>\n\n\n\n<p>Otros pacientes tienen trastorno de p\u00e1nico. La sensaci\u00f3n\n de que se van a morir, de que algo les va a estallar dentro. Empiezan a\n respirar cada vez m\u00e1s r\u00e1pido hasta alterar cierto equilibrio interno y \nquedan casi paralizados.<\/p>\n\n\n\n<p>Los casos m\u00e1s dif\u00edciles de detectar son \nlos de las personas que se a\u00edslan, que evitan todo lo que les recuerde \nla guerra, los camaradas ca\u00eddos. Ponen todo \u00abbajo una alfombra ps\u00edquica\u00bb\n y en un momento determinado llegan al suicidio. Son los casos en los \nque se escucha a los familiares decir: \u00abParec\u00eda tan bien. Nunca dijo \nnada, Cre\u00edamos que lo hab\u00eda superado todo&#8230;\u00bb. <\/p>\n\n\n\n<p>El SEP es una de \nlas enfermedades con m\u00e1s \u00edndices de suicidios en la psiquiatr\u00eda. Junto \ncon la depresi\u00f3n profunda conducen al alcoholismo, a las adicciones a \nlas drogas lo que aumenta el n\u00famero de suicidios.<\/p>\n\n\n\n<p>El SEP se \nproduce cuando una persona vive una experiencia que pasa los l\u00edmites de \ntolerancia de la psiquis. En el caso de Malvinas, hab\u00eda adem\u00e1s un \nmandato de silencio. Y esos suicidios eran una forma de romper ese \nsilencio..<\/p>\n\n\n\n<p>En general, un veterano de guerra vive en h\u00edper \nalerta: cualquier est\u00edmulo es amenazador. El mundo es amenazador. \nIncluso nosotros los m\u00e9dicos, somos parte de ese mundo amenazante. Por \neso es tan importante que participen con nosotros otros veteranos: \nporque el excombatiente siente que s\u00f3lo alguien que pas\u00f3 por lo mismo \nque \u00e9l puede entenderlo. Muchos, incluso, padecen la culpa de haber \nsobrevivido a la guerra..<\/p>\n\n\n\n<p>Otros s\u00edntoma, esto ya para cualquier \npersona que padezca SEP, es que se tornan irritables, agresivos, \nviolentos: no controlan sus impulsos.<\/p>\n\n\n\n<p>Tienden al suicidio porque \nesa vida se les hace intolerable. A los veteranos de Malvinas se suma la\n desesperanza, la desesperaci\u00f3n, la exclusi\u00f3n, el desempleo.<\/p>\n\n\n\n<p>Nuestro\n plan de salud trabaja en grupos terap\u00e9uticos y, si es necesario en \ncasos graves, con una internaci\u00f3n especial a la que puede venir la \nfamilia. Muchos de los pacientes a quienes internamos, hubieran \nterminado en suicidio, porque eran casos de alto riesgo. Pero no hubo \nsuicidios.\n\n<\/p>\n","protected":false},"excerpt":{"rendered":"<p>Clar\u00edn, S\u00e1bado 6 de abril de 2002, Buenos Aires, Argentina MALVINAS 20 A\u00d1OS DESPUES: UN PLAN DE SALUD ESPECIAL PARA EXCOMBATIENTES Psiquiatras y veteranos, juntos para salvar vidas Naci\u00f3 quince a\u00f1os despu\u00e9s de la guerra. Desde entonces, evit\u00f3 muchos suicidios. Una l\u00ednea telef\u00f3nica que responde durante las 24 horas. Es un n\u00famero que ha salvado&hellip; <br \/> <a class=\"read-more\" href=\"https:\/\/laperlaaustral.com.ar\/guerra-malvinas\/un-plan-de-salud-especial-para-excombatientes\/\">Leer m\u00e1s<\/a><\/p>\n","protected":false},"author":2,"featured_media":0,"comment_status":"open","ping_status":"open","sticky":false,"template":"","format":"standard","meta":{"_monsterinsights_skip_tracking":false,"_monsterinsights_sitenote_active":false,"_monsterinsights_sitenote_note":"","_monsterinsights_sitenote_category":0,"footnotes":""},"categories":[33],"tags":[],"yoast_head":"<!-- This site is optimized with the Yoast SEO plugin v23.4 - https:\/\/yoast.com\/wordpress\/plugins\/seo\/ -->\n<title>Un plan de Salud Especial para Excombatientes - La Perla Austral<\/title>\n<meta name=\"robots\" content=\"index, follow, max-snippet:-1, max-image-preview:large, max-video-preview:-1\" \/>\n<link rel=\"canonical\" href=\"http:\/\/laperlaaustral.com.ar\/guerra-malvinas\/un-plan-de-salud-especial-para-excombatientes\/\" \/>\n<meta property=\"og:locale\" content=\"es_ES\" \/>\n<meta property=\"og:type\" content=\"article\" \/>\n<meta property=\"og:title\" content=\"Un plan de Salud Especial para Excombatientes - La Perla Austral\" \/>\n<meta property=\"og:description\" content=\"Clar\u00edn, S\u00e1bado 6 de abril de 2002, Buenos Aires, Argentina MALVINAS 20 A\u00d1OS DESPUES: UN PLAN DE SALUD ESPECIAL PARA EXCOMBATIENTES Psiquiatras y veteranos, juntos para salvar vidas Naci\u00f3 quince a\u00f1os despu\u00e9s de la guerra. Desde entonces, evit\u00f3 muchos suicidios. Una l\u00ednea telef\u00f3nica que responde durante las 24 horas. Es un n\u00famero que ha salvado&hellip; Leer m\u00e1s\" \/>\n<meta property=\"og:url\" content=\"http:\/\/laperlaaustral.com.ar\/guerra-malvinas\/un-plan-de-salud-especial-para-excombatientes\/\" \/>\n<meta property=\"og:site_name\" content=\"La Perla Austral\" \/>\n<meta property=\"article:publisher\" content=\"https:\/\/www.facebook.com\/La-Perla-Austra-487959322032195\" \/>\n<meta property=\"article:published_time\" content=\"2019-07-13T23:04:21+00:00\" \/>\n<meta property=\"article:modified_time\" content=\"2019-07-13T23:04:24+00:00\" \/>\n<meta name=\"author\" content=\"GomRam\" \/>\n<meta name=\"twitter:card\" content=\"summary_large_image\" \/>\n<meta name=\"twitter:label1\" content=\"Escrito por\" \/>\n\t<meta name=\"twitter:data1\" content=\"GomRam\" \/>\n\t<meta name=\"twitter:label2\" content=\"Tiempo de lectura\" \/>\n\t<meta name=\"twitter:data2\" content=\"3 minutos\" \/>\n<script type=\"application\/ld+json\" class=\"yoast-schema-graph\">{\"@context\":\"https:\/\/schema.org\",\"@graph\":[{\"@type\":\"WebPage\",\"@id\":\"http:\/\/laperlaaustral.com.ar\/guerra-malvinas\/un-plan-de-salud-especial-para-excombatientes\/\",\"url\":\"http:\/\/laperlaaustral.com.ar\/guerra-malvinas\/un-plan-de-salud-especial-para-excombatientes\/\",\"name\":\"Un plan de Salud Especial para Excombatientes - La Perla Austral\",\"isPartOf\":{\"@id\":\"http:\/\/laperlaaustral.com.ar\/guerra-malvinas\/#website\"},\"datePublished\":\"2019-07-13T23:04:21+00:00\",\"dateModified\":\"2019-07-13T23:04:24+00:00\",\"author\":{\"@id\":\"http:\/\/laperlaaustral.com.ar\/guerra-malvinas\/#\/schema\/person\/cccf8f0904f83654d5f2d5380e4eb4b9\"},\"breadcrumb\":{\"@id\":\"http:\/\/laperlaaustral.com.ar\/guerra-malvinas\/un-plan-de-salud-especial-para-excombatientes\/#breadcrumb\"},\"inLanguage\":\"es\",\"potentialAction\":[{\"@type\":\"ReadAction\",\"target\":[\"http:\/\/laperlaaustral.com.ar\/guerra-malvinas\/un-plan-de-salud-especial-para-excombatientes\/\"]}]},{\"@type\":\"BreadcrumbList\",\"@id\":\"http:\/\/laperlaaustral.com.ar\/guerra-malvinas\/un-plan-de-salud-especial-para-excombatientes\/#breadcrumb\",\"itemListElement\":[{\"@type\":\"ListItem\",\"position\":1,\"name\":\"Portada\",\"item\":\"https:\/\/laperlaaustral.com.ar\/guerra-malvinas\/\"},{\"@type\":\"ListItem\",\"position\":2,\"name\":\"Un plan de Salud Especial para Excombatientes\"}]},{\"@type\":\"WebSite\",\"@id\":\"http:\/\/laperlaaustral.com.ar\/guerra-malvinas\/#website\",\"url\":\"http:\/\/laperlaaustral.com.ar\/guerra-malvinas\/\",\"name\":\"La Perla Austral\",\"description\":\"Guerra de Malvinas 1982\",\"potentialAction\":[{\"@type\":\"SearchAction\",\"target\":{\"@type\":\"EntryPoint\",\"urlTemplate\":\"http:\/\/laperlaaustral.com.ar\/guerra-malvinas\/?s={search_term_string}\"},\"query-input\":{\"@type\":\"PropertyValueSpecification\",\"valueRequired\":true,\"valueName\":\"search_term_string\"}}],\"inLanguage\":\"es\"},{\"@type\":\"Person\",\"@id\":\"http:\/\/laperlaaustral.com.ar\/guerra-malvinas\/#\/schema\/person\/cccf8f0904f83654d5f2d5380e4eb4b9\",\"name\":\"GomRam\",\"image\":{\"@type\":\"ImageObject\",\"inLanguage\":\"es\",\"@id\":\"http:\/\/laperlaaustral.com.ar\/guerra-malvinas\/#\/schema\/person\/image\/\",\"url\":\"https:\/\/secure.gravatar.com\/avatar\/a0f191abb2983305e8a2e850573cb20a?s=96&d=mm&r=g\",\"contentUrl\":\"https:\/\/secure.gravatar.com\/avatar\/a0f191abb2983305e8a2e850573cb20a?s=96&d=mm&r=g\",\"caption\":\"GomRam\"},\"url\":\"https:\/\/laperlaaustral.com.ar\/guerra-malvinas\/author\/ac000164\/\"}]}<\/script>\n<!-- \/ Yoast SEO plugin. -->","yoast_head_json":{"title":"Un plan de Salud Especial para Excombatientes - La Perla Austral","robots":{"index":"index","follow":"follow","max-snippet":"max-snippet:-1","max-image-preview":"max-image-preview:large","max-video-preview":"max-video-preview:-1"},"canonical":"http:\/\/laperlaaustral.com.ar\/guerra-malvinas\/un-plan-de-salud-especial-para-excombatientes\/","og_locale":"es_ES","og_type":"article","og_title":"Un plan de Salud Especial para Excombatientes - La Perla Austral","og_description":"Clar\u00edn, S\u00e1bado 6 de abril de 2002, Buenos Aires, Argentina MALVINAS 20 A\u00d1OS DESPUES: UN PLAN DE SALUD ESPECIAL PARA EXCOMBATIENTES Psiquiatras y veteranos, juntos para salvar vidas Naci\u00f3 quince a\u00f1os despu\u00e9s de la guerra. Desde entonces, evit\u00f3 muchos suicidios. Una l\u00ednea telef\u00f3nica que responde durante las 24 horas. Es un n\u00famero que ha salvado&hellip; Leer m\u00e1s","og_url":"http:\/\/laperlaaustral.com.ar\/guerra-malvinas\/un-plan-de-salud-especial-para-excombatientes\/","og_site_name":"La Perla Austral","article_publisher":"https:\/\/www.facebook.com\/La-Perla-Austra-487959322032195","article_published_time":"2019-07-13T23:04:21+00:00","article_modified_time":"2019-07-13T23:04:24+00:00","author":"GomRam","twitter_card":"summary_large_image","twitter_misc":{"Escrito por":"GomRam","Tiempo de lectura":"3 minutos"},"schema":{"@context":"https:\/\/schema.org","@graph":[{"@type":"WebPage","@id":"http:\/\/laperlaaustral.com.ar\/guerra-malvinas\/un-plan-de-salud-especial-para-excombatientes\/","url":"http:\/\/laperlaaustral.com.ar\/guerra-malvinas\/un-plan-de-salud-especial-para-excombatientes\/","name":"Un plan de Salud Especial para Excombatientes - La Perla Austral","isPartOf":{"@id":"http:\/\/laperlaaustral.com.ar\/guerra-malvinas\/#website"},"datePublished":"2019-07-13T23:04:21+00:00","dateModified":"2019-07-13T23:04:24+00:00","author":{"@id":"http:\/\/laperlaaustral.com.ar\/guerra-malvinas\/#\/schema\/person\/cccf8f0904f83654d5f2d5380e4eb4b9"},"breadcrumb":{"@id":"http:\/\/laperlaaustral.com.ar\/guerra-malvinas\/un-plan-de-salud-especial-para-excombatientes\/#breadcrumb"},"inLanguage":"es","potentialAction":[{"@type":"ReadAction","target":["http:\/\/laperlaaustral.com.ar\/guerra-malvinas\/un-plan-de-salud-especial-para-excombatientes\/"]}]},{"@type":"BreadcrumbList","@id":"http:\/\/laperlaaustral.com.ar\/guerra-malvinas\/un-plan-de-salud-especial-para-excombatientes\/#breadcrumb","itemListElement":[{"@type":"ListItem","position":1,"name":"Portada","item":"https:\/\/laperlaaustral.com.ar\/guerra-malvinas\/"},{"@type":"ListItem","position":2,"name":"Un plan de Salud Especial para Excombatientes"}]},{"@type":"WebSite","@id":"http:\/\/laperlaaustral.com.ar\/guerra-malvinas\/#website","url":"http:\/\/laperlaaustral.com.ar\/guerra-malvinas\/","name":"La Perla Austral","description":"Guerra de Malvinas 1982","potentialAction":[{"@type":"SearchAction","target":{"@type":"EntryPoint","urlTemplate":"http:\/\/laperlaaustral.com.ar\/guerra-malvinas\/?s={search_term_string}"},"query-input":{"@type":"PropertyValueSpecification","valueRequired":true,"valueName":"search_term_string"}}],"inLanguage":"es"},{"@type":"Person","@id":"http:\/\/laperlaaustral.com.ar\/guerra-malvinas\/#\/schema\/person\/cccf8f0904f83654d5f2d5380e4eb4b9","name":"GomRam","image":{"@type":"ImageObject","inLanguage":"es","@id":"http:\/\/laperlaaustral.com.ar\/guerra-malvinas\/#\/schema\/person\/image\/","url":"https:\/\/secure.gravatar.com\/avatar\/a0f191abb2983305e8a2e850573cb20a?s=96&d=mm&r=g","contentUrl":"https:\/\/secure.gravatar.com\/avatar\/a0f191abb2983305e8a2e850573cb20a?s=96&d=mm&r=g","caption":"GomRam"},"url":"https:\/\/laperlaaustral.com.ar\/guerra-malvinas\/author\/ac000164\/"}]}},"_links":{"self":[{"href":"https:\/\/laperlaaustral.com.ar\/guerra-malvinas\/wp-json\/wp\/v2\/posts\/1618"}],"collection":[{"href":"https:\/\/laperlaaustral.com.ar\/guerra-malvinas\/wp-json\/wp\/v2\/posts"}],"about":[{"href":"https:\/\/laperlaaustral.com.ar\/guerra-malvinas\/wp-json\/wp\/v2\/types\/post"}],"author":[{"embeddable":true,"href":"https:\/\/laperlaaustral.com.ar\/guerra-malvinas\/wp-json\/wp\/v2\/users\/2"}],"replies":[{"embeddable":true,"href":"https:\/\/laperlaaustral.com.ar\/guerra-malvinas\/wp-json\/wp\/v2\/comments?post=1618"}],"version-history":[{"count":1,"href":"https:\/\/laperlaaustral.com.ar\/guerra-malvinas\/wp-json\/wp\/v2\/posts\/1618\/revisions"}],"predecessor-version":[{"id":1620,"href":"https:\/\/laperlaaustral.com.ar\/guerra-malvinas\/wp-json\/wp\/v2\/posts\/1618\/revisions\/1620"}],"wp:attachment":[{"href":"https:\/\/laperlaaustral.com.ar\/guerra-malvinas\/wp-json\/wp\/v2\/media?parent=1618"}],"wp:term":[{"taxonomy":"category","embeddable":true,"href":"https:\/\/laperlaaustral.com.ar\/guerra-malvinas\/wp-json\/wp\/v2\/categories?post=1618"},{"taxonomy":"post_tag","embeddable":true,"href":"https:\/\/laperlaaustral.com.ar\/guerra-malvinas\/wp-json\/wp\/v2\/tags?post=1618"}],"curies":[{"name":"wp","href":"https:\/\/api.w.org\/{rel}","templated":true}]}}