{"id":1413,"date":"2019-07-12T18:44:46","date_gmt":"2019-07-12T18:44:46","guid":{"rendered":"https:\/\/laperlaaustral.com.ar\/guerra-malvinas\/?p=1413"},"modified":"2020-01-14T18:02:54","modified_gmt":"2020-01-14T18:02:54","slug":"el-hijo-prodigo","status":"publish","type":"post","link":"https:\/\/laperlaaustral.com.ar\/guerra-malvinas\/el-hijo-prodigo\/","title":{"rendered":"El hijo prodigo"},"content":{"rendered":"\n<p>El hijo prodigo &#8211; Capitulo XXXVI <\/p>\n\n\n\n<p>\nLos hombres a veces eligen otros caminos, y la vida cada vez los aleja \nm\u00e1s; pero muchos, cuando en esa casa que dejaron por su propia voluntad \nlos necesitan, vuelven y a veces son mejores a\u00fan que algunos que siempre\n vivieron all\u00ed.<\/p>\n\n\n\n<h5 class=\"wp-block-heading\">Relata: 1er.<a href=\"https:\/\/laperlaaustral.com.ar\/laperlaaustral\/laperlaaustralview.php?start=2\" target=\"_blank\" rel=\"noreferrer noopener\" aria-label=\"Teniente Callejo (abre en una nueva pesta\u00f1a)\">Teniente Callejo<\/a> &#8211; Piloto de Mirage V \u00abDagger\u00bb<\/h5>\n\n\n\n<p>D\u00eda: 24 de mayo de 1982.<\/p>\n\n\n\n<p>Llegaron\n dos \u00f3rdenes fragmentarias, las que ser\u00edan cumplidas por la Escuadrilla \n\u00abRat\u00f3n\u00bb, compuesta por el Capit\u00e1n D\u00edaz, el Mayor Puga y el Teniente \nCastillo; y la \u00bb Laucha\u00bb, con el Capit\u00e1n Dellepiane, el 1er.Teniente \nMusso y yo.<\/p>\n\n\n\n<p>Destaco muy especialmente al Primer Teniente D. \nCarlos Musso, quien pidi\u00f3 la baja de la Fuerza A\u00e9rea Argentina en el a\u00f1o\n 1980, ingresando a Aerol\u00edneas Argentinas. Apenas iniciada la guerra, \nfue convocado y rehabilitado para luego participar de varias misiones \ncon entusiasmo y valor. Fue el \u00fanico piloto \u00abcivil\u00bb que intervino en \nmisiones de guerra con aviones de combate.<\/p>\n\n\n\n<p>Preparamos nuestra \nmisi\u00f3n. Deb\u00edamos trazar nuestra navegaci\u00f3n, tratando de eludir el \nprobable l\u00f3bulo (parte del espacio a\u00e9reo en la que un radar capta un \ncuerpo que se desplaza) del radar de las Fragatas; vuelo rasante sobre \nlas Islas, cruzar el estrecho de San Carlos y luego hacia la Bah\u00eda, para\n bombardear buques y cabeza de playa.<\/p>\n\n\n\n<p>Nuestra escuadrilla, los \u00bb Lauchas\u00bb, \u00edbamos al segundo objetivo.<\/p>\n\n\n\n<p>B\u00e1sicamente,\n tanto los \u00bb Ratones \u00ab, como los \u00bb Lauchas\u00bb, deb\u00edamos realizar la misma \nnavegaci\u00f3n llegando al mismo punto, pero atacando objetivos distintos, \ncon una diferencia de pocos minutos entre ellas.<\/p>\n\n\n\n<h5 class=\"wp-block-heading\">Nosotros atacar\u00edamos sobre tierra.<\/h5>\n\n\n\n<p>Realizamos\n la reuni\u00f3n previa, nos cambiamos, el \u00faltimo apret\u00f3n de manos, la frase \nacostumbrada de \u00a1\u00a1 buena caza !! y a los aviones.<\/p>\n\n\n\n<p>Trepamos a \nnuestra desvencijada camioneta rural, propiedad de YPF, piloteada por un\n simp\u00e1tico chofer a quien llam\u00e1bamos cari\u00f1osamente \u00abPupi\u00bb (aludiendo a \nun conocido corredor), porque hubo casos en los que nos hac\u00eda gastar m\u00e1s\n adrenalina en el recorrido hasta los aviones, que en una misi\u00f3n de \ncombate.<\/p>\n\n\n\n<p>Ya en nuestras cabinas, un \u00faltimo pensamiento a Dios y \nnuestros familiares, luego a medida que aumentaban las revoluciones de \nnuestras turbinas, pusimos toda la fuerza y el coraz\u00f3n en cumplir \nnuestra misi\u00f3n.<\/p>\n\n\n\n<p>Los \u00bb Lauchas\u00bb deb\u00edamos despegar en segundo \nlugar, 3 o 4 minutos detr\u00e1s de los \u00abRatones\u00bb, pero en ese momento, gir\u00f3 \nla rueda del destino, un numeral de la primera escuadrilla no pod\u00eda \nponer en marcha.<\/p>\n\n\n\n<p>Guardamos un nervioso silencio de radio, hasta \nque el Jefe tom\u00f3 la decisi\u00f3n -Salgan los \u00abLauchas\u00bb primero que nosotros \nvamos detr\u00e1s.<\/p>\n\n\n\n<p>Mientras despeg\u00e1bamos o\u00edmos por nuestros auriculares<\/p>\n\n\n\n<p>\u2014\u00bbRat\u00f3n-3 en marcha\u00bb.<\/p>\n\n\n\n<p>\u2014 Bueno, por lo menos saldremos todos. Pens\u00e9 yo. . . Si, salimos todos, \u00abpero en diferente orden&#8230;\u00bb<\/p>\n\n\n\n<p>Motor\n a pleno sobre frenos, con el peso m\u00e1 ximo de despegue; solt\u00f3 freno el \n1, veo el soplete gigantesco del encendido de las post-combusti\u00f3n.<\/p>\n\n\n\n<p>El avi\u00f3n a\u00fan pesado tiene buena aceleraci\u00f3n. Despega el 2 delante m\u00edo y luego me llega el turno.<\/p>\n\n\n\n<p>&#8211; \u00a1Roja! \u00a1Ambar! \u00a1Penduleo de tarqu\u00edmetro !,<\/p>\n\n\n\n<p>repito\n con voz alta el procedimiento de control de encendido de \npost-combusti\u00f3n. Por unos momentos me quedo extasiado de esa diminuta \nluz amarilla en el tablero de instrumentos, que me ayudar\u00eda a tener un \ndespegue exitoso, palanca atr\u00e1s&#8230;.. \u00a1y &#8230; en el aire!.<\/p>\n\n\n\n<h5 class=\"wp-block-heading\">Nuestros\n aviones estaban configurados con tres grandes tanques externos de \ncombustible y dos bombas, ya que vol\u00e1bamos al l\u00edmite de nuestro alcance \nefectivo.<\/h5>\n\n\n\n<p>La navegaci\u00f3n se realiz\u00f3 sin novedad, con momentos de \nverdadera placidez, sin pensar siquiera en el seguro infierno que nos \nesperaba un poco m\u00e1s adelante.<\/p>\n\n\n\n<p>Iniciamos el descenso en estricto \nsilencio de radio. Pronto visualizamos las primeras estribaciones de las\n Malvinas, llamadas Islas Salvajes; enormes pe\u00f1ascos que se levantan \nentre las olas hacia el cielo.<\/p>\n\n\n\n<p>Llegando a la parte insular de \nnavegaci\u00f3n se torn\u00f3 m\u00e1s dif\u00edcil, ya que deb\u00edamos formarle al gu\u00eda, volar\n lo m\u00e1s bajo posible, evitar chocar contra un cerro y al mismo tiempo \nescrutar el cielo buscando posible enemigos.<\/p>\n\n\n\n<p>Punto de \naceleraci\u00f3n, faltan dos minutos para llegar al blanco, los \u00abRatones\u00bb ya \nest\u00e1n all\u00ed, entre fragatas. Escucho por mi VHF a una escuadrilla de A-4B\n que est\u00e1 atacando y utiliza nuestra misma frecuencia de radio (Era la \nescuadrilla del Vicecomodoro Mariel).<\/p>\n\n\n\n<p>De pronto, entre \u00f3rdenes y gritos, surge n\u00edtida la voz del Mayor Puga que dice con pasmosa tranquilidad&#8230;. \u00a1\u00a1 me dieron !!.<\/p>\n\n\n\n<p>El\n coraz\u00f3n se me paraliz\u00f3 por un momento, pero ya casi est\u00e1bamos sobre el \nblanco; entramos a la boca de la Bah\u00eda y de inmediato nos cruzamos de \nfrente y al mismo nivel con dos A-4B que sal\u00edan del objetivo.<\/p>\n\n\n\n<p>Seguimos al frente, sobre el lado derecho de la boca de la Bah\u00eda, una fragata comenz\u00f3 a tirarnos con su artiller\u00eda antia\u00e9rea.<\/p>\n\n\n\n<h5 class=\"wp-block-heading\">A pesar de que era pleno d\u00eda, se ve\u00edan perfectamente la trayectoria de los proyectiles trazantes.<\/h5>\n\n\n\n<p>El\n peque\u00f1o puerto ya estaba a la vista, \u00edbamos \u00abbarriendo\u00bb con nuestros \nca\u00f1ones ambas m\u00e1rgenes del estrecho. Veo tambores de combustibles \nanaranjados y bultos, lanzo mis bombas.<\/p>\n\n\n\n<p>De inmediato sal\u00ed, con viraje cerrado por izquierda, buscando la costa norte de la isla; no ve\u00eda a ninguno de mis compa\u00f1eros.<\/p>\n\n\n\n<p>Prosegu\u00ed\n el viraje, reconoc\u00ed de inmediato ese gran ap\u00e9ndice que es el \u00abCabo \nLeal\u00bb, en el norte de la isla. Me pegu\u00e9 al agua, .ya con rumbo Este en \nescape, para evitar los Harrier que casi siempre orbitaban en la ruta de\n alejamiento; igual que buitres hambrientos.<\/p>\n\n\n\n<p>Cuando pasaba por la\n desembocadura norte del estrecho, vi a dos fragatas juntas, por lo que \npuse rumbo a la isla, para evitar que me ubicaran y perderme entre las \nelevaciones y desaparecer de su radar de tiro.<\/p>\n\n\n\n<p>Cuando las ten\u00eda \njusto a mi derecha, a unos 2.000 metros de distancia, vi un fogonazo \nimpresionante y una bola de fuego parecida a un corneta, que sali\u00f3 \ndisparado en un \u00e1ngulo de 60\u00b0 a 70\u00b0 hacia arriba &#8230;..\u00a1un misil!.<\/p>\n\n\n\n<p>Busqu\u00e9\n desesperadamente los botones de eyecci\u00f3n de tanques externos y los \napret\u00e9 para alivianar el avi\u00f3n, el que dio un brinco en el aire.<\/p>\n\n\n\n<h5 class=\"wp-block-heading\">Di potencia y pleno y post-combusti\u00f3n, mientras hac\u00eda lo que durante d\u00edas y d\u00edas machac\u00e1bamos -\u00a1 viraje hacia el misil !.<\/h5>\n\n\n\n<p>Trat\u00e9\n de cerrar mi viraje pegado al agua, pero la nariz del avi\u00f3n se \nlevantaba, por lo que afloj\u00e9 y volv\u00ed a tirar palanca atr\u00e1s. Una vez que \nel misil se perdi\u00f3 a lo lejos, me di cuenta de que iba rumbo a la \nfragata; por lo que, con todo el dolor del alma, mostrando la \u00abpanza\u00bb de\n mi avi\u00f3n y aumentando mi superficie reflejada en su radar, me volv\u00ed a \nlas islas.<\/p>\n\n\n\n<p>Supongo que tard\u00e9 algunos segundos en llegar, pero a mi me parecieron a\u00f1os.<\/p>\n\n\n\n<p>Mientras tanto, escuchaba a mi Jefe de escuadrilla que me llamaba por mi indicativo<\/p>\n\n\n\n<p>&#8211; \u00a1\u00bbSordo \u00bb .. .\u00bbSordo \u00ab!.<\/p>\n\n\n\n<p>Aparte\n de que el indicativo se adaptaba a la situaci\u00f3n, mi lengua estaba como \nun cart\u00f3n, no pod\u00eda articular palabras y estaba demasiado ocupado en \nsalir vivo de ese infierno para contestar.<\/p>\n\n\n\n<p>Continu\u00e9 vuelo rasante hasta el l\u00edmite de la isla. El avi\u00f3n me resultaba dif\u00edcil de dominar, por lo que gan\u00e9 un poco de altura.<\/p>\n\n\n\n<p>Reci\u00e9n\n all\u00ed mir\u00e9 mi veloc\u00edmetro y me di cuenta de que hab\u00eda pasado la barrera \ndel sonido, por eso la dificultad para dominar el avi\u00f3n, ya que un \nDagger Mirage 5, tiende a levantar la nariz cuando aumenta su velocidad,\n pero en el trans-s\u00f3nico, un poquito antes de pasar la barrera del \nsonido (.94) , tiende a bajarla.<\/p>\n\n\n\n<p>Nuevamente en las Islas \nSalvajes, ascend\u00ed a altitud de crucero, cort\u00e9 la post-combusti\u00f3n y me \ncomuniqu\u00e9 con mi Jefe de Escuadrilla, quien me contest\u00f3 muy emocionado, \nya que me cre\u00eda derribado.<\/p>\n\n\n\n<h5 class=\"wp-block-heading\">Volv\u00edamos los tres \u00abLauchas\u00bb, pero no sab\u00edamos nada de los \u00abRatones\u00bb, a pesar de haberlos llamado por radio insistentemente.<\/h5>\n\n\n\n<p>Aterrizamos\n sin novedad, revis\u00e9 mi Dagger minuciosamente mientras me repet\u00eda: -\u00abNo \npuede ser\u00bb, \u00abNo puede ser\u00bb. Me costaba creer que con lo que hab\u00eda \nvivido, el avi\u00f3n no tuviese ni el menor rasgu\u00f1o.1<\/p>\n\n\n\n<p>1- N.A: En la  Escuadrilla \u00abRatones\u00bb, el Teniente D Carlos Castillo muri\u00f3 heroicamente  en combate al ser abatido por un avi\u00f3n enemigo El Capit\u00e1n D\u00edaz y el  Mayor Puga , fueron derribados y se eyectaron, cayendo el primero herido  sobre la isla Borb\u00f3n y el segundo en el mar, logrando sobrevivir luego  de angustiosas horas de nadar hacia la costa de la isla, en las fr\u00edas  aguas del Atl\u00e1ntico Sur. Ambos fueron recuperados y trasladados al  continente, volviendo al servicio activo. <\/p>\n\n\n<p><br>\n<!--StartFragment--><\/p>\n\n\n<figure class=\"wp-block-table\"><table class=\"\"><tbody><tr><td><img loading=\"lazy\" decoding=\"async\" width=\"150\" height=\"212\" class=\"wp-image-3449\" style=\"width: 150px;\" src=\"https:\/\/laperlaaustral.com.ar\/guerra-malvinas\/wp-content\/uploads\/2020\/01\/con-dios-en-el-alma-y-un-halcon-en-el-corazon.jpg\" alt=\"\" srcset=\"https:\/\/laperlaaustral.com.ar\/guerra-malvinas\/wp-content\/uploads\/2020\/01\/con-dios-en-el-alma-y-un-halcon-en-el-corazon.jpg 229w, https:\/\/laperlaaustral.com.ar\/guerra-malvinas\/wp-content\/uploads\/2020\/01\/con-dios-en-el-alma-y-un-halcon-en-el-corazon-213x300.jpg 213w\" sizes=\"(max-width: 150px) 100vw, 150px\" \/><\/td><td>Relato extraidod de:<br> Con Dios en el Alma y un Halcon en el Corazon<br><em>Compendio de \u201cDios y los Halcones\u201d y \u201cHalcones sobre Malvinas\u201d, <\/em><br>del mismo autor <br> Comodoro (R) Carballo Pablo  Marcos <br> CORDOBA, AGOSTO DE 2004 <\/td><\/tr><\/tbody><\/table><\/figure>\n\n\n\n<p><a rel=\"noreferrer noopener\" href=\"https:\/\/www.facebook.com\/La-Perla-Austra-487959322032195\/\" target=\"_blank\">Encuentranos en Facebook<\/a><\/p>\n\n\n<p><!--EndFragment--><br>\n<br>\n<\/p>","protected":false},"excerpt":{"rendered":"<p>El hijo prodigo &#8211; Capitulo XXXVI Los hombres a veces eligen otros caminos, y la vida cada vez los aleja m\u00e1s; pero muchos, cuando en esa casa que dejaron por su propia voluntad los necesitan, vuelven y a veces son mejores a\u00fan que algunos que siempre vivieron all\u00ed. Relata: 1er.Teniente Callejo &#8211; Piloto de Mirage&hellip; <br \/> <a class=\"read-more\" href=\"https:\/\/laperlaaustral.com.ar\/guerra-malvinas\/el-hijo-prodigo\/\">Leer m\u00e1s<\/a><\/p>\n","protected":false},"author":2,"featured_media":3326,"comment_status":"open","ping_status":"open","sticky":false,"template":"","format":"standard","meta":{"_monsterinsights_skip_tracking":false,"_monsterinsights_sitenote_active":false,"_monsterinsights_sitenote_note":"","_monsterinsights_sitenote_category":0,"footnotes":""},"categories":[559],"tags":[],"yoast_head":"<!-- This site is optimized with the Yoast SEO plugin v23.4 - https:\/\/yoast.com\/wordpress\/plugins\/seo\/ -->\n<title>El hijo prodigo - La Perla Austral Dagger en Malvinas<\/title>\n<meta name=\"description\" content=\"El hijo prodigo - La Perla Austral - Guerra de Malvinas, actuacion de las fuerzas armadas argentinas en el conflicto del atlantico sur, sus protagonistas,\" \/>\n<meta name=\"robots\" content=\"index, follow, max-snippet:-1, max-image-preview:large, max-video-preview:-1\" \/>\n<link rel=\"canonical\" href=\"http:\/\/laperlaaustral.com.ar\/guerra-malvinas\/el-hijo-prodigo\/\" \/>\n<meta property=\"og:locale\" content=\"es_ES\" \/>\n<meta property=\"og:type\" content=\"article\" \/>\n<meta property=\"og:title\" content=\"El hijo prodigo - La Perla Austral Dagger en Malvinas\" \/>\n<meta property=\"og:description\" content=\"El hijo prodigo - La Perla Austral - Guerra de Malvinas, actuacion de las fuerzas armadas argentinas en el conflicto del atlantico sur, sus protagonistas,\" \/>\n<meta property=\"og:url\" content=\"http:\/\/laperlaaustral.com.ar\/guerra-malvinas\/el-hijo-prodigo\/\" \/>\n<meta property=\"og:site_name\" content=\"La Perla Austral\" \/>\n<meta property=\"article:publisher\" content=\"https:\/\/www.facebook.com\/La-Perla-Austra-487959322032195\" \/>\n<meta property=\"article:published_time\" content=\"2019-07-12T18:44:46+00:00\" \/>\n<meta property=\"article:modified_time\" content=\"2020-01-14T18:02:54+00:00\" \/>\n<meta property=\"og:image\" content=\"http:\/\/laperlaaustral.com.ar\/guerra-malvinas\/wp-content\/uploads\/2019\/07\/dagger-c430.jpg\" \/>\n\t<meta property=\"og:image:width\" content=\"491\" \/>\n\t<meta property=\"og:image:height\" content=\"207\" \/>\n\t<meta property=\"og:image:type\" content=\"image\/jpeg\" \/>\n<meta name=\"author\" content=\"GomRam\" \/>\n<meta name=\"twitter:card\" content=\"summary_large_image\" \/>\n<meta name=\"twitter:label1\" content=\"Escrito por\" \/>\n\t<meta name=\"twitter:data1\" content=\"GomRam\" \/>\n\t<meta name=\"twitter:label2\" content=\"Tiempo de lectura\" \/>\n\t<meta name=\"twitter:data2\" content=\"8 minutos\" \/>\n<script type=\"application\/ld+json\" class=\"yoast-schema-graph\">{\"@context\":\"https:\/\/schema.org\",\"@graph\":[{\"@type\":\"WebPage\",\"@id\":\"http:\/\/laperlaaustral.com.ar\/guerra-malvinas\/el-hijo-prodigo\/\",\"url\":\"http:\/\/laperlaaustral.com.ar\/guerra-malvinas\/el-hijo-prodigo\/\",\"name\":\"El hijo prodigo - La Perla Austral Dagger en Malvinas\",\"isPartOf\":{\"@id\":\"http:\/\/laperlaaustral.com.ar\/guerra-malvinas\/#website\"},\"primaryImageOfPage\":{\"@id\":\"http:\/\/laperlaaustral.com.ar\/guerra-malvinas\/el-hijo-prodigo\/#primaryimage\"},\"image\":{\"@id\":\"http:\/\/laperlaaustral.com.ar\/guerra-malvinas\/el-hijo-prodigo\/#primaryimage\"},\"thumbnailUrl\":\"https:\/\/laperlaaustral.com.ar\/guerra-malvinas\/wp-content\/uploads\/2019\/07\/dagger-c430.jpg\",\"datePublished\":\"2019-07-12T18:44:46+00:00\",\"dateModified\":\"2020-01-14T18:02:54+00:00\",\"author\":{\"@id\":\"http:\/\/laperlaaustral.com.ar\/guerra-malvinas\/#\/schema\/person\/cccf8f0904f83654d5f2d5380e4eb4b9\"},\"description\":\"El hijo prodigo - La Perla Austral - Guerra de Malvinas, actuacion de las fuerzas armadas argentinas en el conflicto del atlantico sur, sus protagonistas,\",\"breadcrumb\":{\"@id\":\"http:\/\/laperlaaustral.com.ar\/guerra-malvinas\/el-hijo-prodigo\/#breadcrumb\"},\"inLanguage\":\"es\",\"potentialAction\":[{\"@type\":\"ReadAction\",\"target\":[\"http:\/\/laperlaaustral.com.ar\/guerra-malvinas\/el-hijo-prodigo\/\"]}]},{\"@type\":\"ImageObject\",\"inLanguage\":\"es\",\"@id\":\"http:\/\/laperlaaustral.com.ar\/guerra-malvinas\/el-hijo-prodigo\/#primaryimage\",\"url\":\"https:\/\/laperlaaustral.com.ar\/guerra-malvinas\/wp-content\/uploads\/2019\/07\/dagger-c430.jpg\",\"contentUrl\":\"https:\/\/laperlaaustral.com.ar\/guerra-malvinas\/wp-content\/uploads\/2019\/07\/dagger-c430.jpg\",\"width\":491,\"height\":207},{\"@type\":\"BreadcrumbList\",\"@id\":\"http:\/\/laperlaaustral.com.ar\/guerra-malvinas\/el-hijo-prodigo\/#breadcrumb\",\"itemListElement\":[{\"@type\":\"ListItem\",\"position\":1,\"name\":\"Portada\",\"item\":\"https:\/\/laperlaaustral.com.ar\/guerra-malvinas\/\"},{\"@type\":\"ListItem\",\"position\":2,\"name\":\"El hijo prodigo\"}]},{\"@type\":\"WebSite\",\"@id\":\"http:\/\/laperlaaustral.com.ar\/guerra-malvinas\/#website\",\"url\":\"http:\/\/laperlaaustral.com.ar\/guerra-malvinas\/\",\"name\":\"La Perla Austral\",\"description\":\"Guerra de Malvinas 1982\",\"potentialAction\":[{\"@type\":\"SearchAction\",\"target\":{\"@type\":\"EntryPoint\",\"urlTemplate\":\"http:\/\/laperlaaustral.com.ar\/guerra-malvinas\/?s={search_term_string}\"},\"query-input\":{\"@type\":\"PropertyValueSpecification\",\"valueRequired\":true,\"valueName\":\"search_term_string\"}}],\"inLanguage\":\"es\"},{\"@type\":\"Person\",\"@id\":\"http:\/\/laperlaaustral.com.ar\/guerra-malvinas\/#\/schema\/person\/cccf8f0904f83654d5f2d5380e4eb4b9\",\"name\":\"GomRam\",\"image\":{\"@type\":\"ImageObject\",\"inLanguage\":\"es\",\"@id\":\"http:\/\/laperlaaustral.com.ar\/guerra-malvinas\/#\/schema\/person\/image\/\",\"url\":\"https:\/\/secure.gravatar.com\/avatar\/a0f191abb2983305e8a2e850573cb20a?s=96&d=mm&r=g\",\"contentUrl\":\"https:\/\/secure.gravatar.com\/avatar\/a0f191abb2983305e8a2e850573cb20a?s=96&d=mm&r=g\",\"caption\":\"GomRam\"},\"url\":\"https:\/\/laperlaaustral.com.ar\/guerra-malvinas\/author\/ac000164\/\"}]}<\/script>\n<!-- \/ Yoast SEO plugin. -->","yoast_head_json":{"title":"El hijo prodigo - La Perla Austral Dagger en Malvinas","description":"El hijo prodigo - La Perla Austral - Guerra de Malvinas, actuacion de las fuerzas armadas argentinas en el conflicto del atlantico sur, sus protagonistas,","robots":{"index":"index","follow":"follow","max-snippet":"max-snippet:-1","max-image-preview":"max-image-preview:large","max-video-preview":"max-video-preview:-1"},"canonical":"http:\/\/laperlaaustral.com.ar\/guerra-malvinas\/el-hijo-prodigo\/","og_locale":"es_ES","og_type":"article","og_title":"El hijo prodigo - La Perla Austral Dagger en Malvinas","og_description":"El hijo prodigo - La Perla Austral - Guerra de Malvinas, actuacion de las fuerzas armadas argentinas en el conflicto del atlantico sur, sus protagonistas,","og_url":"http:\/\/laperlaaustral.com.ar\/guerra-malvinas\/el-hijo-prodigo\/","og_site_name":"La Perla Austral","article_publisher":"https:\/\/www.facebook.com\/La-Perla-Austra-487959322032195","article_published_time":"2019-07-12T18:44:46+00:00","article_modified_time":"2020-01-14T18:02:54+00:00","og_image":[{"width":491,"height":207,"url":"http:\/\/laperlaaustral.com.ar\/guerra-malvinas\/wp-content\/uploads\/2019\/07\/dagger-c430.jpg","type":"image\/jpeg"}],"author":"GomRam","twitter_card":"summary_large_image","twitter_misc":{"Escrito por":"GomRam","Tiempo de lectura":"8 minutos"},"schema":{"@context":"https:\/\/schema.org","@graph":[{"@type":"WebPage","@id":"http:\/\/laperlaaustral.com.ar\/guerra-malvinas\/el-hijo-prodigo\/","url":"http:\/\/laperlaaustral.com.ar\/guerra-malvinas\/el-hijo-prodigo\/","name":"El hijo prodigo - La Perla Austral Dagger en Malvinas","isPartOf":{"@id":"http:\/\/laperlaaustral.com.ar\/guerra-malvinas\/#website"},"primaryImageOfPage":{"@id":"http:\/\/laperlaaustral.com.ar\/guerra-malvinas\/el-hijo-prodigo\/#primaryimage"},"image":{"@id":"http:\/\/laperlaaustral.com.ar\/guerra-malvinas\/el-hijo-prodigo\/#primaryimage"},"thumbnailUrl":"https:\/\/laperlaaustral.com.ar\/guerra-malvinas\/wp-content\/uploads\/2019\/07\/dagger-c430.jpg","datePublished":"2019-07-12T18:44:46+00:00","dateModified":"2020-01-14T18:02:54+00:00","author":{"@id":"http:\/\/laperlaaustral.com.ar\/guerra-malvinas\/#\/schema\/person\/cccf8f0904f83654d5f2d5380e4eb4b9"},"description":"El hijo prodigo - La Perla Austral - Guerra de Malvinas, actuacion de las fuerzas armadas argentinas en el conflicto del atlantico sur, sus protagonistas,","breadcrumb":{"@id":"http:\/\/laperlaaustral.com.ar\/guerra-malvinas\/el-hijo-prodigo\/#breadcrumb"},"inLanguage":"es","potentialAction":[{"@type":"ReadAction","target":["http:\/\/laperlaaustral.com.ar\/guerra-malvinas\/el-hijo-prodigo\/"]}]},{"@type":"ImageObject","inLanguage":"es","@id":"http:\/\/laperlaaustral.com.ar\/guerra-malvinas\/el-hijo-prodigo\/#primaryimage","url":"https:\/\/laperlaaustral.com.ar\/guerra-malvinas\/wp-content\/uploads\/2019\/07\/dagger-c430.jpg","contentUrl":"https:\/\/laperlaaustral.com.ar\/guerra-malvinas\/wp-content\/uploads\/2019\/07\/dagger-c430.jpg","width":491,"height":207},{"@type":"BreadcrumbList","@id":"http:\/\/laperlaaustral.com.ar\/guerra-malvinas\/el-hijo-prodigo\/#breadcrumb","itemListElement":[{"@type":"ListItem","position":1,"name":"Portada","item":"https:\/\/laperlaaustral.com.ar\/guerra-malvinas\/"},{"@type":"ListItem","position":2,"name":"El hijo prodigo"}]},{"@type":"WebSite","@id":"http:\/\/laperlaaustral.com.ar\/guerra-malvinas\/#website","url":"http:\/\/laperlaaustral.com.ar\/guerra-malvinas\/","name":"La Perla Austral","description":"Guerra de Malvinas 1982","potentialAction":[{"@type":"SearchAction","target":{"@type":"EntryPoint","urlTemplate":"http:\/\/laperlaaustral.com.ar\/guerra-malvinas\/?s={search_term_string}"},"query-input":{"@type":"PropertyValueSpecification","valueRequired":true,"valueName":"search_term_string"}}],"inLanguage":"es"},{"@type":"Person","@id":"http:\/\/laperlaaustral.com.ar\/guerra-malvinas\/#\/schema\/person\/cccf8f0904f83654d5f2d5380e4eb4b9","name":"GomRam","image":{"@type":"ImageObject","inLanguage":"es","@id":"http:\/\/laperlaaustral.com.ar\/guerra-malvinas\/#\/schema\/person\/image\/","url":"https:\/\/secure.gravatar.com\/avatar\/a0f191abb2983305e8a2e850573cb20a?s=96&d=mm&r=g","contentUrl":"https:\/\/secure.gravatar.com\/avatar\/a0f191abb2983305e8a2e850573cb20a?s=96&d=mm&r=g","caption":"GomRam"},"url":"https:\/\/laperlaaustral.com.ar\/guerra-malvinas\/author\/ac000164\/"}]}},"_links":{"self":[{"href":"https:\/\/laperlaaustral.com.ar\/guerra-malvinas\/wp-json\/wp\/v2\/posts\/1413"}],"collection":[{"href":"https:\/\/laperlaaustral.com.ar\/guerra-malvinas\/wp-json\/wp\/v2\/posts"}],"about":[{"href":"https:\/\/laperlaaustral.com.ar\/guerra-malvinas\/wp-json\/wp\/v2\/types\/post"}],"author":[{"embeddable":true,"href":"https:\/\/laperlaaustral.com.ar\/guerra-malvinas\/wp-json\/wp\/v2\/users\/2"}],"replies":[{"embeddable":true,"href":"https:\/\/laperlaaustral.com.ar\/guerra-malvinas\/wp-json\/wp\/v2\/comments?post=1413"}],"version-history":[{"count":4,"href":"https:\/\/laperlaaustral.com.ar\/guerra-malvinas\/wp-json\/wp\/v2\/posts\/1413\/revisions"}],"predecessor-version":[{"id":3580,"href":"https:\/\/laperlaaustral.com.ar\/guerra-malvinas\/wp-json\/wp\/v2\/posts\/1413\/revisions\/3580"}],"wp:featuredmedia":[{"embeddable":true,"href":"https:\/\/laperlaaustral.com.ar\/guerra-malvinas\/wp-json\/wp\/v2\/media\/3326"}],"wp:attachment":[{"href":"https:\/\/laperlaaustral.com.ar\/guerra-malvinas\/wp-json\/wp\/v2\/media?parent=1413"}],"wp:term":[{"taxonomy":"category","embeddable":true,"href":"https:\/\/laperlaaustral.com.ar\/guerra-malvinas\/wp-json\/wp\/v2\/categories?post=1413"},{"taxonomy":"post_tag","embeddable":true,"href":"https:\/\/laperlaaustral.com.ar\/guerra-malvinas\/wp-json\/wp\/v2\/tags?post=1413"}],"curies":[{"name":"wp","href":"https:\/\/api.w.org\/{rel}","templated":true}]}}