{"id":1383,"date":"2019-07-12T08:26:46","date_gmt":"2019-07-12T08:26:46","guid":{"rendered":"https:\/\/laperlaaustral.com.ar\/guerra-malvinas\/?p=1383"},"modified":"2020-01-14T18:08:21","modified_gmt":"2020-01-14T18:08:21","slug":"capitulo-xxxv-en-las-manos-de-dios","status":"publish","type":"post","link":"https:\/\/laperlaaustral.com.ar\/guerra-malvinas\/capitulo-xxxv-en-las-manos-de-dios\/","title":{"rendered":"El Gato"},"content":{"rendered":"\n<p>El Gato &#8211; Capitulo XXXV  <\/p>\n\n\n\n<h5 class=\"wp-block-heading\">No es \u00fanicamente h\u00e9roe el que combate.<\/h5>\n\n\n\n<p>Relata: <a href=\"https:\/\/laperlaaustral.com.ar\/laperlaaustral\/laperlaaustralview.php?showdetail=&amp;id=3881\" target=\"_blank\" rel=\"noreferrer noopener\" aria-label=\"Teniente Brea (abre en una nueva pesta\u00f1a)\">Teniente Brea<\/a>, \u00abGato\u00bb -Piloto de Helic\u00f3pteros<\/p>\n\n\n\n<p>Durante las operaciones en Malvinas, con mi tripulaci\u00f3n hicimos treinta salidas.<\/p>\n\n\n\n<p>Recuerdo\n que el 5 de mayo de 1982, al regreso de una misi\u00f3n de reconocimiento, \nse me inform\u00f3 que deb\u00edamos llevar a una base situada en la Bah\u00eda de los \nElefantes, (en la isla de Borb\u00f3n), unos videocasettes sobre lo ocurrido \nen las Islas, que se utilizar\u00edan en la gesti\u00f3n ante las Naciones Unidas,\n los que de all\u00ed ser\u00edan enviados al Continente. Tambi\u00e9n vendr\u00edan a bordo\n varios periodistas, los que posteriormente regresar\u00edan a Puerto \nArgentino.<\/p>\n\n\n\n<p>Mientras carg\u00e1bamos combustible a nuestro helic\u00f3ptero \nen \u00abGanso Verde\u00bb, observamos a cierta distancia c\u00f3mo se estaba dando \nsepultura a un piloto ingl\u00e9s derribado en el \u00faltimo ataque a\u00e9reo.<\/p>\n\n\n\n<h5 class=\"wp-block-heading\">Despegamos aproximadamente a las 17:00 hs.<\/h5>\n\n\n\n<p>El\n Teniente Longar conduc\u00eda el aparato, sobre la costa oeste de la Isla \nSoledad, volando en sandwich entre el agua del estrecho San Carlos y las\n nubes que estaban separados por tan s\u00f3lo 20 metros.<\/p>\n\n\n\n<p>Muy pr\u00f3ximo al punto, debimos reducir la velocidad, pues aument\u00f3 la densidad de la niebla.<\/p>\n\n\n\n<p>Pronto fue imposible continuar y debimos pernoctar hasta el d\u00eda siguiente.<\/p>\n\n\n\n<p>\u00abTenemos chocolate en los bolsillos\u00bb \u2014en clave\u2014 y nuestro Jefe pudo dormir tranquilo sabiendo que est\u00e1bamos bien.<\/p>\n\n\n\n<p>Esa\n noche dormimos en el helic\u00f3ptero y el fr\u00edo se hizo sentir mucho, m\u00e1s \nque nada porque no llev\u00e1bamos ropa de abrigo. Antes de dormir repartimos\n entre todos el poco comestible que ten\u00edamos a bordo.<\/p>\n\n\n\n<p>Con el amanecer del d\u00eda 6, continuamos el vuelo y llegamos a destino.<\/p>\n\n\n\n<p>Continuamos con nuestros temas de reconocimiento y rescate.<\/p>\n\n\n\n<h5 class=\"wp-block-heading\">El 21 de mayo uno de nuestros Pucar\u00e1 no volvi\u00f3 de una misi\u00f3n y se nos orden\u00f3 salir a buscarlo. Era el Capit\u00e1n Tomba..<\/h5>\n\n\n\n<p>Lo \u00fanico que sab\u00edamos era que hab\u00eda entrado en combate contra un Harrier.<\/p>\n\n\n\n<p>Sobre\n la mesa de operaciones, nuestro Jefe nos indicaba la posici\u00f3n de \nnuestras tropas y la probable del enemigo. El estrecho de San Carlos \nparec\u00eda un lobo pronto a atacar, y si la misi\u00f3n no inclu\u00eda su cruce \ntodos respir\u00e1bamos mejor.<\/p>\n\n\n\n<p>Mientras camin\u00e1bamos hacia el \nhelic\u00f3ptero, entre las casitas de \u00abCampo Verde\u00bb, repet\u00edamos mentalmente \nlas \u00faltimas indicaciones de nuestro jefe de Escuadr\u00f3n:<\/p>\n\n\n\n<p>-&#8216;\u00bbRecuerden,\n estaremos aguardando en la frecuencia xxx; atentos a la Bah\u00eda Ruiz de \nPuente que por all\u00ed han visto helic\u00f3pteros ingleses -y por \u00faltimo- \n\u00a1Tr\u00e1iganlos vivos!<\/p>\n\n\n\n<p>El Comandante me pregunt\u00f3.<\/p>\n\n\n\n<p>\u2014\u201cGato\u201d, \u00bftrae la carta de navegaci\u00f3n?<\/p>\n\n\n\n<p>Asent\u00ed, mientras lleg\u00e1bamos al Bell, que estaba oculto entre las casas del pueblo.<\/p>\n\n\n\n<p>Despegamos\n aproximadamente a las 17:15 horas, cuando comenzaba a anochecer, debido\n a la estaci\u00f3n del a\u00f1o y la latitud de nuestras islas.<\/p>\n\n\n\n<p>Luego de \nun corto vuelo rasante, llegamos al punto, ubicado al este de la Bah\u00eda \n\u00abPuerto Nuevo\u00bb, que se encuentra al sur oeste de Darwin.<\/p>\n\n\n\n<p>Permanec\u00edamos\n atentos a la radio, pues un chasquido intermitente nos indicar\u00eda que un\n radar enemigo nos ten\u00eda en pantalla; este era nuestro criollo \u00abRadar \nDarwin\u201d .<\/p>\n\n\n\n<p>No ve\u00edamos nada, mientras se pon\u00eda cada vez m\u00e1s oscuro, lo que se agrav\u00f3 por una bruma que reduc\u00eda la visibilidad.<\/p>\n\n\n\n<h5 class=\"wp-block-heading\">A\n unos 300 metros a mi izquierda vi algo irregular, eran los restos del \nPucar\u00e1 que se hab\u00eda partido en dos, a la altura de la ra\u00edz del ala.<\/h5>\n\n\n\n<p>No\n ten\u00eda signos de que se hubiera incendiado, pero nos pareci\u00f3 ver el \nasiento dentro de la cabina, lo que indicar\u00eda que el piloto no hab\u00eda \ntenido tiempo de eyectarse. Se me hizo un nudo en el est\u00f3mago, pues \nhac\u00eda muy poco hab\u00eda recogido los restos de otro piloto argentino \nderribado.<\/p>\n\n\n\n<p>El Cabo Primero Qui\u00f1\u00f3nez se baj\u00f3 a inspeccionar los restos, con su habitual chaleco parabalas, un fusil y un aplomo admirable.<\/p>\n\n\n\n<p>Para nuestra alegr\u00eda, encontr\u00f3 el asiento y debajo del mismo, prolijamente doblado el paraca\u00eddas.<\/p>\n\n\n\n<p>Era obra de \u00e9l sin ninguna duda, para evitar que delate su posici\u00f3n.<\/p>\n\n\n\n<p>Comenzamos a buscarlo, sobrevolamos una casa destruida pero no estaba.<\/p>\n\n\n\n<h5 class=\"wp-block-heading\">En nuestra radio escuchamos la voz del Mayor Pose que nos dec\u00eda:<\/h5>\n\n\n\n<p>\u2014Verde \u2013 Azul , suspenda misi\u00f3n que se hace de noche. Hicimos silencio en la frecuencia.<\/p>\n\n\n\n<p>\u2014 Hay novedades?<\/p>\n\n\n\n<p>El Teniente Longar le contest\u00f3:<\/p>\n\n\n\n<p>\u2014 Estamos cerca.<\/p>\n\n\n\n<p>\u2014 Bueno, cuando consideren conveniente, peguen la vuelta.<\/p>\n\n\n\n<p>De\n pronto una bengala redonda y roja estall\u00f3 en la noche. Podr\u00eda ser el \npiloto, o bien una trampa, como hab\u00eda ocurrido d\u00edas antes en que \nderribaron otro helic\u00f3ptero alertado por una bengala.<\/p>\n\n\n\n<h5 class=\"wp-block-heading\">Record\u00e9 el cabello pelirrojo de su hijo Ramiro y seguimos.<\/h5>\n\n\n\n<p>Llegamos a una pendiente con los restos de una construcci\u00f3n, cuando una luz roja cruz\u00f3 cerca de la casa.<\/p>\n\n\n\n<p>Mi imaginaci\u00f3n capt\u00f3 como el disparo de una munici\u00f3n \u00abtrazante\u00bb ( que indica con un surco de luz su recorrido).<\/p>\n\n\n\n<p>El Teniente Longar dijo que le pareci\u00f3 una bengala.<\/p>\n\n\n\n<p>No\n muy convencido nos acercamos. El valiente Qui\u00f1\u00f3nez baj\u00f3 a buscar al \npiloto, lo vimos perderse en las sombras, empujado por el fuerte viento \nhelado.<\/p>\n\n\n\n<p>Mientras tanto, levantamos vuelo nuevamente y en \u00abestacionario\u00bb recorrimos las inmediaciones con nuestro faro de b\u00fasqueda.<\/p>\n\n\n\n<p>No hab\u00eda nada.<\/p>\n\n\n\n<p>Recogimos a Qui\u00f1ones, pensando que una bengala en la noche es muy dif\u00edcil determinar su posici\u00f3n y distancia.<\/p>\n\n\n\n<p>\u2014 Rumbo a poner para retorno.<\/p>\n\n\n\n<p>\u2014 Cero-seis-cinco.<\/p>\n\n\n\n<p>Iniciamos el ascenso y \u00a1\u00a1\u00a1 otra bengala!!!<\/p>\n\n\n\n<p>El\n Comandante puso rumbo hacia ella, y la luz que le quedaba antes de \nextinguirse cuando lleg\u00f3 a tierra, dejaba ver una construcci\u00f3n de piedra\n abandonada.<\/p>\n\n\n\n<p>Cuando est\u00e1bamos aterrizando, otra bengala m\u00e1s, describi\u00f3 una par\u00e1bola delante nuestro.<\/p>\n\n\n\n<p>Ojal\u00e1 que todos los ingleses est\u00e9n durmiendo; pensaba yo.<\/p>\n\n\n\n<p>Nuevamente baj\u00f3 Qui\u00f1\u00f3nez , para recibir al Capit\u00e1n Tomba que apareci\u00f3 corriendo hacia nosotros.<\/p>\n\n\n\n<p>Despegamos.<\/p>\n\n\n\n<p>Rumbo a casa \u2013 cero-seis-cinco&#8230;.-espero<\/p>\n\n\n\n<p>Mi duda era que me hab\u00eda desubicado un poco con los continuos cambios de rumbo.<\/p>\n\n\n\n<h5 class=\"wp-block-heading\">Por la radio escuchamos<\/h5>\n\n\n\n<p>&#8211; Verde \u2013 Azul<br>\u2014 Prosiga<br>\u2014 Novedades?<br>\u2014 Positivas!!!<br>\u2014  El Mayor Pose solo mantuvo apretado el pulsador (bot\u00f3n que se aprieta  para hablar por radio), a fin de que escuch\u00e1ramos la infernal griter\u00eda  de los que estaban al otro lado de la l\u00ednea.<\/p>\n\n\n\n<p>En la negrura de la \nnoche, vimos delante nuestro un c\u00edrculo de luces, eran las linternas de \nlos pilotos de Pucar\u00e1 y Helic\u00f3pteros, que nos dec\u00edan \u00a1\u00a1 Estamos en \ncasa!!<\/p>\n\n\n\n<p>Mientras festej\u00e1bamos, le escuch\u00e9 decir al Capit\u00e1n Tomba \nque se dio cuenta que \u00e9ramos nosotros y no los ingleses por el ruido de \nlas palas del Bell, lo que me atrajo a la mente las estrofas que \ntranscribo:<\/p>\n\n\n\n<p>\u00abAntes de verme llegar<\/p>\n\n\n\n<p>me anunciar\u00e9 con golpes secos y constantes contra el aire y el viento\u00bb&#8230; <\/p>\n\n\n<p><br>\n<!--StartFragment--><\/p>\n\n\n<figure class=\"wp-block-table\"><table class=\"\"><tbody><tr><td><img loading=\"lazy\" decoding=\"async\" width=\"150\" height=\"212\" class=\"wp-image-3449\" style=\"width: 150px;\" src=\"https:\/\/laperlaaustral.com.ar\/guerra-malvinas\/wp-content\/uploads\/2020\/01\/con-dios-en-el-alma-y-un-halcon-en-el-corazon.jpg\" alt=\"\" srcset=\"https:\/\/laperlaaustral.com.ar\/guerra-malvinas\/wp-content\/uploads\/2020\/01\/con-dios-en-el-alma-y-un-halcon-en-el-corazon.jpg 229w, https:\/\/laperlaaustral.com.ar\/guerra-malvinas\/wp-content\/uploads\/2020\/01\/con-dios-en-el-alma-y-un-halcon-en-el-corazon-213x300.jpg 213w\" sizes=\"(max-width: 150px) 100vw, 150px\" \/><\/td><td>Relato extraidod de:<br> Con Dios en el Alma y un Halcon en el Corazon<br><em>Compendio de \u201cDios y los Halcones\u201d y \u201cHalcones sobre Malvinas\u201d, <\/em><br>del mismo autor <br> Comodoro (R) Carballo Pablo  Marcos <br> CORDOBA, AGOSTO DE 2004 <\/td><\/tr><\/tbody><\/table><\/figure>\n\n\n\n<p><a rel=\"noreferrer noopener\" href=\"https:\/\/www.facebook.com\/La-Perla-Austra-487959322032195\/\" target=\"_blank\">Encuentranos en Facebook<\/a><\/p>\n\n\n<p><!--EndFragment--><br>\n<br>\n<\/p>","protected":false},"excerpt":{"rendered":"<p>El Gato &#8211; Capitulo XXXV No es \u00fanicamente h\u00e9roe el que combate. Relata: Teniente Brea, \u00abGato\u00bb -Piloto de Helic\u00f3pteros Durante las operaciones en Malvinas, con mi tripulaci\u00f3n hicimos treinta salidas. Recuerdo que el 5 de mayo de 1982, al regreso de una misi\u00f3n de reconocimiento, se me inform\u00f3 que deb\u00edamos llevar a una base situada&hellip; <br \/> <a class=\"read-more\" href=\"https:\/\/laperlaaustral.com.ar\/guerra-malvinas\/capitulo-xxxv-en-las-manos-de-dios\/\">Leer m\u00e1s<\/a><\/p>\n","protected":false},"author":2,"featured_media":1796,"comment_status":"open","ping_status":"open","sticky":false,"template":"","format":"standard","meta":{"_monsterinsights_skip_tracking":false,"_monsterinsights_sitenote_active":false,"_monsterinsights_sitenote_note":"","_monsterinsights_sitenote_category":0,"footnotes":""},"categories":[559],"tags":[],"yoast_head":"<!-- This site is optimized with the Yoast SEO plugin v23.4 - https:\/\/yoast.com\/wordpress\/plugins\/seo\/ -->\n<title>El Gato - La Perla Austral Piloto de Helic\u00f3pteros en Malvinas<\/title>\n<meta name=\"description\" content=\"El Gato Relata: Teniente Brea, &quot;Gato&quot; -Piloto de Helic\u00f3pteros La Perla Austral - Guerra de Malvinas, actuacion de las fuerzas armadas argentinas\" \/>\n<meta name=\"robots\" content=\"index, follow, max-snippet:-1, max-image-preview:large, max-video-preview:-1\" \/>\n<link rel=\"canonical\" href=\"http:\/\/laperlaaustral.com.ar\/guerra-malvinas\/capitulo-xxxv-en-las-manos-de-dios\/\" \/>\n<meta property=\"og:locale\" content=\"es_ES\" \/>\n<meta property=\"og:type\" content=\"article\" \/>\n<meta property=\"og:title\" content=\"El Gato - La Perla Austral Piloto de Helic\u00f3pteros en Malvinas\" \/>\n<meta property=\"og:description\" content=\"El Gato Relata: Teniente Brea, &quot;Gato&quot; -Piloto de Helic\u00f3pteros La Perla Austral - Guerra de Malvinas, actuacion de las fuerzas armadas argentinas\" \/>\n<meta property=\"og:url\" content=\"http:\/\/laperlaaustral.com.ar\/guerra-malvinas\/capitulo-xxxv-en-las-manos-de-dios\/\" \/>\n<meta property=\"og:site_name\" content=\"La Perla Austral\" \/>\n<meta property=\"article:publisher\" content=\"https:\/\/www.facebook.com\/La-Perla-Austra-487959322032195\" \/>\n<meta property=\"article:published_time\" content=\"2019-07-12T08:26:46+00:00\" \/>\n<meta property=\"article:modified_time\" content=\"2020-01-14T18:08:21+00:00\" \/>\n<meta property=\"og:image\" content=\"http:\/\/laperlaaustral.com.ar\/guerra-malvinas\/wp-content\/uploads\/2019\/07\/PilotBrea.jpg\" \/>\n\t<meta property=\"og:image:width\" content=\"500\" \/>\n\t<meta property=\"og:image:height\" content=\"413\" \/>\n\t<meta property=\"og:image:type\" content=\"image\/jpeg\" \/>\n<meta name=\"author\" content=\"GomRam\" \/>\n<meta name=\"twitter:card\" content=\"summary_large_image\" \/>\n<meta name=\"twitter:label1\" content=\"Escrito por\" \/>\n\t<meta name=\"twitter:data1\" content=\"GomRam\" \/>\n\t<meta name=\"twitter:label2\" content=\"Tiempo de lectura\" \/>\n\t<meta name=\"twitter:data2\" content=\"6 minutos\" \/>\n<script type=\"application\/ld+json\" class=\"yoast-schema-graph\">{\"@context\":\"https:\/\/schema.org\",\"@graph\":[{\"@type\":\"WebPage\",\"@id\":\"http:\/\/laperlaaustral.com.ar\/guerra-malvinas\/capitulo-xxxv-en-las-manos-de-dios\/\",\"url\":\"http:\/\/laperlaaustral.com.ar\/guerra-malvinas\/capitulo-xxxv-en-las-manos-de-dios\/\",\"name\":\"El Gato - La Perla Austral Piloto de Helic\u00f3pteros en Malvinas\",\"isPartOf\":{\"@id\":\"http:\/\/laperlaaustral.com.ar\/guerra-malvinas\/#website\"},\"primaryImageOfPage\":{\"@id\":\"http:\/\/laperlaaustral.com.ar\/guerra-malvinas\/capitulo-xxxv-en-las-manos-de-dios\/#primaryimage\"},\"image\":{\"@id\":\"http:\/\/laperlaaustral.com.ar\/guerra-malvinas\/capitulo-xxxv-en-las-manos-de-dios\/#primaryimage\"},\"thumbnailUrl\":\"https:\/\/laperlaaustral.com.ar\/guerra-malvinas\/wp-content\/uploads\/2019\/07\/PilotBrea.jpg\",\"datePublished\":\"2019-07-12T08:26:46+00:00\",\"dateModified\":\"2020-01-14T18:08:21+00:00\",\"author\":{\"@id\":\"http:\/\/laperlaaustral.com.ar\/guerra-malvinas\/#\/schema\/person\/cccf8f0904f83654d5f2d5380e4eb4b9\"},\"description\":\"El Gato Relata: Teniente Brea, \\\"Gato\\\" -Piloto de Helic\u00f3pteros La Perla Austral - Guerra de Malvinas, actuacion de las fuerzas armadas argentinas\",\"breadcrumb\":{\"@id\":\"http:\/\/laperlaaustral.com.ar\/guerra-malvinas\/capitulo-xxxv-en-las-manos-de-dios\/#breadcrumb\"},\"inLanguage\":\"es\",\"potentialAction\":[{\"@type\":\"ReadAction\",\"target\":[\"http:\/\/laperlaaustral.com.ar\/guerra-malvinas\/capitulo-xxxv-en-las-manos-de-dios\/\"]}]},{\"@type\":\"ImageObject\",\"inLanguage\":\"es\",\"@id\":\"http:\/\/laperlaaustral.com.ar\/guerra-malvinas\/capitulo-xxxv-en-las-manos-de-dios\/#primaryimage\",\"url\":\"https:\/\/laperlaaustral.com.ar\/guerra-malvinas\/wp-content\/uploads\/2019\/07\/PilotBrea.jpg\",\"contentUrl\":\"https:\/\/laperlaaustral.com.ar\/guerra-malvinas\/wp-content\/uploads\/2019\/07\/PilotBrea.jpg\",\"width\":500,\"height\":413},{\"@type\":\"BreadcrumbList\",\"@id\":\"http:\/\/laperlaaustral.com.ar\/guerra-malvinas\/capitulo-xxxv-en-las-manos-de-dios\/#breadcrumb\",\"itemListElement\":[{\"@type\":\"ListItem\",\"position\":1,\"name\":\"Portada\",\"item\":\"https:\/\/laperlaaustral.com.ar\/guerra-malvinas\/\"},{\"@type\":\"ListItem\",\"position\":2,\"name\":\"El Gato\"}]},{\"@type\":\"WebSite\",\"@id\":\"http:\/\/laperlaaustral.com.ar\/guerra-malvinas\/#website\",\"url\":\"http:\/\/laperlaaustral.com.ar\/guerra-malvinas\/\",\"name\":\"La Perla Austral\",\"description\":\"Guerra de Malvinas 1982\",\"potentialAction\":[{\"@type\":\"SearchAction\",\"target\":{\"@type\":\"EntryPoint\",\"urlTemplate\":\"http:\/\/laperlaaustral.com.ar\/guerra-malvinas\/?s={search_term_string}\"},\"query-input\":{\"@type\":\"PropertyValueSpecification\",\"valueRequired\":true,\"valueName\":\"search_term_string\"}}],\"inLanguage\":\"es\"},{\"@type\":\"Person\",\"@id\":\"http:\/\/laperlaaustral.com.ar\/guerra-malvinas\/#\/schema\/person\/cccf8f0904f83654d5f2d5380e4eb4b9\",\"name\":\"GomRam\",\"image\":{\"@type\":\"ImageObject\",\"inLanguage\":\"es\",\"@id\":\"http:\/\/laperlaaustral.com.ar\/guerra-malvinas\/#\/schema\/person\/image\/\",\"url\":\"https:\/\/secure.gravatar.com\/avatar\/a0f191abb2983305e8a2e850573cb20a?s=96&d=mm&r=g\",\"contentUrl\":\"https:\/\/secure.gravatar.com\/avatar\/a0f191abb2983305e8a2e850573cb20a?s=96&d=mm&r=g\",\"caption\":\"GomRam\"},\"url\":\"https:\/\/laperlaaustral.com.ar\/guerra-malvinas\/author\/ac000164\/\"}]}<\/script>\n<!-- \/ Yoast SEO plugin. -->","yoast_head_json":{"title":"El Gato - La Perla Austral Piloto de Helic\u00f3pteros en Malvinas","description":"El Gato Relata: Teniente Brea, \"Gato\" -Piloto de Helic\u00f3pteros La Perla Austral - Guerra de Malvinas, actuacion de las fuerzas armadas argentinas","robots":{"index":"index","follow":"follow","max-snippet":"max-snippet:-1","max-image-preview":"max-image-preview:large","max-video-preview":"max-video-preview:-1"},"canonical":"http:\/\/laperlaaustral.com.ar\/guerra-malvinas\/capitulo-xxxv-en-las-manos-de-dios\/","og_locale":"es_ES","og_type":"article","og_title":"El Gato - La Perla Austral Piloto de Helic\u00f3pteros en Malvinas","og_description":"El Gato Relata: Teniente Brea, \"Gato\" -Piloto de Helic\u00f3pteros La Perla Austral - Guerra de Malvinas, actuacion de las fuerzas armadas argentinas","og_url":"http:\/\/laperlaaustral.com.ar\/guerra-malvinas\/capitulo-xxxv-en-las-manos-de-dios\/","og_site_name":"La Perla Austral","article_publisher":"https:\/\/www.facebook.com\/La-Perla-Austra-487959322032195","article_published_time":"2019-07-12T08:26:46+00:00","article_modified_time":"2020-01-14T18:08:21+00:00","og_image":[{"width":500,"height":413,"url":"http:\/\/laperlaaustral.com.ar\/guerra-malvinas\/wp-content\/uploads\/2019\/07\/PilotBrea.jpg","type":"image\/jpeg"}],"author":"GomRam","twitter_card":"summary_large_image","twitter_misc":{"Escrito por":"GomRam","Tiempo de lectura":"6 minutos"},"schema":{"@context":"https:\/\/schema.org","@graph":[{"@type":"WebPage","@id":"http:\/\/laperlaaustral.com.ar\/guerra-malvinas\/capitulo-xxxv-en-las-manos-de-dios\/","url":"http:\/\/laperlaaustral.com.ar\/guerra-malvinas\/capitulo-xxxv-en-las-manos-de-dios\/","name":"El Gato - La Perla Austral Piloto de Helic\u00f3pteros en Malvinas","isPartOf":{"@id":"http:\/\/laperlaaustral.com.ar\/guerra-malvinas\/#website"},"primaryImageOfPage":{"@id":"http:\/\/laperlaaustral.com.ar\/guerra-malvinas\/capitulo-xxxv-en-las-manos-de-dios\/#primaryimage"},"image":{"@id":"http:\/\/laperlaaustral.com.ar\/guerra-malvinas\/capitulo-xxxv-en-las-manos-de-dios\/#primaryimage"},"thumbnailUrl":"https:\/\/laperlaaustral.com.ar\/guerra-malvinas\/wp-content\/uploads\/2019\/07\/PilotBrea.jpg","datePublished":"2019-07-12T08:26:46+00:00","dateModified":"2020-01-14T18:08:21+00:00","author":{"@id":"http:\/\/laperlaaustral.com.ar\/guerra-malvinas\/#\/schema\/person\/cccf8f0904f83654d5f2d5380e4eb4b9"},"description":"El Gato Relata: Teniente Brea, \"Gato\" -Piloto de Helic\u00f3pteros La Perla Austral - Guerra de Malvinas, actuacion de las fuerzas armadas argentinas","breadcrumb":{"@id":"http:\/\/laperlaaustral.com.ar\/guerra-malvinas\/capitulo-xxxv-en-las-manos-de-dios\/#breadcrumb"},"inLanguage":"es","potentialAction":[{"@type":"ReadAction","target":["http:\/\/laperlaaustral.com.ar\/guerra-malvinas\/capitulo-xxxv-en-las-manos-de-dios\/"]}]},{"@type":"ImageObject","inLanguage":"es","@id":"http:\/\/laperlaaustral.com.ar\/guerra-malvinas\/capitulo-xxxv-en-las-manos-de-dios\/#primaryimage","url":"https:\/\/laperlaaustral.com.ar\/guerra-malvinas\/wp-content\/uploads\/2019\/07\/PilotBrea.jpg","contentUrl":"https:\/\/laperlaaustral.com.ar\/guerra-malvinas\/wp-content\/uploads\/2019\/07\/PilotBrea.jpg","width":500,"height":413},{"@type":"BreadcrumbList","@id":"http:\/\/laperlaaustral.com.ar\/guerra-malvinas\/capitulo-xxxv-en-las-manos-de-dios\/#breadcrumb","itemListElement":[{"@type":"ListItem","position":1,"name":"Portada","item":"https:\/\/laperlaaustral.com.ar\/guerra-malvinas\/"},{"@type":"ListItem","position":2,"name":"El Gato"}]},{"@type":"WebSite","@id":"http:\/\/laperlaaustral.com.ar\/guerra-malvinas\/#website","url":"http:\/\/laperlaaustral.com.ar\/guerra-malvinas\/","name":"La Perla Austral","description":"Guerra de Malvinas 1982","potentialAction":[{"@type":"SearchAction","target":{"@type":"EntryPoint","urlTemplate":"http:\/\/laperlaaustral.com.ar\/guerra-malvinas\/?s={search_term_string}"},"query-input":{"@type":"PropertyValueSpecification","valueRequired":true,"valueName":"search_term_string"}}],"inLanguage":"es"},{"@type":"Person","@id":"http:\/\/laperlaaustral.com.ar\/guerra-malvinas\/#\/schema\/person\/cccf8f0904f83654d5f2d5380e4eb4b9","name":"GomRam","image":{"@type":"ImageObject","inLanguage":"es","@id":"http:\/\/laperlaaustral.com.ar\/guerra-malvinas\/#\/schema\/person\/image\/","url":"https:\/\/secure.gravatar.com\/avatar\/a0f191abb2983305e8a2e850573cb20a?s=96&d=mm&r=g","contentUrl":"https:\/\/secure.gravatar.com\/avatar\/a0f191abb2983305e8a2e850573cb20a?s=96&d=mm&r=g","caption":"GomRam"},"url":"https:\/\/laperlaaustral.com.ar\/guerra-malvinas\/author\/ac000164\/"}]}},"_links":{"self":[{"href":"https:\/\/laperlaaustral.com.ar\/guerra-malvinas\/wp-json\/wp\/v2\/posts\/1383"}],"collection":[{"href":"https:\/\/laperlaaustral.com.ar\/guerra-malvinas\/wp-json\/wp\/v2\/posts"}],"about":[{"href":"https:\/\/laperlaaustral.com.ar\/guerra-malvinas\/wp-json\/wp\/v2\/types\/post"}],"author":[{"embeddable":true,"href":"https:\/\/laperlaaustral.com.ar\/guerra-malvinas\/wp-json\/wp\/v2\/users\/2"}],"replies":[{"embeddable":true,"href":"https:\/\/laperlaaustral.com.ar\/guerra-malvinas\/wp-json\/wp\/v2\/comments?post=1383"}],"version-history":[{"count":5,"href":"https:\/\/laperlaaustral.com.ar\/guerra-malvinas\/wp-json\/wp\/v2\/posts\/1383\/revisions"}],"predecessor-version":[{"id":3592,"href":"https:\/\/laperlaaustral.com.ar\/guerra-malvinas\/wp-json\/wp\/v2\/posts\/1383\/revisions\/3592"}],"wp:featuredmedia":[{"embeddable":true,"href":"https:\/\/laperlaaustral.com.ar\/guerra-malvinas\/wp-json\/wp\/v2\/media\/1796"}],"wp:attachment":[{"href":"https:\/\/laperlaaustral.com.ar\/guerra-malvinas\/wp-json\/wp\/v2\/media?parent=1383"}],"wp:term":[{"taxonomy":"category","embeddable":true,"href":"https:\/\/laperlaaustral.com.ar\/guerra-malvinas\/wp-json\/wp\/v2\/categories?post=1383"},{"taxonomy":"post_tag","embeddable":true,"href":"https:\/\/laperlaaustral.com.ar\/guerra-malvinas\/wp-json\/wp\/v2\/tags?post=1383"}],"curies":[{"name":"wp","href":"https:\/\/api.w.org\/{rel}","templated":true}]}}