{"id":1367,"date":"2019-07-12T08:12:33","date_gmt":"2019-07-12T08:12:33","guid":{"rendered":"https:\/\/laperlaaustral.com.ar\/guerra-malvinas\/?p=1367"},"modified":"2020-01-14T18:11:27","modified_gmt":"2020-01-14T18:11:27","slug":"vivencias-de-un-artillero","status":"publish","type":"post","link":"https:\/\/laperlaaustral.com.ar\/guerra-malvinas\/vivencias-de-un-artillero\/","title":{"rendered":"Vivencias de un Artillero"},"content":{"rendered":"\n<p>Vivencias de un Artillero &#8211; Capitulo XVII <\/p>\n\n\n\n<p><em>Mientras los aviones de la Fuerza A\u00e9rea Argentina, se<\/em> <em>enfrentaban en desigual duelo a la tecnolog\u00eda colonialista; en<\/em> <em>la tierra, junto a su ca\u00f1\u00f3n, o su \u00abfierro\u00bb, como le llaman ellos,<\/em> <em>los artilleros de la Fuerza A\u00e9rea Argentina, unidos<\/em> <em>estrechamente a sus heroicos camaradas de la especialidad de<\/em> <em>las otras Fuerzas Armadas; produc\u00edan estragos en los<\/em> <em>Harriers ingleses, que tanto les tem\u00edan y que no pudieron<\/em> <em>destruir la pista de Puerto Argentino, de m\u00e1s de 1.250 metros<\/em> <em>de longitud; mientras nuestros Caza-Bombarderos se<\/em> <em>cansaban de impactar en las Fragatas de solo 120 metros.<\/em><\/p>\n\n\n\n<h5 class=\"wp-block-heading\">Relata: Cabo Primero Ru\u00edz &#8211; Artillero de la Fuerza A\u00e9rea Argentina<\/h5>\n\n\n\n<p>El d\u00eda 1\u00b0 de mayo abrimos fuego \u00a1 por fin !, con nuestros ca\u00f1ones tras una larga espera.<\/p>\n\n\n\n<p>Era aproximadamente las 08:30 horas de la ma\u00f1ana cuando, gracias a la posici\u00f3n privilegiada que ten\u00eda nuestra pieza (ca\u00f1\u00f3n), vimos que los Harriers iniciaban un ataque contra las instalaciones y la pista de Puerto Argentino.<\/p>\n\n\n\n<p>Al principio estaban lejos de la distancia en que es efectiva nuestra munici\u00f3n, pero en mi desesperaci\u00f3n por repeler el ataque, les tiraba igual. De pronto uno de ellos, en su escape, ingres\u00f3 en la zona de alcance de mi arma pasando al costado de mi posici\u00f3n. Cuando comenz\u00f3 a volar sobre el mar, abandon\u00f3 el vuelo bajo y ascendi\u00f3, apareciendo desde atr\u00e1s de una duna. En ese momento comenz\u00f3 un viraje hacia nosotros, quedando en planta con la parte superior del avi\u00f3n, o sea la cabina, hacia mi, lo puse en el centro de la mira, estaba tan cerca que ocupaba gran parte de ella. Le hice una r\u00e1faga corta y vi que casi todos los proyectiles daban en el blanco; mientras tanto el <a href=\"https:\/\/laperlaaustral.com.ar\/laperlaaustral\/laperlaaustrallist.php?cmd=search&amp;t=laperlaaustral&amp;z_fuerza=%3D&amp;x_fuerza=2&amp;z_unidad=%3D&amp;x_unidad=&amp;psearch=porcel&amp;psearchtype=\" target=\"_blank\" rel=\"noreferrer noopener\" aria-label=\"Soldado Porcel (abre en una nueva pesta\u00f1a)\">Soldado Porcel<\/a>, de pie junto al ca\u00f1\u00f3n, le disparaba con su fusil FAL. Los trazantes hirieron el metal, arrojando delgadas columnas de humo por los orificios de salida.<\/p>\n\n\n\n<p>Los soldados comenzaron a gritar:<\/p>\n\n\n\n<h5 class=\"wp-block-heading\"><em>-\u00ab\u00a1\u00a1\u00a1Se cae, Cabo Primero!!!\u00bb \u2013<\/em><\/h5>\n\n\n\n<p>mientras ve\u00edamos que el avi\u00f3n impactaba contra el agua y produc\u00eda una especie de ebullici\u00f3n, semejante a la que se observa cuando sumergimos un hierro caliente en un l\u00edquido. No vimos nada m\u00e1s.<\/p>\n\n\n\n<p>Siguieron sus ataques, cada vez m\u00e1s alejados y con mayor altura. Comenzaron a tirarnos \u00abpor sobre el hombro\u00bb, como dec\u00edamos nosotros, ya que lanzaban la bomba con altura, mientras iniciaban un ascenso, y luego se iban.<\/p>\n\n\n\n<p>Est\u00e1bamos en la segunda quincena de mayo, era la mediatarde. Los Harriers continuaban bombardeando s\u00f3lo en altura, pues en vuelo bajo hab\u00edan sufrido muchas bajas.<\/p>\n\n\n\n<p>Vimos pasar a dos de ellos volando muy alto, dejando una estela tras de si, fuera de nuestro alcance. De pronto uno dej\u00f3 de estelar, lo que significaba que hab\u00eda ascendido o descendido.<\/p>\n\n\n\n<p>S\u00fabitamente un Soldado grit\u00f3:<\/p>\n\n\n\n<h5 class=\"wp-block-heading\"><em>-\u00ab\u00a1\u00a1\u00a1Se est\u00e1 descolgando desde atr\u00e1s de esa nube!!!\u00bb. \u2013<\/em><\/h5>\n\n\n\n<p>Lo vi y le apunt\u00e9, tir\u00e9 una r\u00e1faga, qued\u00f3 corta (explot\u00f3 antes del blanco), era demasiado pronto.<\/p>\n\n\n\n<p>La segunda vez que dispar\u00e9 hice una r\u00e1faga m\u00e1s larga y me di cuenta de que le estaba pegando, por lo que segu\u00ed tirando; de pronto inici\u00f3 el ascenso apuntando con su nariz al cielo, mientras arrojaba sus bombas, las que cayeron muy cerca de mi posici\u00f3n; dos explotaron y una no.<\/p>\n\n\n\n<p>Cuando parec\u00eda que iba a caerse hacia atr\u00e1s por falta de sustentaci\u00f3n1 explot\u00f3 en una llamarada roja con mucho humo y se desintegr\u00f3. Restos calcinados comenzaron a caer perezosamente, mientras una burbuja de aire caliente quedaba en el lugar donde antes hab\u00eda un avi\u00f3n.<\/p>\n\n\n\n<p>Mientras me recuperaba de la turbaci\u00f3n provocada por el momento vivido, escuchaba, lejana la voz de un camarada de otro ca\u00f1\u00f3n que informaba a los gritos:<\/p>\n\n\n\n<h5 class=\"wp-block-heading\"><em>-\u00ab\u00a1\u00a1\u00a1Jefe, Jefe, Gato 2 llama; el fierrito 6 ha hecho un nuevo derribo!!!\u00bb <\/em>(fierros se les llama a los ca\u00f1ones en nuestra jerga).<\/h5>\n\n\n\n<p>Otro d\u00eda, un Harrier eligi\u00f3 un mal lugar para hacer un paseo.<\/p>\n\n\n\n<p>Lo vimos pasar lateral a Puerto Argentino, a unos 3 o 4 kil\u00f3metros y 1.000 metros de altura.<\/p>\n\n\n\n<p>Una pieza de artiller\u00eda del Ej\u00e9rcito Argentino le tir\u00f3 e hizo impacto en su fuselaje.<\/p>\n\n\n\n<p>El piloto hizo todo al rev\u00e9s, en lugar de buscar vuelo rasante, gan\u00f3 altura, con lo que ofreci\u00f3 m\u00e1s blanco y disminuy\u00f3 su velocidad.<\/p>\n\n\n\n<p>Le siguieron pegando, vimos como \u00abchorritos\u00bb de fuego que entraban en el aluminio.<\/p>\n\n\n\n<p>Se perdi\u00f3 en las nubes y pensamos que hab\u00eda escapado, pero pronto lo vimos aparecer cayendo en tirabuz\u00f3n, con la tobera 2 al rojo vivo; y poco despu\u00e9s apareci\u00f3 el piloto, colgado de su paraca\u00eddas color naranja.<\/p>\n\n\n\n<p>El avi\u00f3n entr\u00f3 como una tromba en el agua, hubo un burbujeo y nada m\u00e1s.<\/p>\n\n\n\n<p>Uno de nuestros helic\u00f3pteros despeg\u00f3 para rescatar al piloto, el que aparentemente ven\u00eda muerto, pues no se mov\u00eda, pero debi\u00f3 regresar por alerta roja. Una vez pasado el peligro, fueron el helic\u00f3ptero y un Pucar\u00e1 a buscarlo, pero ya no estaba en superficie.<\/p>\n\n\n\n<p>Pero el d\u00eda que qued\u00f3 marcado a fuego en mi vida y revivo constantemente, fue el 1\u00b0 de mayo, cuando comenzaron las hostilidades y entr\u00e9 s\u00fabitamente en una guerra. Recuerdo que el <a rel=\"noreferrer noopener\" aria-label=\"Capit\u00e1n Dalves, (abre en una nueva pesta\u00f1a)\" href=\"https:\/\/laperlaaustral.com.ar\/laperlaaustral\/laperlaaustralview.php?showdetail=&amp;id=7241\" target=\"_blank\">Capit\u00e1n Dalves,<\/a> quien junto con el <a rel=\"noreferrer noopener\" aria-label=\"Capit\u00e1n Savoia (abre en una nueva pesta\u00f1a)\" href=\"https:\/\/laperlaaustral.com.ar\/laperlaaustral\/laperlaaustralview.php?showdetail=&amp;id=23907\" target=\"_blank\">Capit\u00e1n Savoia<\/a>, recorr\u00edan continuamente las posiciones viendo que necesit\u00e1bamos, se acerc\u00f3 al ca\u00f1\u00f3n del <a rel=\"noreferrer noopener\" aria-label=\"Cabo Principal Bartis (abre en una nueva pesta\u00f1a)\" href=\"https:\/\/laperlaaustral.com.ar\/laperlaaustral\/laperlaaustralview.php?showdetail=&amp;id=2823\" target=\"_blank\">Cabo Principal Bartis<\/a>, cuando un Harrier hizo un pasaje tirando con sus dos ametralladoras; inmediatamente el <a href=\"https:\/\/laperlaaustral.com.ar\/laperlaaustral\/laperlaaustralview.php?showdetail=&amp;id=26699\" target=\"_blank\" rel=\"noreferrer noopener\" aria-label=\"Soldado Claudio Viano (abre en una nueva pesta\u00f1a)\">Soldado Claudio Viano<\/a>, ascendido a Dragoneante por su comportamiento, tom\u00f3 su fusil FAL y con mucho entusiasmo comenz\u00f3 a tirarle al avi\u00f3n, mientras gritaba; &#8211;<\/p>\n\n\n\n<h5 class=\"wp-block-heading\"><em>-\u00a1\u00a1\u00a1Le veo los ojitos rojos al ingl\u00e9s!!!<\/em><\/h5>\n\n\n\n<p>No eran los ojitos, eran las balas trazantes, que ven\u00edan picando en el suelo y formando dos caminos de muerte, los que milagrosamente pasaron a ambos lados del soldado, y se perdieron detr\u00e1s de \u00e9l, sin hacerle el menor da\u00f1o.<\/p>\n\n\n\n<p>Evidentemente, naci\u00f3 de nuevo.<\/p>\n\n\n\n<p>A la tarde, y como fin de un d\u00eda inolvidable, presenci\u00e9 en primera fila el ataque de los Mirage V \u00abDagger\u00bb a tres fragatas que nos estaban ca\u00f1oneando.<\/p>\n\n\n\n<p>A dos de ellas le pegaron, (a una la hirieron muy gravemente; no entiendo porqu\u00e9 nunca se habl\u00f3 de esa Fragata, ni se la dio como averiada o hundida, cuando yo la vi explotar y quedar totalmente cubierta de humo).<\/p>\n\n\n\n<p>Tres de nuestros halcones aparecieron sorpresivamente desde atr\u00e1s del Faro, tan sorpresivamente que, de acuerdo al relato del Mayor \u00abPicho\u00bb Fern\u00e1ndez, al Capit\u00e1n Bationi que no los vio venir, lo sorprendi\u00f3 el ruido de los aviones que le pasaron medio metro arriba de la cabeza.<\/p>\n\n\n\n<p>Cuando entraron al mar, me parec\u00eda que en cualquier momento iban a comenzar a levantar agua por lo bajito que iban. Por muy poco no chocaron con dos helic\u00f3pteros gringos que estaban corrigiendo el tiro de los buques.<\/p>\n\n\n\n<p>Luego vi como los proyectiles de sus ca\u00f1ones impactaban en las fragatas y como sus bombas entraban limpiamente en dos de ellas, a la tercera le err\u00f3 el piloto.<\/p>\n\n\n\n<p>En la m\u00e1s cercana a la costa comenz\u00f3 a salir humo y la otra explot\u00f3 pero no se hundi\u00f3.<\/p>\n\n\n\n<p>Posteriormente se comenzaron a alejar lentamente, con su soberbia y el reuma a cuesta, pues una iba visiblemente inclinada hacia un costado; (escorada) la que le peg\u00f3 el \u00abDagger\u00bb que iba adelante.<\/p>\n\n\n\n<p>Quiz\u00e1s cuando se digan las verdades sobre esta guerra, me llegue a enterar de su nombre.<\/p>\n\n\n\n<p><em>1- Sustentaci\u00f3n: significa que el avi\u00f3n puede deslizarse en el aire, volar, sin caerse, sostenido por el empuje del motor, la forma de la superficie de las alas y su propia velocidad.<\/em><\/p>\n\n\n\n<p><em>2 -Tobera: lugar por donde salen los gases de escape del motor<\/em><\/p>\n\n\n\n<figure class=\"wp-block-table\"><table class=\"\"><tbody><tr><td><img loading=\"lazy\" decoding=\"async\" width=\"150\" height=\"212\" class=\"wp-image-3449\" style=\"width: 150px;\" src=\"https:\/\/laperlaaustral.com.ar\/guerra-malvinas\/wp-content\/uploads\/2020\/01\/con-dios-en-el-alma-y-un-halcon-en-el-corazon.jpg\" alt=\"\" srcset=\"https:\/\/laperlaaustral.com.ar\/guerra-malvinas\/wp-content\/uploads\/2020\/01\/con-dios-en-el-alma-y-un-halcon-en-el-corazon.jpg 229w, https:\/\/laperlaaustral.com.ar\/guerra-malvinas\/wp-content\/uploads\/2020\/01\/con-dios-en-el-alma-y-un-halcon-en-el-corazon-213x300.jpg 213w\" sizes=\"(max-width: 150px) 100vw, 150px\" \/><\/td><td>Relato extraidod de:<br> Con Dios en el Alma y un Halcon en el Corazon<br><em>Compendio de \u201cDios y los Halcones\u201d y \u201cHalcones sobre Malvinas\u201d, <\/em><br>del mismo autor <br> Comodoro (R) Carballo Pablo  Marcos <br> CORDOBA, AGOSTO DE 2004 <\/td><\/tr><\/tbody><\/table><\/figure>\n\n\n\n<p><a rel=\"noreferrer noopener\" href=\"https:\/\/www.facebook.com\/La-Perla-Austra-487959322032195\/\" target=\"_blank\">Encuentranos en Facebook<\/a><\/p>\n","protected":false},"excerpt":{"rendered":"<p>Vivencias de un Artillero &#8211; Capitulo XVII Mientras los aviones de la Fuerza A\u00e9rea Argentina, se enfrentaban en desigual duelo a la tecnolog\u00eda colonialista; en la tierra, junto a su ca\u00f1\u00f3n, o su \u00abfierro\u00bb, como le llaman ellos, los artilleros de la Fuerza A\u00e9rea Argentina, unidos estrechamente a sus heroicos camaradas de la especialidad de&hellip; <br \/> <a class=\"read-more\" href=\"https:\/\/laperlaaustral.com.ar\/guerra-malvinas\/vivencias-de-un-artillero\/\">Leer m\u00e1s<\/a><\/p>\n","protected":false},"author":2,"featured_media":1910,"comment_status":"open","ping_status":"open","sticky":false,"template":"","format":"standard","meta":{"_monsterinsights_skip_tracking":false,"_monsterinsights_sitenote_active":false,"_monsterinsights_sitenote_note":"","_monsterinsights_sitenote_category":0,"footnotes":""},"categories":[559,4],"tags":[621,723,720,721,722,467,34,718,719],"yoast_head":"<!-- This site is optimized with the Yoast SEO plugin v23.4 - https:\/\/yoast.com\/wordpress\/plugins\/seo\/ -->\n<title>Vivencias de un Artillero - La Perla Austral<\/title>\n<meta name=\"description\" content=\"Vivencias de un Artillero - Guerra de Malvinas, actuacion de las fuerzas armadas argentinas en el conflicto del atlantico sur, sus protagonistas,\" \/>\n<meta name=\"robots\" content=\"index, follow, max-snippet:-1, max-image-preview:large, max-video-preview:-1\" \/>\n<link rel=\"canonical\" href=\"http:\/\/laperlaaustral.com.ar\/guerra-malvinas\/vivencias-de-un-artillero\/\" \/>\n<meta property=\"og:locale\" content=\"es_ES\" \/>\n<meta property=\"og:type\" content=\"article\" \/>\n<meta property=\"og:title\" content=\"Vivencias de un Artillero - La Perla Austral\" \/>\n<meta property=\"og:description\" content=\"Vivencias de un Artillero - Guerra de Malvinas, actuacion de las fuerzas armadas argentinas en el conflicto del atlantico sur, sus protagonistas,\" \/>\n<meta property=\"og:url\" content=\"http:\/\/laperlaaustral.com.ar\/guerra-malvinas\/vivencias-de-un-artillero\/\" \/>\n<meta property=\"og:site_name\" content=\"La Perla Austral\" \/>\n<meta property=\"article:publisher\" content=\"https:\/\/www.facebook.com\/La-Perla-Austra-487959322032195\" \/>\n<meta property=\"article:published_time\" content=\"2019-07-12T08:12:33+00:00\" \/>\n<meta property=\"article:modified_time\" content=\"2020-01-14T18:11:27+00:00\" \/>\n<meta property=\"og:image\" content=\"http:\/\/laperlaaustral.com.ar\/guerra-malvinas\/wp-content\/uploads\/2019\/07\/aaa-rheinmetall2a.jpg\" \/>\n\t<meta property=\"og:image:width\" content=\"1463\" \/>\n\t<meta property=\"og:image:height\" content=\"697\" \/>\n\t<meta property=\"og:image:type\" content=\"image\/jpeg\" \/>\n<meta name=\"author\" content=\"GomRam\" \/>\n<meta name=\"twitter:card\" content=\"summary_large_image\" \/>\n<meta name=\"twitter:label1\" content=\"Escrito por\" \/>\n\t<meta name=\"twitter:data1\" content=\"GomRam\" \/>\n\t<meta name=\"twitter:label2\" content=\"Tiempo de lectura\" \/>\n\t<meta name=\"twitter:data2\" content=\"7 minutos\" \/>\n<script type=\"application\/ld+json\" class=\"yoast-schema-graph\">{\"@context\":\"https:\/\/schema.org\",\"@graph\":[{\"@type\":\"WebPage\",\"@id\":\"http:\/\/laperlaaustral.com.ar\/guerra-malvinas\/vivencias-de-un-artillero\/\",\"url\":\"http:\/\/laperlaaustral.com.ar\/guerra-malvinas\/vivencias-de-un-artillero\/\",\"name\":\"Vivencias de un Artillero - La Perla Austral\",\"isPartOf\":{\"@id\":\"http:\/\/laperlaaustral.com.ar\/guerra-malvinas\/#website\"},\"primaryImageOfPage\":{\"@id\":\"http:\/\/laperlaaustral.com.ar\/guerra-malvinas\/vivencias-de-un-artillero\/#primaryimage\"},\"image\":{\"@id\":\"http:\/\/laperlaaustral.com.ar\/guerra-malvinas\/vivencias-de-un-artillero\/#primaryimage\"},\"thumbnailUrl\":\"https:\/\/laperlaaustral.com.ar\/guerra-malvinas\/wp-content\/uploads\/2019\/07\/aaa-rheinmetall2a.jpg\",\"datePublished\":\"2019-07-12T08:12:33+00:00\",\"dateModified\":\"2020-01-14T18:11:27+00:00\",\"author\":{\"@id\":\"http:\/\/laperlaaustral.com.ar\/guerra-malvinas\/#\/schema\/person\/cccf8f0904f83654d5f2d5380e4eb4b9\"},\"description\":\"Vivencias de un Artillero - Guerra de Malvinas, actuacion de las fuerzas armadas argentinas en el conflicto del atlantico sur, sus protagonistas,\",\"breadcrumb\":{\"@id\":\"http:\/\/laperlaaustral.com.ar\/guerra-malvinas\/vivencias-de-un-artillero\/#breadcrumb\"},\"inLanguage\":\"es\",\"potentialAction\":[{\"@type\":\"ReadAction\",\"target\":[\"http:\/\/laperlaaustral.com.ar\/guerra-malvinas\/vivencias-de-un-artillero\/\"]}]},{\"@type\":\"ImageObject\",\"inLanguage\":\"es\",\"@id\":\"http:\/\/laperlaaustral.com.ar\/guerra-malvinas\/vivencias-de-un-artillero\/#primaryimage\",\"url\":\"https:\/\/laperlaaustral.com.ar\/guerra-malvinas\/wp-content\/uploads\/2019\/07\/aaa-rheinmetall2a.jpg\",\"contentUrl\":\"https:\/\/laperlaaustral.com.ar\/guerra-malvinas\/wp-content\/uploads\/2019\/07\/aaa-rheinmetall2a.jpg\",\"width\":1463,\"height\":697},{\"@type\":\"BreadcrumbList\",\"@id\":\"http:\/\/laperlaaustral.com.ar\/guerra-malvinas\/vivencias-de-un-artillero\/#breadcrumb\",\"itemListElement\":[{\"@type\":\"ListItem\",\"position\":1,\"name\":\"Portada\",\"item\":\"https:\/\/laperlaaustral.com.ar\/guerra-malvinas\/\"},{\"@type\":\"ListItem\",\"position\":2,\"name\":\"Vivencias de un Artillero\"}]},{\"@type\":\"WebSite\",\"@id\":\"http:\/\/laperlaaustral.com.ar\/guerra-malvinas\/#website\",\"url\":\"http:\/\/laperlaaustral.com.ar\/guerra-malvinas\/\",\"name\":\"La Perla Austral\",\"description\":\"Guerra de Malvinas 1982\",\"potentialAction\":[{\"@type\":\"SearchAction\",\"target\":{\"@type\":\"EntryPoint\",\"urlTemplate\":\"http:\/\/laperlaaustral.com.ar\/guerra-malvinas\/?s={search_term_string}\"},\"query-input\":{\"@type\":\"PropertyValueSpecification\",\"valueRequired\":true,\"valueName\":\"search_term_string\"}}],\"inLanguage\":\"es\"},{\"@type\":\"Person\",\"@id\":\"http:\/\/laperlaaustral.com.ar\/guerra-malvinas\/#\/schema\/person\/cccf8f0904f83654d5f2d5380e4eb4b9\",\"name\":\"GomRam\",\"image\":{\"@type\":\"ImageObject\",\"inLanguage\":\"es\",\"@id\":\"http:\/\/laperlaaustral.com.ar\/guerra-malvinas\/#\/schema\/person\/image\/\",\"url\":\"https:\/\/secure.gravatar.com\/avatar\/a0f191abb2983305e8a2e850573cb20a?s=96&d=mm&r=g\",\"contentUrl\":\"https:\/\/secure.gravatar.com\/avatar\/a0f191abb2983305e8a2e850573cb20a?s=96&d=mm&r=g\",\"caption\":\"GomRam\"},\"url\":\"https:\/\/laperlaaustral.com.ar\/guerra-malvinas\/author\/ac000164\/\"}]}<\/script>\n<!-- \/ Yoast SEO plugin. -->","yoast_head_json":{"title":"Vivencias de un Artillero - La Perla Austral","description":"Vivencias de un Artillero - Guerra de Malvinas, actuacion de las fuerzas armadas argentinas en el conflicto del atlantico sur, sus protagonistas,","robots":{"index":"index","follow":"follow","max-snippet":"max-snippet:-1","max-image-preview":"max-image-preview:large","max-video-preview":"max-video-preview:-1"},"canonical":"http:\/\/laperlaaustral.com.ar\/guerra-malvinas\/vivencias-de-un-artillero\/","og_locale":"es_ES","og_type":"article","og_title":"Vivencias de un Artillero - La Perla Austral","og_description":"Vivencias de un Artillero - Guerra de Malvinas, actuacion de las fuerzas armadas argentinas en el conflicto del atlantico sur, sus protagonistas,","og_url":"http:\/\/laperlaaustral.com.ar\/guerra-malvinas\/vivencias-de-un-artillero\/","og_site_name":"La Perla Austral","article_publisher":"https:\/\/www.facebook.com\/La-Perla-Austra-487959322032195","article_published_time":"2019-07-12T08:12:33+00:00","article_modified_time":"2020-01-14T18:11:27+00:00","og_image":[{"width":1463,"height":697,"url":"http:\/\/laperlaaustral.com.ar\/guerra-malvinas\/wp-content\/uploads\/2019\/07\/aaa-rheinmetall2a.jpg","type":"image\/jpeg"}],"author":"GomRam","twitter_card":"summary_large_image","twitter_misc":{"Escrito por":"GomRam","Tiempo de lectura":"7 minutos"},"schema":{"@context":"https:\/\/schema.org","@graph":[{"@type":"WebPage","@id":"http:\/\/laperlaaustral.com.ar\/guerra-malvinas\/vivencias-de-un-artillero\/","url":"http:\/\/laperlaaustral.com.ar\/guerra-malvinas\/vivencias-de-un-artillero\/","name":"Vivencias de un Artillero - La Perla Austral","isPartOf":{"@id":"http:\/\/laperlaaustral.com.ar\/guerra-malvinas\/#website"},"primaryImageOfPage":{"@id":"http:\/\/laperlaaustral.com.ar\/guerra-malvinas\/vivencias-de-un-artillero\/#primaryimage"},"image":{"@id":"http:\/\/laperlaaustral.com.ar\/guerra-malvinas\/vivencias-de-un-artillero\/#primaryimage"},"thumbnailUrl":"https:\/\/laperlaaustral.com.ar\/guerra-malvinas\/wp-content\/uploads\/2019\/07\/aaa-rheinmetall2a.jpg","datePublished":"2019-07-12T08:12:33+00:00","dateModified":"2020-01-14T18:11:27+00:00","author":{"@id":"http:\/\/laperlaaustral.com.ar\/guerra-malvinas\/#\/schema\/person\/cccf8f0904f83654d5f2d5380e4eb4b9"},"description":"Vivencias de un Artillero - Guerra de Malvinas, actuacion de las fuerzas armadas argentinas en el conflicto del atlantico sur, sus protagonistas,","breadcrumb":{"@id":"http:\/\/laperlaaustral.com.ar\/guerra-malvinas\/vivencias-de-un-artillero\/#breadcrumb"},"inLanguage":"es","potentialAction":[{"@type":"ReadAction","target":["http:\/\/laperlaaustral.com.ar\/guerra-malvinas\/vivencias-de-un-artillero\/"]}]},{"@type":"ImageObject","inLanguage":"es","@id":"http:\/\/laperlaaustral.com.ar\/guerra-malvinas\/vivencias-de-un-artillero\/#primaryimage","url":"https:\/\/laperlaaustral.com.ar\/guerra-malvinas\/wp-content\/uploads\/2019\/07\/aaa-rheinmetall2a.jpg","contentUrl":"https:\/\/laperlaaustral.com.ar\/guerra-malvinas\/wp-content\/uploads\/2019\/07\/aaa-rheinmetall2a.jpg","width":1463,"height":697},{"@type":"BreadcrumbList","@id":"http:\/\/laperlaaustral.com.ar\/guerra-malvinas\/vivencias-de-un-artillero\/#breadcrumb","itemListElement":[{"@type":"ListItem","position":1,"name":"Portada","item":"https:\/\/laperlaaustral.com.ar\/guerra-malvinas\/"},{"@type":"ListItem","position":2,"name":"Vivencias de un Artillero"}]},{"@type":"WebSite","@id":"http:\/\/laperlaaustral.com.ar\/guerra-malvinas\/#website","url":"http:\/\/laperlaaustral.com.ar\/guerra-malvinas\/","name":"La Perla Austral","description":"Guerra de Malvinas 1982","potentialAction":[{"@type":"SearchAction","target":{"@type":"EntryPoint","urlTemplate":"http:\/\/laperlaaustral.com.ar\/guerra-malvinas\/?s={search_term_string}"},"query-input":{"@type":"PropertyValueSpecification","valueRequired":true,"valueName":"search_term_string"}}],"inLanguage":"es"},{"@type":"Person","@id":"http:\/\/laperlaaustral.com.ar\/guerra-malvinas\/#\/schema\/person\/cccf8f0904f83654d5f2d5380e4eb4b9","name":"GomRam","image":{"@type":"ImageObject","inLanguage":"es","@id":"http:\/\/laperlaaustral.com.ar\/guerra-malvinas\/#\/schema\/person\/image\/","url":"https:\/\/secure.gravatar.com\/avatar\/a0f191abb2983305e8a2e850573cb20a?s=96&d=mm&r=g","contentUrl":"https:\/\/secure.gravatar.com\/avatar\/a0f191abb2983305e8a2e850573cb20a?s=96&d=mm&r=g","caption":"GomRam"},"url":"https:\/\/laperlaaustral.com.ar\/guerra-malvinas\/author\/ac000164\/"}]}},"_links":{"self":[{"href":"https:\/\/laperlaaustral.com.ar\/guerra-malvinas\/wp-json\/wp\/v2\/posts\/1367"}],"collection":[{"href":"https:\/\/laperlaaustral.com.ar\/guerra-malvinas\/wp-json\/wp\/v2\/posts"}],"about":[{"href":"https:\/\/laperlaaustral.com.ar\/guerra-malvinas\/wp-json\/wp\/v2\/types\/post"}],"author":[{"embeddable":true,"href":"https:\/\/laperlaaustral.com.ar\/guerra-malvinas\/wp-json\/wp\/v2\/users\/2"}],"replies":[{"embeddable":true,"href":"https:\/\/laperlaaustral.com.ar\/guerra-malvinas\/wp-json\/wp\/v2\/comments?post=1367"}],"version-history":[{"count":3,"href":"https:\/\/laperlaaustral.com.ar\/guerra-malvinas\/wp-json\/wp\/v2\/posts\/1367\/revisions"}],"predecessor-version":[{"id":3600,"href":"https:\/\/laperlaaustral.com.ar\/guerra-malvinas\/wp-json\/wp\/v2\/posts\/1367\/revisions\/3600"}],"wp:featuredmedia":[{"embeddable":true,"href":"https:\/\/laperlaaustral.com.ar\/guerra-malvinas\/wp-json\/wp\/v2\/media\/1910"}],"wp:attachment":[{"href":"https:\/\/laperlaaustral.com.ar\/guerra-malvinas\/wp-json\/wp\/v2\/media?parent=1367"}],"wp:term":[{"taxonomy":"category","embeddable":true,"href":"https:\/\/laperlaaustral.com.ar\/guerra-malvinas\/wp-json\/wp\/v2\/categories?post=1367"},{"taxonomy":"post_tag","embeddable":true,"href":"https:\/\/laperlaaustral.com.ar\/guerra-malvinas\/wp-json\/wp\/v2\/tags?post=1367"}],"curies":[{"name":"wp","href":"https:\/\/api.w.org\/{rel}","templated":true}]}}