{"id":135,"date":"2019-06-23T10:43:42","date_gmt":"2019-06-23T10:43:42","guid":{"rendered":"https:\/\/laperlaaustral.com.ar\/guerra-malvinas\/?p=135"},"modified":"2019-06-30T15:25:00","modified_gmt":"2019-06-30T15:25:00","slug":"el-recuerdo-de-jose-eduardo-navarro","status":"publish","type":"post","link":"https:\/\/laperlaaustral.com.ar\/guerra-malvinas\/el-recuerdo-de-jose-eduardo-navarro\/","title":{"rendered":"El recuerdo de Jose Eduardo Navarro"},"content":{"rendered":"\n<h4 class=\"wp-block-heading\">\n  Guerra de Malvinas Regimiento de Infanteria 12\n\n<\/h4>\n\n\n\n<p><br> Clar\u00edn ,Martes 1 de abril de 2003 A\u00f1o VII N\u00b0 2556 , Buenos Aires, Argentina<br> <strong>INFORME ESPECIAL: EL RECUERDO DE JOSE EDUARDO NAVARRO<\/strong><br> Malvinas: historia de un ca\u00f1\u00f3n rescatado del mar <\/p>\n\n\n\n<p> Fue  cerca de Darwin. Los ingleses hundieron un guardacostas que   llevaba dos  ca\u00f1ones. Pero dos oficiales volvieron para rescatar las   piezas de uno,  lo rearmaron y lo usaron en el final de la guerra.<\/p>\n\n\n\n<h6 class=\"wp-block-heading\"> Alberto Amato. DE LA REDACION DE CLARIN.   <\/h6>\n\n\n\n<p>No  conoc\u00eda el mar. Y a\u00fan hoy, veinti\u00fan a\u00f1os despu\u00e9s, cuando recuerda la   zambullida en las aguas heladas que rodean las islas, la memoria no le   acerca el cuchillo glacial de las aguas, ni siquiera el otro filo, el   del miedo, sino el olor inh\u00f3spito del yodo y el sabor urgente de la  sal. <\/p>\n\n\n\n<p>A  las ocho y media de la ma\u00f1ana del 20 de mayo de 1982, en plena guerra,  el flamante subteniente Jos\u00e9 Eduardo Navarro, un correntino de 21 a\u00f1os  nacido en Monte Caseros, egresado del Colegio Militar apenas cinco meses  antes de la guerra, que no imaginaba una inmensidad tal de agua que no  fuese dulce, braceaba por su vida para alcanzar la franja de tierra  gomosa de un islote cercano a Darwin. <\/p>\n\n\n\n<p>Viajaba en el guardacostas \u00abR\u00edo  Iguaz\u00fa\u00bb de la Prefectura Naval, que hab\u00eda sido herido de muerte por dos  aviones Harrier ingleses.<\/p>\n\n\n\n<p> -Nos hab\u00edan ordenado llevar dos ca\u00f1ones  Otto Melara a Darwin para dar apoyo a la fuerza de tareas que integraban  el Regimiento de Infanter\u00eda 12 y la Compa\u00f1\u00eda C del Regimiento 25.  <\/p>\n\n\n\n<p>Cuando fuimos a cargar los dos ca\u00f1ones en el guardacostas &#8216;R\u00edo Iguaz\u00fa&#8217;  nos dimos cuenta de que no entraban. Junto a dos suboficiales y a los  soldados de mi bater\u00eda de tiro, tuvimos que desarmarlos y cargarlos por  piezas en el buque. La partida, prevista para las doce de la noche, se  demor\u00f3 cuatro horas. <\/p>\n\n\n\n<p>La\n demora fue fatal. El hoy teniente coronel Navarro, que entonces era \noficial del Grupo de Artiller\u00eda de Aerotransportado 4, recuerda que el \ncapit\u00e1n del guardacostas le anticip\u00f3 la pesadilla con la fidelidad de un\n or\u00e1culo: demorar\u00edan ocho horas, navegar\u00edan buena parte del viaje de \nd\u00eda; los ingleses disparaban contra todo lo que se mov\u00eda de d\u00eda.<\/p>\n\n\n\n<p>-A  las nueve de la ma\u00f1ana son\u00f3 la alarma de ataque a\u00e9reo en el barco y  diez minutos despu\u00e9s hubo una explosi\u00f3n tremenda, se apagaron las luces y  el puente de mando se llen\u00f3 de humo. Dieron la orden de abandonar el  barco y yo camin\u00e9 hacia la proa, mir\u00e9 a mi alrededor y vi que la mayor  parte de los hombres nadaban hacia la costa, que estar\u00eda a unos treinta  metros. <\/p>\n\n\n\n<p>Lo otro que vi fue que uno de los Harrier volv\u00eda para hacer una  segunda pasada y para ametrallar el buque a lo ancho: me tir\u00e9 al agua  con el resto de mis hombres y llegamos a tierra firme, que no era tan  firme, era un islote de no m\u00e1s de tres mil metros de di\u00e1metro.<\/p>\n\n\n\n<p>El\n \u00abR\u00edo Iguaz\u00fa\u00bb no hab\u00eda muerto sin pelear. Sus artilleros dispararon \ncontra los Harrier. Uno de ellos muri\u00f3 al pie de su ametralladora y un \nmaquinista apart\u00f3 el cad\u00e1ver de su camarada, empu\u00f1\u00f3 el arma y derrib\u00f3 a \nuno de los dos aviones ingleses. En tierra, Navarro y sus hombres \nempezaban a creer en milagros.<\/p>\n\n\n\n<p>-A  mis soldados no les hab\u00eda pasado nada. Pero ten\u00edamos dos heridos graves  de Prefectura. Uno de mis hombres, el soldado Roberto Gonz\u00e1lez, se me  acerc\u00f3 para decirme que le dol\u00eda la garganta. <\/p>\n\n\n\n<p>Le miro el cuello y veo  que ten\u00eda un agujero del que sal\u00eda sangre. Intent\u00e9 abrirle la campera  pero no pude: una esquirla de cuatro cent\u00edmetros hab\u00eda quedado frenada  por el cierre met\u00e1lico y apenas lo hab\u00eda lastimado: unos cent\u00edmetros  m\u00e1s&#8230; Cuando cont\u00e9 a mis hombres not\u00e9 que faltaba uno. <\/p>\n\n\n\n<p>Era el soldado  Rodolfo Sul\u00edn: se hab\u00eda tirado otra vez al agua, nad\u00f3 hasta el buque,  lanz\u00f3 desde la parte superior dos balsas salvavidas, las carg\u00f3 con  alimentos, ropa seca y remedios y volvi\u00f3 al islote. Eso hizo que nuestra  gente no muriera de fr\u00edo.<\/p>\n\n\n\n<p>Un  helic\u00f3ptero los rescat\u00f3 a las cinco de la tarde y los llev\u00f3 a Darwin.  Pero al d\u00eda siguiente Navarro volvi\u00f3 al \u00abR\u00edo Iguaz\u00fa\u00bb. No iba solo. <\/p>\n\n\n\n<p>Lo  acompa\u00f1\u00f3 su camarada, el subteniente Juan Jos\u00e9 G\u00f3mez Centuri\u00f3n. Se  hab\u00edan propuesto un imposible: rescatar al menos uno de los ca\u00f1ones  desarmados, llevarlo a Darwin, armarlo&#8230; y que funcionara. Hab\u00eda una  dificultad y una ventaja: las piezas de artiller\u00eda estaban semihundidas  en la bodega del \u00abR\u00edo Iguaz\u00fa\u00bb. Pero G\u00f3mez Centuri\u00f3n era buzo.<\/p>\n\n\n\n<p>Nos\n pasamos todo el d\u00eda en el agua. G\u00f3mez Centuri\u00f3n se sumerg\u00eda y me \nalcanzaba las piezas que encontraba y que carg\u00e1bamos en un bote. Cuando \nterminamos dijimos: &#8216;Que Dios nos ayude&#8217; Un helic\u00f3ptero nos recogi\u00f3 y \nnos llev\u00f3 a Darwin. Cuando descubrimos que ten\u00edamos un Otto Melara \ncompleto no lo pod\u00edamos creer.<\/p>\n\n\n\n<p>Cuando  el ataque ingl\u00e9s a Darwin y a Pradera del Ganso, el ca\u00f1\u00f3n rescatado del  mar y hasta las coheteras de los inutilizados aviones Pucar\u00e1 que fueron  montadas en un tractor requisado, se usaron para re trasar el avance  brit\u00e1nico, hasta la rendici\u00f3n del 29 de mayo. Navarro fue prisionero y  en un buque ingl\u00e9s se enter\u00f3 de la rendici\u00f3n de Puerto Argentino, el 14  de junio. <\/p>\n\n\n\n<p>Fue devuelto a las islas, tambi\u00e9n prisionero, con un grupo de  camaradas que se llam\u00f3 a s\u00ed mismo \u00abLos doce del pat\u00edbulo\u00bb. Pero esa es  otra historia. <\/p>\n\n\n\n<h6 class=\"wp-block-heading\">Alberto Amato. DE LA REDACION DE CLARIN.<\/h6>\n\n\n\n<p><img loading=\"lazy\" decoding=\"async\" width=\"150\" height=\"31\" class=\"wp-image-81\" style=\"width: 150px;\" src=\"https:\/\/laperlaaustral.com.ar\/guerra-malvinas\/wp-content\/uploads\/2019\/06\/lg_Clarin.gif\" alt=\"\"><\/p>\n","protected":false},"excerpt":{"rendered":"<p>Guerra de Malvinas Regimiento de Infanteria 12 Clar\u00edn ,Martes 1 de abril de 2003 A\u00f1o VII N\u00b0 2556 , Buenos Aires, Argentina INFORME ESPECIAL: EL RECUERDO DE JOSE EDUARDO NAVARRO Malvinas: historia de un ca\u00f1\u00f3n rescatado del mar Fue cerca de Darwin. Los ingleses hundieron un guardacostas que llevaba dos ca\u00f1ones. Pero dos oficiales volvieron&hellip; <br \/> <a class=\"read-more\" href=\"https:\/\/laperlaaustral.com.ar\/guerra-malvinas\/el-recuerdo-de-jose-eduardo-navarro\/\">Leer m\u00e1s<\/a><\/p>\n","protected":false},"author":2,"featured_media":229,"comment_status":"open","ping_status":"open","sticky":false,"template":"","format":"standard","meta":{"_monsterinsights_skip_tracking":false,"_monsterinsights_sitenote_active":false,"_monsterinsights_sitenote_note":"","_monsterinsights_sitenote_category":0,"footnotes":""},"categories":[18],"tags":[38,37,32,34,35,36],"yoast_head":"<!-- This site is optimized with the Yoast SEO plugin v23.4 - https:\/\/yoast.com\/wordpress\/plugins\/seo\/ -->\n<title>El recuerdo de Jose Eduardo Navarro - La Perla Austral<\/title>\n<meta name=\"description\" content=\"Fue cerca de Darwin. Los ingleses hundieron un guardacostas que llevaba dos ca\u00f1ones. Pero dos oficiales volvieron para rescatar las piezas de uno, lo rearmaron y lo usaron en el final de la guerra.\" \/>\n<meta name=\"robots\" content=\"index, follow, max-snippet:-1, max-image-preview:large, max-video-preview:-1\" \/>\n<link rel=\"canonical\" href=\"http:\/\/laperlaaustral.com.ar\/guerra-malvinas\/el-recuerdo-de-jose-eduardo-navarro\/\" \/>\n<meta property=\"og:locale\" content=\"es_ES\" \/>\n<meta property=\"og:type\" content=\"article\" \/>\n<meta property=\"og:title\" content=\"El recuerdo de Jose Eduardo Navarro - La Perla Austral\" \/>\n<meta property=\"og:description\" content=\"Fue cerca de Darwin. Los ingleses hundieron un guardacostas que llevaba dos ca\u00f1ones. Pero dos oficiales volvieron para rescatar las piezas de uno, lo rearmaron y lo usaron en el final de la guerra.\" \/>\n<meta property=\"og:url\" content=\"http:\/\/laperlaaustral.com.ar\/guerra-malvinas\/el-recuerdo-de-jose-eduardo-navarro\/\" \/>\n<meta property=\"og:site_name\" content=\"La Perla Austral\" \/>\n<meta property=\"article:publisher\" content=\"https:\/\/www.facebook.com\/La-Perla-Austra-487959322032195\" \/>\n<meta property=\"article:published_time\" content=\"2019-06-23T10:43:42+00:00\" \/>\n<meta property=\"article:modified_time\" content=\"2019-06-30T15:25:00+00:00\" \/>\n<meta property=\"og:image\" content=\"http:\/\/laperlaaustral.com.ar\/guerra-malvinas\/wp-content\/uploads\/2019\/06\/RI12-Jose-Eduardo-Navarro.jpg\" \/>\n\t<meta property=\"og:image:width\" content=\"800\" \/>\n\t<meta property=\"og:image:height\" content=\"567\" \/>\n\t<meta property=\"og:image:type\" content=\"image\/jpeg\" \/>\n<meta name=\"author\" content=\"GomRam\" \/>\n<meta name=\"twitter:card\" content=\"summary_large_image\" \/>\n<meta name=\"twitter:label1\" content=\"Escrito por\" \/>\n\t<meta name=\"twitter:data1\" content=\"GomRam\" \/>\n\t<meta name=\"twitter:label2\" content=\"Tiempo de lectura\" \/>\n\t<meta name=\"twitter:data2\" content=\"5 minutos\" \/>\n<script type=\"application\/ld+json\" class=\"yoast-schema-graph\">{\"@context\":\"https:\/\/schema.org\",\"@graph\":[{\"@type\":\"WebPage\",\"@id\":\"http:\/\/laperlaaustral.com.ar\/guerra-malvinas\/el-recuerdo-de-jose-eduardo-navarro\/\",\"url\":\"http:\/\/laperlaaustral.com.ar\/guerra-malvinas\/el-recuerdo-de-jose-eduardo-navarro\/\",\"name\":\"El recuerdo de Jose Eduardo Navarro - La Perla Austral\",\"isPartOf\":{\"@id\":\"http:\/\/laperlaaustral.com.ar\/guerra-malvinas\/#website\"},\"primaryImageOfPage\":{\"@id\":\"http:\/\/laperlaaustral.com.ar\/guerra-malvinas\/el-recuerdo-de-jose-eduardo-navarro\/#primaryimage\"},\"image\":{\"@id\":\"http:\/\/laperlaaustral.com.ar\/guerra-malvinas\/el-recuerdo-de-jose-eduardo-navarro\/#primaryimage\"},\"thumbnailUrl\":\"https:\/\/laperlaaustral.com.ar\/guerra-malvinas\/wp-content\/uploads\/2019\/06\/RI12-Jose-Eduardo-Navarro.jpg\",\"datePublished\":\"2019-06-23T10:43:42+00:00\",\"dateModified\":\"2019-06-30T15:25:00+00:00\",\"author\":{\"@id\":\"http:\/\/laperlaaustral.com.ar\/guerra-malvinas\/#\/schema\/person\/cccf8f0904f83654d5f2d5380e4eb4b9\"},\"description\":\"Fue cerca de Darwin. Los ingleses hundieron un guardacostas que llevaba dos ca\u00f1ones. Pero dos oficiales volvieron para rescatar las piezas de uno, lo rearmaron y lo usaron en el final de la guerra.\",\"breadcrumb\":{\"@id\":\"http:\/\/laperlaaustral.com.ar\/guerra-malvinas\/el-recuerdo-de-jose-eduardo-navarro\/#breadcrumb\"},\"inLanguage\":\"es\",\"potentialAction\":[{\"@type\":\"ReadAction\",\"target\":[\"http:\/\/laperlaaustral.com.ar\/guerra-malvinas\/el-recuerdo-de-jose-eduardo-navarro\/\"]}]},{\"@type\":\"ImageObject\",\"inLanguage\":\"es\",\"@id\":\"http:\/\/laperlaaustral.com.ar\/guerra-malvinas\/el-recuerdo-de-jose-eduardo-navarro\/#primaryimage\",\"url\":\"https:\/\/laperlaaustral.com.ar\/guerra-malvinas\/wp-content\/uploads\/2019\/06\/RI12-Jose-Eduardo-Navarro.jpg\",\"contentUrl\":\"https:\/\/laperlaaustral.com.ar\/guerra-malvinas\/wp-content\/uploads\/2019\/06\/RI12-Jose-Eduardo-Navarro.jpg\",\"width\":800,\"height\":567,\"caption\":\"Regimiento de infanteria 12 en la guerra de Malvinas\"},{\"@type\":\"BreadcrumbList\",\"@id\":\"http:\/\/laperlaaustral.com.ar\/guerra-malvinas\/el-recuerdo-de-jose-eduardo-navarro\/#breadcrumb\",\"itemListElement\":[{\"@type\":\"ListItem\",\"position\":1,\"name\":\"Portada\",\"item\":\"https:\/\/laperlaaustral.com.ar\/guerra-malvinas\/\"},{\"@type\":\"ListItem\",\"position\":2,\"name\":\"El recuerdo de Jose Eduardo Navarro\"}]},{\"@type\":\"WebSite\",\"@id\":\"http:\/\/laperlaaustral.com.ar\/guerra-malvinas\/#website\",\"url\":\"http:\/\/laperlaaustral.com.ar\/guerra-malvinas\/\",\"name\":\"La Perla Austral\",\"description\":\"Guerra de Malvinas 1982\",\"potentialAction\":[{\"@type\":\"SearchAction\",\"target\":{\"@type\":\"EntryPoint\",\"urlTemplate\":\"http:\/\/laperlaaustral.com.ar\/guerra-malvinas\/?s={search_term_string}\"},\"query-input\":{\"@type\":\"PropertyValueSpecification\",\"valueRequired\":true,\"valueName\":\"search_term_string\"}}],\"inLanguage\":\"es\"},{\"@type\":\"Person\",\"@id\":\"http:\/\/laperlaaustral.com.ar\/guerra-malvinas\/#\/schema\/person\/cccf8f0904f83654d5f2d5380e4eb4b9\",\"name\":\"GomRam\",\"image\":{\"@type\":\"ImageObject\",\"inLanguage\":\"es\",\"@id\":\"http:\/\/laperlaaustral.com.ar\/guerra-malvinas\/#\/schema\/person\/image\/\",\"url\":\"https:\/\/secure.gravatar.com\/avatar\/a0f191abb2983305e8a2e850573cb20a?s=96&d=mm&r=g\",\"contentUrl\":\"https:\/\/secure.gravatar.com\/avatar\/a0f191abb2983305e8a2e850573cb20a?s=96&d=mm&r=g\",\"caption\":\"GomRam\"},\"url\":\"https:\/\/laperlaaustral.com.ar\/guerra-malvinas\/author\/ac000164\/\"}]}<\/script>\n<!-- \/ Yoast SEO plugin. -->","yoast_head_json":{"title":"El recuerdo de Jose Eduardo Navarro - La Perla Austral","description":"Fue cerca de Darwin. Los ingleses hundieron un guardacostas que llevaba dos ca\u00f1ones. Pero dos oficiales volvieron para rescatar las piezas de uno, lo rearmaron y lo usaron en el final de la guerra.","robots":{"index":"index","follow":"follow","max-snippet":"max-snippet:-1","max-image-preview":"max-image-preview:large","max-video-preview":"max-video-preview:-1"},"canonical":"http:\/\/laperlaaustral.com.ar\/guerra-malvinas\/el-recuerdo-de-jose-eduardo-navarro\/","og_locale":"es_ES","og_type":"article","og_title":"El recuerdo de Jose Eduardo Navarro - La Perla Austral","og_description":"Fue cerca de Darwin. Los ingleses hundieron un guardacostas que llevaba dos ca\u00f1ones. Pero dos oficiales volvieron para rescatar las piezas de uno, lo rearmaron y lo usaron en el final de la guerra.","og_url":"http:\/\/laperlaaustral.com.ar\/guerra-malvinas\/el-recuerdo-de-jose-eduardo-navarro\/","og_site_name":"La Perla Austral","article_publisher":"https:\/\/www.facebook.com\/La-Perla-Austra-487959322032195","article_published_time":"2019-06-23T10:43:42+00:00","article_modified_time":"2019-06-30T15:25:00+00:00","og_image":[{"width":800,"height":567,"url":"http:\/\/laperlaaustral.com.ar\/guerra-malvinas\/wp-content\/uploads\/2019\/06\/RI12-Jose-Eduardo-Navarro.jpg","type":"image\/jpeg"}],"author":"GomRam","twitter_card":"summary_large_image","twitter_misc":{"Escrito por":"GomRam","Tiempo de lectura":"5 minutos"},"schema":{"@context":"https:\/\/schema.org","@graph":[{"@type":"WebPage","@id":"http:\/\/laperlaaustral.com.ar\/guerra-malvinas\/el-recuerdo-de-jose-eduardo-navarro\/","url":"http:\/\/laperlaaustral.com.ar\/guerra-malvinas\/el-recuerdo-de-jose-eduardo-navarro\/","name":"El recuerdo de Jose Eduardo Navarro - La Perla Austral","isPartOf":{"@id":"http:\/\/laperlaaustral.com.ar\/guerra-malvinas\/#website"},"primaryImageOfPage":{"@id":"http:\/\/laperlaaustral.com.ar\/guerra-malvinas\/el-recuerdo-de-jose-eduardo-navarro\/#primaryimage"},"image":{"@id":"http:\/\/laperlaaustral.com.ar\/guerra-malvinas\/el-recuerdo-de-jose-eduardo-navarro\/#primaryimage"},"thumbnailUrl":"https:\/\/laperlaaustral.com.ar\/guerra-malvinas\/wp-content\/uploads\/2019\/06\/RI12-Jose-Eduardo-Navarro.jpg","datePublished":"2019-06-23T10:43:42+00:00","dateModified":"2019-06-30T15:25:00+00:00","author":{"@id":"http:\/\/laperlaaustral.com.ar\/guerra-malvinas\/#\/schema\/person\/cccf8f0904f83654d5f2d5380e4eb4b9"},"description":"Fue cerca de Darwin. Los ingleses hundieron un guardacostas que llevaba dos ca\u00f1ones. Pero dos oficiales volvieron para rescatar las piezas de uno, lo rearmaron y lo usaron en el final de la guerra.","breadcrumb":{"@id":"http:\/\/laperlaaustral.com.ar\/guerra-malvinas\/el-recuerdo-de-jose-eduardo-navarro\/#breadcrumb"},"inLanguage":"es","potentialAction":[{"@type":"ReadAction","target":["http:\/\/laperlaaustral.com.ar\/guerra-malvinas\/el-recuerdo-de-jose-eduardo-navarro\/"]}]},{"@type":"ImageObject","inLanguage":"es","@id":"http:\/\/laperlaaustral.com.ar\/guerra-malvinas\/el-recuerdo-de-jose-eduardo-navarro\/#primaryimage","url":"https:\/\/laperlaaustral.com.ar\/guerra-malvinas\/wp-content\/uploads\/2019\/06\/RI12-Jose-Eduardo-Navarro.jpg","contentUrl":"https:\/\/laperlaaustral.com.ar\/guerra-malvinas\/wp-content\/uploads\/2019\/06\/RI12-Jose-Eduardo-Navarro.jpg","width":800,"height":567,"caption":"Regimiento de infanteria 12 en la guerra de Malvinas"},{"@type":"BreadcrumbList","@id":"http:\/\/laperlaaustral.com.ar\/guerra-malvinas\/el-recuerdo-de-jose-eduardo-navarro\/#breadcrumb","itemListElement":[{"@type":"ListItem","position":1,"name":"Portada","item":"https:\/\/laperlaaustral.com.ar\/guerra-malvinas\/"},{"@type":"ListItem","position":2,"name":"El recuerdo de Jose Eduardo Navarro"}]},{"@type":"WebSite","@id":"http:\/\/laperlaaustral.com.ar\/guerra-malvinas\/#website","url":"http:\/\/laperlaaustral.com.ar\/guerra-malvinas\/","name":"La Perla Austral","description":"Guerra de Malvinas 1982","potentialAction":[{"@type":"SearchAction","target":{"@type":"EntryPoint","urlTemplate":"http:\/\/laperlaaustral.com.ar\/guerra-malvinas\/?s={search_term_string}"},"query-input":{"@type":"PropertyValueSpecification","valueRequired":true,"valueName":"search_term_string"}}],"inLanguage":"es"},{"@type":"Person","@id":"http:\/\/laperlaaustral.com.ar\/guerra-malvinas\/#\/schema\/person\/cccf8f0904f83654d5f2d5380e4eb4b9","name":"GomRam","image":{"@type":"ImageObject","inLanguage":"es","@id":"http:\/\/laperlaaustral.com.ar\/guerra-malvinas\/#\/schema\/person\/image\/","url":"https:\/\/secure.gravatar.com\/avatar\/a0f191abb2983305e8a2e850573cb20a?s=96&d=mm&r=g","contentUrl":"https:\/\/secure.gravatar.com\/avatar\/a0f191abb2983305e8a2e850573cb20a?s=96&d=mm&r=g","caption":"GomRam"},"url":"https:\/\/laperlaaustral.com.ar\/guerra-malvinas\/author\/ac000164\/"}]}},"_links":{"self":[{"href":"https:\/\/laperlaaustral.com.ar\/guerra-malvinas\/wp-json\/wp\/v2\/posts\/135"}],"collection":[{"href":"https:\/\/laperlaaustral.com.ar\/guerra-malvinas\/wp-json\/wp\/v2\/posts"}],"about":[{"href":"https:\/\/laperlaaustral.com.ar\/guerra-malvinas\/wp-json\/wp\/v2\/types\/post"}],"author":[{"embeddable":true,"href":"https:\/\/laperlaaustral.com.ar\/guerra-malvinas\/wp-json\/wp\/v2\/users\/2"}],"replies":[{"embeddable":true,"href":"https:\/\/laperlaaustral.com.ar\/guerra-malvinas\/wp-json\/wp\/v2\/comments?post=135"}],"version-history":[{"count":5,"href":"https:\/\/laperlaaustral.com.ar\/guerra-malvinas\/wp-json\/wp\/v2\/posts\/135\/revisions"}],"predecessor-version":[{"id":1095,"href":"https:\/\/laperlaaustral.com.ar\/guerra-malvinas\/wp-json\/wp\/v2\/posts\/135\/revisions\/1095"}],"wp:featuredmedia":[{"embeddable":true,"href":"https:\/\/laperlaaustral.com.ar\/guerra-malvinas\/wp-json\/wp\/v2\/media\/229"}],"wp:attachment":[{"href":"https:\/\/laperlaaustral.com.ar\/guerra-malvinas\/wp-json\/wp\/v2\/media?parent=135"}],"wp:term":[{"taxonomy":"category","embeddable":true,"href":"https:\/\/laperlaaustral.com.ar\/guerra-malvinas\/wp-json\/wp\/v2\/categories?post=135"},{"taxonomy":"post_tag","embeddable":true,"href":"https:\/\/laperlaaustral.com.ar\/guerra-malvinas\/wp-json\/wp\/v2\/tags?post=135"}],"curies":[{"name":"wp","href":"https:\/\/api.w.org\/{rel}","templated":true}]}}