{"id":1297,"date":"2019-07-12T06:57:25","date_gmt":"2019-07-12T06:57:25","guid":{"rendered":"https:\/\/laperlaaustral.com.ar\/guerra-malvinas\/?p=1297"},"modified":"2019-08-05T06:20:27","modified_gmt":"2019-08-05T06:20:27","slug":"apendices","status":"publish","type":"post","link":"https:\/\/laperlaaustral.com.ar\/guerra-malvinas\/apendices\/","title":{"rendered":"Apendices"},"content":{"rendered":"\n<p>Apendices de la Obra <\/p>\n\n\n\n<ol><li>Esquema de movimientos del RI 12 al TOAS<\/li><li>Dispositivo de la C-RI25 en D-GG &#8211; Abr 82<\/li><li>Ubicaci\u00f2n operacional de la FT M en D-GG &#8211; Isla SOLEDAD<\/li><li>Situaci\u00f2n de la FT M el 02 May 82<\/li><li><mark class=\"annotation-text annotation-text-yoast\" id=\"annotation-text-6aff5d05-59e7-4bdd-acec-d8b3fe3eeb63\"><\/mark>Concepto operaci\u00f2n EC G en San Carlos &#8211; 17 May 82<\/li><li>Situaci\u00f2n enemiga &#8211; en desembarco &#8211; 21 May 82 &#8211; 0830 hs<\/li><li> Situaci\u00f2n FT M 27 May 0800 hs<ol><li> CO FT M- Inicio contacto por el fuego<\/li><\/ol><\/li><li> Ataques iniciales a la posici\u00f2n D-GG<\/li><li> Continuaci\u00f2n ataque ingl\u00e8s 28 May 0800 hs<\/li><li> C-ataque 2da Sec &#8211; C- RI25<\/li><li> Situaci\u00f2n FT M 28 May 1730 hs<\/li><li> Situaci\u00f2n FT M 28 May 2130 hs<\/li><li> Indicadores para evaluar la resistencia argentina<\/li><li> Cdo J Ej &#8211; JSCO &#8211; Calificaci\u00f2n IFG Tcnl Piaggi &#8211; 01 Oct 82<\/li><li> Cdo J Ej &#8211; Sanci\u00f2n impuesta al Tcnl Piaggi &#8211; 11 Oct 82<\/li><li> BRE 5053 &#8211; 10 Jun 83 &#8211; Retiro obligatorio Tcnl Piaggi<\/li><li> Consejo Supremo de las FFAA &#8211; absoluci\u00f2n Tcnl Piaggi<\/li><li> Decreto PEN 332 &#8211; 23 Feb 92 &#8211; ascenso a Coronel<\/li><li> Tcnl Italo A Piaggi &#8211; Jefe RI 12 &#8211; 1982<\/li><li> Tcnl Italo A Piaggi &#8211; Jefe RI 12 &#8211; <\/li><\/ol>\n\n\n\n<figure class=\"wp-block-image\"><img loading=\"lazy\" decoding=\"async\" width=\"450\" height=\"617\" src=\"https:\/\/laperlaaustral.com.ar\/guerra-malvinas\/wp-content\/uploads\/2019\/07\/Ap-1-Esquema-de-movimientos-del-RI-12-al-TOAS.jpg\" alt=\"\" class=\"wp-image-1298\" srcset=\"https:\/\/laperlaaustral.com.ar\/guerra-malvinas\/wp-content\/uploads\/2019\/07\/Ap-1-Esquema-de-movimientos-del-RI-12-al-TOAS.jpg 450w, https:\/\/laperlaaustral.com.ar\/guerra-malvinas\/wp-content\/uploads\/2019\/07\/Ap-1-Esquema-de-movimientos-del-RI-12-al-TOAS-219x300.jpg 219w\" sizes=\"(max-width: 450px) 100vw, 450px\" \/><figcaption> Ap 1 &#8211; Esquema de movimientos del RI 12 al TOAS <\/figcaption><\/figure>\n\n\n\n<figure class=\"wp-block-image\"><img loading=\"lazy\" decoding=\"async\" width=\"450\" height=\"320\" src=\"https:\/\/laperlaaustral.com.ar\/guerra-malvinas\/wp-content\/uploads\/2019\/07\/Ap-2-Dispositivo-de-la-C-RI25-en-D-GG-Abr-82.jpg\" alt=\"\" class=\"wp-image-1299\" srcset=\"https:\/\/laperlaaustral.com.ar\/guerra-malvinas\/wp-content\/uploads\/2019\/07\/Ap-2-Dispositivo-de-la-C-RI25-en-D-GG-Abr-82.jpg 450w, https:\/\/laperlaaustral.com.ar\/guerra-malvinas\/wp-content\/uploads\/2019\/07\/Ap-2-Dispositivo-de-la-C-RI25-en-D-GG-Abr-82-300x213.jpg 300w\" sizes=\"(max-width: 450px) 100vw, 450px\" \/><figcaption> Ap 2 &#8211; Dispositivo de la C-RI25 en D-GG &#8211; Abr 82 <\/figcaption><\/figure>\n\n\n\n<figure class=\"wp-block-image\"><img loading=\"lazy\" decoding=\"async\" width=\"450\" height=\"591\" src=\"https:\/\/laperlaaustral.com.ar\/guerra-malvinas\/wp-content\/uploads\/2019\/07\/Ap-3.jpg\" alt=\"\" class=\"wp-image-1300\" srcset=\"https:\/\/laperlaaustral.com.ar\/guerra-malvinas\/wp-content\/uploads\/2019\/07\/Ap-3.jpg 450w, https:\/\/laperlaaustral.com.ar\/guerra-malvinas\/wp-content\/uploads\/2019\/07\/Ap-3-228x300.jpg 228w\" sizes=\"(max-width: 450px) 100vw, 450px\" \/><figcaption>Ap 3 &#8211; Ubicaci\u00f2n operacional de la FT M en D-GG &#8211; Isla SOLEDAD <\/figcaption><\/figure>\n\n\n\n<figure class=\"wp-block-image\"><img loading=\"lazy\" decoding=\"async\" width=\"450\" height=\"634\" src=\"https:\/\/laperlaaustral.com.ar\/guerra-malvinas\/wp-content\/uploads\/2019\/07\/Ap-4.jpg\" alt=\"\" class=\"wp-image-1301\" srcset=\"https:\/\/laperlaaustral.com.ar\/guerra-malvinas\/wp-content\/uploads\/2019\/07\/Ap-4.jpg 450w, https:\/\/laperlaaustral.com.ar\/guerra-malvinas\/wp-content\/uploads\/2019\/07\/Ap-4-213x300.jpg 213w\" sizes=\"(max-width: 450px) 100vw, 450px\" \/><figcaption>Ap 4 &#8211; Situaci\u00f2n de la FT M el 02 May 82 <\/figcaption><\/figure>\n\n\n\n<figure class=\"wp-block-image\"><img loading=\"lazy\" decoding=\"async\" width=\"450\" height=\"303\" src=\"https:\/\/laperlaaustral.com.ar\/guerra-malvinas\/wp-content\/uploads\/2019\/07\/Ap-5.jpg\" alt=\"\" class=\"wp-image-1302\" srcset=\"https:\/\/laperlaaustral.com.ar\/guerra-malvinas\/wp-content\/uploads\/2019\/07\/Ap-5.jpg 450w, https:\/\/laperlaaustral.com.ar\/guerra-malvinas\/wp-content\/uploads\/2019\/07\/Ap-5-300x202.jpg 300w\" sizes=\"(max-width: 450px) 100vw, 450px\" \/><figcaption>Ap 5 &#8211; Concepto operaci\u00f2n EC G en San Carlos &#8211; 17 May 82 <\/figcaption><\/figure>\n\n\n\n<figure class=\"wp-block-image\"><img loading=\"lazy\" decoding=\"async\" width=\"450\" height=\"306\" src=\"https:\/\/laperlaaustral.com.ar\/guerra-malvinas\/wp-content\/uploads\/2019\/07\/Ap-6.jpg\" alt=\"\" class=\"wp-image-1303\" srcset=\"https:\/\/laperlaaustral.com.ar\/guerra-malvinas\/wp-content\/uploads\/2019\/07\/Ap-6.jpg 450w, https:\/\/laperlaaustral.com.ar\/guerra-malvinas\/wp-content\/uploads\/2019\/07\/Ap-6-300x204.jpg 300w\" sizes=\"(max-width: 450px) 100vw, 450px\" \/><figcaption>Ap 6- Situaci\u00f2n enemiga &#8211; en desembarco &#8211; 21 May 82 &#8211; 0830 hs <\/figcaption><\/figure>\n\n\n\n<figure class=\"wp-block-image is-resized\"><img loading=\"lazy\" decoding=\"async\" src=\"https:\/\/laperlaaustral.com.ar\/guerra-malvinas\/wp-content\/uploads\/2019\/07\/Ap-7.jpg\" alt=\"\" class=\"wp-image-1304\" width=\"500\" height=\"329\"\/><\/figure>\n\n\n\n<figure class=\"wp-block-image\"><img loading=\"lazy\" decoding=\"async\" width=\"450\" height=\"670\" src=\"https:\/\/laperlaaustral.com.ar\/guerra-malvinas\/wp-content\/uploads\/2019\/07\/Ap-8.jpg\" alt=\"\" class=\"wp-image-1305\" srcset=\"https:\/\/laperlaaustral.com.ar\/guerra-malvinas\/wp-content\/uploads\/2019\/07\/Ap-8.jpg 450w, https:\/\/laperlaaustral.com.ar\/guerra-malvinas\/wp-content\/uploads\/2019\/07\/Ap-8-201x300.jpg 201w\" sizes=\"(max-width: 450px) 100vw, 450px\" \/><figcaption>Ap 8 &#8211; Ataques iniciales a la posici\u00f2n D-GG <\/figcaption><\/figure>\n\n\n\n<figure class=\"wp-block-image\"><img loading=\"lazy\" decoding=\"async\" width=\"450\" height=\"670\" src=\"https:\/\/laperlaaustral.com.ar\/guerra-malvinas\/wp-content\/uploads\/2019\/07\/Ap-9.jpg\" alt=\"\" class=\"wp-image-1306\" srcset=\"https:\/\/laperlaaustral.com.ar\/guerra-malvinas\/wp-content\/uploads\/2019\/07\/Ap-9.jpg 450w, https:\/\/laperlaaustral.com.ar\/guerra-malvinas\/wp-content\/uploads\/2019\/07\/Ap-9-201x300.jpg 201w\" sizes=\"(max-width: 450px) 100vw, 450px\" \/><figcaption>Ap 9 &#8211; Continuaci\u00f2n ataque ingl\u00e8s 28 May 0800 hs <\/figcaption><\/figure>\n\n\n\n<figure class=\"wp-block-image\"><img loading=\"lazy\" decoding=\"async\" width=\"450\" height=\"299\" src=\"https:\/\/laperlaaustral.com.ar\/guerra-malvinas\/wp-content\/uploads\/2019\/07\/Ap-10.jpg\" alt=\"\" class=\"wp-image-1307\" srcset=\"https:\/\/laperlaaustral.com.ar\/guerra-malvinas\/wp-content\/uploads\/2019\/07\/Ap-10.jpg 450w, https:\/\/laperlaaustral.com.ar\/guerra-malvinas\/wp-content\/uploads\/2019\/07\/Ap-10-300x199.jpg 300w\" sizes=\"(max-width: 450px) 100vw, 450px\" \/><figcaption>Ap 10 &#8211; C-ataque 2da Sec &#8211; C- RI25 <\/figcaption><\/figure>\n\n\n\n<figure class=\"wp-block-image\"><img loading=\"lazy\" decoding=\"async\" width=\"450\" height=\"676\" src=\"https:\/\/laperlaaustral.com.ar\/guerra-malvinas\/wp-content\/uploads\/2019\/07\/Ap-11.jpg\" alt=\"\" class=\"wp-image-1308\" srcset=\"https:\/\/laperlaaustral.com.ar\/guerra-malvinas\/wp-content\/uploads\/2019\/07\/Ap-11.jpg 450w, https:\/\/laperlaaustral.com.ar\/guerra-malvinas\/wp-content\/uploads\/2019\/07\/Ap-11-200x300.jpg 200w\" sizes=\"(max-width: 450px) 100vw, 450px\" \/><figcaption>Ap 11 &#8211; Situaci\u00f2n FT M 28 May 1730 hs <\/figcaption><\/figure>\n\n\n\n<figure class=\"wp-block-image\"><img loading=\"lazy\" decoding=\"async\" width=\"450\" height=\"299\" src=\"https:\/\/laperlaaustral.com.ar\/guerra-malvinas\/wp-content\/uploads\/2019\/07\/Ap-12.jpg\" alt=\"\" class=\"wp-image-1309\" srcset=\"https:\/\/laperlaaustral.com.ar\/guerra-malvinas\/wp-content\/uploads\/2019\/07\/Ap-12.jpg 450w, https:\/\/laperlaaustral.com.ar\/guerra-malvinas\/wp-content\/uploads\/2019\/07\/Ap-12-300x199.jpg 300w\" sizes=\"(max-width: 450px) 100vw, 450px\" \/><figcaption>Ap 12 &#8211; Situaci\u00f2n FT M 28 May 2130 hs <\/figcaption><\/figure>\n\n\n\n<figure class=\"wp-block-image\"><img loading=\"lazy\" decoding=\"async\" width=\"450\" height=\"312\" src=\"https:\/\/laperlaaustral.com.ar\/guerra-malvinas\/wp-content\/uploads\/2019\/07\/Ap-13.jpg\" alt=\"\" class=\"wp-image-1310\" srcset=\"https:\/\/laperlaaustral.com.ar\/guerra-malvinas\/wp-content\/uploads\/2019\/07\/Ap-13.jpg 450w, https:\/\/laperlaaustral.com.ar\/guerra-malvinas\/wp-content\/uploads\/2019\/07\/Ap-13-300x208.jpg 300w\" sizes=\"(max-width: 450px) 100vw, 450px\" \/><figcaption>Ap 13 &#8211; Indicadores para evaluar la resistencia argentina <\/figcaption><\/figure>\n\n\n\n<figure class=\"wp-block-image\"><img loading=\"lazy\" decoding=\"async\" width=\"450\" height=\"662\" src=\"https:\/\/laperlaaustral.com.ar\/guerra-malvinas\/wp-content\/uploads\/2019\/07\/Ap-14.jpg\" alt=\"\" class=\"wp-image-1311\" srcset=\"https:\/\/laperlaaustral.com.ar\/guerra-malvinas\/wp-content\/uploads\/2019\/07\/Ap-14.jpg 450w, https:\/\/laperlaaustral.com.ar\/guerra-malvinas\/wp-content\/uploads\/2019\/07\/Ap-14-204x300.jpg 204w\" sizes=\"(max-width: 450px) 100vw, 450px\" \/><figcaption>Ap 14 &#8211; Cdo J Ej &#8211; JSCO &#8211; Calificaci\u00f2n IFG Tcnl Piaggi &#8211; 01 Oct 82 <\/figcaption><\/figure>\n\n\n\n<figure class=\"wp-block-image\"><img loading=\"lazy\" decoding=\"async\" width=\"450\" height=\"671\" src=\"https:\/\/laperlaaustral.com.ar\/guerra-malvinas\/wp-content\/uploads\/2019\/07\/Ap-15.jpg\" alt=\"\" class=\"wp-image-1312\" srcset=\"https:\/\/laperlaaustral.com.ar\/guerra-malvinas\/wp-content\/uploads\/2019\/07\/Ap-15.jpg 450w, https:\/\/laperlaaustral.com.ar\/guerra-malvinas\/wp-content\/uploads\/2019\/07\/Ap-15-201x300.jpg 201w\" sizes=\"(max-width: 450px) 100vw, 450px\" \/><figcaption>Ap 15 &#8211; Cdo J Ej &#8211; Sanci\u00f2n impuesta al Tcnl Piaggi &#8211; 11 Oct 82 <\/figcaption><\/figure>\n\n\n\n<figure class=\"wp-block-image\"><img loading=\"lazy\" decoding=\"async\" width=\"450\" height=\"687\" src=\"https:\/\/laperlaaustral.com.ar\/guerra-malvinas\/wp-content\/uploads\/2019\/07\/Ap-16.jpg\" alt=\"\" class=\"wp-image-1313\" srcset=\"https:\/\/laperlaaustral.com.ar\/guerra-malvinas\/wp-content\/uploads\/2019\/07\/Ap-16.jpg 450w, https:\/\/laperlaaustral.com.ar\/guerra-malvinas\/wp-content\/uploads\/2019\/07\/Ap-16-197x300.jpg 197w\" sizes=\"(max-width: 450px) 100vw, 450px\" \/><figcaption>Ap 16 &#8211; BRE 5053 &#8211; 10 Jun 83 &#8211; Retiro obligatorio Tcnl Piaggi <\/figcaption><\/figure>\n\n\n\n<figure class=\"wp-block-image\"><img loading=\"lazy\" decoding=\"async\" width=\"450\" height=\"634\" src=\"https:\/\/laperlaaustral.com.ar\/guerra-malvinas\/wp-content\/uploads\/2019\/07\/Ap-17.jpg\" alt=\"\" class=\"wp-image-1314\" srcset=\"https:\/\/laperlaaustral.com.ar\/guerra-malvinas\/wp-content\/uploads\/2019\/07\/Ap-17.jpg 450w, https:\/\/laperlaaustral.com.ar\/guerra-malvinas\/wp-content\/uploads\/2019\/07\/Ap-17-213x300.jpg 213w\" sizes=\"(max-width: 450px) 100vw, 450px\" \/><figcaption>Ap 17 &#8211; Consejo Supremo de las FFAA &#8211; absoluci\u00f2n Tcnl Piaggi <\/figcaption><\/figure>\n\n\n\n<figure class=\"wp-block-image\"><img loading=\"lazy\" decoding=\"async\" width=\"450\" height=\"600\" src=\"https:\/\/laperlaaustral.com.ar\/guerra-malvinas\/wp-content\/uploads\/2019\/07\/Ap-18.jpg\" alt=\"\" class=\"wp-image-1315\" srcset=\"https:\/\/laperlaaustral.com.ar\/guerra-malvinas\/wp-content\/uploads\/2019\/07\/Ap-18.jpg 450w, https:\/\/laperlaaustral.com.ar\/guerra-malvinas\/wp-content\/uploads\/2019\/07\/Ap-18-225x300.jpg 225w\" sizes=\"(max-width: 450px) 100vw, 450px\" \/><figcaption>Ap 18 &#8211; Decreto PEN 332 &#8211; 23 Feb 92 &#8211; ascenso a Coronel <\/figcaption><\/figure>\n\n\n\n<figure class=\"wp-block-image\"><img loading=\"lazy\" decoding=\"async\" width=\"320\" height=\"443\" src=\"https:\/\/laperlaaustral.com.ar\/guerra-malvinas\/wp-content\/uploads\/2019\/06\/piaggi.jpg\" alt=\"Italo A. Piaggi\" class=\"wp-image-393\" srcset=\"https:\/\/laperlaaustral.com.ar\/guerra-malvinas\/wp-content\/uploads\/2019\/06\/piaggi.jpg 320w, https:\/\/laperlaaustral.com.ar\/guerra-malvinas\/wp-content\/uploads\/2019\/06\/piaggi-217x300.jpg 217w\" sizes=\"(max-width: 320px) 100vw, 320px\" \/><figcaption>Ap 19 &#8211; Tcnl Italo A Piaggi &#8211; Jefe RI 12 &#8211; 1982 <\/figcaption><\/figure>\n\n\n\n<p>\n23<\/p>\n\n\n\n<h5 class=\"wp-block-heading\">HISTORIA DEL REGIMIENTO 12 DE INFANTER\u00cdA<\/h5>\n\n\n\n<p>ANTECEDENTES GENERA<\/p>\n\n\n\n<p>Ap 23<\/p>\n\n\n\n<h4 class=\"wp-block-heading\">HISTORIA DEL REGIMIENTO 12 DE INFANTER\u00cdA<\/h4>\n\n\n\n<h5 class=\"wp-block-heading\">ANTECEDENTES GENERALES<\/h5>\n\n\n\n<p>En Mayo de 1814, ca\u00eddo el Alto Per\u00fa, el avance realista se insinu\u00f3 peligrosamente desde el Norte, invadiendo el territorio de la provincia de Salta.<\/p>\n\n\n\n<p>Se impon\u00eda a toda prisa la forma m\u00e1s conveniente de frenar el avance del invasor. <\/p>\n\n\n\n<p>Careciendo de fuerzas regulares, el procedimiento m\u00e1s adecuado era el de efectuar una serie de acciones aisladas ( guerrillas ) que mantuvieran en tensi\u00f3n el avance enemigo, disminuyendo su moral, oblig\u00e1ndolo a dividir sus fuerzas e impidiendo su marcha al Sur<\/p>\n\n\n\n<h5 class=\"wp-block-heading\">El Coronel Juan Antonio Alvarez de Arenales<\/h5>\n\n\n\n<p>Recibi\u00f3 del General Belgrano la orden de actuar consecuentemente a la idea expresada, adoptando la resoluci\u00f3n de evacuar de inmediato la ciudad de Cochabamba, intern\u00e1ndose en el Valle Grande, que por su configuraci\u00f3n geogr\u00e1fica la facilitaba.<\/p>\n\n\n\n<p>Intervino con sus biso\u00f1os en varias acciones en las cuales infligi\u00f3 sensibles p\u00e9rdidas a los espa\u00f1oles, acrecentando paulatinamente el esp\u00edritu combativo de sus tropas hasta el extremo de haber atacado en La Florida a un enemigo tres veces superior.<\/p>\n\n\n\n<p>Esta singular acci\u00f3n de tanta trascendencia hist\u00f3rica por sus consecuencias, tuvo lugar el 25 de Mayo de 1814. Las barrancas del R\u00edo Piray, fueron, asombradas, testigos de esta empresa de titanes.<\/p>\n\n\n\n<p>La llanura absorbi\u00f3 el estruendo inaudito de los sones de esa sinfon\u00eda de metralla, acero y relinchos que rubric\u00f3 el triunfo&nbsp;de las armas argentinas<\/p>\n\n\n\n<p>No estaba disipado a\u00fan el humo de la p\u00f3lvora cuando el Coronel Arenales, lanzado en una implacable persecusi\u00f3n, vi\u00f3se rodeado de numerosos enemigos dispuestos a lavar en su sangre la afrenta de la derrota.<\/p>\n\n\n\n<p>Se bati\u00f3 como un le\u00f3n en breve y obstinada lucha, penetr\u00e1ndole el lacerante acero en 14 profundas heridas, tres de las cuales le deformaron el rostro.<\/p>\n\n\n\n<p>Ese fue el Jefe y esa su infanter\u00eda, germen del Regimiento 12, que signaron con su sangre y con su vida en legado de valor y libertad.<\/p>\n\n\n\n<h5 class=\"wp-block-heading\">Un pueblo los ha honrado<\/h5>\n\n\n\n<p>Manos de mujer bordaron con amor de madre un escudo en forma de coraz\u00f3n y la Patria coloca la leyenda: \u201cA los vencedores en Florida\u201d.<\/p>\n\n\n\n<h5 class=\"wp-block-heading\">ORIGEN Y CREACI\u00d3N DE LA UNIDAD<\/h5>\n\n\n\n<p>Por superior decreto fechado el 26 de Julio de 1815, el Excelent\u00edsimo Director Provisional del Estado, a propuesta del Se\u00f1or Brigadier General del Per\u00fa, Jos\u00e9 Rondeau, aprob\u00f3 la creaci\u00f3n del Regimiento 12 de Infanter\u00eda, a constituirse en base a 700 aguerridos patriotas cochabambinos, al mando del benem\u00e9rito coronel Intendente de aquella provincia, Don Juan Antonio Alvarez de Arenales.<\/p>\n\n\n\n<h4 class=\"wp-block-heading\">RESE\u00d1A HIST\u00d3RICA<\/h4>\n\n\n\n<p>Form\u00f3 en el Ej\u00e9rcito Auxiliar del Per\u00fa, a las \u00f3rdenes del General Rondeau, asistiendo a los combates de asalto y toma de Cochabamba, Vihuma y la batalla de Sipe-Sipe. Particip\u00f3 con las fuerzas del mismo ej\u00e9rcito que, a las \u00f3rdenes del General Juan Bautista Bustos, hicieron la campa\u00f1a del a\u00f1o 1818 sobre Santa Fe.<\/p>\n\n\n\n<p>Producida la perturbaci\u00f3n nacional que hizo crisis en el a\u00f1o 1820 y sublevado el Ej\u00e9rcito Auxiliar del Per\u00fa, el Regimiento 12 de L\u00ednea qued\u00f3 en C\u00f3rdoba a las \u00f3rdenes del General Bustos, hasta que fue a engrosar los nuevos cuerpos que se crearon.<\/p>\n\n\n\n<h5 class=\"wp-block-heading\">El Regimiento 12 no revist\u00f3 en el Ej\u00e9rcito Argentino durante los gobiernos de Rivadavia, Urquiza y Derqui.<\/h5>\n\n\n\n<p>Por decreto del Vicepresidente en Ejercicio del Poder Ejecutivo Nacional, Doctor Marcos Paz, de fecha 24 de Agosto de 1885, fue reorganizado, sobre las bases de las compa\u00f1\u00edas de \u00f3rdenes que comanda el Sargento Mayor Juan Ayala y el Capit\u00e1n Lucio V Mansilla. Por el mismo decreto fue nombrado Jefe del Regimiento 12 el Mayor Juan Ayala.<\/p>\n\n\n\n<p>Form\u00f3 en el ej\u00e9rcito aliado de la Rep\u00fablica Argentina, Oriental del Uruguay y el Imperio del Brasil, que a las \u00f3rdenes del General Bartolom\u00e9 Mitre hizo la campa\u00f1a del Paraguay.<\/p>\n\n\n\n<h5 class=\"wp-block-heading\">En Noviembre 1885 <\/h5>\n\n\n\n<p>Ocup\u00f3 Villanueva y, sucesivamente, Ensenada (Febrero de 1866), Tuyut\u00ed (24 de Marzo de 1866), formando parte de la 8va Brigada, 4ta Divisi\u00f3n del IIdo Cuerpo de Ej\u00e9rcito, a las \u00f3rdenes del General Emilio Mitre.<\/p>\n\n\n\n<p>El 12 de L\u00ednea, en este combate, sirvi\u00f3 de auxiliar a la artiller\u00eda de los Comandantes Nelso, Maldones y Sol\u00e1, que hab\u00edan desplegado entre el 9 de L\u00ednea y el 3 de Entre R\u00edos. Una de las intervenciones felices durante el combate est\u00e1 expresada en el parte de batalla:<\/p>\n\n\n\n<p>\u201cLa bater\u00eda del Mayor Maldones avanz\u00f3 con el intento de cruzar el estero y, tomando el albard\u00f3n del otro lado, flanquear con su fuego la l\u00ednea del enemigo pero, en los momentos que se dispon\u00eda a vadearlo, una columna de caballer\u00eda que estaba oculta en el bosque del frente, se avalanz\u00f3 resueltamente sobre nuestra artiller\u00eda. Este movimiento fue observado por el Comandante Ayala, Jefe del 12 de L\u00ednea, el cual se lanz\u00f3 con su cuerpo en protecci\u00f3n de aquella bater\u00eda, desplegando en guerrila sus compa\u00f1\u00edas de granaderos y cazadores, movimiento que ejecut\u00f3 a la carrera, llegando oportunamente y haciendo volver caras a la caballer\u00eda con su fuego vivo y certero.\u201d<\/p>\n\n\n\n<h5 class=\"wp-block-heading\">El 18 de Julio,<\/h5>\n\n\n\n<p style=\"text-align:left\">Mientras se libraba el ataque a las trincheras del Potreo del Sauce, sobre la derecha de la l\u00ednea argentina, el 12 de L\u00ednea ri\u00f1\u00f3 en El Palmar un vigoroso combate.<\/p>\n\n\n\n<p>\u201cUna columna de caballer\u00eda como de 1800 hombres con infanter\u00eda en ancas y cubierta por el palmar, atac\u00f3 a nuestros puestos avanzados. El Comandante Ayala la recibi\u00f3 sobre el estero con los escuchas de infanter\u00eda, rechazando un batall\u00f3n enemigo que intentaba forzar el paso y haciendo frente a la caballer\u00eda que lo proteg\u00eda. Intern\u00e1ndose despu\u00e9s en El Palmar, atrajo al enemigo sobre el Batall\u00f3n de San Nicol\u00e1s, que formado en cuadro, cubr\u00eda la retaguardia. <\/p>\n\n\n\n<p>El enemigo carg\u00f3 sobre ellos dos veces, pero fue victoriosamente rechazado por ambos batallnes sin necesidad de auxilio de otras fuerzas. El enemigo dej\u00f3 en el campo de este ataque 86 cad\u00e1veres, que son los que se han encontrado hasta hoy, entre ellos el Jefe de la columna y varios oficiales.\u201d<\/p>\n\n\n\n<h5 class=\"wp-block-heading\">El 22 de Setiembre<\/h5>\n\n\n\n<p>Asisti\u00f3 al asalto de la trinchera de Curupait\u00ed, formado en la cuarta columna de ataque, sobre la derecha del dispositivo de la batalla. Curupait\u00ed fue el hecho de mayor importancia hist\u00f3rica del Ej\u00e9rcito de la Naci\u00f3n, porque fue en ella, en medio de la muerte y la metralla, de las dificultades naturales y de la pujanza del adversario, que el soldado argentino dio una evidencia de sus altas calidades, de su estoicismo, de su desprecio de la vida y del heroico patriotismo que lo conforma.<\/p>\n\n\n\n<p>El parte de guerra es elocuante en sus guarismos: 77 heridos y 55 muertos del Regimiento 12.<\/p>\n\n\n\n<h5 class=\"wp-block-heading\">En Mayo de 1876 <\/h5>\n\n\n\n<p>Fue destinado con otras fuerzas a Ropsario de Santa Fe; pas\u00f3 a Villa Nueva en Abril, a Fraile Tuerto en Junio y, en Agosto, regres\u00f3 al campamento del ej\u00e9rcito aliado en Tuyucue. Al mando del Teniente Coronel Lucio V Mansilla ( Octubre 1867 ) y del Mayor Racedo ( Diciembre del mismo a\u00f1o ) form\u00f3 en las que, a \u00f3rdenes del Comisionado Nacional, General Emilio Mitre, fueron destinadas a sofocar la revoluci\u00f3n del General Nicanor C\u00e1ceres, en la Provincia de Corrientes, despu\u00e9s de haber sido emplazado este jefe para dar cuenta de sus procedimientos subversivos.<\/p>\n\n\n\n<h5 class=\"wp-block-heading\">En Setiembre de 1868 <\/h5>\n\n\n\n<p>Ocup\u00f3 Goya, Curuz\u00fa Cuati\u00e1 en Noviembre y, restablecido el orden en Corrientes, pas\u00f3 a Villa Tona en Enero de 1869.<\/p>\n\n\n\n<p>Como parte de la guarnici\u00f3n de la frontera Sur y Oeste de C\u00f3rdoba, efectu\u00f3 la expedici\u00f3n contra los indios ranqueles, cubriendo R\u00edo Cuarto, Sarmiento y Fuerte Sarmiento, desde Febrero de 1869 hasta mediados del a\u00f1o siguiente.<\/p>\n\n\n\n<h5 class=\"wp-block-heading\">Al mando del Teniente Coronel Eduardo Racedo ( Junio de 1870 ), <\/h5>\n\n\n<p><br>\n<!--StartFragment--><\/p>\n\n\n<p>El 12 de L\u00ednea se incorpor\u00f3 al Ej\u00e9rcito Nacional destinado a sofocar la revoluci\u00f3n que encabez\u00f3 el General Ricardo L\u00f3pez Jord\u00e1n en la provincia de Entre R\u00edos, a ra\u00edz del asesinato del General Justo Jos\u00e9 de Urquiza<\/p>\n\n\n\n<p>Terminada esta campa\u00f1a fue destinado a guarecer Tres de Febrero en Marzo de 1871; en Julio de 1872 march\u00f3 a R\u00edo Cuarto y permaneci\u00f3 hasta Abril de 1873, en que por resoluci\u00f3n superior pas\u00f3 a ser el Nro 10 de Infanter\u00eda de L\u00ednea.<\/p>\n\n\n\n<p>Por Decreto del Presidente\u00a0Avellaneda, de fecha 9 de Agosto de 1878, fue reorganizado el 12 de Infanter\u00eda de L\u00ednea, nombr\u00e1ndose Jefe al Teniente Coronel Rufino Ortega.<\/p>\n\n\n\n<p>La primera lista de revista de este tercera \u00e9poca del cuerpo est\u00e1 fechada el 1ro de Octubre de 1878 en el Cuadro Nacional.<\/p>\n\n\n\n<h5 class=\"wp-block-heading\">En 1879 En la campa\u00f1a de R\u00edo Negro,<\/h5>\n\n\n\n<p>Que ten\u00eda por objeto la ocupaci\u00f3n de lo que es hoy la Provincia de La Pampa y llevar la l\u00ednea militar a las m\u00e1rgenes del R\u00edo Negro y el Neuqu\u00e9n, el 12 de L\u00ednea form\u00f3 parte de la 4ta Divisi\u00f3n al mando del Teniente Coronel Napole\u00f3n Uriburu.<\/p>\n\n\n\n<p>Sali\u00f3 del Fuerte General San Mart\u00edn el 21 de Abril con rumbo a la confluencia del Curri-leuf\u00fa con el Neuqu\u00e9n, a donde lleg\u00f3 el 5 de Mayo, cumpliendo as\u00ed las instrcciones que se le hab\u00edan dado.<\/p>\n\n\n\n<p>Llegado el d\u00eda 12 al lugar de destino, se constat\u00f3 que las tribus que obedec\u00edan al cacique Purib\u00e1m se pon\u00edan en tren de resistencia contra la invasi\u00f3n de los cristianos a su territorio y que ese cacique pod\u00eda oponer 1000 lanzas a las fuerzas nacionales; que ese contingente estaba en condiciones de ser aumentado con las tribus dispersas en la pampa, que en busca de abrigo y protecci\u00f3n se encaminaban al Sur de Neuqu\u00e9n, y que la situaci\u00f3n de esas tribus era tan pr\u00f3xima al campamento del 12 de L\u00ednea que no estaba exento de un golpe de mano, ya sea a las fracciones de tropas que cuibr\u00edan la l\u00ednea o a las caballadas que eran necesarias para su movilizaci\u00f3n.<\/p>\n\n\n\n<p>Como consecuencia de esto, los expedicionarios vadearon el R\u00edo Neuqu\u00e9n y ri\u00f1en los siguientes combates:<\/p>\n\n\n\n<p>19 de Mayo, R\u00edo Negro; <\/p>\n\n\n\n<p>26 de Junio, Chise Mahuida; <\/p>\n\n\n\n<p>el 28, otro en inmediaciones del mangrullo; <\/p>\n\n\n\n<p>el 13 de Julio, M\u00e9danos <\/p>\n\n\n\n<p>y el 16 de Julio en las juntas del R\u00edo Agrio, en donde muere el cacique Baigorria..<\/p>\n\n\n\n<p>Dispersadas las tribus rebeldes y convulsionadas completamente las tolder\u00edas, las fuerzas expedicionarias regresaron a cubrir la l\u00ednea de fuego recomendada.<\/p>\n\n\n\n<h5 class=\"wp-block-heading\">En 1882<\/h5>\n\n\n\n<p>Formando parte de la Ira Brigada al mando del General Villegas, hizo la campa\u00f1a de Los Andes, a \u00f3rdenes de su Jefe, el Coronel Rufino Ortega.<\/p>\n\n\n\n<p>Acampado en Norqu\u00edn, base de operaciones, lo abandon\u00f3 el 22 de Noviembre marchando 40 leguas al Sur, bati\u00f3 su frente y flanco derecho hasta el l\u00edmite con Chile, en una superficie de 1200 leguas cuadradas de territorio, ri\u00f1endo distintos combates.<\/p>\n\n\n\n<p>Entre los de mayor importancia, puede mencionarse el realizado con motivo del ataque al cuartel general de Renque Cur\u00e1, el 6 de Diciembre. Integraba el destacamento a las \u00f3rdenes del Mayor Daza, el que llegado a inmediaciones del lugar dividi\u00f3 sus fuerzas en tres grupos: el Mayor O\u2019Donnell por la derecha, el Mayor Morosini por la izquierda, reserv\u00e1ndose el ataque frontal.<\/p>\n\n\n\n<p>La tribu del general\u00edsimo de la pampa, a quien acompa\u00f1aba su sobrino Namuncur\u00e1, fue completamente dispersada o prisionera, estando entre estos la familia del \u00faltimo.<\/p>\n\n\n\n<h5 class=\"wp-block-heading\">Dice el parte del General Villegas:<\/h5>\n\n\n\n<p>\u201cEn resumen, el resultado conseguido por las fuerzas a mis \u00f3rdenes es el siguiente: 364 indios de lanza muertos en combate, muchos heridos, 1721 prisioneros y presentados antre lanzas y chusmas; pero puedo asegurar a V.E., sin temor a ser exagerado, que han desaparecido del territorio batido m\u00e1s de 3000 personas. Por nuestra parte tenemos que lamentar la p\u00e9rdida de 4 Oficiales y 40 de Tropas.\u201d<\/p>\n\n\n\n<p>Con esta operaci\u00f3n, que bati\u00f3 palmo a palmo 5000 leguas cuadradas de territorio, la Naci\u00f3n hizo efectiva su soberan\u00eda sobre todas las tierras que se extienden al extremo Sur de nuestra Patria.<\/p>\n\n\n\n<p style=\"text-align:center\">======000000======<\/p>\n\n\n\n<h5 class=\"wp-block-heading\">ASIENTOS Y GUARNICIONES OCUPADAS A PARTIR DE 1882<\/h5>\n\n\n\n<ol><li>1882\u00a0SANTA ROSA DEL PALMAR<\/li><li>1883, <ol><li>Febrero\u00a0NORQU\u00cdN.<\/li><li>Noviembre\u00a0FUERTE GENERAL SAN MART\u00cdN<\/li><\/ol><\/li><li>1884, <ol><li>Marzo\u00a0MENDOZA<\/li><\/ol><ol><li>Enero\u00a0SAN JUAN<\/li><li>Febrero\u00a0R\u00cdO CUARTO<\/li><\/ol><\/li><li>1889, Junio\u00a0MENDOZA<\/li><li>1890, <ol><li>Enero\u00a0RESISTENCIA<\/li><li> Agosto&#8230;&#8230;\u00a0BUENOS AIRES<\/li><li>Setiembre\u00a0R\u00cdO CUARTO<\/li><\/ol><\/li><li>1891, Febrero\u00a0BUENOS AIRES<\/li><li>1892, Enero\u00a0MALDONADO<\/li><li>1893, <ol><li>Abril\u00a0Z\u00c1RATE Julio\u00a0BUENOS AIRES<\/li><li> Agosto\u00a0LA PLATA<\/li><\/ol><\/li><li>1894, Mayo\u00a0BUENOS AIRES<\/li><li>1894, Junio\u00a0PARAN\u00c1<\/li><li>1896,<ol><li> Julio\u00a0CONCORDIA<\/li><\/ol><ol><li> Agosto\u00a0SANTO TOM\u00c9<\/li><li> Julio\u00a0CONCORDIA<\/li><\/ol><\/li><li>1899, Junio\u00a0POSADAS<\/li><li>1901\u00a0ROSARIO DE SANTA FE<\/li><li>1902, Febrero\u00a0SAN LORENZO<\/li><li>1903, Mayo\u00a0CAMPO DE MAYO<\/li><li>1904, Enero\u00a0CAPITAL FEDERAL<\/li><li>1905, <ol><li>Agosto\u00a0PARAN\u00c1<\/li><li>Octubre\u00a0EMPEDRADO<\/li><\/ol><\/li><li>1907, Noviembre\u00a0CORRIENTES<\/li><li>1908, Mayo\u00a0PARAN\u00c1<\/li><li>1917, Diciembre\u00a0SANTA FE<\/li><li>1965, Enero\u00a0MERCEDES( CORRIENTES )<\/li><li>1992, Enero\u00a0TOAY ( LA PAMPA )<\/li><\/ol>\n\n\n\n<p style=\"text-align:center\">======000000======<\/p>\n\n\n\n<h5 class=\"wp-block-heading\">AL RI MEC 12 EN SU ANIVERSARIO<\/h5>\n\n\n\n<p>En ausencia f\u00ecsica por involuntarias razones personales, este viejo soldado esta con vosotros en esp\u00ecritu y sentimientos, acompa\u00f1\u00e0ndolos en el fausto evento institucional de la creaci\u00f3n, a 191 a\u00f1os, de esta gloriosa unidad de combate.<\/p>\n\n\n\n<p>En esp\u00ecritu y sentimientos se encuentran tambi\u00e8n a vuestro lado, los fantasmas guerreros de los combatientes del 12 de l\u00ecnea de las campa\u00f1as del Per\u00f9, del Paraguay, de Santa Fe, del desierto y de\u00a0la inconclusa redenci\u00f3n de la soberan\u00eca de nuestras Islas Malvinas en el Atl\u00e0ntico Sur.<\/p>\n\n\n\n<p>Desde la serena eternidad en\u00a0azul y blanco en que descansan en paz, aquellos que murieron en sus filas cumpliendo el sagrado deber militar nos reclaman un inclaudicable amor a la Patria y la\u00a0vigencia de nuestro juramento a su Bandera. siendo todos, ellos entonces y nosotros hoy, uno en esa sagrada misi\u00f2n.<\/p>\n\n\n\n<p>Dios os guarde.<\/p>\n\n\n\n<p><a href=\"https:\/\/laperlaaustral.com.ar\/laperlaaustral\/laperlaaustralview.php?showdetail=&amp;id=20135\" target=\"_blank\" rel=\"noreferrer noopener\" aria-label=\"Italo A Piaggi (opens in a new tab)\">Italo A Piaggi<\/a><\/p>\n\n\n\n<p>Coronel VGM (( R )<br><\/p>\n","protected":false},"excerpt":{"rendered":"<p>Apendices de la Obra Esquema de movimientos del RI 12 al TOAS Dispositivo de la C-RI25 en D-GG &#8211; Abr 82 Ubicaci\u00f2n operacional de la FT M en D-GG &#8211; Isla SOLEDAD Situaci\u00f2n de la FT M el 02 May 82 Concepto operaci\u00f2n EC G en San Carlos &#8211; 17 May 82 Situaci\u00f2n enemiga &#8211;&hellip; <br \/> <a class=\"read-more\" href=\"https:\/\/laperlaaustral.com.ar\/guerra-malvinas\/apendices\/\">Leer m\u00e1s<\/a><\/p>\n","protected":false},"author":2,"featured_media":2907,"comment_status":"open","ping_status":"open","sticky":false,"template":"","format":"standard","meta":{"_monsterinsights_skip_tracking":false,"_monsterinsights_sitenote_active":false,"_monsterinsights_sitenote_note":"","_monsterinsights_sitenote_category":0,"footnotes":""},"categories":[558],"tags":[],"yoast_head":"<!-- This site is optimized with the Yoast SEO plugin v23.4 - https:\/\/yoast.com\/wordpress\/plugins\/seo\/ -->\n<title>Apendices - La Perla Austral Regimineto de Infanterias 12<\/title>\n<meta name=\"description\" content=\"Apendices del Libro Ganso Verde del Coronel Don Italo Piaggi jefe del Regimineto de Infanterias 12 en la Guerra de las Malvinas\" \/>\n<meta name=\"robots\" content=\"index, follow, max-snippet:-1, max-image-preview:large, max-video-preview:-1\" \/>\n<link rel=\"canonical\" href=\"http:\/\/laperlaaustral.com.ar\/guerra-malvinas\/apendices\/\" \/>\n<meta property=\"og:locale\" content=\"es_ES\" \/>\n<meta property=\"og:type\" content=\"article\" \/>\n<meta property=\"og:title\" content=\"Apendices - La Perla Austral Regimineto de Infanterias 12\" \/>\n<meta property=\"og:description\" content=\"Apendices del Libro Ganso Verde del Coronel Don Italo Piaggi jefe del Regimineto de Infanterias 12 en la Guerra de las Malvinas\" \/>\n<meta property=\"og:url\" content=\"http:\/\/laperlaaustral.com.ar\/guerra-malvinas\/apendices\/\" \/>\n<meta property=\"og:site_name\" content=\"La Perla Austral\" \/>\n<meta property=\"article:publisher\" content=\"https:\/\/www.facebook.com\/La-Perla-Austra-487959322032195\" \/>\n<meta property=\"article:published_time\" content=\"2019-07-12T06:57:25+00:00\" \/>\n<meta property=\"article:modified_time\" content=\"2019-08-05T06:20:27+00:00\" \/>\n<meta property=\"og:image\" content=\"http:\/\/laperlaaustral.com.ar\/guerra-malvinas\/wp-content\/uploads\/2019\/07\/a.jpg\" \/>\n\t<meta property=\"og:image:width\" content=\"196\" \/>\n\t<meta property=\"og:image:height\" content=\"320\" \/>\n\t<meta property=\"og:image:type\" content=\"image\/jpeg\" \/>\n<meta name=\"author\" content=\"GomRam\" \/>\n<meta name=\"twitter:card\" content=\"summary_large_image\" \/>\n<meta name=\"twitter:label1\" content=\"Escrito por\" \/>\n\t<meta name=\"twitter:data1\" content=\"GomRam\" \/>\n\t<meta name=\"twitter:label2\" content=\"Tiempo de lectura\" \/>\n\t<meta name=\"twitter:data2\" content=\"13 minutos\" \/>\n<script type=\"application\/ld+json\" class=\"yoast-schema-graph\">{\"@context\":\"https:\/\/schema.org\",\"@graph\":[{\"@type\":\"WebPage\",\"@id\":\"http:\/\/laperlaaustral.com.ar\/guerra-malvinas\/apendices\/\",\"url\":\"http:\/\/laperlaaustral.com.ar\/guerra-malvinas\/apendices\/\",\"name\":\"Apendices - La Perla Austral Regimineto de Infanterias 12\",\"isPartOf\":{\"@id\":\"http:\/\/laperlaaustral.com.ar\/guerra-malvinas\/#website\"},\"primaryImageOfPage\":{\"@id\":\"http:\/\/laperlaaustral.com.ar\/guerra-malvinas\/apendices\/#primaryimage\"},\"image\":{\"@id\":\"http:\/\/laperlaaustral.com.ar\/guerra-malvinas\/apendices\/#primaryimage\"},\"thumbnailUrl\":\"https:\/\/laperlaaustral.com.ar\/guerra-malvinas\/wp-content\/uploads\/2019\/07\/a.jpg\",\"datePublished\":\"2019-07-12T06:57:25+00:00\",\"dateModified\":\"2019-08-05T06:20:27+00:00\",\"author\":{\"@id\":\"http:\/\/laperlaaustral.com.ar\/guerra-malvinas\/#\/schema\/person\/cccf8f0904f83654d5f2d5380e4eb4b9\"},\"description\":\"Apendices del Libro Ganso Verde del Coronel Don Italo Piaggi jefe del Regimineto de Infanterias 12 en la Guerra de las Malvinas\",\"breadcrumb\":{\"@id\":\"http:\/\/laperlaaustral.com.ar\/guerra-malvinas\/apendices\/#breadcrumb\"},\"inLanguage\":\"es\",\"potentialAction\":[{\"@type\":\"ReadAction\",\"target\":[\"http:\/\/laperlaaustral.com.ar\/guerra-malvinas\/apendices\/\"]}]},{\"@type\":\"ImageObject\",\"inLanguage\":\"es\",\"@id\":\"http:\/\/laperlaaustral.com.ar\/guerra-malvinas\/apendices\/#primaryimage\",\"url\":\"https:\/\/laperlaaustral.com.ar\/guerra-malvinas\/wp-content\/uploads\/2019\/07\/a.jpg\",\"contentUrl\":\"https:\/\/laperlaaustral.com.ar\/guerra-malvinas\/wp-content\/uploads\/2019\/07\/a.jpg\",\"width\":196,\"height\":320,\"caption\":\"Ganso Verde\"},{\"@type\":\"BreadcrumbList\",\"@id\":\"http:\/\/laperlaaustral.com.ar\/guerra-malvinas\/apendices\/#breadcrumb\",\"itemListElement\":[{\"@type\":\"ListItem\",\"position\":1,\"name\":\"Portada\",\"item\":\"https:\/\/laperlaaustral.com.ar\/guerra-malvinas\/\"},{\"@type\":\"ListItem\",\"position\":2,\"name\":\"Apendices\"}]},{\"@type\":\"WebSite\",\"@id\":\"http:\/\/laperlaaustral.com.ar\/guerra-malvinas\/#website\",\"url\":\"http:\/\/laperlaaustral.com.ar\/guerra-malvinas\/\",\"name\":\"La Perla Austral\",\"description\":\"Guerra de Malvinas 1982\",\"potentialAction\":[{\"@type\":\"SearchAction\",\"target\":{\"@type\":\"EntryPoint\",\"urlTemplate\":\"http:\/\/laperlaaustral.com.ar\/guerra-malvinas\/?s={search_term_string}\"},\"query-input\":{\"@type\":\"PropertyValueSpecification\",\"valueRequired\":true,\"valueName\":\"search_term_string\"}}],\"inLanguage\":\"es\"},{\"@type\":\"Person\",\"@id\":\"http:\/\/laperlaaustral.com.ar\/guerra-malvinas\/#\/schema\/person\/cccf8f0904f83654d5f2d5380e4eb4b9\",\"name\":\"GomRam\",\"image\":{\"@type\":\"ImageObject\",\"inLanguage\":\"es\",\"@id\":\"http:\/\/laperlaaustral.com.ar\/guerra-malvinas\/#\/schema\/person\/image\/\",\"url\":\"https:\/\/secure.gravatar.com\/avatar\/a0f191abb2983305e8a2e850573cb20a?s=96&d=mm&r=g\",\"contentUrl\":\"https:\/\/secure.gravatar.com\/avatar\/a0f191abb2983305e8a2e850573cb20a?s=96&d=mm&r=g\",\"caption\":\"GomRam\"},\"url\":\"https:\/\/laperlaaustral.com.ar\/guerra-malvinas\/author\/ac000164\/\"}]}<\/script>\n<!-- \/ Yoast SEO plugin. -->","yoast_head_json":{"title":"Apendices - La Perla Austral Regimineto de Infanterias 12","description":"Apendices del Libro Ganso Verde del Coronel Don Italo Piaggi jefe del Regimineto de Infanterias 12 en la Guerra de las Malvinas","robots":{"index":"index","follow":"follow","max-snippet":"max-snippet:-1","max-image-preview":"max-image-preview:large","max-video-preview":"max-video-preview:-1"},"canonical":"http:\/\/laperlaaustral.com.ar\/guerra-malvinas\/apendices\/","og_locale":"es_ES","og_type":"article","og_title":"Apendices - La Perla Austral Regimineto de Infanterias 12","og_description":"Apendices del Libro Ganso Verde del Coronel Don Italo Piaggi jefe del Regimineto de Infanterias 12 en la Guerra de las Malvinas","og_url":"http:\/\/laperlaaustral.com.ar\/guerra-malvinas\/apendices\/","og_site_name":"La Perla Austral","article_publisher":"https:\/\/www.facebook.com\/La-Perla-Austra-487959322032195","article_published_time":"2019-07-12T06:57:25+00:00","article_modified_time":"2019-08-05T06:20:27+00:00","og_image":[{"width":196,"height":320,"url":"http:\/\/laperlaaustral.com.ar\/guerra-malvinas\/wp-content\/uploads\/2019\/07\/a.jpg","type":"image\/jpeg"}],"author":"GomRam","twitter_card":"summary_large_image","twitter_misc":{"Escrito por":"GomRam","Tiempo de lectura":"13 minutos"},"schema":{"@context":"https:\/\/schema.org","@graph":[{"@type":"WebPage","@id":"http:\/\/laperlaaustral.com.ar\/guerra-malvinas\/apendices\/","url":"http:\/\/laperlaaustral.com.ar\/guerra-malvinas\/apendices\/","name":"Apendices - La Perla Austral Regimineto de Infanterias 12","isPartOf":{"@id":"http:\/\/laperlaaustral.com.ar\/guerra-malvinas\/#website"},"primaryImageOfPage":{"@id":"http:\/\/laperlaaustral.com.ar\/guerra-malvinas\/apendices\/#primaryimage"},"image":{"@id":"http:\/\/laperlaaustral.com.ar\/guerra-malvinas\/apendices\/#primaryimage"},"thumbnailUrl":"https:\/\/laperlaaustral.com.ar\/guerra-malvinas\/wp-content\/uploads\/2019\/07\/a.jpg","datePublished":"2019-07-12T06:57:25+00:00","dateModified":"2019-08-05T06:20:27+00:00","author":{"@id":"http:\/\/laperlaaustral.com.ar\/guerra-malvinas\/#\/schema\/person\/cccf8f0904f83654d5f2d5380e4eb4b9"},"description":"Apendices del Libro Ganso Verde del Coronel Don Italo Piaggi jefe del Regimineto de Infanterias 12 en la Guerra de las Malvinas","breadcrumb":{"@id":"http:\/\/laperlaaustral.com.ar\/guerra-malvinas\/apendices\/#breadcrumb"},"inLanguage":"es","potentialAction":[{"@type":"ReadAction","target":["http:\/\/laperlaaustral.com.ar\/guerra-malvinas\/apendices\/"]}]},{"@type":"ImageObject","inLanguage":"es","@id":"http:\/\/laperlaaustral.com.ar\/guerra-malvinas\/apendices\/#primaryimage","url":"https:\/\/laperlaaustral.com.ar\/guerra-malvinas\/wp-content\/uploads\/2019\/07\/a.jpg","contentUrl":"https:\/\/laperlaaustral.com.ar\/guerra-malvinas\/wp-content\/uploads\/2019\/07\/a.jpg","width":196,"height":320,"caption":"Ganso Verde"},{"@type":"BreadcrumbList","@id":"http:\/\/laperlaaustral.com.ar\/guerra-malvinas\/apendices\/#breadcrumb","itemListElement":[{"@type":"ListItem","position":1,"name":"Portada","item":"https:\/\/laperlaaustral.com.ar\/guerra-malvinas\/"},{"@type":"ListItem","position":2,"name":"Apendices"}]},{"@type":"WebSite","@id":"http:\/\/laperlaaustral.com.ar\/guerra-malvinas\/#website","url":"http:\/\/laperlaaustral.com.ar\/guerra-malvinas\/","name":"La Perla Austral","description":"Guerra de Malvinas 1982","potentialAction":[{"@type":"SearchAction","target":{"@type":"EntryPoint","urlTemplate":"http:\/\/laperlaaustral.com.ar\/guerra-malvinas\/?s={search_term_string}"},"query-input":{"@type":"PropertyValueSpecification","valueRequired":true,"valueName":"search_term_string"}}],"inLanguage":"es"},{"@type":"Person","@id":"http:\/\/laperlaaustral.com.ar\/guerra-malvinas\/#\/schema\/person\/cccf8f0904f83654d5f2d5380e4eb4b9","name":"GomRam","image":{"@type":"ImageObject","inLanguage":"es","@id":"http:\/\/laperlaaustral.com.ar\/guerra-malvinas\/#\/schema\/person\/image\/","url":"https:\/\/secure.gravatar.com\/avatar\/a0f191abb2983305e8a2e850573cb20a?s=96&d=mm&r=g","contentUrl":"https:\/\/secure.gravatar.com\/avatar\/a0f191abb2983305e8a2e850573cb20a?s=96&d=mm&r=g","caption":"GomRam"},"url":"https:\/\/laperlaaustral.com.ar\/guerra-malvinas\/author\/ac000164\/"}]}},"_links":{"self":[{"href":"https:\/\/laperlaaustral.com.ar\/guerra-malvinas\/wp-json\/wp\/v2\/posts\/1297"}],"collection":[{"href":"https:\/\/laperlaaustral.com.ar\/guerra-malvinas\/wp-json\/wp\/v2\/posts"}],"about":[{"href":"https:\/\/laperlaaustral.com.ar\/guerra-malvinas\/wp-json\/wp\/v2\/types\/post"}],"author":[{"embeddable":true,"href":"https:\/\/laperlaaustral.com.ar\/guerra-malvinas\/wp-json\/wp\/v2\/users\/2"}],"replies":[{"embeddable":true,"href":"https:\/\/laperlaaustral.com.ar\/guerra-malvinas\/wp-json\/wp\/v2\/comments?post=1297"}],"version-history":[{"count":4,"href":"https:\/\/laperlaaustral.com.ar\/guerra-malvinas\/wp-json\/wp\/v2\/posts\/1297\/revisions"}],"predecessor-version":[{"id":2932,"href":"https:\/\/laperlaaustral.com.ar\/guerra-malvinas\/wp-json\/wp\/v2\/posts\/1297\/revisions\/2932"}],"wp:featuredmedia":[{"embeddable":true,"href":"https:\/\/laperlaaustral.com.ar\/guerra-malvinas\/wp-json\/wp\/v2\/media\/2907"}],"wp:attachment":[{"href":"https:\/\/laperlaaustral.com.ar\/guerra-malvinas\/wp-json\/wp\/v2\/media?parent=1297"}],"wp:term":[{"taxonomy":"category","embeddable":true,"href":"https:\/\/laperlaaustral.com.ar\/guerra-malvinas\/wp-json\/wp\/v2\/categories?post=1297"},{"taxonomy":"post_tag","embeddable":true,"href":"https:\/\/laperlaaustral.com.ar\/guerra-malvinas\/wp-json\/wp\/v2\/tags?post=1297"}],"curies":[{"name":"wp","href":"https:\/\/api.w.org\/{rel}","templated":true}]}}