{"id":1267,"date":"2019-07-11T20:03:36","date_gmt":"2019-07-11T20:03:36","guid":{"rendered":"https:\/\/laperlaaustral.com.ar\/guerra-malvinas\/?p=1267"},"modified":"2019-07-19T09:12:53","modified_gmt":"2019-07-19T09:12:53","slug":"informe-rattenbach","status":"publish","type":"post","link":"https:\/\/laperlaaustral.com.ar\/guerra-malvinas\/informe-rattenbach\/","title":{"rendered":"Informe Rattenbach"},"content":{"rendered":"\n<p><a href=\"https:\/\/laperlaaustral.com.ar\/guerra-malvinas\/i-parte-introduccion\/\"> I Parte \u2013 Introducci\u00f3n <\/a><\/p>\n\n\n\n<p><a href=\"https:\/\/laperlaaustral.com.ar\/guerra-malvinas\/ii-parte-antecedentes-del-conflicto\/\">  II Parte \u2013Antecedentes del conflicto  <\/a><\/p>\n\n\n\n<p><a href=\"https:\/\/laperlaaustral.com.ar\/guerra-malvinas\/capitulo-i-situacion-general\/\"> Cap\u00edtulo I \u2013 Situaci\u00f3n genera  <\/a><\/p>\n\n\n\n<p><a href=\"https:\/\/laperlaaustral.com.ar\/guerra-malvinas\/capitulo-ii-las-negociaciones-hasta-el-02-de-abril-de-1982\/\">Cap\u00edtulo II &#8211; Las negociaciones hasta el 02 de abril de 1982<\/a><\/p>\n\n\n\n<ul><li> Pronunciamientos internacionales a partir de 1965<\/li><li> Los contactos bilaterales<\/li><li> La ronda de negociaciones de Nueva York\/81<\/li><li> La resoluci\u00f3n 502 del Consejo de Seguridad<\/li><li> La resoluci\u00f3n 502 del Consejo de Seguridad<\/li><\/ul>\n\n\n\n<p><a href=\"https:\/\/laperlaaustral.com.ar\/guerra-malvinas\/capitulo-iii-el-planeamiento-de-la-junta-militar\/\">Capitulo III &#8211; El planeamiento de la Junta Militar<\/a><\/p>\n\n\n\n<ul><li> Antecedentes<\/li><li> La constituci\u00f3n de la Comisi\u00f3n de Trabajo<\/li><li> An\u00e1lisis de los documentos emitidos<\/li><li> La planificaci\u00f3n estrat\u00e9gica a partir del 02 abril 82<\/li><li> Conclusiones<\/li><\/ul>\n\n\n\n<p><a href=\"https:\/\/laperlaaustral.com.ar\/guerra-malvinas\/capitulo-iv-la-decision-estrategica-militar\/\">Cap\u00edtulo IV &#8211; La decisi\u00f3n estrat\u00e9gica militar<\/a><\/p>\n\n\n\n<ul><li> El incidente de las islas Georgias del Sur<\/li><li> La reacci\u00f3n brit\u00e1nica<\/li><li> La decisi\u00f3n de la Junta Militar<\/li><li> La toma de Malvinas<\/li><li> La toma de las islas Georgias del Sur<\/li><li> Conclusiones<\/li><\/ul>\n\n\n\n<p><a href=\"https:\/\/laperlaaustral.com.ar\/guerra-malvinas\/capitulo-v-las-negociaciones-a-partir-del-dia-02-de-abril-de-1982-1\/\">Cap\u00edtulo V &#8211; Las negociaciones a partir del d\u00eda 02 de abril de 1982 (1)<\/a><\/p>\n\n\n\n<p><a href=\"https:\/\/laperlaaustral.com.ar\/guerra-malvinas\/capitulo-vi-el-planeamiento-contribuyente\/\">Cap\u00edtulo VI &#8211; El planeamiento contribuyente<\/a><\/p>\n\n\n\n<p><a href=\"https:\/\/laperlaaustral.com.ar\/guerra-malvinas\/iii-parte-evaluacion-y-analisis-critico\/\">III Parte &#8211; Evaluaci\u00f3n y an\u00e1lisis cr\u00edtico<\/a><\/p>\n\n\n\n<p><a href=\"https:\/\/laperlaaustral.com.ar\/guerra-malvinas\/capitulo-vii-el-accionar-de-las-fuerzas-propias\/\">Cap\u00edtulo VII &#8211; El accionar de las fuerzas propias<\/a><\/p>\n\n\n\n<ul><li> El accionar de los Comandantes en Jefe<\/li><li> El accionar de los Comandantes Operacionales<\/li><li> El accionar de los Comandantes de Nivel T\u00e1ctico<\/li><li> El accionar de otros medios propios<\/li><li> La inteligencia estrat\u00e9gica<\/li><li> La logstica<\/li><li> La acci\u00f3n psicol\u00f3gica (AS)<\/li><li> El costo humano y material de la guerra<\/li><\/ul>\n\n\n\n<p><a href=\"https:\/\/laperlaaustral.com.ar\/guerra-malvinas\/capitulo-viii-las-causas-de-la-derrota\/\">Cap\u00edtulo VIII &#8211; Las causas de la derrota<\/a><\/p>\n\n\n\n<ul><li> Fallas de orden pol\u00edtico<\/li><li> Fallas en el planeamiento<\/li><li> Fallas en la conducci\u00f3n<\/li><li> Fallas en la oportunidad<\/li><\/ul>\n\n\n\n<p><a href=\"https:\/\/laperlaaustral.com.ar\/guerra-malvinas\/wp-admin\/post.php?post=1249&amp;action=edit\">IV Parte &#8211; Determinaci\u00f3n de las responsabilidades<\/a><\/p>\n\n\n\n<p><a href=\"https:\/\/laperlaaustral.com.ar\/guerra-malvinas\/capitulo-ix-responsabilidades-en-el-nivel-politico-nacion\/\">Cap\u00edtulo IX &#8211; Responsabilidades en el nivel pol\u00edtico nacional<\/a><\/p>\n\n\n\n<ul><li> Junta Militar<\/li><li> Poder Ejecutivo Nacional y Gabinete Nacional<\/li><\/ul>\n\n\n\n<p><a href=\"http:\/\/capitulo-x-responsabilidades\">C<\/a><a href=\"https:\/\/laperlaaustral.com.ar\/guerra-malvinas\/capitulo-x-responsabilidades\/\">ap\u00edtulo X &#8211; Responsabilidades en el nivel estrat\u00e9gico militar<\/a><\/p>\n\n\n\n<ul><li> Comit\u00e9 Militar<\/li><li> Comision de trabajo<\/li><li> Comandante en Jefe del Ej\u00e9rcito<\/li><li> Comandante en Jefe de la Armada<\/li><li> Comandante en Jefe de la Fuerza A\u00e9rea<\/li><li> Jefe del Estado Mayor Conjunto<\/li><\/ul>\n\n\n\n<p><a href=\"https:\/\/laperlaaustral.com.ar\/guerra-malvinas\/capitulo-xi-responsabilidades-en-el-nivel-estrategico-operacional\/\">Cap\u00edtulo XI &#8211; Responsabilidades en el nivel estrat\u00e9gico operacional<\/a><\/p>\n\n\n\n<p><a href=\"https:\/\/laperlaaustral.com.ar\/guerra-malvinas\/capitulo-xii-responsabilidades-en-otros-niveles\/\">Cap\u00edtulo XII &#8211; Responsabilidades en otros niveles<\/a><\/p>\n\n\n\n<p><a href=\"http:\/\/capitulo-xiii-encuadramiento-juridico-de-los-responsables\">Cap\u00edtulo XIII &#8211; Encuadramiento jur\u00eddico de los responsables<\/a><\/p>\n\n\n\n<ul><li> Encuadramiento individual<\/li><\/ul>\n\n\n\n<p><a href=\"https:\/\/laperlaaustral.com.ar\/guerra-malvinas\/v-parte-experiencias-y-ensenanzas\/\">V Parte &#8211; Experiencias y ense\u00f1anzas<\/a><\/p>\n\n\n\n<p><a href=\"https:\/\/laperlaaustral.com.ar\/guerra-malvinas\/capitulo-xiv-las-lecciones-del-conflicto\/\"> Cap\u00edtulo XIV &#8211; Las lecciones del conflicto <\/a><\/p>\n\n\n\n<ul><li> \u00a0Introducci\u00f3n <\/li><li>Aspectos nacionales <\/li><li>Aspectos institucionales  <\/li><\/ul>\n\n\n\n<p><a href=\"https:\/\/laperlaaustral.com.ar\/guerra-malvinas\/capitulo-xv-conclusiones-finales\/\"> Cap\u00edtulo XV &#8211; Conclusiones finales <\/a><\/p>\n\n\n\n<ul><li> \u00a0Acta  de constancia de finalizaci\u00f3n de las tareas de la Comisi\u00f3n de  An\u00e1lisis y  Evaluaci\u00f3n de las responsabilidades en el conflicto del  Atl\u00e1ntico Sur <\/li><\/ul>\n","protected":false},"excerpt":{"rendered":"<p>I Parte \u2013 Introducci\u00f3n II Parte \u2013Antecedentes del conflicto Cap\u00edtulo I \u2013 Situaci\u00f3n genera Cap\u00edtulo II &#8211; Las negociaciones hasta el 02 de abril de 1982 Pronunciamientos internacionales a partir de 1965 Los contactos bilaterales La ronda de negociaciones de Nueva York\/81 La resoluci\u00f3n 502 del Consejo de Seguridad La resoluci\u00f3n 502 del Consejo de&hellip; <br \/> <a class=\"read-more\" href=\"https:\/\/laperlaaustral.com.ar\/guerra-malvinas\/informe-rattenbach\/\">Leer m\u00e1s<\/a><\/p>\n","protected":false},"author":2,"featured_media":0,"comment_status":"open","ping_status":"open","sticky":false,"template":"","format":"standard","meta":{"_monsterinsights_skip_tracking":false,"_monsterinsights_sitenote_active":false,"_monsterinsights_sitenote_note":"","_monsterinsights_sitenote_category":0,"footnotes":""},"categories":[548],"tags":[34,678],"yoast_head":"<!-- This site is optimized with the Yoast SEO plugin v23.4 - https:\/\/yoast.com\/wordpress\/plugins\/seo\/ -->\n<title>Informe Rattenbach - La Perla Austral<\/title>\n<meta name=\"robots\" content=\"index, follow, max-snippet:-1, max-image-preview:large, max-video-preview:-1\" \/>\n<link rel=\"canonical\" href=\"http:\/\/laperlaaustral.com.ar\/guerra-malvinas\/informe-rattenbach\/\" \/>\n<meta property=\"og:locale\" content=\"es_ES\" \/>\n<meta property=\"og:type\" content=\"article\" \/>\n<meta property=\"og:title\" content=\"Informe Rattenbach - La Perla Austral\" \/>\n<meta property=\"og:description\" content=\"I Parte \u2013 Introducci\u00f3n II Parte \u2013Antecedentes del conflicto Cap\u00edtulo I \u2013 Situaci\u00f3n genera Cap\u00edtulo II &#8211; Las negociaciones hasta el 02 de abril de 1982 Pronunciamientos internacionales a partir de 1965 Los contactos bilaterales La ronda de negociaciones de Nueva York\/81 La resoluci\u00f3n 502 del Consejo de Seguridad La resoluci\u00f3n 502 del Consejo de&hellip; Leer m\u00e1s\" \/>\n<meta property=\"og:url\" content=\"http:\/\/laperlaaustral.com.ar\/guerra-malvinas\/informe-rattenbach\/\" \/>\n<meta property=\"og:site_name\" content=\"La Perla Austral\" \/>\n<meta property=\"article:publisher\" content=\"https:\/\/www.facebook.com\/La-Perla-Austra-487959322032195\" \/>\n<meta property=\"article:published_time\" content=\"2019-07-11T20:03:36+00:00\" \/>\n<meta property=\"article:modified_time\" content=\"2019-07-19T09:12:53+00:00\" \/>\n<meta name=\"author\" content=\"GomRam\" \/>\n<meta name=\"twitter:card\" content=\"summary_large_image\" \/>\n<meta name=\"twitter:label1\" content=\"Escrito por\" \/>\n\t<meta name=\"twitter:data1\" content=\"GomRam\" \/>\n\t<meta name=\"twitter:label2\" content=\"Tiempo de lectura\" \/>\n\t<meta name=\"twitter:data2\" content=\"2 minutos\" \/>\n<script type=\"application\/ld+json\" class=\"yoast-schema-graph\">{\"@context\":\"https:\/\/schema.org\",\"@graph\":[{\"@type\":\"WebPage\",\"@id\":\"http:\/\/laperlaaustral.com.ar\/guerra-malvinas\/informe-rattenbach\/\",\"url\":\"http:\/\/laperlaaustral.com.ar\/guerra-malvinas\/informe-rattenbach\/\",\"name\":\"Informe Rattenbach - La Perla Austral\",\"isPartOf\":{\"@id\":\"http:\/\/laperlaaustral.com.ar\/guerra-malvinas\/#website\"},\"datePublished\":\"2019-07-11T20:03:36+00:00\",\"dateModified\":\"2019-07-19T09:12:53+00:00\",\"author\":{\"@id\":\"http:\/\/laperlaaustral.com.ar\/guerra-malvinas\/#\/schema\/person\/cccf8f0904f83654d5f2d5380e4eb4b9\"},\"breadcrumb\":{\"@id\":\"http:\/\/laperlaaustral.com.ar\/guerra-malvinas\/informe-rattenbach\/#breadcrumb\"},\"inLanguage\":\"es\",\"potentialAction\":[{\"@type\":\"ReadAction\",\"target\":[\"http:\/\/laperlaaustral.com.ar\/guerra-malvinas\/informe-rattenbach\/\"]}]},{\"@type\":\"BreadcrumbList\",\"@id\":\"http:\/\/laperlaaustral.com.ar\/guerra-malvinas\/informe-rattenbach\/#breadcrumb\",\"itemListElement\":[{\"@type\":\"ListItem\",\"position\":1,\"name\":\"Portada\",\"item\":\"https:\/\/laperlaaustral.com.ar\/guerra-malvinas\/\"},{\"@type\":\"ListItem\",\"position\":2,\"name\":\"Informe Rattenbach\"}]},{\"@type\":\"WebSite\",\"@id\":\"http:\/\/laperlaaustral.com.ar\/guerra-malvinas\/#website\",\"url\":\"http:\/\/laperlaaustral.com.ar\/guerra-malvinas\/\",\"name\":\"La Perla Austral\",\"description\":\"Guerra de Malvinas 1982\",\"potentialAction\":[{\"@type\":\"SearchAction\",\"target\":{\"@type\":\"EntryPoint\",\"urlTemplate\":\"http:\/\/laperlaaustral.com.ar\/guerra-malvinas\/?s={search_term_string}\"},\"query-input\":{\"@type\":\"PropertyValueSpecification\",\"valueRequired\":true,\"valueName\":\"search_term_string\"}}],\"inLanguage\":\"es\"},{\"@type\":\"Person\",\"@id\":\"http:\/\/laperlaaustral.com.ar\/guerra-malvinas\/#\/schema\/person\/cccf8f0904f83654d5f2d5380e4eb4b9\",\"name\":\"GomRam\",\"image\":{\"@type\":\"ImageObject\",\"inLanguage\":\"es\",\"@id\":\"http:\/\/laperlaaustral.com.ar\/guerra-malvinas\/#\/schema\/person\/image\/\",\"url\":\"https:\/\/secure.gravatar.com\/avatar\/a0f191abb2983305e8a2e850573cb20a?s=96&d=mm&r=g\",\"contentUrl\":\"https:\/\/secure.gravatar.com\/avatar\/a0f191abb2983305e8a2e850573cb20a?s=96&d=mm&r=g\",\"caption\":\"GomRam\"},\"url\":\"https:\/\/laperlaaustral.com.ar\/guerra-malvinas\/author\/ac000164\/\"}]}<\/script>\n<!-- \/ Yoast SEO plugin. -->","yoast_head_json":{"title":"Informe Rattenbach - La Perla Austral","robots":{"index":"index","follow":"follow","max-snippet":"max-snippet:-1","max-image-preview":"max-image-preview:large","max-video-preview":"max-video-preview:-1"},"canonical":"http:\/\/laperlaaustral.com.ar\/guerra-malvinas\/informe-rattenbach\/","og_locale":"es_ES","og_type":"article","og_title":"Informe Rattenbach - La Perla Austral","og_description":"I Parte \u2013 Introducci\u00f3n II Parte \u2013Antecedentes del conflicto Cap\u00edtulo I \u2013 Situaci\u00f3n genera Cap\u00edtulo II &#8211; Las negociaciones hasta el 02 de abril de 1982 Pronunciamientos internacionales a partir de 1965 Los contactos bilaterales La ronda de negociaciones de Nueva York\/81 La resoluci\u00f3n 502 del Consejo de Seguridad La resoluci\u00f3n 502 del Consejo de&hellip; Leer m\u00e1s","og_url":"http:\/\/laperlaaustral.com.ar\/guerra-malvinas\/informe-rattenbach\/","og_site_name":"La Perla Austral","article_publisher":"https:\/\/www.facebook.com\/La-Perla-Austra-487959322032195","article_published_time":"2019-07-11T20:03:36+00:00","article_modified_time":"2019-07-19T09:12:53+00:00","author":"GomRam","twitter_card":"summary_large_image","twitter_misc":{"Escrito por":"GomRam","Tiempo de lectura":"2 minutos"},"schema":{"@context":"https:\/\/schema.org","@graph":[{"@type":"WebPage","@id":"http:\/\/laperlaaustral.com.ar\/guerra-malvinas\/informe-rattenbach\/","url":"http:\/\/laperlaaustral.com.ar\/guerra-malvinas\/informe-rattenbach\/","name":"Informe Rattenbach - La Perla Austral","isPartOf":{"@id":"http:\/\/laperlaaustral.com.ar\/guerra-malvinas\/#website"},"datePublished":"2019-07-11T20:03:36+00:00","dateModified":"2019-07-19T09:12:53+00:00","author":{"@id":"http:\/\/laperlaaustral.com.ar\/guerra-malvinas\/#\/schema\/person\/cccf8f0904f83654d5f2d5380e4eb4b9"},"breadcrumb":{"@id":"http:\/\/laperlaaustral.com.ar\/guerra-malvinas\/informe-rattenbach\/#breadcrumb"},"inLanguage":"es","potentialAction":[{"@type":"ReadAction","target":["http:\/\/laperlaaustral.com.ar\/guerra-malvinas\/informe-rattenbach\/"]}]},{"@type":"BreadcrumbList","@id":"http:\/\/laperlaaustral.com.ar\/guerra-malvinas\/informe-rattenbach\/#breadcrumb","itemListElement":[{"@type":"ListItem","position":1,"name":"Portada","item":"https:\/\/laperlaaustral.com.ar\/guerra-malvinas\/"},{"@type":"ListItem","position":2,"name":"Informe Rattenbach"}]},{"@type":"WebSite","@id":"http:\/\/laperlaaustral.com.ar\/guerra-malvinas\/#website","url":"http:\/\/laperlaaustral.com.ar\/guerra-malvinas\/","name":"La Perla Austral","description":"Guerra de Malvinas 1982","potentialAction":[{"@type":"SearchAction","target":{"@type":"EntryPoint","urlTemplate":"http:\/\/laperlaaustral.com.ar\/guerra-malvinas\/?s={search_term_string}"},"query-input":{"@type":"PropertyValueSpecification","valueRequired":true,"valueName":"search_term_string"}}],"inLanguage":"es"},{"@type":"Person","@id":"http:\/\/laperlaaustral.com.ar\/guerra-malvinas\/#\/schema\/person\/cccf8f0904f83654d5f2d5380e4eb4b9","name":"GomRam","image":{"@type":"ImageObject","inLanguage":"es","@id":"http:\/\/laperlaaustral.com.ar\/guerra-malvinas\/#\/schema\/person\/image\/","url":"https:\/\/secure.gravatar.com\/avatar\/a0f191abb2983305e8a2e850573cb20a?s=96&d=mm&r=g","contentUrl":"https:\/\/secure.gravatar.com\/avatar\/a0f191abb2983305e8a2e850573cb20a?s=96&d=mm&r=g","caption":"GomRam"},"url":"https:\/\/laperlaaustral.com.ar\/guerra-malvinas\/author\/ac000164\/"}]}},"_links":{"self":[{"href":"https:\/\/laperlaaustral.com.ar\/guerra-malvinas\/wp-json\/wp\/v2\/posts\/1267"}],"collection":[{"href":"https:\/\/laperlaaustral.com.ar\/guerra-malvinas\/wp-json\/wp\/v2\/posts"}],"about":[{"href":"https:\/\/laperlaaustral.com.ar\/guerra-malvinas\/wp-json\/wp\/v2\/types\/post"}],"author":[{"embeddable":true,"href":"https:\/\/laperlaaustral.com.ar\/guerra-malvinas\/wp-json\/wp\/v2\/users\/2"}],"replies":[{"embeddable":true,"href":"https:\/\/laperlaaustral.com.ar\/guerra-malvinas\/wp-json\/wp\/v2\/comments?post=1267"}],"version-history":[{"count":15,"href":"https:\/\/laperlaaustral.com.ar\/guerra-malvinas\/wp-json\/wp\/v2\/posts\/1267\/revisions"}],"predecessor-version":[{"id":2772,"href":"https:\/\/laperlaaustral.com.ar\/guerra-malvinas\/wp-json\/wp\/v2\/posts\/1267\/revisions\/2772"}],"wp:attachment":[{"href":"https:\/\/laperlaaustral.com.ar\/guerra-malvinas\/wp-json\/wp\/v2\/media?parent=1267"}],"wp:term":[{"taxonomy":"category","embeddable":true,"href":"https:\/\/laperlaaustral.com.ar\/guerra-malvinas\/wp-json\/wp\/v2\/categories?post=1267"},{"taxonomy":"post_tag","embeddable":true,"href":"https:\/\/laperlaaustral.com.ar\/guerra-malvinas\/wp-json\/wp\/v2\/tags?post=1267"}],"curies":[{"name":"wp","href":"https:\/\/api.w.org\/{rel}","templated":true}]}}