{"id":1254,"date":"2019-07-11T19:47:38","date_gmt":"2019-07-11T19:47:38","guid":{"rendered":"https:\/\/laperlaaustral.com.ar\/guerra-malvinas\/?p=1254"},"modified":"2019-07-19T08:02:58","modified_gmt":"2019-07-19T08:02:58","slug":"capitulo-xi-responsabilidades-en-el-nivel-estrategico-operacional","status":"publish","type":"post","link":"https:\/\/laperlaaustral.com.ar\/guerra-malvinas\/capitulo-xi-responsabilidades-en-el-nivel-estrategico-operacional\/","title":{"rendered":"Cap\u00edtulo XI &#8211; Responsabilidades en el nivel estrat\u00e9gico operacional"},"content":{"rendered":"\n<p>Cap\u00edtulo XI &#8211; Responsabilidades en el nivel estrat\u00e9gico operacional<\/p>\n\n\n\n<p>814. En el presente Cap\u00edtulo se analizar\u00e1n las responsabilidades de los Comandantes de nivel estrat\u00e9gico operacional, a saber:<br> <br> a. Comandante del Teatro de Operaciones Malvinas (TOM).<br> <br> b. Comandante del Teatro de Operaciones Atl\u00e1ntico Sur (TOAS).<br> <br> C. Comandante A\u00e9reo Estrat\u00e9gico (CAE).<br> <br> d. Comandante A\u00e9reo de Transporte (CAT).<br> <br> e. Comandante A\u00e9reo de Defensa (CAD).<br> <br> f. Centro de Operaciones Conjuntas (CEOPECON).<br> <br> <br> <br> Comandante del Teatro de Operaciones Malvinas (CTOM) <br> <br> <br>\n 815. El comandante del TOM, con los medios asignados para la \nrecuperaci\u00f3n de las Islas Malvinas cumpli\u00f3 la misi\u00f3n sin inconvenientes y\n respetando los criterios impuestos por la Superioridad, por medio del \nPlan Esquem\u00e1tico de campa\u00f1a del Teatro de Operaciones Malvinas, en cuya \noperaci\u00f3n intervino como miembro de la Comisi\u00f3n de Trabajo.<br> <br> \n816. Las diferencias observadas en la planificaci\u00f3n del TOM, que han \nsido analizadas en el Cap\u00edtulo III, p\u00e1rrafos 148 y 149, influyeron en \nlas operaciones, pero dado el breve lapso transcurrido entre la \nrecepci\u00f3n del Plan y su fecha de ejecuci\u00f3n, el CTOM no corrigi\u00f3 dichas \ndeficiencias.<br> <br> 817. No se le atribuyen responsabilidades penales.<br> <br> <br> <br> <br> Comandante del Teatro de Operaciones Atl\u00e1ntico Sur (CTOAS) <br> <br> <br>\n 818. El Comandante del TOAS, como titular del Comando Operacional m\u00e1s \nimportante en el Conflicto, dados su jurisdicci\u00f3n y el hecho de \ndepender\u00eda la Guarnici\u00f3n Militar Malvinas (GMM), de cuya suerte el \nresultado del Conflicto b\u00e9lico era funci\u00f3n directa, es responsable de:<br> <br>\n a. CONCEBIR UNA ESTRATEGIA OPERACIONAL DESPROVISTA DE AGRESIVIDAD QUE, \nDE HABER EXISTIDO, HABRIA CAUSADO DESGASTE, INCONVENIENTES Y ESFUERZOS \nAL ENEMIGO, LIMIT\u00c1NDOLE EL DOMINIO ABSOLUTO DEL MAR SUS PROPOSICIONES \nCOMO COMANDANTE DEL TOAS, AL SER APROBADAS POR EL COMIL, SIGNIFICARON NO\n PROPORCIONAR APOYO NAVAL AL CGMM Y NO PROCURAR EVITAR SU AISLAMIENTO, \nIMPIDIENDO PALIAR ASI SUS NECESIDADES LOGISTICAS, TODO LO CUAL AFECTO EL\n CUMPLIMIENTO DE SU MISION DE CONSOLIDAR LA ZONA INSULAR RECONQUISTADA, \nIMPEDIR SU RECUPERACION POR EL ENEMIGO Y APOYAR LAS ACCIONES DEL \nGOBIERNO MILITAR.<br> <br> Lo expresado precedentemente se funda, \nb\u00e1sicamente, en los cap\u00edtulos y t\u00edtulos que se detallan a continuaci\u00f3n y\n en los elementos de juicio en que estos se sustentan:<br> <br> 1) Cap\u00edtulo VI, t\u00edtulo LOS PLANES CONTRIBUYENTES; el Plan Esquem\u00e1tico del TOAS.<br> <br> 2) Cap\u00edtulo VII, t\u00edtulo EL ACCIONAR DE LAS FUERZAS PROPIAS;<br> <br> El Comandante TOAS.<br> <br> 3) Cap\u00edtulo VIII, t\u00edtulo FALLAS EN LA CONDUCCION.<br> <br>\n b. MANTENER BAJO CONTROL OPERACIONAL DEL COMANDANTE DEL COMPONENTE \nNAVAL Y DEL COMPONENTE EJERCITO DE LA GMM, LOS MEDIOS AEREOS ESPECIFICOS\n DESPLEGADOS.EN LAS ISLAS, CUANDO LO RAZONABLE HABRIA SIDO AGRUPAR A \nTODOS ELLOS BAJO UN COMANDO UNIFICADO, DADOS LA E REDUCIDO DEL TO.<br> <br>\n Lo expresado precedentemente se funda, b\u00e1sicamente, en los cap\u00edtulos y \nt\u00edtulos que se detallan a continuaci\u00f3n y en los ele mentos de juicio en \nque \u00e9stos se sustentan:<br> <br> c. ATACAR AL ENEMIGO CUANDO ESTUVIESE \nAFERRADO, LO CUAL UUUKKIU EN SAN CARLOS ENTRE LOS DIAS 21 Y 26 DE MAYO, \nDURANTE EL ESTABLECIMIENTO Y CONSOLIDACION DE LA CABEZA DE PLAYA \nENEMIGA.<br> <br> Lo expresado precedentemente se funda, b\u00e1sicamente, en\n los cap\u00edtulos y t\u00edtulos que se detallan a continuaci\u00f3n y en los \nelementos de juicio en que \u00e9stos se sustentan:<br> <br> 1) Cap\u00edtulo VI, t\u00edtulo LOS PLANES CONTRIBUYENTES; el Plan Esquem\u00e1tico del TOAS.<br> <br> 2) Cap\u00edtulo VII, t\u00edtulo EL ACCIONAR DE LAS FUERZAS PROPIAS; El Comandante TOAS.<br> <br> 3) Cap\u00edtulo VIII, t\u00edtulo FALLAS EN LA CONDUCCION.<br> <br>\n d. NO RECLAMAR DEBIDAMENTE, DE ACUERDO CON SUS NECESIDADES POR EL HECHO\n DE QUE EL TOAS, DESDE SU CONSTITUCION, ERA UN COMANDO OPERACIONAL QUE \nESTABA ORGANIZADO CON ATRIBUCIONES Y MEDIOS RESTRINGIDOS LA INTEGRACION \nDE UN VERDADERO COMANDO CONJUNTO.<br> <br> Lo expresado precedentemente \nse funda en los cap\u00edtulos y t\u00edtulos que se detallan a continuaci\u00f3n y en \nlos elementos de juicio en que \u00e9stos se sustentan:<br> <br> 1) Cap\u00edtulo VI, t\u00edtulo LOS PLANES CONTRIBUYENTES; El Plan Esquem\u00e1tico del TOAS.<br> <br> 2) Cap\u00edtulo VII, t\u00edtulo EL ACCIONAR DE LAS FUERZAS PROPIAS;<br> <br> El Comandante TOAS.<br> <br> 3) Cap\u00edtulo VIII, t\u00edtulo FALLAS EN LA CONDUCCION.<br> <br>\n e. NO HABER REQUERIDO DEBIDAMENTE, DE PARTE DEL COMIL, LA ADECUADA \nORGANIZACION DE LOS MEDIOS AEREOS QUE ACTUABAN EN EL AREA DE SU \nRESPONSABILIDAD, CON LO QUE SE PROVOCO DISPERSION DEL ESFUERZO, \nFRICCIONES ENTRE LOS DISTINTOS COMANDOS Y AFECTACION DE LA ACCION \nCONJUNTA.<br> <br> Lo expresado precedentemente se funda, b\u00e1sicamente, \nen los cap\u00edtulos y t\u00edtulos que se detallan a continuaci\u00f3n y en los \nelementos de juicio en que \u00e9stos se sustentan:<br> <br> 1) Capitulo VI, t\u00edtulo LOS PLANES CONTRIBUYENTES; El Plan Esquem\u00e1tico del TOAS.<br> <br> 2) Cap\u00edtulo VII, t\u00edtulo EL ACCIONAR DE LAS FUERZAS PROPIAS; El Comandante TOAS.<br> <br> 3) Cap\u00edtulo VIII, t\u00edtulo FALLAS EN LA CONDUCCION.<br> <br>\n F. NO ELABORARA UNA CONCEPCION ESTRATEGICA OPERACIONAL INTEGRAL, \nDETALLANDO EL EMPLEO CONJUNTO DE LOS TRES COMPONENTES DEL PODER MILITAR,\n EN TIEMPO Y ESPACIO.<br> <br> Lo expresado precedentemente se funda, \nb\u00e1sicamente, en los cap\u00edtulos y t\u00edtulos que se detallan a continuaci\u00f3n y\n en los elementos de juicio en que \u00e9stos se sustentan:<br> <br> 1) Cap\u00edtulo VI, t\u00edtulo LOS PLANES CONTRIBUYENTES; El Plan Esquem\u00e1tico del TOAS.<br> <br> 2) Cap\u00edtulo VIII, t\u00edtulo FALLAS EN LA CONDUCCION.<br> <br>\n G. IMPARTIR AL PERSONAL SUPERIOR DESTACADO EN GRYTVIKEN, ORDENES \nRELATIVAS A LA DEFENSA DEL OBJETIVO, CUYO CUMPLIMIENTO SE HALLABA EN \nPUGNA CON LAS NORMAS DEL CODIGO DE JUSTICIA MILITAR.<br> <br> Lo \nexpresado precedentemente se funda, b\u00e1sicamente, en los cap\u00edtulos y \nt\u00edtulos que se detallan a continuaci\u00f3n y en los elementos de juicio en \nque \u00e9stos se sustentan:<br> <br> 1) Cap\u00edtulo VII, t\u00edtulo EL ACCIONAR DE LAS FUERZAS PROPIAS; El Comandante TOAS.<br> <br> 2) Declaraci\u00f3n del VL JUAN JOSE LOMBARDO.<br> <br> 819. En el ejercicio de la conducci\u00f3n, como Comandante Superior operativo, revel\u00f3 las siguientes falencias:<br> <br>\n a. FALTO SU PRESENCIA, DURANTE EL PERIODO DE OPERACIONES EN LA GMM, \nPARA APRECIAR IN SITU LOS PROBLEMAS REALES QUE NO PODIA CONOCER \nEXCLUSIVAMENTE A TRAV\u00c9S DE MENSAJES Y CONVERSACIONES TELEF\u00d3NICAS. \nADEMAS, SU PRESENCIA HABRIA SIDO NECESARIA PARA ESTIMULAR A SUS COMANDOS\n Y TROPAS SUBORDINADOS.<br> <br> Lo expresado precedentemente se funda, \nb\u00e1sicamente, en los cap\u00edtulos y t\u00edtulos que se detallan a continuaci\u00f3n y\n en los elementos de juicio en que \u00e9stos se sustentan:<br> <br> 1) Cap\u00edtulo VII, t\u00edtulo EL ACCIONAR DE LAS FUERZAS PROPIAS; El Comandante TOAS.<br> <br> 2) Cap\u00edtulo VIII, t\u00edtulo FALLAS EN LA CONDUCCION.<br> <br>\n b. NO EJERCI\u00d3 TODA LA AUTORIDAD DE SU COMANDO CON SU ESTADO MAYOR \nDEBIDAMENTE INTEGRADO, PUES EL CGMM; COMANDANTE SUBORDINADO- OMIT\u00edA \nSOBRE LA MARCHA DE SUS OPERACIONES.<br> <br> Lo expresado \nprecedentemente se funda en los cap\u00edtulos y t\u00edtulos que se detallan a \ncontinuaci\u00f3n y en los elementos de juicio en que \u00e9stos se sustentan:<br> <br> 1) Cap\u00edtulo VII, t\u00edtulo EL ACCIONAR DE LAS FUERZAS PROPIAS; El Comandante TOAS.<br> <br> 2) Cap\u00edtulo VIII, t\u00edtulo FALLAS EN LA CONDUCCION.<br> <br> c. NO CONTROLO LA CONCRECION, POR PARTE DEL CGMM, DEL PLAN CONTRIBUYENTE A SU PROPIO PLAN DE CAMPA\u00d1A.<br> <br>\n Lo expresado precedentemente se funda, b\u00e1sicamente, en los cap\u00edtulos y \nt\u00edtulos que se detallan a continuaci\u00f3n y en los elementos de juicio en \nque \u00e9stos se sustentan:<br> <br> 1) Cap\u00edtulo VII, t\u00edtulo EL ACCIONAR DE LAS FUERZAS PROPIAS; El Comandante TOAS.<br> <br> <br> <br> <br> Comandante A\u00e9reo Estrat\u00e9gico (CAE) <br> <br> <br>\n 820. Si bien desempe\u00f1\u00f3 normalmente sus funciones, permiti\u00f3 una excesiva\n libertad a la FAS, y, al asignarle un \u00e1mbito jurisdiccional superpuesto\n con el TOAS, no control\u00f3 estrechamente la relaci\u00f3n entre su Comando \nsubordinado y el TOAS.<br> <br> 821. No se le atribuyen responsabilidades penales.<br> <br> <br> <br> <br> Comandante A\u00e9reo de Transporte (CAT) <br> <br> <br>\n 822. El Comandante A\u00e9reo de Transporte -cuyo organismo fue constituido a\n partir del d\u00eda 06-ABR-82, para satisfacer las necesidades log\u00edsticas de\n Puerto Argentino- organiz\u00f3 un puente a\u00e9reo entre el continente y las \nIslas, que permiti\u00f3 paliar las deficiencias de abasteciminto al \nimplantarse el bloqueo naval brit\u00e1nico.<br> <br> 823. No se le atribuyen responsabilidades.<br> <br> <br> <br> <br> Comandante A\u00e9reo de Defensa (CAD) <br> <br> <br>\n 824. El Comandante A\u00e9reo de Defensa, al tener una jurisdicci\u00f3n \noperacional exclusivamente en territorio continental, no tuvo una \nactuaci\u00f3n b\u00e9lica directa en las operaciones, si bien organiz\u00f3 y despleg\u00f3\n sus medios de acuerdo con la situaci\u00f3n imperante.<br> <br> 825. No se le atribuyen responsabilidades.<br> <br> <br> <br> <br> Centro de Operaciones Conjuntas (CEOPECON) <br> <br> <br>\n 826. Este organismo creado, tard\u00edamente, por el COMIL para ANALIZAR Y \nDECIDIR LAS OPERACIONES NECESARIAS PARA EL LOGRO DEL OBJETIVO \nPROPUESTO:, no alcanz\u00f3 a concretar xxx prop\u00f3sito. Sus integrantes son \nresponsables de:<br> <br> 1. NO SOLUCIONAR LOS PROBLEMAS EXISTENTES, YA QUE FUESE EN EL TOAS O EN LA GMM. FUERON CAUSAS CONTRIBUYENTES DE ELLO: <br> <br>\n 1. Atender casi exclusivamente los problemas y necesidades log\u00edsticas, \nsiendo que el prop\u00f3sito de su creaci\u00f3n lo orientaba fundamentalmente a \nlo XXXXXnal. <br> <br> 2. NO REQUERIR DEL COMIL LAS NECESARIAS Y MAS \nCONVENIENTES MODIFICACIONES, FUNDAMENTALMENTE ORGANICAS, PARA EL \nCUMPLIMIENTO DE SU MISION, NI ADECUAR, EN IGUAL SENTIDO, LA CONCEPCION \nESTRATEGICA OPERACIONAL, REITERANDO CON ELLO LAS DEFICIENCIAS SE\u00d1ALADAS A\n LA CONDUCCION ANTERIOR. <br> <br> Lo expresado precedentemente se \nfunda, b\u00e1sicamente, en los cap\u00edtulos y t\u00edtulos que se detallan a \ncontinuaci\u00f3n y en los elementos de juicio en que \u00e9stos se sustentan:<br> <br> 1) Cap\u00edtulo VII, t\u00edtulos EL ACCIONAR DE LAS FUERZAS PROPIAS, CEOPECON.<br> <br> 2) Cap\u00edtulo VIII, t\u00edtulo FALLAS EN LA CONDUCCION.<br> <br>\n b. NO HACER EFECTIVA SU PRESENCIA COMO INTEGRANTES DEL CENTRO EN LA \nGMM, PARA CERCIORARSE IN SITU DE LOS PROBLEMAS EXISTENTES Y ESTIMULAR, \nASI, A LAS FUERZAS DESPLEGADAS EN LAS ISLAS. SU AUSENCIA DEL ESCENARIO \nEFECTIVO DE LAS OPERACIONES FUE LA CAUSA PRINCIPAL DEL DESCONOCIMIENTO \nDE LA SITUACION REAL DE LAS FUERZAS EMPE\u00d1ADAS EN LAS ISLAS, TODO LO CUAL\n SE TRADUJO, TAMBIEN, EN QUE EL COMIL DESCONOCIERA LAS VERDADERAS \nCIRCUNSTANCIAS OPERACIONALES Y TACTICAS QUE SE VIVIAN EN ELLAS.<br> <br>\n DEBIDO A ESTO SE IMPARTIERON ORDENES DE IMPOSIBLE CUMPLIMIENTO PARA LAS\n FUERZAS EN OPERACIONES, Y LA CAIDA DE PUERTO ARGENTINO CONSTITUYO, POR \nLO RAPIDO E INESPERADO UNA SORPRESA PARA EL PAIS, CON SUS GRAVES EFECTOS\n NEGATIVOS.<br> <br> Lo expresado precedentemente se funda, b\u00e1sicamente \nen los cap\u00edtulos y t\u00edtulos que se detallan a continuaci\u00f3n y en,los \nelementos de juicio en que \u00e9stos se sustentan:<br> <br> 1) Cap\u00edtulo VII t\u00edtulos EL ACCIONAR DE LAS FUERZAS CEOPECON Y-LA ACCION PSICOLOGICA.<br> <br> 2) Cap\u00edtulo VIII t\u00edtulo FALLAS EN LA CONDUCCION&#8217;.<br> <br>\n 827. El CEOPECON era un organismo colegiado por lo que debe asignarse a\n cada uno de sus integrantes igual responsabilidad, EXCEPTO EN LO \nATINENTE A LAS xxxxxx XXXXXXX PROVENIENTES DEL COMADANTE EN JEFE DEL \nEJERCITO Y SIN CONOCIMIENTO XXX CONSULTA DEL CEOPECON, EL Gral de Div. \nOSVALDO GARCIA TRANSMITIDO EN FORMA DIRECTA AL COMANDANTE DE LA GMM.<br> <br>\n Esto \u00faltimo se funda en el Cap\u00edtulo y t\u00edtulo que se detalla a \ncontinuaci\u00f3n y en los elementos de juicio en que \u00e9ste se sustenta:<br> <br> 1. Cap\u00edtulo VII, t\u00edtulo XXXXXX DE LAS FUERZAS PROPIAS, CEOPECON. <br> <br> <br> FIRMAS DE LOS MILITARES ACTUANTES<\/p>\n","protected":false},"excerpt":{"rendered":"<p>Cap\u00edtulo XI &#8211; Responsabilidades en el nivel estrat\u00e9gico operacional 814. En el presente Cap\u00edtulo se analizar\u00e1n las responsabilidades de los Comandantes de nivel estrat\u00e9gico operacional, a saber: a. Comandante del Teatro de Operaciones Malvinas (TOM). b. Comandante del Teatro de Operaciones Atl\u00e1ntico Sur (TOAS). C. Comandante A\u00e9reo Estrat\u00e9gico (CAE). d. Comandante A\u00e9reo de Transporte (CAT).&hellip; <br \/> <a class=\"read-more\" href=\"https:\/\/laperlaaustral.com.ar\/guerra-malvinas\/capitulo-xi-responsabilidades-en-el-nivel-estrategico-operacional\/\">Leer m\u00e1s<\/a><\/p>\n","protected":false},"author":2,"featured_media":661,"comment_status":"open","ping_status":"open","sticky":false,"template":"","format":"standard","meta":{"_monsterinsights_skip_tracking":false,"_monsterinsights_sitenote_active":false,"_monsterinsights_sitenote_note":"","_monsterinsights_sitenote_category":0,"footnotes":""},"categories":[552],"tags":[34,678],"yoast_head":"<!-- This site is optimized with the Yoast SEO plugin v23.4 - https:\/\/yoast.com\/wordpress\/plugins\/seo\/ -->\n<title>Cap\u00edtulo XI - Responsabilidades en el nivel estrat\u00e9gico operacional -<\/title>\n<meta name=\"description\" content=\"Responsabilidades en el nivel estrat\u00e9gico operacional, se analizar\u00e1n las responsabilidades de los Comandantes de nivel estrat\u00e9gico operacional, a saber:\" \/>\n<meta name=\"robots\" content=\"index, follow, max-snippet:-1, max-image-preview:large, max-video-preview:-1\" \/>\n<link rel=\"canonical\" href=\"http:\/\/laperlaaustral.com.ar\/guerra-malvinas\/capitulo-xi-responsabilidades-en-el-nivel-estrategico-operacional\/\" \/>\n<meta property=\"og:locale\" content=\"es_ES\" \/>\n<meta property=\"og:type\" content=\"article\" \/>\n<meta property=\"og:title\" content=\"Cap\u00edtulo XI - Responsabilidades en el nivel estrat\u00e9gico operacional -\" \/>\n<meta property=\"og:description\" content=\"Responsabilidades en el nivel estrat\u00e9gico operacional, se analizar\u00e1n las responsabilidades de los Comandantes de nivel estrat\u00e9gico operacional, a saber:\" \/>\n<meta property=\"og:url\" content=\"http:\/\/laperlaaustral.com.ar\/guerra-malvinas\/capitulo-xi-responsabilidades-en-el-nivel-estrategico-operacional\/\" \/>\n<meta property=\"og:site_name\" content=\"La Perla Austral\" \/>\n<meta property=\"article:publisher\" content=\"https:\/\/www.facebook.com\/La-Perla-Austra-487959322032195\" \/>\n<meta property=\"article:published_time\" content=\"2019-07-11T19:47:38+00:00\" \/>\n<meta property=\"article:modified_time\" content=\"2019-07-19T08:02:58+00:00\" \/>\n<meta property=\"og:image\" content=\"http:\/\/laperlaaustral.com.ar\/guerra-malvinas\/wp-content\/uploads\/2019\/06\/Informe_Rattenbach.jpg\" \/>\n\t<meta property=\"og:image:width\" content=\"320\" \/>\n\t<meta property=\"og:image:height\" content=\"443\" \/>\n\t<meta property=\"og:image:type\" content=\"image\/jpeg\" \/>\n<meta name=\"author\" content=\"GomRam\" \/>\n<meta name=\"twitter:card\" content=\"summary_large_image\" \/>\n<meta name=\"twitter:label1\" content=\"Escrito por\" \/>\n\t<meta name=\"twitter:data1\" content=\"GomRam\" \/>\n\t<meta name=\"twitter:label2\" content=\"Tiempo de lectura\" \/>\n\t<meta name=\"twitter:data2\" content=\"9 minutos\" \/>\n<script type=\"application\/ld+json\" class=\"yoast-schema-graph\">{\"@context\":\"https:\/\/schema.org\",\"@graph\":[{\"@type\":\"WebPage\",\"@id\":\"http:\/\/laperlaaustral.com.ar\/guerra-malvinas\/capitulo-xi-responsabilidades-en-el-nivel-estrategico-operacional\/\",\"url\":\"http:\/\/laperlaaustral.com.ar\/guerra-malvinas\/capitulo-xi-responsabilidades-en-el-nivel-estrategico-operacional\/\",\"name\":\"Cap\u00edtulo XI - Responsabilidades en el nivel estrat\u00e9gico operacional -\",\"isPartOf\":{\"@id\":\"http:\/\/laperlaaustral.com.ar\/guerra-malvinas\/#website\"},\"primaryImageOfPage\":{\"@id\":\"http:\/\/laperlaaustral.com.ar\/guerra-malvinas\/capitulo-xi-responsabilidades-en-el-nivel-estrategico-operacional\/#primaryimage\"},\"image\":{\"@id\":\"http:\/\/laperlaaustral.com.ar\/guerra-malvinas\/capitulo-xi-responsabilidades-en-el-nivel-estrategico-operacional\/#primaryimage\"},\"thumbnailUrl\":\"https:\/\/laperlaaustral.com.ar\/guerra-malvinas\/wp-content\/uploads\/2019\/06\/Informe_Rattenbach.jpg\",\"datePublished\":\"2019-07-11T19:47:38+00:00\",\"dateModified\":\"2019-07-19T08:02:58+00:00\",\"author\":{\"@id\":\"http:\/\/laperlaaustral.com.ar\/guerra-malvinas\/#\/schema\/person\/cccf8f0904f83654d5f2d5380e4eb4b9\"},\"description\":\"Responsabilidades en el nivel estrat\u00e9gico operacional, se analizar\u00e1n las responsabilidades de los Comandantes de nivel estrat\u00e9gico operacional, a saber:\",\"breadcrumb\":{\"@id\":\"http:\/\/laperlaaustral.com.ar\/guerra-malvinas\/capitulo-xi-responsabilidades-en-el-nivel-estrategico-operacional\/#breadcrumb\"},\"inLanguage\":\"es\",\"potentialAction\":[{\"@type\":\"ReadAction\",\"target\":[\"http:\/\/laperlaaustral.com.ar\/guerra-malvinas\/capitulo-xi-responsabilidades-en-el-nivel-estrategico-operacional\/\"]}]},{\"@type\":\"ImageObject\",\"inLanguage\":\"es\",\"@id\":\"http:\/\/laperlaaustral.com.ar\/guerra-malvinas\/capitulo-xi-responsabilidades-en-el-nivel-estrategico-operacional\/#primaryimage\",\"url\":\"https:\/\/laperlaaustral.com.ar\/guerra-malvinas\/wp-content\/uploads\/2019\/06\/Informe_Rattenbach.jpg\",\"contentUrl\":\"https:\/\/laperlaaustral.com.ar\/guerra-malvinas\/wp-content\/uploads\/2019\/06\/Informe_Rattenbach.jpg\",\"width\":320,\"height\":443,\"caption\":\"La perla austral guerra de Malvinas 1982 cartas de malvinas, Informe Rattenbach\"},{\"@type\":\"BreadcrumbList\",\"@id\":\"http:\/\/laperlaaustral.com.ar\/guerra-malvinas\/capitulo-xi-responsabilidades-en-el-nivel-estrategico-operacional\/#breadcrumb\",\"itemListElement\":[{\"@type\":\"ListItem\",\"position\":1,\"name\":\"Portada\",\"item\":\"https:\/\/laperlaaustral.com.ar\/guerra-malvinas\/\"},{\"@type\":\"ListItem\",\"position\":2,\"name\":\"Cap\u00edtulo XI &#8211; Responsabilidades en el nivel estrat\u00e9gico operacional\"}]},{\"@type\":\"WebSite\",\"@id\":\"http:\/\/laperlaaustral.com.ar\/guerra-malvinas\/#website\",\"url\":\"http:\/\/laperlaaustral.com.ar\/guerra-malvinas\/\",\"name\":\"La Perla Austral\",\"description\":\"Guerra de Malvinas 1982\",\"potentialAction\":[{\"@type\":\"SearchAction\",\"target\":{\"@type\":\"EntryPoint\",\"urlTemplate\":\"http:\/\/laperlaaustral.com.ar\/guerra-malvinas\/?s={search_term_string}\"},\"query-input\":{\"@type\":\"PropertyValueSpecification\",\"valueRequired\":true,\"valueName\":\"search_term_string\"}}],\"inLanguage\":\"es\"},{\"@type\":\"Person\",\"@id\":\"http:\/\/laperlaaustral.com.ar\/guerra-malvinas\/#\/schema\/person\/cccf8f0904f83654d5f2d5380e4eb4b9\",\"name\":\"GomRam\",\"image\":{\"@type\":\"ImageObject\",\"inLanguage\":\"es\",\"@id\":\"http:\/\/laperlaaustral.com.ar\/guerra-malvinas\/#\/schema\/person\/image\/\",\"url\":\"https:\/\/secure.gravatar.com\/avatar\/a0f191abb2983305e8a2e850573cb20a?s=96&d=mm&r=g\",\"contentUrl\":\"https:\/\/secure.gravatar.com\/avatar\/a0f191abb2983305e8a2e850573cb20a?s=96&d=mm&r=g\",\"caption\":\"GomRam\"},\"url\":\"https:\/\/laperlaaustral.com.ar\/guerra-malvinas\/author\/ac000164\/\"}]}<\/script>\n<!-- \/ Yoast SEO plugin. -->","yoast_head_json":{"title":"Cap\u00edtulo XI - Responsabilidades en el nivel estrat\u00e9gico operacional -","description":"Responsabilidades en el nivel estrat\u00e9gico operacional, se analizar\u00e1n las responsabilidades de los Comandantes de nivel estrat\u00e9gico operacional, a saber:","robots":{"index":"index","follow":"follow","max-snippet":"max-snippet:-1","max-image-preview":"max-image-preview:large","max-video-preview":"max-video-preview:-1"},"canonical":"http:\/\/laperlaaustral.com.ar\/guerra-malvinas\/capitulo-xi-responsabilidades-en-el-nivel-estrategico-operacional\/","og_locale":"es_ES","og_type":"article","og_title":"Cap\u00edtulo XI - Responsabilidades en el nivel estrat\u00e9gico operacional -","og_description":"Responsabilidades en el nivel estrat\u00e9gico operacional, se analizar\u00e1n las responsabilidades de los Comandantes de nivel estrat\u00e9gico operacional, a saber:","og_url":"http:\/\/laperlaaustral.com.ar\/guerra-malvinas\/capitulo-xi-responsabilidades-en-el-nivel-estrategico-operacional\/","og_site_name":"La Perla Austral","article_publisher":"https:\/\/www.facebook.com\/La-Perla-Austra-487959322032195","article_published_time":"2019-07-11T19:47:38+00:00","article_modified_time":"2019-07-19T08:02:58+00:00","og_image":[{"width":320,"height":443,"url":"http:\/\/laperlaaustral.com.ar\/guerra-malvinas\/wp-content\/uploads\/2019\/06\/Informe_Rattenbach.jpg","type":"image\/jpeg"}],"author":"GomRam","twitter_card":"summary_large_image","twitter_misc":{"Escrito por":"GomRam","Tiempo de lectura":"9 minutos"},"schema":{"@context":"https:\/\/schema.org","@graph":[{"@type":"WebPage","@id":"http:\/\/laperlaaustral.com.ar\/guerra-malvinas\/capitulo-xi-responsabilidades-en-el-nivel-estrategico-operacional\/","url":"http:\/\/laperlaaustral.com.ar\/guerra-malvinas\/capitulo-xi-responsabilidades-en-el-nivel-estrategico-operacional\/","name":"Cap\u00edtulo XI - Responsabilidades en el nivel estrat\u00e9gico operacional -","isPartOf":{"@id":"http:\/\/laperlaaustral.com.ar\/guerra-malvinas\/#website"},"primaryImageOfPage":{"@id":"http:\/\/laperlaaustral.com.ar\/guerra-malvinas\/capitulo-xi-responsabilidades-en-el-nivel-estrategico-operacional\/#primaryimage"},"image":{"@id":"http:\/\/laperlaaustral.com.ar\/guerra-malvinas\/capitulo-xi-responsabilidades-en-el-nivel-estrategico-operacional\/#primaryimage"},"thumbnailUrl":"https:\/\/laperlaaustral.com.ar\/guerra-malvinas\/wp-content\/uploads\/2019\/06\/Informe_Rattenbach.jpg","datePublished":"2019-07-11T19:47:38+00:00","dateModified":"2019-07-19T08:02:58+00:00","author":{"@id":"http:\/\/laperlaaustral.com.ar\/guerra-malvinas\/#\/schema\/person\/cccf8f0904f83654d5f2d5380e4eb4b9"},"description":"Responsabilidades en el nivel estrat\u00e9gico operacional, se analizar\u00e1n las responsabilidades de los Comandantes de nivel estrat\u00e9gico operacional, a saber:","breadcrumb":{"@id":"http:\/\/laperlaaustral.com.ar\/guerra-malvinas\/capitulo-xi-responsabilidades-en-el-nivel-estrategico-operacional\/#breadcrumb"},"inLanguage":"es","potentialAction":[{"@type":"ReadAction","target":["http:\/\/laperlaaustral.com.ar\/guerra-malvinas\/capitulo-xi-responsabilidades-en-el-nivel-estrategico-operacional\/"]}]},{"@type":"ImageObject","inLanguage":"es","@id":"http:\/\/laperlaaustral.com.ar\/guerra-malvinas\/capitulo-xi-responsabilidades-en-el-nivel-estrategico-operacional\/#primaryimage","url":"https:\/\/laperlaaustral.com.ar\/guerra-malvinas\/wp-content\/uploads\/2019\/06\/Informe_Rattenbach.jpg","contentUrl":"https:\/\/laperlaaustral.com.ar\/guerra-malvinas\/wp-content\/uploads\/2019\/06\/Informe_Rattenbach.jpg","width":320,"height":443,"caption":"La perla austral guerra de Malvinas 1982 cartas de malvinas, Informe Rattenbach"},{"@type":"BreadcrumbList","@id":"http:\/\/laperlaaustral.com.ar\/guerra-malvinas\/capitulo-xi-responsabilidades-en-el-nivel-estrategico-operacional\/#breadcrumb","itemListElement":[{"@type":"ListItem","position":1,"name":"Portada","item":"https:\/\/laperlaaustral.com.ar\/guerra-malvinas\/"},{"@type":"ListItem","position":2,"name":"Cap\u00edtulo XI &#8211; Responsabilidades en el nivel estrat\u00e9gico operacional"}]},{"@type":"WebSite","@id":"http:\/\/laperlaaustral.com.ar\/guerra-malvinas\/#website","url":"http:\/\/laperlaaustral.com.ar\/guerra-malvinas\/","name":"La Perla Austral","description":"Guerra de Malvinas 1982","potentialAction":[{"@type":"SearchAction","target":{"@type":"EntryPoint","urlTemplate":"http:\/\/laperlaaustral.com.ar\/guerra-malvinas\/?s={search_term_string}"},"query-input":{"@type":"PropertyValueSpecification","valueRequired":true,"valueName":"search_term_string"}}],"inLanguage":"es"},{"@type":"Person","@id":"http:\/\/laperlaaustral.com.ar\/guerra-malvinas\/#\/schema\/person\/cccf8f0904f83654d5f2d5380e4eb4b9","name":"GomRam","image":{"@type":"ImageObject","inLanguage":"es","@id":"http:\/\/laperlaaustral.com.ar\/guerra-malvinas\/#\/schema\/person\/image\/","url":"https:\/\/secure.gravatar.com\/avatar\/a0f191abb2983305e8a2e850573cb20a?s=96&d=mm&r=g","contentUrl":"https:\/\/secure.gravatar.com\/avatar\/a0f191abb2983305e8a2e850573cb20a?s=96&d=mm&r=g","caption":"GomRam"},"url":"https:\/\/laperlaaustral.com.ar\/guerra-malvinas\/author\/ac000164\/"}]}},"_links":{"self":[{"href":"https:\/\/laperlaaustral.com.ar\/guerra-malvinas\/wp-json\/wp\/v2\/posts\/1254"}],"collection":[{"href":"https:\/\/laperlaaustral.com.ar\/guerra-malvinas\/wp-json\/wp\/v2\/posts"}],"about":[{"href":"https:\/\/laperlaaustral.com.ar\/guerra-malvinas\/wp-json\/wp\/v2\/types\/post"}],"author":[{"embeddable":true,"href":"https:\/\/laperlaaustral.com.ar\/guerra-malvinas\/wp-json\/wp\/v2\/users\/2"}],"replies":[{"embeddable":true,"href":"https:\/\/laperlaaustral.com.ar\/guerra-malvinas\/wp-json\/wp\/v2\/comments?post=1254"}],"version-history":[{"count":1,"href":"https:\/\/laperlaaustral.com.ar\/guerra-malvinas\/wp-json\/wp\/v2\/posts\/1254\/revisions"}],"predecessor-version":[{"id":1255,"href":"https:\/\/laperlaaustral.com.ar\/guerra-malvinas\/wp-json\/wp\/v2\/posts\/1254\/revisions\/1255"}],"wp:featuredmedia":[{"embeddable":true,"href":"https:\/\/laperlaaustral.com.ar\/guerra-malvinas\/wp-json\/wp\/v2\/media\/661"}],"wp:attachment":[{"href":"https:\/\/laperlaaustral.com.ar\/guerra-malvinas\/wp-json\/wp\/v2\/media?parent=1254"}],"wp:term":[{"taxonomy":"category","embeddable":true,"href":"https:\/\/laperlaaustral.com.ar\/guerra-malvinas\/wp-json\/wp\/v2\/categories?post=1254"},{"taxonomy":"post_tag","embeddable":true,"href":"https:\/\/laperlaaustral.com.ar\/guerra-malvinas\/wp-json\/wp\/v2\/tags?post=1254"}],"curies":[{"name":"wp","href":"https:\/\/api.w.org\/{rel}","templated":true}]}}