{"id":1243,"date":"2019-07-11T19:41:22","date_gmt":"2019-07-11T19:41:22","guid":{"rendered":"https:\/\/laperlaaustral.com.ar\/guerra-malvinas\/?p=1243"},"modified":"2019-07-19T09:27:11","modified_gmt":"2019-07-19T09:27:11","slug":"iii-parte-evaluacion-y-analisis-critico","status":"publish","type":"post","link":"https:\/\/laperlaaustral.com.ar\/guerra-malvinas\/iii-parte-evaluacion-y-analisis-critico\/","title":{"rendered":"III Parte &#8211; Evaluaci\u00f3n y an\u00e1lisis cr\u00edtico"},"content":{"rendered":"\n<p><em>III Parte &#8211; Evaluaci\u00f3n y an\u00e1lisis cr\u00edtico<\/em><\/p>\n\n\n\n<p><a href=\"https:\/\/laperlaaustral.com.ar\/guerra-malvinas\/capitulo-vii-el-accionar-de-las-fuerzas-propias\/\">Cap\u00edtulo VII &#8211; El accionar de las fuerzas propias<\/a><\/p>\n\n\n\n<ul><li>&nbsp;El accionar de los Comandantes en Jefe<\/li><li>&nbsp;El accionar de los Comandantes Operacionales<\/li><li>&nbsp;El accionar de los Comandantes de Nivel T\u00e1ctico<\/li><li>&nbsp;El accionar de otros medios propios<\/li><li>&nbsp;La inteligencia estrat\u00e9gica<\/li><li>&nbsp;La logstica<\/li><li>&nbsp;La acci\u00f3n psicol\u00f3gica (AS)<\/li><li>&nbsp;El costo humano y material de la guerra<\/li><\/ul>\n\n\n\n<p><a href=\"https:\/\/laperlaaustral.com.ar\/guerra-malvinas\/capitulo-viii-las-causas-de-la-derrota\/\">Cap\u00edtulo VIII &#8211; Las causas de la derrota<\/a><\/p>\n\n\n\n<ul><li>&nbsp;Fallas de orden pol\u00edtico<\/li><li>&nbsp;Fallas en el planeamiento<\/li><li>&nbsp;Fallas en la conducci\u00f3n<\/li><li>&nbsp;Fallas en la oportunidad<\/li><\/ul>\n\n\n\n<p><a href=\"https:\/\/laperlaaustral.com.ar\/guerra-malvinas\/capitulo-v-las-negociaciones-a-partir-del-dia-02-de-abril-de-1982-1\/\">Cap\u00edtulo V &#8211; Las negociaciones a partir del d\u00eda 02 de abril de 1982 (1)<\/a><\/p>\n\n\n\n<p><a href=\"https:\/\/laperlaaustral.com.ar\/guerra-malvinas\/capitulo-vi-el-planeamiento-contribuyente\/\">Cap\u00edtulo VI &#8211; El planeamiento contribuyente<\/a><\/p>\n\n\n\n<p><a href=\"https:\/\/laperlaaustral.com.ar\/guerra-malvinas\/informe-rattenbach\/\">Indice<\/a><\/p>\n","protected":false},"excerpt":{"rendered":"<p>III Parte &#8211; Evaluaci\u00f3n y an\u00e1lisis cr\u00edtico Cap\u00edtulo VII &#8211; El accionar de las fuerzas propias &nbsp;El accionar de los Comandantes en Jefe &nbsp;El accionar de los Comandantes Operacionales &nbsp;El accionar de los Comandantes de Nivel T\u00e1ctico &nbsp;El accionar de otros medios propios &nbsp;La inteligencia estrat\u00e9gica &nbsp;La logstica &nbsp;La acci\u00f3n psicol\u00f3gica (AS) &nbsp;El costo humano&hellip; <br \/> <a class=\"read-more\" href=\"https:\/\/laperlaaustral.com.ar\/guerra-malvinas\/iii-parte-evaluacion-y-analisis-critico\/\">Leer m\u00e1s<\/a><\/p>\n","protected":false},"author":2,"featured_media":661,"comment_status":"open","ping_status":"open","sticky":false,"template":"","format":"standard","meta":{"_monsterinsights_skip_tracking":false,"_monsterinsights_sitenote_active":false,"_monsterinsights_sitenote_note":"","_monsterinsights_sitenote_category":0,"footnotes":""},"categories":[551],"tags":[34,678],"yoast_head":"<!-- This site is optimized with the Yoast SEO plugin v23.4 - https:\/\/yoast.com\/wordpress\/plugins\/seo\/ -->\n<title>III Parte - Evaluaci\u00f3n y an\u00e1lisis cr\u00edtico - La Perla Austral<\/title>\n<meta name=\"description\" content=\"Evaluaci\u00f3n y an\u00e1lisis cr\u00edtico, El accionar de las fuerzas propias, Las causas de la derrota de la Guerra de Malvinas, El accionar de las fuerzas propias\" \/>\n<meta name=\"robots\" content=\"index, follow, max-snippet:-1, max-image-preview:large, max-video-preview:-1\" \/>\n<link rel=\"canonical\" href=\"http:\/\/laperlaaustral.com.ar\/guerra-malvinas\/iii-parte-evaluacion-y-analisis-critico\/\" \/>\n<meta property=\"og:locale\" content=\"es_ES\" \/>\n<meta property=\"og:type\" content=\"article\" \/>\n<meta property=\"og:title\" content=\"III Parte - Evaluaci\u00f3n y an\u00e1lisis cr\u00edtico - La Perla Austral\" \/>\n<meta property=\"og:description\" content=\"Evaluaci\u00f3n y an\u00e1lisis cr\u00edtico, El accionar de las fuerzas propias, Las causas de la derrota de la Guerra de Malvinas, El accionar de las fuerzas propias\" \/>\n<meta property=\"og:url\" content=\"http:\/\/laperlaaustral.com.ar\/guerra-malvinas\/iii-parte-evaluacion-y-analisis-critico\/\" \/>\n<meta property=\"og:site_name\" content=\"La Perla Austral\" \/>\n<meta property=\"article:publisher\" content=\"https:\/\/www.facebook.com\/La-Perla-Austra-487959322032195\" \/>\n<meta property=\"article:published_time\" content=\"2019-07-11T19:41:22+00:00\" \/>\n<meta property=\"article:modified_time\" content=\"2019-07-19T09:27:11+00:00\" \/>\n<meta property=\"og:image\" content=\"http:\/\/laperlaaustral.com.ar\/guerra-malvinas\/wp-content\/uploads\/2019\/06\/Informe_Rattenbach.jpg\" \/>\n\t<meta property=\"og:image:width\" content=\"320\" \/>\n\t<meta property=\"og:image:height\" content=\"443\" \/>\n\t<meta property=\"og:image:type\" content=\"image\/jpeg\" \/>\n<meta name=\"author\" content=\"GomRam\" \/>\n<meta name=\"twitter:card\" content=\"summary_large_image\" \/>\n<meta name=\"twitter:label1\" content=\"Escrito por\" \/>\n\t<meta name=\"twitter:data1\" content=\"GomRam\" \/>\n\t<meta name=\"twitter:label2\" content=\"Tiempo de lectura\" \/>\n\t<meta name=\"twitter:data2\" content=\"1 minuto\" \/>\n<script type=\"application\/ld+json\" class=\"yoast-schema-graph\">{\"@context\":\"https:\/\/schema.org\",\"@graph\":[{\"@type\":\"WebPage\",\"@id\":\"http:\/\/laperlaaustral.com.ar\/guerra-malvinas\/iii-parte-evaluacion-y-analisis-critico\/\",\"url\":\"http:\/\/laperlaaustral.com.ar\/guerra-malvinas\/iii-parte-evaluacion-y-analisis-critico\/\",\"name\":\"III Parte - Evaluaci\u00f3n y an\u00e1lisis cr\u00edtico - La Perla Austral\",\"isPartOf\":{\"@id\":\"http:\/\/laperlaaustral.com.ar\/guerra-malvinas\/#website\"},\"primaryImageOfPage\":{\"@id\":\"http:\/\/laperlaaustral.com.ar\/guerra-malvinas\/iii-parte-evaluacion-y-analisis-critico\/#primaryimage\"},\"image\":{\"@id\":\"http:\/\/laperlaaustral.com.ar\/guerra-malvinas\/iii-parte-evaluacion-y-analisis-critico\/#primaryimage\"},\"thumbnailUrl\":\"https:\/\/laperlaaustral.com.ar\/guerra-malvinas\/wp-content\/uploads\/2019\/06\/Informe_Rattenbach.jpg\",\"datePublished\":\"2019-07-11T19:41:22+00:00\",\"dateModified\":\"2019-07-19T09:27:11+00:00\",\"author\":{\"@id\":\"http:\/\/laperlaaustral.com.ar\/guerra-malvinas\/#\/schema\/person\/cccf8f0904f83654d5f2d5380e4eb4b9\"},\"description\":\"Evaluaci\u00f3n y an\u00e1lisis cr\u00edtico, El accionar de las fuerzas propias, Las causas de la derrota de la Guerra de Malvinas, El accionar de las fuerzas propias\",\"breadcrumb\":{\"@id\":\"http:\/\/laperlaaustral.com.ar\/guerra-malvinas\/iii-parte-evaluacion-y-analisis-critico\/#breadcrumb\"},\"inLanguage\":\"es\",\"potentialAction\":[{\"@type\":\"ReadAction\",\"target\":[\"http:\/\/laperlaaustral.com.ar\/guerra-malvinas\/iii-parte-evaluacion-y-analisis-critico\/\"]}]},{\"@type\":\"ImageObject\",\"inLanguage\":\"es\",\"@id\":\"http:\/\/laperlaaustral.com.ar\/guerra-malvinas\/iii-parte-evaluacion-y-analisis-critico\/#primaryimage\",\"url\":\"https:\/\/laperlaaustral.com.ar\/guerra-malvinas\/wp-content\/uploads\/2019\/06\/Informe_Rattenbach.jpg\",\"contentUrl\":\"https:\/\/laperlaaustral.com.ar\/guerra-malvinas\/wp-content\/uploads\/2019\/06\/Informe_Rattenbach.jpg\",\"width\":320,\"height\":443,\"caption\":\"La perla austral guerra de Malvinas 1982 cartas de malvinas, Informe Rattenbach\"},{\"@type\":\"BreadcrumbList\",\"@id\":\"http:\/\/laperlaaustral.com.ar\/guerra-malvinas\/iii-parte-evaluacion-y-analisis-critico\/#breadcrumb\",\"itemListElement\":[{\"@type\":\"ListItem\",\"position\":1,\"name\":\"Portada\",\"item\":\"https:\/\/laperlaaustral.com.ar\/guerra-malvinas\/\"},{\"@type\":\"ListItem\",\"position\":2,\"name\":\"III Parte &#8211; Evaluaci\u00f3n y an\u00e1lisis cr\u00edtico\"}]},{\"@type\":\"WebSite\",\"@id\":\"http:\/\/laperlaaustral.com.ar\/guerra-malvinas\/#website\",\"url\":\"http:\/\/laperlaaustral.com.ar\/guerra-malvinas\/\",\"name\":\"La Perla Austral\",\"description\":\"Guerra de Malvinas 1982\",\"potentialAction\":[{\"@type\":\"SearchAction\",\"target\":{\"@type\":\"EntryPoint\",\"urlTemplate\":\"http:\/\/laperlaaustral.com.ar\/guerra-malvinas\/?s={search_term_string}\"},\"query-input\":{\"@type\":\"PropertyValueSpecification\",\"valueRequired\":true,\"valueName\":\"search_term_string\"}}],\"inLanguage\":\"es\"},{\"@type\":\"Person\",\"@id\":\"http:\/\/laperlaaustral.com.ar\/guerra-malvinas\/#\/schema\/person\/cccf8f0904f83654d5f2d5380e4eb4b9\",\"name\":\"GomRam\",\"image\":{\"@type\":\"ImageObject\",\"inLanguage\":\"es\",\"@id\":\"http:\/\/laperlaaustral.com.ar\/guerra-malvinas\/#\/schema\/person\/image\/\",\"url\":\"https:\/\/secure.gravatar.com\/avatar\/a0f191abb2983305e8a2e850573cb20a?s=96&d=mm&r=g\",\"contentUrl\":\"https:\/\/secure.gravatar.com\/avatar\/a0f191abb2983305e8a2e850573cb20a?s=96&d=mm&r=g\",\"caption\":\"GomRam\"},\"url\":\"https:\/\/laperlaaustral.com.ar\/guerra-malvinas\/author\/ac000164\/\"}]}<\/script>\n<!-- \/ Yoast SEO plugin. -->","yoast_head_json":{"title":"III Parte - Evaluaci\u00f3n y an\u00e1lisis cr\u00edtico - La Perla Austral","description":"Evaluaci\u00f3n y an\u00e1lisis cr\u00edtico, El accionar de las fuerzas propias, Las causas de la derrota de la Guerra de Malvinas, El accionar de las fuerzas propias","robots":{"index":"index","follow":"follow","max-snippet":"max-snippet:-1","max-image-preview":"max-image-preview:large","max-video-preview":"max-video-preview:-1"},"canonical":"http:\/\/laperlaaustral.com.ar\/guerra-malvinas\/iii-parte-evaluacion-y-analisis-critico\/","og_locale":"es_ES","og_type":"article","og_title":"III Parte - Evaluaci\u00f3n y an\u00e1lisis cr\u00edtico - La Perla Austral","og_description":"Evaluaci\u00f3n y an\u00e1lisis cr\u00edtico, El accionar de las fuerzas propias, Las causas de la derrota de la Guerra de Malvinas, El accionar de las fuerzas propias","og_url":"http:\/\/laperlaaustral.com.ar\/guerra-malvinas\/iii-parte-evaluacion-y-analisis-critico\/","og_site_name":"La Perla Austral","article_publisher":"https:\/\/www.facebook.com\/La-Perla-Austra-487959322032195","article_published_time":"2019-07-11T19:41:22+00:00","article_modified_time":"2019-07-19T09:27:11+00:00","og_image":[{"width":320,"height":443,"url":"http:\/\/laperlaaustral.com.ar\/guerra-malvinas\/wp-content\/uploads\/2019\/06\/Informe_Rattenbach.jpg","type":"image\/jpeg"}],"author":"GomRam","twitter_card":"summary_large_image","twitter_misc":{"Escrito por":"GomRam","Tiempo de lectura":"1 minuto"},"schema":{"@context":"https:\/\/schema.org","@graph":[{"@type":"WebPage","@id":"http:\/\/laperlaaustral.com.ar\/guerra-malvinas\/iii-parte-evaluacion-y-analisis-critico\/","url":"http:\/\/laperlaaustral.com.ar\/guerra-malvinas\/iii-parte-evaluacion-y-analisis-critico\/","name":"III Parte - Evaluaci\u00f3n y an\u00e1lisis cr\u00edtico - La Perla Austral","isPartOf":{"@id":"http:\/\/laperlaaustral.com.ar\/guerra-malvinas\/#website"},"primaryImageOfPage":{"@id":"http:\/\/laperlaaustral.com.ar\/guerra-malvinas\/iii-parte-evaluacion-y-analisis-critico\/#primaryimage"},"image":{"@id":"http:\/\/laperlaaustral.com.ar\/guerra-malvinas\/iii-parte-evaluacion-y-analisis-critico\/#primaryimage"},"thumbnailUrl":"https:\/\/laperlaaustral.com.ar\/guerra-malvinas\/wp-content\/uploads\/2019\/06\/Informe_Rattenbach.jpg","datePublished":"2019-07-11T19:41:22+00:00","dateModified":"2019-07-19T09:27:11+00:00","author":{"@id":"http:\/\/laperlaaustral.com.ar\/guerra-malvinas\/#\/schema\/person\/cccf8f0904f83654d5f2d5380e4eb4b9"},"description":"Evaluaci\u00f3n y an\u00e1lisis cr\u00edtico, El accionar de las fuerzas propias, Las causas de la derrota de la Guerra de Malvinas, El accionar de las fuerzas propias","breadcrumb":{"@id":"http:\/\/laperlaaustral.com.ar\/guerra-malvinas\/iii-parte-evaluacion-y-analisis-critico\/#breadcrumb"},"inLanguage":"es","potentialAction":[{"@type":"ReadAction","target":["http:\/\/laperlaaustral.com.ar\/guerra-malvinas\/iii-parte-evaluacion-y-analisis-critico\/"]}]},{"@type":"ImageObject","inLanguage":"es","@id":"http:\/\/laperlaaustral.com.ar\/guerra-malvinas\/iii-parte-evaluacion-y-analisis-critico\/#primaryimage","url":"https:\/\/laperlaaustral.com.ar\/guerra-malvinas\/wp-content\/uploads\/2019\/06\/Informe_Rattenbach.jpg","contentUrl":"https:\/\/laperlaaustral.com.ar\/guerra-malvinas\/wp-content\/uploads\/2019\/06\/Informe_Rattenbach.jpg","width":320,"height":443,"caption":"La perla austral guerra de Malvinas 1982 cartas de malvinas, Informe Rattenbach"},{"@type":"BreadcrumbList","@id":"http:\/\/laperlaaustral.com.ar\/guerra-malvinas\/iii-parte-evaluacion-y-analisis-critico\/#breadcrumb","itemListElement":[{"@type":"ListItem","position":1,"name":"Portada","item":"https:\/\/laperlaaustral.com.ar\/guerra-malvinas\/"},{"@type":"ListItem","position":2,"name":"III Parte &#8211; Evaluaci\u00f3n y an\u00e1lisis cr\u00edtico"}]},{"@type":"WebSite","@id":"http:\/\/laperlaaustral.com.ar\/guerra-malvinas\/#website","url":"http:\/\/laperlaaustral.com.ar\/guerra-malvinas\/","name":"La Perla Austral","description":"Guerra de Malvinas 1982","potentialAction":[{"@type":"SearchAction","target":{"@type":"EntryPoint","urlTemplate":"http:\/\/laperlaaustral.com.ar\/guerra-malvinas\/?s={search_term_string}"},"query-input":{"@type":"PropertyValueSpecification","valueRequired":true,"valueName":"search_term_string"}}],"inLanguage":"es"},{"@type":"Person","@id":"http:\/\/laperlaaustral.com.ar\/guerra-malvinas\/#\/schema\/person\/cccf8f0904f83654d5f2d5380e4eb4b9","name":"GomRam","image":{"@type":"ImageObject","inLanguage":"es","@id":"http:\/\/laperlaaustral.com.ar\/guerra-malvinas\/#\/schema\/person\/image\/","url":"https:\/\/secure.gravatar.com\/avatar\/a0f191abb2983305e8a2e850573cb20a?s=96&d=mm&r=g","contentUrl":"https:\/\/secure.gravatar.com\/avatar\/a0f191abb2983305e8a2e850573cb20a?s=96&d=mm&r=g","caption":"GomRam"},"url":"https:\/\/laperlaaustral.com.ar\/guerra-malvinas\/author\/ac000164\/"}]}},"_links":{"self":[{"href":"https:\/\/laperlaaustral.com.ar\/guerra-malvinas\/wp-json\/wp\/v2\/posts\/1243"}],"collection":[{"href":"https:\/\/laperlaaustral.com.ar\/guerra-malvinas\/wp-json\/wp\/v2\/posts"}],"about":[{"href":"https:\/\/laperlaaustral.com.ar\/guerra-malvinas\/wp-json\/wp\/v2\/types\/post"}],"author":[{"embeddable":true,"href":"https:\/\/laperlaaustral.com.ar\/guerra-malvinas\/wp-json\/wp\/v2\/users\/2"}],"replies":[{"embeddable":true,"href":"https:\/\/laperlaaustral.com.ar\/guerra-malvinas\/wp-json\/wp\/v2\/comments?post=1243"}],"version-history":[{"count":4,"href":"https:\/\/laperlaaustral.com.ar\/guerra-malvinas\/wp-json\/wp\/v2\/posts\/1243\/revisions"}],"predecessor-version":[{"id":2780,"href":"https:\/\/laperlaaustral.com.ar\/guerra-malvinas\/wp-json\/wp\/v2\/posts\/1243\/revisions\/2780"}],"wp:featuredmedia":[{"embeddable":true,"href":"https:\/\/laperlaaustral.com.ar\/guerra-malvinas\/wp-json\/wp\/v2\/media\/661"}],"wp:attachment":[{"href":"https:\/\/laperlaaustral.com.ar\/guerra-malvinas\/wp-json\/wp\/v2\/media?parent=1243"}],"wp:term":[{"taxonomy":"category","embeddable":true,"href":"https:\/\/laperlaaustral.com.ar\/guerra-malvinas\/wp-json\/wp\/v2\/categories?post=1243"},{"taxonomy":"post_tag","embeddable":true,"href":"https:\/\/laperlaaustral.com.ar\/guerra-malvinas\/wp-json\/wp\/v2\/tags?post=1243"}],"curies":[{"name":"wp","href":"https:\/\/api.w.org\/{rel}","templated":true}]}}