{"id":1064,"date":"2019-06-30T12:00:05","date_gmt":"2019-06-30T12:00:05","guid":{"rendered":"https:\/\/laperlaaustral.com.ar\/guerra-malvinas\/?p=1064"},"modified":"2019-06-30T12:00:08","modified_gmt":"2019-06-30T12:00:08","slug":"grupo-de-operaciones-especiales","status":"publish","type":"post","link":"https:\/\/laperlaaustral.com.ar\/guerra-malvinas\/grupo-de-operaciones-especiales\/","title":{"rendered":"Grupo de Operaciones Especiales"},"content":{"rendered":"\n<p><strong> Guerra de Malvinas Fuerza Aerea<\/strong><\/p>\n\n\n\n<table class=\"wp-block-table\"><tbody><tr><td><strong><em> Grupo de Operaciones Especiales <\/em><\/strong><br>Son  los Comandos de la Fuerza A\u00e9rea, especialistas en paracaidismo, buceo  t\u00e1ctico, tiro, resistencia f\u00edsica, entrenados para realizar dif\u00edciles  misiones en las l\u00edneas enemigas, con peque\u00f1os grupos de hombres. Para  nosotros son simplemente \u00ablos come vidrio\u00bb por sus costumbres de  disfrutar del peligro, las privaciones y todo lo que sea sufrimiento  f\u00edsico. <br><br>Relata: 1er.Teniente Spadano<br> (Miembro del Grupo de Operaciones<br> Especiales- G.O.E.)<\/td><\/tr><\/tbody><\/table>\n\n\n\n<p> La  actividad inusitada en nuestra Base nos indicaba que algo no era  normal, que pronto vivir\u00edamos algo \u00abgordo\u00bb y nuestro instinto no fall\u00f3.<\/p>\n\n\n\n<p>  En una sala hab\u00eda una mesa de arena, con la maqueta de una pista en una  pen\u00ednsula, rodeada de costas agrestes y agua. El \u00abTa\u00f1o\u00bb, por las dudas,  consigui\u00f3 una banderita Argentina y se la coloc\u00f3, quedaba muy bien.<\/p>\n\n\n\n<p> El 29 de Marzo nos reunieron y nuestro Jefe dijo simplemente. Esto no es un ejercicio, deberemos participar del Operativo &#8230;<\/p>\n\n\n\n<p> Acuartelamiento, un viajecito mental hacia la familia y a preparar el equipo.<br>  Suspendieron el 24 la misi\u00f3n, pero a las 21:00 hs. del d\u00eda 30 est\u00e1bamos  embarcados, bajo la triste mirada de quienes no hab\u00edan sido elegidos  para participar. <\/p>\n\n\n\n<p> De entre las sombras escuch\u00e9 el grito de \u00a1 Fuerza G.O.E., con todo !<br>  Llegamos a nuestra Base de redespliegue y enseguida me alcanzaron el  primer mate . . . \u00bfpor qu\u00e9 el mate?,&#8230;. seguramente por los nervios.<\/p>\n\n\n\n<p>  A las 05:00 horas de la ma\u00f1ana despegamos en un H\u00e9rcules C-130 al mando  del Comodoro Beltramone hacia Malvinas, el viaje se hizo en un pesado  silencio, luego vueltas y m\u00e1s vueltas, cerca de Puerto Argentino.<\/p>\n\n\n\n<p> Escuchamos por el parlante del avi\u00f3n<br> \u2014 \u00a1 No podemos aterrizar, se est\u00e1 combatiendo en el Aeropuerto, no han encendido las balizas<br> (como estaba previsto); hay una ametralladora 12,70 de ellos en la cabecera de pista !<br> Luego:<br> \u2014 \u00a1Atentos que ah\u00ed vamos; tomar los dispositivos de combate, Suboficial Barros, cubra puerta<br> derecha, Suboficial Mart\u00ednez la izquierda!<br> \u2014 \u00abAbrir puertas y bajar plataforma, atentos con la ametralladora de la cabecera, preparado el G.O.E. para el asalto, se est\u00e1 combatiendo duro.<\/p>\n\n\n\n<p>  Yo era el noveno en la fila que se aprestaba a descender, al frente se  encontraba nuestro jefe, masticando el freno, nervioso, al igual que  todos nosotros, con la boca seca, quiz\u00e1s tanto como el d\u00eda de nuestro  primer salto en paraca\u00eddas; los mismos empujones, las mismas caras y los  mismos gestos.<\/p>\n\n\n\n<p> Toc\u00f3 tierra el gigante mimetizado como nuestras  ropas, \u00a1 a tierra G.O.E. ! grit\u00f3 nuestro jefe y descendimos entre el  ruido de las explosiones de los morteros a lo lejos, y las r\u00e1fagas de  ametralladoras. Al rato ces\u00f3 todo, revisamos bien por si hab\u00eda trampas  cazabobos y nos instalamos en un hangar detr\u00e1s de la usina.<\/p>\n\n\n\n<p> El d\u00eda 3  de abril, deb\u00edamos regresar al continente, habiendo finalizado nuestra  misi\u00f3n, pero lleg\u00f3 la contraorden y nos quedamos en la Base A\u00e9rea  Militar Malvinas, dando instrucciones a las tropas de la Fuerza A\u00e9rea  Argentina, acantonados en las playas del aeropuerto, colaborando en la preparaci\u00f3n de las defensas, fabricando trampas explosivas.<br>  Construimos refugios, balizamos la pista, reparamos la h\u00e9lice del buque  \u00abCincel del Mar\u00bb al que se le hab\u00eda enredado all\u00ed la cadena de un buque  pesquero polaco. <\/p>\n\n\n\n<p>Dos buzos t\u00e1cticos del G.O.E, \u00abPen\u00e9lope\u00bb y el  \u00abWhisky\u00bb, utilizando equipos del cuartel de los Royal Marines, sin  tanques de ox\u00edgeno, levantaron la cadena fuera del agua que estaba  pr\u00f3xima a los 0 grados, cortaron un eslab\u00f3n y lo liberaron.<\/p>\n\n\n\n<p> A\u00fan  recuerdo cuando trabaj\u00e1bamos, ma\u00f1ana y tarde, fabricando nuestros  refugios y posiciones en la cantera y al pasar frente al aeropuerto con  palas, picos y herramientas varias, nos dec\u00edan sobradoramente<br> \u2014 \u00abAh\u00ed va el Escuadr\u00f3n Vialidad\u00bb.<br> Cuando cay\u00f3 la primera bomba se nos hizo chico el lugar para dar asilo a los graciosos.<br> Despu\u00e9s los ayudamos a construir los suyos.<\/p>\n\n\n\n<p>  El 29 de Abril a las 04:00 hs. de la ma\u00f1ana, hab\u00eda terminado su turno  de guardia el \u00abPerro\u00bb y se encontraban apostados \u00abCachincho\u00bb y \u00abRiqui\u00bb,  cuando una r\u00e1faga de ametralladora dibuj\u00f3 una recta en las chapas del  hangar. Todo el mundo alerta y al rodear unos tambores, encontramos a un  soldadito en cuclillas. ..<\/p>\n\n\n\n<p> Hab\u00eda sido un error de un centinela que  casi le cost\u00f3 la vida al \u00abPerro\u00bb que se salv\u00f3 porque se tir\u00f3 al suelo un  segundo antes que los disparos pasen por el lugar en donde antes estaba  su cabeza.<\/p>\n\n\n\n<p> Vino el Bautismo de Fuego en la madrugada del 1\u00ba de  Mayo, una bomba cay\u00f3 exactamente detr\u00e1s del hangar en el que estaban  \u00abPinchi\u00bb y \u00abYogurt\u00bb y otra al lado del vivac de la IX Brigada A\u00e9rea,  causando muertos y heridos.<\/p>\n\n\n\n<p> 07:30 horas, \u00a1\u00a1 alerta Roja por el Norte  !! y los Harriers le dieron a un hangar cerca de la planta de  combustible. La artiller\u00eda le peg\u00f3 a uno y el otro se fue humeando. <\/p>\n\n\n\n<p>  Nosotros ten\u00edamos dos aprendices de Dr\u00e1cula que dorm\u00edan en cajones,  pues dec\u00edan que eran m\u00e1s secos y confortables que nuestras cuevas (con  bolsas de dormir). En medio del bombardeo se despert\u00f3 el \u00abGaita\u00bb y  vimos, at\u00f3nitos, que se abr\u00eda la tapa del caj\u00f3n, como en las pel\u00edculas  de terror y asomaba su cabeza, con cara de no entender nada. <\/p>\n\n\n\n<p> \u2014Pepe: Gaita, estamos en pleno bombardeo.<br> \u2014Gaita: D\u00e9jate de bromas.<br> \u2014Pepe: Son Harriers.<br> \u2014Gaita: Deciles que me levanto m\u00e1s tarde.<br> &#8230; Y all\u00ed se dio cuenta que era real&#8230;&#8230;.. (Luego nos dir\u00eda que crey\u00f3 que era una pr\u00e1ctica de tiro de los Pucar\u00e1).<\/p>\n\n\n\n<p>  Inteligencia nos avis\u00f3 que estimaba bombardeo naval ingl\u00e9s a las 16:00  horas, lo que aparentemente era cierto, pues tres fragatas se instalaron  frente a Puerto Argentino.<\/p>\n\n\n\n<p> El \u00abGaita\u00bb y el \u00abPerro\u00bb, junto con el  Mayor Zeoli , salieron en un jeep con una rueda totalmente en llanta  hacia la pista, mientras el \u00abWhisky\u00bb miraba con unos largavistas.<\/p>\n\n\n\n<p> \u2014 \u00a1 Me c&#8230;.en la puntualidad inglesa !<br> \u2014\u00a1\u00a1\u00a1\u00a1booommm!!!,&#8230;.y el primer bombazo peg\u00f3 50 \u00f3 60 metros delante del Land Rover, que en un segundo qued\u00f3 s\u00f3lo y abandonado. Entraron a uno de los refugios.<\/p>\n\n\n\n<p> \u2014Gaita: Buenas, podemos pasar.<br> \u2014 Un Oficial: Adelante m&#8217;hijo&#8230;..<br> \u2014 Un soldado: Cabo Principal, tengo miedo.<br> \u2014 Gaita: Qu\u00e9date tranquilo&#8230;yo tambi\u00e9n, o te crees que porque use boina no&#8230;toma, f\u00famate uno.. Mientras tanto en la cantera, pegaditos a una elevaci\u00f3n<\/p>\n\n\n\n<p> \u2014 1er.Teniente Alzamora: \u00a1Cuernos!, est\u00e1n reglando (apuntando) hacia aqu\u00ed.<br> \u2014 Gato: Gallo, vayamos a las letrinas.<br> \u2014 Gallo: No espera &#8230;(Tres bombazos m\u00e1s)&#8230;<br> \u2014 Gato: Vamos Gallo&#8230;<\/p>\n\n\n\n<p> Ya se hab\u00eda ido.<br>  Algunas pepas (bombas) m\u00e1s y todo termin\u00f3, porque la Fuerza A\u00e9rea  Argentina atac\u00f3, dejando dos de las tres en llamas, la algarab\u00eda fue  total.<\/p>\n\n\n\n<p> Una noche:<br> -Gato: Se viene un torment\u00f3n.<br> -Ta\u00f1o: \u00bfVos est\u00e1s mal?<br> &#8211; Gato: \u00bfNo ves los rel\u00e1mpagos? (se ve\u00edan luces a lo lejos).<br> -Ta\u00f1o: \u00bfNo ves las estrellas?<br> -Gato: S\u00ed.<br> &#8230;.\u00a1\u00a1Fiiuuu \u2013 booommm!!!<br> -Gato: \u00a1 Se pudri\u00f3 todo !<\/p>\n\n\n\n<p> Toda esa noche m\u00fasica con las fragatas, al amanecer los Harriers.<br> Y todos los d\u00edas lo mismo.<\/p>\n\n\n\n<p> Pero nuestros C-130 llegaban igual \u00a1 \u00a1 que grande !!<br> El 22 de mayo nos ordenaron salir para analizar el potencial enemigo, cerca de Colorado Pond.<\/p>\n\n\n\n<p> El 23 fuimos hacia Moody Brook y nos embarcamos en dos helic\u00f3pteros.<br> 30 minutos m\u00e1s tarde desembarc\u00e1bamos cerca del lago Colorado Pond, establecimos un refugio a las \u00faltimas luces del atardecer.<\/p>\n\n\n\n<p>  Pusimos un bombero (vig\u00eda) en las alturas e iniciamos la marcha, en un  momento dado, tres horas de caminar, escuchamos el ruido de las palas de  un helic\u00f3ptero.<br> El caminar era muy dif\u00edcil, por la oscuridad, las rocas, el musgo y los pantanos, est\u00e1bamos mojados y hac\u00eda mucho fr\u00edo.<\/p>\n\n\n\n<p>  Nos ocultamos el 24 y la noche del 25 continuamos la marcha, un  helic\u00f3ptero ingl\u00e9s ya nos buscaba y del otro lado de las elevaciones  cada tanto se encend\u00eda una bengala.<br> Efectu\u00e1bamos observaci\u00f3n (inteligencia, b\u00fasqueda de informaci\u00f3n) durante el d\u00eda.<br> Apenas oscureci\u00f3 iniciamos nuevamente la marcha hasta la madrugada del 26. All\u00ed dejamos nueve hombres y seguimos 5 hasta el punto final ordenado, \u00e9ramos \u00abGallo\u00bb, \u00abPen\u00e9lope\u00bb, \u00abPerro\u00bb,<br> \u00abAmancay\u00bb y \u00abTa\u00f1o\u00bb.<\/p>\n\n\n\n<p>  Caminamos todo el 26 y parte del 27, llegamos a Monte Osborne y  efectuamos vigilancia. S\u00f3lo escuch\u00e1bamos sus helic\u00f3pteros, pues hab\u00eda  una niebla que no se ve\u00eda ni a diez metros.<\/p>\n\n\n\n<p> En la madrugada del 28 iniciamos el regreso.<br> Embarcamos todos en helic\u00f3ptero, menos \u00abLa Vieja\u00bb, el \u00abGato\u00bb y \u00bb Pen\u00e9lope\u00bb que se quedaron con la radio.<\/p>\n\n\n\n<p>  El 29 deb\u00edamos salir a cortar el avance del enemigo; tendr\u00edamos que  dejarnos sobrepasar por ellos en las alturas de Two Sisters y luego  atacarlos por la retaguardia. Para ello saldr\u00edamos de Moody Brook a las  09:00 horas en helic\u00f3pteros, el primer embarque era para el Ej\u00e9rcito, el  segundo para nosotros y el tercero para gendarmer\u00eda.<\/p>\n\n\n\n<p> Sali\u00f3 el primero, y el segundo, por una contraorden, fue el de Gendarmer\u00eda.<br>  Est\u00e1bamos esperando para embarcar, cuando llegaron corriendo dos  gendarmes inform\u00e1ndonos que su helic\u00f3ptero hab\u00eda sido derribado y que  hab\u00edan sido emboscados los comandos de Ej\u00e9rcito, pues el enemigo se  encontraba ya en las alturas de Two Sisters.<\/p>\n\n\n\n<p> Se suspendi\u00f3 nuestro embarque, enter\u00e1ndonos que hab\u00eda muertos y heridos.<\/p>\n\n\n\n<p>  El 29 a las 23:50 horas, comenz\u00f3 un ca\u00f1oneo naval y tuvimos un muerto y  dos heridos en el G.O.E., el Cabo Primero Walter Abal herido por  esquirlas en la pierna derecha, el Cabo Primero Juan Chiantore, herido  por esquirlas en el brazo derecho y el Primer Teniente Luis Castagnari,  muerto en combate mientras buscaba y tra\u00eda a lugar seguro a un grupo de  su gente que hab\u00eda quedado aislada por el bombardeo.<br> El supo el ideal porque mor\u00eda y nosotros sabemos porque luchar. <\/p>\n\n\n\n<p><br> Toda esa noche m\u00fasica con las fragatas, al amanecer los Harriers.<br> Y todos los d\u00edas lo mismo.<br> Pero nuestros C-130 llegaban igual \u00a1 \u00a1 que grande !!<br> El 22 de mayo nos ordenaron salir para analizar el potencial enemigo, cerca de Colorado Pond.<\/p>\n\n\n\n<p> El 23 fuimos hacia Moody Brook y nos embarcamos en dos helic\u00f3pteros.<br> 30 minutos m\u00e1s tarde desembarc\u00e1bamos cerca del lago Colorado Pond, establecimos un refugio a las \u00faltimas luces del atardecer.<\/p>\n\n\n\n<p>  Pusimos un bombero (vig\u00eda) en las alturas e iniciamos la marcha, en un  momento dado, tres horas de caminar, escuchamos el ruido de las palas de  un helic\u00f3ptero.<\/p>\n\n\n\n<p> El caminar era muy dif\u00edcil, por la oscuridad, las rocas, el musgo y los pantanos, est\u00e1bamos mojados y hac\u00eda mucho fr\u00edo.<\/p>\n\n\n\n<p>  Nos ocultamos el 24 y la noche del 25 continuamos la marcha, un  helic\u00f3ptero ingl\u00e9s ya nos buscaba y del otro lado de las elevaciones  cada tanto se encend\u00eda una bengala.<br> Efectu\u00e1bamos observaci\u00f3n (inteligencia, b\u00fasqueda de informaci\u00f3n) durante el d\u00eda.<br> Apenas oscureci\u00f3 iniciamos nuevamente la marcha hasta la madrugada del 26. <\/p>\n\n\n\n<p>All\u00ed dejamos nueve hombres y seguimos 5 hasta el punto final ordenado, \u00e9ramos \u00abGallo\u00bb, \u00abPen\u00e9lope\u00bb, \u00abPerro\u00bb,<br> \u00abAmancay\u00bb y \u00abTa\u00f1o\u00bb.<br>  Caminamos todo el 26 y parte del 27, llegamos a Monte Osborne y  efectuamos vigilancia. S\u00f3lo escuch\u00e1bamos sus helic\u00f3pteros, pues hab\u00eda  una niebla que no se ve\u00eda ni a diez metros.<\/p>\n\n\n\n<p> En la madrugada del 28 iniciamos el regreso.<br> Embarcamos todos en helic\u00f3ptero, menos \u00abLa Vieja\u00bb, el \u00abGato\u00bb y \u00bb Pen\u00e9lope\u00bb que se quedaron con la radio.<\/p>\n\n\n\n<p>  El 29 deb\u00edamos salir a cortar el avance del enemigo; tendr\u00edamos que  dejarnos sobrepasar por ellos en las alturas de Two Sisters y luego  atacarlos por la retaguardia. Para ello saldr\u00edamos de Moody Brook a las  09:00 horas en helic\u00f3pteros, el primer embarque era para el Ej\u00e9rcito, el  segundo para nosotros y el tercero para gendarmer\u00eda.<\/p>\n\n\n\n<p> Sali\u00f3 el primero, y el segundo, por una contraorden, fue el de Gendarmer\u00eda.<br>  Est\u00e1bamos esperando para embarcar, cuando llegaron corriendo dos  gendarmes inform\u00e1ndonos que su helic\u00f3ptero hab\u00eda sido derribado y que  hab\u00edan sido emboscados los comandos de Ej\u00e9rcito, pues el enemigo se  encontraba ya en las alturas de Two Sisters.<br> Se suspendi\u00f3 nuestro embarque, enter\u00e1ndonos que hab\u00eda muertos y heridos.<\/p>\n\n\n\n<p>  El 29 a las 23:50 horas, comenz\u00f3 un ca\u00f1oneo naval y tuvimos un muerto y  dos heridos en el G.O.E., el Cabo Primero Walter Abal herido por  esquirlas en la pierna derecha, el Cabo Primero Juan Chiantore, herido  por esquirlas en el brazo derecho y el Primer Teniente Luis Castagnari,  muerto en combate mientras buscaba y tra\u00eda a lugar seguro a un grupo de  su gente que hab\u00eda quedado aislada por el bombardeo.<br> El supo el ideal porque mor\u00eda y nosotros sabemos porque luchar. <\/p>\n\n\n\n<p>Comodoro (R) Pablo Marcos Rafael Carballo<\/p>\n\n\n\n<p>Con dios en el Alma y un Alcon en el Corazon Compendio de \u201cDios y los Halcones\u201d y \u201cHalcones sobre Malvinas\u201d,<br> del mismo autor<br> CORDOBA, AGOSTO <\/p>\n\n\n\n<p><img loading=\"lazy\" decoding=\"async\" width=\"80\" height=\"112\" class=\"wp-image-881\" style=\"width: 80px;\" src=\"https:\/\/laperlaaustral.com.ar\/guerra-malvinas\/wp-content\/uploads\/2019\/06\/diosylosalcones.jpg\" alt=\"Dios y los Halcones\"><\/p>\n","protected":false},"excerpt":{"rendered":"<p>Guerra de Malvinas Fuerza Aerea Grupo de Operaciones Especiales Son los Comandos de la Fuerza A\u00e9rea, especialistas en paracaidismo, buceo t\u00e1ctico, tiro, resistencia f\u00edsica, entrenados para realizar dif\u00edciles misiones en las l\u00edneas enemigas, con peque\u00f1os grupos de hombres. Para nosotros son simplemente \u00ablos come vidrio\u00bb por sus costumbres de disfrutar del peligro, las privaciones y&hellip; <br \/> <a class=\"read-more\" href=\"https:\/\/laperlaaustral.com.ar\/guerra-malvinas\/grupo-de-operaciones-especiales\/\">Leer m\u00e1s<\/a><\/p>\n","protected":false},"author":2,"featured_media":0,"comment_status":"open","ping_status":"open","sticky":false,"template":"","format":"standard","meta":{"_monsterinsights_skip_tracking":false,"_monsterinsights_sitenote_active":false,"_monsterinsights_sitenote_note":"","_monsterinsights_sitenote_category":0,"footnotes":""},"categories":[4],"tags":[541,467,540,34,479,542,73,539],"yoast_head":"<!-- This site is optimized with the Yoast SEO plugin v23.4 - https:\/\/yoast.com\/wordpress\/plugins\/seo\/ -->\n<title>Grupo de Operaciones Especiales - La Perla Austral<\/title>\n<meta name=\"robots\" content=\"index, follow, max-snippet:-1, max-image-preview:large, max-video-preview:-1\" \/>\n<link rel=\"canonical\" href=\"http:\/\/laperlaaustral.com.ar\/guerra-malvinas\/grupo-de-operaciones-especiales\/\" \/>\n<meta property=\"og:locale\" content=\"es_ES\" \/>\n<meta property=\"og:type\" content=\"article\" \/>\n<meta property=\"og:title\" content=\"Grupo de Operaciones Especiales - La Perla Austral\" \/>\n<meta property=\"og:description\" content=\"Guerra de Malvinas Fuerza Aerea Grupo de Operaciones Especiales Son los Comandos de la Fuerza A\u00e9rea, especialistas en paracaidismo, buceo t\u00e1ctico, tiro, resistencia f\u00edsica, entrenados para realizar dif\u00edciles misiones en las l\u00edneas enemigas, con peque\u00f1os grupos de hombres. Para nosotros son simplemente \u00ablos come vidrio\u00bb por sus costumbres de disfrutar del peligro, las privaciones y&hellip; Leer m\u00e1s\" \/>\n<meta property=\"og:url\" content=\"http:\/\/laperlaaustral.com.ar\/guerra-malvinas\/grupo-de-operaciones-especiales\/\" \/>\n<meta property=\"og:site_name\" content=\"La Perla Austral\" \/>\n<meta property=\"article:publisher\" content=\"https:\/\/www.facebook.com\/La-Perla-Austra-487959322032195\" \/>\n<meta property=\"article:published_time\" content=\"2019-06-30T12:00:05+00:00\" \/>\n<meta property=\"article:modified_time\" content=\"2019-06-30T12:00:08+00:00\" \/>\n<meta property=\"og:image\" content=\"http:\/\/laperlaaustral.com.ar\/guerra-malvinas\/wp-content\/uploads\/2019\/06\/diosylosalcones.jpg\" \/>\n<meta name=\"author\" content=\"GomRam\" \/>\n<meta name=\"twitter:card\" content=\"summary_large_image\" \/>\n<meta name=\"twitter:label1\" content=\"Escrito por\" \/>\n\t<meta name=\"twitter:data1\" content=\"GomRam\" \/>\n\t<meta name=\"twitter:label2\" content=\"Tiempo de lectura\" \/>\n\t<meta name=\"twitter:data2\" content=\"11 minutos\" \/>\n<script type=\"application\/ld+json\" class=\"yoast-schema-graph\">{\"@context\":\"https:\/\/schema.org\",\"@graph\":[{\"@type\":\"WebPage\",\"@id\":\"http:\/\/laperlaaustral.com.ar\/guerra-malvinas\/grupo-de-operaciones-especiales\/\",\"url\":\"http:\/\/laperlaaustral.com.ar\/guerra-malvinas\/grupo-de-operaciones-especiales\/\",\"name\":\"Grupo de Operaciones Especiales - La Perla Austral\",\"isPartOf\":{\"@id\":\"http:\/\/laperlaaustral.com.ar\/guerra-malvinas\/#website\"},\"primaryImageOfPage\":{\"@id\":\"http:\/\/laperlaaustral.com.ar\/guerra-malvinas\/grupo-de-operaciones-especiales\/#primaryimage\"},\"image\":{\"@id\":\"http:\/\/laperlaaustral.com.ar\/guerra-malvinas\/grupo-de-operaciones-especiales\/#primaryimage\"},\"thumbnailUrl\":\"https:\/\/laperlaaustral.com.ar\/guerra-malvinas\/wp-content\/uploads\/2019\/06\/diosylosalcones.jpg\",\"datePublished\":\"2019-06-30T12:00:05+00:00\",\"dateModified\":\"2019-06-30T12:00:08+00:00\",\"author\":{\"@id\":\"http:\/\/laperlaaustral.com.ar\/guerra-malvinas\/#\/schema\/person\/cccf8f0904f83654d5f2d5380e4eb4b9\"},\"breadcrumb\":{\"@id\":\"http:\/\/laperlaaustral.com.ar\/guerra-malvinas\/grupo-de-operaciones-especiales\/#breadcrumb\"},\"inLanguage\":\"es\",\"potentialAction\":[{\"@type\":\"ReadAction\",\"target\":[\"http:\/\/laperlaaustral.com.ar\/guerra-malvinas\/grupo-de-operaciones-especiales\/\"]}]},{\"@type\":\"ImageObject\",\"inLanguage\":\"es\",\"@id\":\"http:\/\/laperlaaustral.com.ar\/guerra-malvinas\/grupo-de-operaciones-especiales\/#primaryimage\",\"url\":\"https:\/\/laperlaaustral.com.ar\/guerra-malvinas\/wp-content\/uploads\/2019\/06\/diosylosalcones.jpg\",\"contentUrl\":\"https:\/\/laperlaaustral.com.ar\/guerra-malvinas\/wp-content\/uploads\/2019\/06\/diosylosalcones.jpg\",\"width\":80,\"height\":112,\"caption\":\"Dios y los Halcones\"},{\"@type\":\"BreadcrumbList\",\"@id\":\"http:\/\/laperlaaustral.com.ar\/guerra-malvinas\/grupo-de-operaciones-especiales\/#breadcrumb\",\"itemListElement\":[{\"@type\":\"ListItem\",\"position\":1,\"name\":\"Portada\",\"item\":\"https:\/\/laperlaaustral.com.ar\/guerra-malvinas\/\"},{\"@type\":\"ListItem\",\"position\":2,\"name\":\"Grupo de Operaciones Especiales\"}]},{\"@type\":\"WebSite\",\"@id\":\"http:\/\/laperlaaustral.com.ar\/guerra-malvinas\/#website\",\"url\":\"http:\/\/laperlaaustral.com.ar\/guerra-malvinas\/\",\"name\":\"La Perla Austral\",\"description\":\"Guerra de Malvinas 1982\",\"potentialAction\":[{\"@type\":\"SearchAction\",\"target\":{\"@type\":\"EntryPoint\",\"urlTemplate\":\"http:\/\/laperlaaustral.com.ar\/guerra-malvinas\/?s={search_term_string}\"},\"query-input\":{\"@type\":\"PropertyValueSpecification\",\"valueRequired\":true,\"valueName\":\"search_term_string\"}}],\"inLanguage\":\"es\"},{\"@type\":\"Person\",\"@id\":\"http:\/\/laperlaaustral.com.ar\/guerra-malvinas\/#\/schema\/person\/cccf8f0904f83654d5f2d5380e4eb4b9\",\"name\":\"GomRam\",\"image\":{\"@type\":\"ImageObject\",\"inLanguage\":\"es\",\"@id\":\"http:\/\/laperlaaustral.com.ar\/guerra-malvinas\/#\/schema\/person\/image\/\",\"url\":\"https:\/\/secure.gravatar.com\/avatar\/a0f191abb2983305e8a2e850573cb20a?s=96&d=mm&r=g\",\"contentUrl\":\"https:\/\/secure.gravatar.com\/avatar\/a0f191abb2983305e8a2e850573cb20a?s=96&d=mm&r=g\",\"caption\":\"GomRam\"},\"url\":\"https:\/\/laperlaaustral.com.ar\/guerra-malvinas\/author\/ac000164\/\"}]}<\/script>\n<!-- \/ Yoast SEO plugin. -->","yoast_head_json":{"title":"Grupo de Operaciones Especiales - La Perla Austral","robots":{"index":"index","follow":"follow","max-snippet":"max-snippet:-1","max-image-preview":"max-image-preview:large","max-video-preview":"max-video-preview:-1"},"canonical":"http:\/\/laperlaaustral.com.ar\/guerra-malvinas\/grupo-de-operaciones-especiales\/","og_locale":"es_ES","og_type":"article","og_title":"Grupo de Operaciones Especiales - La Perla Austral","og_description":"Guerra de Malvinas Fuerza Aerea Grupo de Operaciones Especiales Son los Comandos de la Fuerza A\u00e9rea, especialistas en paracaidismo, buceo t\u00e1ctico, tiro, resistencia f\u00edsica, entrenados para realizar dif\u00edciles misiones en las l\u00edneas enemigas, con peque\u00f1os grupos de hombres. Para nosotros son simplemente \u00ablos come vidrio\u00bb por sus costumbres de disfrutar del peligro, las privaciones y&hellip; Leer m\u00e1s","og_url":"http:\/\/laperlaaustral.com.ar\/guerra-malvinas\/grupo-de-operaciones-especiales\/","og_site_name":"La Perla Austral","article_publisher":"https:\/\/www.facebook.com\/La-Perla-Austra-487959322032195","article_published_time":"2019-06-30T12:00:05+00:00","article_modified_time":"2019-06-30T12:00:08+00:00","og_image":[{"url":"http:\/\/laperlaaustral.com.ar\/guerra-malvinas\/wp-content\/uploads\/2019\/06\/diosylosalcones.jpg"}],"author":"GomRam","twitter_card":"summary_large_image","twitter_misc":{"Escrito por":"GomRam","Tiempo de lectura":"11 minutos"},"schema":{"@context":"https:\/\/schema.org","@graph":[{"@type":"WebPage","@id":"http:\/\/laperlaaustral.com.ar\/guerra-malvinas\/grupo-de-operaciones-especiales\/","url":"http:\/\/laperlaaustral.com.ar\/guerra-malvinas\/grupo-de-operaciones-especiales\/","name":"Grupo de Operaciones Especiales - La Perla Austral","isPartOf":{"@id":"http:\/\/laperlaaustral.com.ar\/guerra-malvinas\/#website"},"primaryImageOfPage":{"@id":"http:\/\/laperlaaustral.com.ar\/guerra-malvinas\/grupo-de-operaciones-especiales\/#primaryimage"},"image":{"@id":"http:\/\/laperlaaustral.com.ar\/guerra-malvinas\/grupo-de-operaciones-especiales\/#primaryimage"},"thumbnailUrl":"https:\/\/laperlaaustral.com.ar\/guerra-malvinas\/wp-content\/uploads\/2019\/06\/diosylosalcones.jpg","datePublished":"2019-06-30T12:00:05+00:00","dateModified":"2019-06-30T12:00:08+00:00","author":{"@id":"http:\/\/laperlaaustral.com.ar\/guerra-malvinas\/#\/schema\/person\/cccf8f0904f83654d5f2d5380e4eb4b9"},"breadcrumb":{"@id":"http:\/\/laperlaaustral.com.ar\/guerra-malvinas\/grupo-de-operaciones-especiales\/#breadcrumb"},"inLanguage":"es","potentialAction":[{"@type":"ReadAction","target":["http:\/\/laperlaaustral.com.ar\/guerra-malvinas\/grupo-de-operaciones-especiales\/"]}]},{"@type":"ImageObject","inLanguage":"es","@id":"http:\/\/laperlaaustral.com.ar\/guerra-malvinas\/grupo-de-operaciones-especiales\/#primaryimage","url":"https:\/\/laperlaaustral.com.ar\/guerra-malvinas\/wp-content\/uploads\/2019\/06\/diosylosalcones.jpg","contentUrl":"https:\/\/laperlaaustral.com.ar\/guerra-malvinas\/wp-content\/uploads\/2019\/06\/diosylosalcones.jpg","width":80,"height":112,"caption":"Dios y los Halcones"},{"@type":"BreadcrumbList","@id":"http:\/\/laperlaaustral.com.ar\/guerra-malvinas\/grupo-de-operaciones-especiales\/#breadcrumb","itemListElement":[{"@type":"ListItem","position":1,"name":"Portada","item":"https:\/\/laperlaaustral.com.ar\/guerra-malvinas\/"},{"@type":"ListItem","position":2,"name":"Grupo de Operaciones Especiales"}]},{"@type":"WebSite","@id":"http:\/\/laperlaaustral.com.ar\/guerra-malvinas\/#website","url":"http:\/\/laperlaaustral.com.ar\/guerra-malvinas\/","name":"La Perla Austral","description":"Guerra de Malvinas 1982","potentialAction":[{"@type":"SearchAction","target":{"@type":"EntryPoint","urlTemplate":"http:\/\/laperlaaustral.com.ar\/guerra-malvinas\/?s={search_term_string}"},"query-input":{"@type":"PropertyValueSpecification","valueRequired":true,"valueName":"search_term_string"}}],"inLanguage":"es"},{"@type":"Person","@id":"http:\/\/laperlaaustral.com.ar\/guerra-malvinas\/#\/schema\/person\/cccf8f0904f83654d5f2d5380e4eb4b9","name":"GomRam","image":{"@type":"ImageObject","inLanguage":"es","@id":"http:\/\/laperlaaustral.com.ar\/guerra-malvinas\/#\/schema\/person\/image\/","url":"https:\/\/secure.gravatar.com\/avatar\/a0f191abb2983305e8a2e850573cb20a?s=96&d=mm&r=g","contentUrl":"https:\/\/secure.gravatar.com\/avatar\/a0f191abb2983305e8a2e850573cb20a?s=96&d=mm&r=g","caption":"GomRam"},"url":"https:\/\/laperlaaustral.com.ar\/guerra-malvinas\/author\/ac000164\/"}]}},"_links":{"self":[{"href":"https:\/\/laperlaaustral.com.ar\/guerra-malvinas\/wp-json\/wp\/v2\/posts\/1064"}],"collection":[{"href":"https:\/\/laperlaaustral.com.ar\/guerra-malvinas\/wp-json\/wp\/v2\/posts"}],"about":[{"href":"https:\/\/laperlaaustral.com.ar\/guerra-malvinas\/wp-json\/wp\/v2\/types\/post"}],"author":[{"embeddable":true,"href":"https:\/\/laperlaaustral.com.ar\/guerra-malvinas\/wp-json\/wp\/v2\/users\/2"}],"replies":[{"embeddable":true,"href":"https:\/\/laperlaaustral.com.ar\/guerra-malvinas\/wp-json\/wp\/v2\/comments?post=1064"}],"version-history":[{"count":1,"href":"https:\/\/laperlaaustral.com.ar\/guerra-malvinas\/wp-json\/wp\/v2\/posts\/1064\/revisions"}],"predecessor-version":[{"id":1065,"href":"https:\/\/laperlaaustral.com.ar\/guerra-malvinas\/wp-json\/wp\/v2\/posts\/1064\/revisions\/1065"}],"wp:attachment":[{"href":"https:\/\/laperlaaustral.com.ar\/guerra-malvinas\/wp-json\/wp\/v2\/media?parent=1064"}],"wp:term":[{"taxonomy":"category","embeddable":true,"href":"https:\/\/laperlaaustral.com.ar\/guerra-malvinas\/wp-json\/wp\/v2\/categories?post=1064"},{"taxonomy":"post_tag","embeddable":true,"href":"https:\/\/laperlaaustral.com.ar\/guerra-malvinas\/wp-json\/wp\/v2\/tags?post=1064"}],"curies":[{"name":"wp","href":"https:\/\/api.w.org\/{rel}","templated":true}]}}