{"id":1042,"date":"2019-06-30T11:18:25","date_gmt":"2019-06-30T11:18:25","guid":{"rendered":"https:\/\/laperlaaustral.com.ar\/guerra-malvinas\/?p=1042"},"modified":"2019-06-30T12:31:53","modified_gmt":"2019-06-30T12:31:53","slug":"la-chancha-en-malvinas","status":"publish","type":"post","link":"https:\/\/laperlaaustral.com.ar\/guerra-malvinas\/la-chancha-en-malvinas\/","title":{"rendered":"La chancha en Malvinas"},"content":{"rendered":"\n<h5 class=\"wp-block-heading\"><strong> Guerra de Malvinas Fuerza Aerea<\/strong><\/h5>\n\n\n\n<table class=\"wp-block-table\"><tbody><tr><td><em> La Chancha en Malvinas  <\/em><br><br>En  marzo de 1982 el C130 Herc\u00faleas ten\u00eda asiento en El Palomar, Pcia. de  Buenos Aires, donde era uno de los componentes de la I Brigada A\u00e9rea, de  la que formaban el 1er Escuadr\u00f3n del 1er. Grupo de Transporte A\u00e9reo  (GITA) <\/td><\/tr><\/tbody><\/table>\n\n\n\n<p> El  jueves 1\u00ba de abril de 1982 a las 17:00 hs. con la reuni\u00f3n de todos  los  tripulantes adscriptos al Grupo 1 de Transporte de la I Brigada  A\u00e9rea se  dan los detalles de una operaci\u00f3n Aerotransportada que ten\u00eda  lugar en  las primeras horas del d\u00eda siguiente sobre el aer\u00f3dromo de  Puerto  Argentino, en las islas Malvinas. <\/p>\n\n\n\n<p>La operaci\u00f3n se denomino Aires  82 y  comenz\u00f3 con el traslado de los medios a\u00e9reos hacia Comodoro  Rivadavia.  Muy pocas tripulaciones de Herc\u00faleas hab\u00eda tenido contacto  con las islas  debido a que la zona era habitualmente recorrida por los  pilotos de  F-27 y F-28 Fellowshipsen vuelo de LADE. <\/p>\n\n\n\n<p>El  2 de abril a las 8:45 hs. el TC \u201368 con el indicativo \u00abLitro I\u00bb fue el  primer Herc\u00fales en aterrizar en Puerto Argentino, para que el Grupo Eco  tomara las instalaciones del aeropuerto. Luego ser\u00eda el turno de los  TC-63, 64 y 65 junto con dos F-28; este puente a\u00e9reo fue lanzado en  apoyo al asalto anfibio de la armada. El TC-68 transportaba 108  integrantes del personal de comandos de la FAA y del Ej\u00e9rcito y sus  equipos, estos integrantes deb\u00edan asegurar el aer\u00f3dromo y luego cumplir  misiones en la isla.<\/p>\n\n\n\n<p>El  \u00abLitro 2\u00bb TC-63 sali\u00f3 transportando personal de ej\u00e9rcito, el \u00abLitro 3\u00bb  parti\u00f3 con 100 efectivos de Ej\u00e9rcito y un veh\u00edculo de comando, el \u00abLitro  4\u00bb despego tras problemas en pista con un radar m\u00f3vil G2VYCA y por  \u00faltimo el \u00abLitro 5\u00bb despego con m\u00e1s personal del ejercito. El vuelo  directo a Malvinas no superaba las dos horas el TC-68 que hab\u00eda  despegado a las 0850 no aterrizo hasta las 1130 con el aer\u00f3dromo  capturado. <\/p>\n\n\n\n<p>Al terminar la recuperaci\u00f3n se repliega parte del material  quedando para operar el puente a\u00e9reo dos C-130 y dos F-28; pero al  comenzar las hostilidades el Herc\u00faleas era el \u00fanico avi\u00f3n que reun\u00eda las  condiciones para volar por m\u00e1s de cuatro horas a niveles que oscilaban  entre los 15 y 20 metros de altura para no ser detectados en la zona de  hostilidades y la versatilidad para diferentes configuraciones sin  necesitar ning\u00fan apoyo terrestre.<\/p>\n\n\n\n<p>En\n sus tres modos de entrega de abastecimiento realmente se destaco; por \naterrizaje y descarga ya sea por pallets o veh\u00edculos de todo tipo u otro\n material rodante para descargarlo en pocos minutos y regresar evacuando\n heridos; la otra modalidad de descarga fue el lanzamiento a\u00e9reo de \nmuniciones y v\u00edveres; y el tercero fue el reabastecimiento de \ncombustible de los KC-130 a escuadrillas de Skyhawk y Super Etendars.<\/p>\n\n\n\n<p>El\n 1 de junio de 1982 el TC-63 al comando del Cap. R Martel fue alcanzado \npor dos Sea Harrier del 801 Sqn. (Royal Navy)durante una misi\u00f3n de \nexploraci\u00f3n y reconocimiento. Fue derribado al norte de la Isla Borb\u00f3n \npor un misil AIM-X9L y fuego de ca\u00f1\u00f3n del Sea Harrier del capit\u00e1n de \ncorbeta Ward.<\/p>\n\n\n\n<p>Resultaron muertos en dicho ataque los siete tripulantes:<br> Vicecomodoro Meisner<\/p>\n\n\n\n<p>Capit\u00e1n Martel<br> Capit\u00e1n Krause<br> Suboficial principal Lastra<br> Suboficial ayudante Albelos <br> Cabo primero Cardone <br> Cabo primero Cantenzano<\/p>\n\n\n\n<p>El 13 de junio de 1982 el TC-65 fue el \u00faltimo Herc\u00faleas en despegar de Puerto Argentino con 48 heridos.<\/p>\n\n\n\n<p>En\n los 74 d\u00edas de conflicto se acumularon 437 hs de vuelo, se \ntransportaron 514 efectivos, 264 heridos evacuados y 435 toneladas de \ncarga.<\/p>\n","protected":false},"excerpt":{"rendered":"<p>Guerra de Malvinas Fuerza Aerea La Chancha en Malvinas En marzo de 1982 el C130 Herc\u00faleas ten\u00eda asiento en El Palomar, Pcia. de Buenos Aires, donde era uno de los componentes de la I Brigada A\u00e9rea, de la que formaban el 1er Escuadr\u00f3n del 1er. Grupo de Transporte A\u00e9reo (GITA) El jueves 1\u00ba de abril&hellip; <br \/> <a class=\"read-more\" href=\"https:\/\/laperlaaustral.com.ar\/guerra-malvinas\/la-chancha-en-malvinas\/\">Leer m\u00e1s<\/a><\/p>\n","protected":false},"author":2,"featured_media":0,"comment_status":"open","ping_status":"open","sticky":false,"template":"","format":"standard","meta":{"_monsterinsights_skip_tracking":false,"_monsterinsights_sitenote_active":false,"_monsterinsights_sitenote_note":"","_monsterinsights_sitenote_category":0,"footnotes":""},"categories":[4],"tags":[517,467,518,34,479,519],"yoast_head":"<!-- This site is optimized with the Yoast SEO plugin v23.4 - https:\/\/yoast.com\/wordpress\/plugins\/seo\/ -->\n<title>La chancha en Malvinas - La Perla Austral<\/title>\n<meta name=\"description\" content=\"En marzo de 1982 el C130 Herc\u00faleas , la Chancha, ten\u00eda asiento en El Palomar, Pcia. de Buenos Aires, donde era uno de los componentes de la I Brigada A\u00e9rea, de la que formaban el 1er Escuadr\u00f3n del 1er. Grupo de Transporte A\u00e9reo (GITA)\" \/>\n<meta name=\"robots\" content=\"index, follow, max-snippet:-1, max-image-preview:large, max-video-preview:-1\" \/>\n<link rel=\"canonical\" href=\"http:\/\/laperlaaustral.com.ar\/guerra-malvinas\/la-chancha-en-malvinas\/\" \/>\n<meta property=\"og:locale\" content=\"es_ES\" \/>\n<meta property=\"og:type\" content=\"article\" \/>\n<meta property=\"og:title\" content=\"La chancha en Malvinas - La Perla Austral\" \/>\n<meta property=\"og:description\" content=\"En marzo de 1982 el C130 Herc\u00faleas , la Chancha, ten\u00eda asiento en El Palomar, Pcia. de Buenos Aires, donde era uno de los componentes de la I Brigada A\u00e9rea, de la que formaban el 1er Escuadr\u00f3n del 1er. Grupo de Transporte A\u00e9reo (GITA)\" \/>\n<meta property=\"og:url\" content=\"http:\/\/laperlaaustral.com.ar\/guerra-malvinas\/la-chancha-en-malvinas\/\" \/>\n<meta property=\"og:site_name\" content=\"La Perla Austral\" \/>\n<meta property=\"article:publisher\" content=\"https:\/\/www.facebook.com\/La-Perla-Austra-487959322032195\" \/>\n<meta property=\"article:published_time\" content=\"2019-06-30T11:18:25+00:00\" \/>\n<meta property=\"article:modified_time\" content=\"2019-06-30T12:31:53+00:00\" \/>\n<meta name=\"author\" content=\"GomRam\" \/>\n<meta name=\"twitter:card\" content=\"summary_large_image\" \/>\n<meta name=\"twitter:label1\" content=\"Escrito por\" \/>\n\t<meta name=\"twitter:data1\" content=\"GomRam\" \/>\n\t<meta name=\"twitter:label2\" content=\"Tiempo de lectura\" \/>\n\t<meta name=\"twitter:data2\" content=\"3 minutos\" \/>\n<script type=\"application\/ld+json\" class=\"yoast-schema-graph\">{\"@context\":\"https:\/\/schema.org\",\"@graph\":[{\"@type\":\"WebPage\",\"@id\":\"http:\/\/laperlaaustral.com.ar\/guerra-malvinas\/la-chancha-en-malvinas\/\",\"url\":\"http:\/\/laperlaaustral.com.ar\/guerra-malvinas\/la-chancha-en-malvinas\/\",\"name\":\"La chancha en Malvinas - La Perla Austral\",\"isPartOf\":{\"@id\":\"http:\/\/laperlaaustral.com.ar\/guerra-malvinas\/#website\"},\"datePublished\":\"2019-06-30T11:18:25+00:00\",\"dateModified\":\"2019-06-30T12:31:53+00:00\",\"author\":{\"@id\":\"http:\/\/laperlaaustral.com.ar\/guerra-malvinas\/#\/schema\/person\/cccf8f0904f83654d5f2d5380e4eb4b9\"},\"description\":\"En marzo de 1982 el C130 Herc\u00faleas , la Chancha, ten\u00eda asiento en El Palomar, Pcia. de Buenos Aires, donde era uno de los componentes de la I Brigada A\u00e9rea, de la que formaban el 1er Escuadr\u00f3n del 1er. Grupo de Transporte A\u00e9reo (GITA)\",\"breadcrumb\":{\"@id\":\"http:\/\/laperlaaustral.com.ar\/guerra-malvinas\/la-chancha-en-malvinas\/#breadcrumb\"},\"inLanguage\":\"es\",\"potentialAction\":[{\"@type\":\"ReadAction\",\"target\":[\"http:\/\/laperlaaustral.com.ar\/guerra-malvinas\/la-chancha-en-malvinas\/\"]}]},{\"@type\":\"BreadcrumbList\",\"@id\":\"http:\/\/laperlaaustral.com.ar\/guerra-malvinas\/la-chancha-en-malvinas\/#breadcrumb\",\"itemListElement\":[{\"@type\":\"ListItem\",\"position\":1,\"name\":\"Portada\",\"item\":\"https:\/\/laperlaaustral.com.ar\/guerra-malvinas\/\"},{\"@type\":\"ListItem\",\"position\":2,\"name\":\"La chancha en Malvinas\"}]},{\"@type\":\"WebSite\",\"@id\":\"http:\/\/laperlaaustral.com.ar\/guerra-malvinas\/#website\",\"url\":\"http:\/\/laperlaaustral.com.ar\/guerra-malvinas\/\",\"name\":\"La Perla Austral\",\"description\":\"Guerra de Malvinas 1982\",\"potentialAction\":[{\"@type\":\"SearchAction\",\"target\":{\"@type\":\"EntryPoint\",\"urlTemplate\":\"http:\/\/laperlaaustral.com.ar\/guerra-malvinas\/?s={search_term_string}\"},\"query-input\":{\"@type\":\"PropertyValueSpecification\",\"valueRequired\":true,\"valueName\":\"search_term_string\"}}],\"inLanguage\":\"es\"},{\"@type\":\"Person\",\"@id\":\"http:\/\/laperlaaustral.com.ar\/guerra-malvinas\/#\/schema\/person\/cccf8f0904f83654d5f2d5380e4eb4b9\",\"name\":\"GomRam\",\"image\":{\"@type\":\"ImageObject\",\"inLanguage\":\"es\",\"@id\":\"http:\/\/laperlaaustral.com.ar\/guerra-malvinas\/#\/schema\/person\/image\/\",\"url\":\"https:\/\/secure.gravatar.com\/avatar\/a0f191abb2983305e8a2e850573cb20a?s=96&d=mm&r=g\",\"contentUrl\":\"https:\/\/secure.gravatar.com\/avatar\/a0f191abb2983305e8a2e850573cb20a?s=96&d=mm&r=g\",\"caption\":\"GomRam\"},\"url\":\"https:\/\/laperlaaustral.com.ar\/guerra-malvinas\/author\/ac000164\/\"}]}<\/script>\n<!-- \/ Yoast SEO plugin. -->","yoast_head_json":{"title":"La chancha en Malvinas - La Perla Austral","description":"En marzo de 1982 el C130 Herc\u00faleas , la Chancha, ten\u00eda asiento en El Palomar, Pcia. de Buenos Aires, donde era uno de los componentes de la I Brigada A\u00e9rea, de la que formaban el 1er Escuadr\u00f3n del 1er. Grupo de Transporte A\u00e9reo (GITA)","robots":{"index":"index","follow":"follow","max-snippet":"max-snippet:-1","max-image-preview":"max-image-preview:large","max-video-preview":"max-video-preview:-1"},"canonical":"http:\/\/laperlaaustral.com.ar\/guerra-malvinas\/la-chancha-en-malvinas\/","og_locale":"es_ES","og_type":"article","og_title":"La chancha en Malvinas - La Perla Austral","og_description":"En marzo de 1982 el C130 Herc\u00faleas , la Chancha, ten\u00eda asiento en El Palomar, Pcia. de Buenos Aires, donde era uno de los componentes de la I Brigada A\u00e9rea, de la que formaban el 1er Escuadr\u00f3n del 1er. Grupo de Transporte A\u00e9reo (GITA)","og_url":"http:\/\/laperlaaustral.com.ar\/guerra-malvinas\/la-chancha-en-malvinas\/","og_site_name":"La Perla Austral","article_publisher":"https:\/\/www.facebook.com\/La-Perla-Austra-487959322032195","article_published_time":"2019-06-30T11:18:25+00:00","article_modified_time":"2019-06-30T12:31:53+00:00","author":"GomRam","twitter_card":"summary_large_image","twitter_misc":{"Escrito por":"GomRam","Tiempo de lectura":"3 minutos"},"schema":{"@context":"https:\/\/schema.org","@graph":[{"@type":"WebPage","@id":"http:\/\/laperlaaustral.com.ar\/guerra-malvinas\/la-chancha-en-malvinas\/","url":"http:\/\/laperlaaustral.com.ar\/guerra-malvinas\/la-chancha-en-malvinas\/","name":"La chancha en Malvinas - La Perla Austral","isPartOf":{"@id":"http:\/\/laperlaaustral.com.ar\/guerra-malvinas\/#website"},"datePublished":"2019-06-30T11:18:25+00:00","dateModified":"2019-06-30T12:31:53+00:00","author":{"@id":"http:\/\/laperlaaustral.com.ar\/guerra-malvinas\/#\/schema\/person\/cccf8f0904f83654d5f2d5380e4eb4b9"},"description":"En marzo de 1982 el C130 Herc\u00faleas , la Chancha, ten\u00eda asiento en El Palomar, Pcia. de Buenos Aires, donde era uno de los componentes de la I Brigada A\u00e9rea, de la que formaban el 1er Escuadr\u00f3n del 1er. Grupo de Transporte A\u00e9reo (GITA)","breadcrumb":{"@id":"http:\/\/laperlaaustral.com.ar\/guerra-malvinas\/la-chancha-en-malvinas\/#breadcrumb"},"inLanguage":"es","potentialAction":[{"@type":"ReadAction","target":["http:\/\/laperlaaustral.com.ar\/guerra-malvinas\/la-chancha-en-malvinas\/"]}]},{"@type":"BreadcrumbList","@id":"http:\/\/laperlaaustral.com.ar\/guerra-malvinas\/la-chancha-en-malvinas\/#breadcrumb","itemListElement":[{"@type":"ListItem","position":1,"name":"Portada","item":"https:\/\/laperlaaustral.com.ar\/guerra-malvinas\/"},{"@type":"ListItem","position":2,"name":"La chancha en Malvinas"}]},{"@type":"WebSite","@id":"http:\/\/laperlaaustral.com.ar\/guerra-malvinas\/#website","url":"http:\/\/laperlaaustral.com.ar\/guerra-malvinas\/","name":"La Perla Austral","description":"Guerra de Malvinas 1982","potentialAction":[{"@type":"SearchAction","target":{"@type":"EntryPoint","urlTemplate":"http:\/\/laperlaaustral.com.ar\/guerra-malvinas\/?s={search_term_string}"},"query-input":{"@type":"PropertyValueSpecification","valueRequired":true,"valueName":"search_term_string"}}],"inLanguage":"es"},{"@type":"Person","@id":"http:\/\/laperlaaustral.com.ar\/guerra-malvinas\/#\/schema\/person\/cccf8f0904f83654d5f2d5380e4eb4b9","name":"GomRam","image":{"@type":"ImageObject","inLanguage":"es","@id":"http:\/\/laperlaaustral.com.ar\/guerra-malvinas\/#\/schema\/person\/image\/","url":"https:\/\/secure.gravatar.com\/avatar\/a0f191abb2983305e8a2e850573cb20a?s=96&d=mm&r=g","contentUrl":"https:\/\/secure.gravatar.com\/avatar\/a0f191abb2983305e8a2e850573cb20a?s=96&d=mm&r=g","caption":"GomRam"},"url":"https:\/\/laperlaaustral.com.ar\/guerra-malvinas\/author\/ac000164\/"}]}},"_links":{"self":[{"href":"https:\/\/laperlaaustral.com.ar\/guerra-malvinas\/wp-json\/wp\/v2\/posts\/1042"}],"collection":[{"href":"https:\/\/laperlaaustral.com.ar\/guerra-malvinas\/wp-json\/wp\/v2\/posts"}],"about":[{"href":"https:\/\/laperlaaustral.com.ar\/guerra-malvinas\/wp-json\/wp\/v2\/types\/post"}],"author":[{"embeddable":true,"href":"https:\/\/laperlaaustral.com.ar\/guerra-malvinas\/wp-json\/wp\/v2\/users\/2"}],"replies":[{"embeddable":true,"href":"https:\/\/laperlaaustral.com.ar\/guerra-malvinas\/wp-json\/wp\/v2\/comments?post=1042"}],"version-history":[{"count":2,"href":"https:\/\/laperlaaustral.com.ar\/guerra-malvinas\/wp-json\/wp\/v2\/posts\/1042\/revisions"}],"predecessor-version":[{"id":1075,"href":"https:\/\/laperlaaustral.com.ar\/guerra-malvinas\/wp-json\/wp\/v2\/posts\/1042\/revisions\/1075"}],"wp:attachment":[{"href":"https:\/\/laperlaaustral.com.ar\/guerra-malvinas\/wp-json\/wp\/v2\/media?parent=1042"}],"wp:term":[{"taxonomy":"category","embeddable":true,"href":"https:\/\/laperlaaustral.com.ar\/guerra-malvinas\/wp-json\/wp\/v2\/categories?post=1042"},{"taxonomy":"post_tag","embeddable":true,"href":"https:\/\/laperlaaustral.com.ar\/guerra-malvinas\/wp-json\/wp\/v2\/tags?post=1042"}],"curies":[{"name":"wp","href":"https:\/\/api.w.org\/{rel}","templated":true}]}}