{"id":1040,"date":"2019-06-30T11:16:08","date_gmt":"2019-06-30T11:16:08","guid":{"rendered":"https:\/\/laperlaaustral.com.ar\/guerra-malvinas\/?p=1040"},"modified":"2020-01-06T11:28:51","modified_gmt":"2020-01-06T11:28:51","slug":"dagger-al-ataque","status":"publish","type":"post","link":"https:\/\/laperlaaustral.com.ar\/guerra-malvinas\/dagger-al-ataque\/","title":{"rendered":"Dagger al Ataque"},"content":{"rendered":"\n<p>Dagger al Ataque  21 de Mayo <br>RELATA: <a href=\"https:\/\/laperlaaustral.com.ar\/laperlaaustral\/laperlaaustralview.php?showdetail=&amp;id=8156\" target=\"_blank\" rel=\"noreferrer noopener\" aria-label=\"Capit\u00e1n DONADILLE (abre en una nueva pesta\u00f1a)\">Capit\u00e1n DONADILLE<\/a> (Piloto de Mirage V \u00abDAGGER\u00bb) <\/p>\n\n\n\n<p>Dif\u00edcil es combatir contra medios tremendamente superiores, como loes tambi\u00e9n encontrarse lejos de todos, semicongelados, con fr\u00edo\u2026 y s\u00f3lo. <\/p>\n\n\n\n<p>Ayer recib\u00ed una encomienda de casa con cartas una bufanda y chocolates; las cartas, especialmente las de mis hijos, me emocionan cada vez m\u00e1s (Es muy grande la ternura y el apoyo a su padre que de ellas se desprende. Mi hija mayor me recomienda que les \u00abacomode\u00bb lo mejor posible las bombas a los ingleses). <\/p>\n\n\n\n<p>Me dejo que el resto de mis camaradas se d\u00e9 cuenta del efecto que me hac\u00eda la correspondencia generalmente las leo a solas y una sola vez. <br> Con respecto a los chocolates el destino quiso que lo pruebe muchos d\u00edas despu\u00e9s y en el lugar de donde salieron, mi hogar. <\/p>\n\n\n\n<h5 class=\"wp-block-heading\">Hoy (21 de Mayo) en nuestra Base de Operaciones amaneci\u00f3 con el cielo limpio y un sol brillante. <\/h5>\n\n\n\n<p>Yo deb\u00eda mantenerme en alerta para una probable cobertura a\u00e9rea (cubrir a otros aviones que ataquen) como Jefe de Secci\u00f3n (2 aviones). <br> Apenas ingresados a la Sala de Pilotos, recibimos la noticia de que los ingleses estaban desembarcando en la Isla Soledad dentro de la Bah\u00eda San Carlos que da al estrecho del mismo nombre. <\/p>\n\n\n\n<h5 class=\"wp-block-heading\">Debimos cargar inmediatamente todos los aviones con bombas a fin de atacar a los nav\u00edos \u00abpiratas\u00bb<\/h5>\n\n\n\n<p>Hubo una gran confusi\u00f3n inicial, corridas, herramientas que no se encuentran, \u00f3rdenes, nervios, etc. una nube de mec\u00e1nicos y armeros pululaba entre los aviones. <br> Dos escuadrillas de tres aviones cada una iniciaron sus preparativos para el despegue, de acuerdo a una orden fragmentaria emanada de la F.A.S. (Fuerza A\u00e9rea Sur) responsable de la planificaci\u00f3n de las misiones operativas. <\/p>\n\n\n\n<p>Yo deb\u00eda salir en la segunda \u00aboleada\u00bb, por lo que colabor\u00e9 con los de la primera. <br> Despegaron, un nudo en el est\u00f3mago y la espera de los que salieron y mi hora. <br> Tiempo despu\u00e9s los tuvimos en la pantalla del radar, volv\u00edan todos. <br> Aterrizaron, comentaban sus experiencias a los gritos, con los nervios todav\u00eda tensos como una cuerda de guitarra: <\/p>\n\n\n\n<h5 class=\"wp-block-heading\"><em>-\u00abEl fuego antia\u00e9reo era infernal \u00ab; \u00abSan Carlos est\u00e1 saturado de buques\u00bb, etc.<\/em><\/h5>\n\n\n\n<p>Indudablemente est\u00e1bamos ante un desembarco con todas las reglas, pues hab\u00edan visto m\u00e1s de diez nav\u00edos. <\/p>\n\n\n\n<p>Mientras repasaban los aviones, (dos estaban bastante agujereados), me prepar\u00e9 junto con el Mayor PlUMA y el ler. Ten. SENN para salir (Este \u00faltimo fue alumno m\u00edo y yo le ense\u00f1\u00e9 a volar). <br> Absorb\u00edamos toda la informaci\u00f3n tratando de no olvidarnos nada, pues un piloto en misi\u00f3n de combate no debe llevar nada que en caso de eyecci\u00f3n sirva como informaci\u00f3n al enemigo, frecuencias; tipos de formaci\u00f3n, armamento, meteorolog\u00eda en ruta, zonas de eyecci\u00f3n, todo confiada a nuestra memoria.<\/p>\n\n\n\n<p>Nos colocamos nuestros pesados equipos (ropa interior de lana, pullover, anti exposici\u00f3n para sobrevivir en el agua botas de vuelo anti-G para soportar las tremendas aceleraciones, chaleco salvavidas, equipo de supervivencia, arneses, campera de vuelo; casco el toque personal en mi caso de una gruesa bufanda con los colores del Grupo A\u00e9reo. <\/p>\n\n\n\n<p>Cierro mi c\u00fapula, quedo aislado del mundo exterior y del viento helado, inmerso solamente en mi universo de indicadores; comandos, palanca, instrumentos e interruptores, que comienzan a cobrar vida a trav\u00e9s de mis manos. <\/p>\n\n\n\n<p>Por los auriculares de mi casco llega la voz nasal deformada por la m\u00e1scara de ox\u00edgeno del N0 3 de mi escuadrilla \u00abRat\u00f3n 3\u00bb listo para la puesta en marcha. <\/p>\n\n\n\n<p>No escucho al 2, el tiempo apremia, recuerdo respetar los horarios. -! Al diablo! si no est\u00e1 listo, se queda y doy la orden de poner en marcha de inmediato.<\/p>\n\n\n\n<h5 class=\"wp-block-heading\">Entre el silbido de las turbinas escucho al 2 remol\u00f3n que me pide que los espere. (Evidentemente no quiere perderse la misi\u00f3n por nada del mundo).<\/h5>\n\n\n\n<p><br> Como la otra escuadrilla ya est\u00e1 lista le digo que salga primero para cumplir el horario de entrada al blanco.<\/p>\n\n\n\n<p>Una vez que tomamos suficiente velocidad de sustentaci\u00f3n, tras haber despegado angustiosamente en los \u00faltimos metros de pista; dejamos atr\u00e1s la costa con sus gaviotas y nos adentramos en el mar.<\/p>\n\n\n\n<p>La voz impersonal del radar me confirma que estoy en el rumbo correcto.<br>El buen tiempo tambi\u00e9n queda atr\u00e1s, al frente observo gruesos nubarrones.<br>Descendemos con nuestros aviones a diez metros de altura sobre el agua y a ochocientos kil\u00f3metros por hora; las olas perladas de espuma y de un color azul plomizo tienen un aspecto amenazante.<\/p>\n\n\n\n<p>\u00a1Atento a la izquierda, ah\u00ed est\u00e1n los cascotes! (primeros islotes), me avisa el 3.<\/p>\n\n\n\n<p>Efectivamente, entre una capa de stratus (nubes bajas) y deformadas por una tenue llovizna aparecen las peque\u00f1as islas que nos sirven de referencia; estamos adelantados veinte segundos y algo desviados. Minutos despu\u00e9s estamos sobre la Gran Malvina; el tiempo empeora; la llovizna ya es lluvia y la visibilidad en algunos tramos disminuye en forma alarmante; lo que me hace temer por la zona monta\u00f1osa y nuestro vuelo bajo.<br> Con un vistazo a ambos lados veo a los numerales balance\u00e1ndose a mi misma altura.<\/p>\n\n\n\n<h5 class=\"wp-block-heading\"> A tres minutos del blanco, le aviso\u00a1Acelerando, ya! y coloco mi acelerador hacia adelante sin conectar la post combusti\u00f3n (potencia adicional).<\/h5>\n\n\n\n<p>Nos deslizamos cada vez m\u00e1s r\u00e1pido, sobre un terreno ondulado y amarillento; enmarcado de cerros y bajo una luminosidad gris oscura, proveniente de un cielo sombr\u00edo y encapotado. <\/p>\n\n\n\n<p>A un minuto y medio -mis m\u00fasculos se contraen mientras instintivamente  me inclino hacia adelante en mi peque\u00f1a cabina, concentr\u00e1ndome en la mira de tiro; que a trav\u00e9s de sus signos luminosos me muestra el suelo peligrosamente cercano.<\/p>\n\n\n\n<p>Si salgo bien no necesitar\u00e9 hacer virajes y daremos una ventaja menos.<\/p>\n\n\n\n<h5 class=\"wp-block-heading\">\u00a1\u00a1\u00a1Atento, avi\u00f3n a la derecha!!!, me sobresalta la voz alterada del 3.<\/h5>\n\n\n\n<p>A un costado, con el mismo rumbo, pero 300 metros m\u00e1s alto veo la silueta de un Sea Harrier. <br> Presiento a otro detr\u00e1s nuestro (En realidad estimo que fueron m\u00e1s de cuatro los que nos interceptaron). <\/p>\n\n\n\n<p>Casi al mismo tiempo el ingl\u00e9s nos vio y vir\u00f3 picando hacia nosotros<br> \u00a1Eyectar cargas y virar por derecha! Orden\u00e9 enfrent\u00e1ndolo. <br>  Uno de mis hombres duda, repito la orden, ahora s\u00ed caen sus cargas  externas (bombas y tanques) mientras su avi\u00f3n aliviado salta hacia  adelante; cruz\u00e1ndose en mi l\u00ednea de tiro, luego sale de ella. <\/p>\n\n\n\n<p>El brit\u00e1nico mantiene un rumbo convergente al m\u00edo y una suave picada. <br>Tanto peor, comienzo a disparar desde unos setecientos metros de distancia, pienso que las llamaradas de mis ca\u00f1ones lo asustan pues bruscamente pica hacia el terreno; mis disparos le pasan por arriba,  perdi\u00e9ndose en el vac\u00edo. <br> Inclino  las alas y con una picada al tim\u00f3n, trato de bajar la nariz de mi  avi\u00f3n para evitar que mi blanco se escurra por debajo. <br> Comienzo a tirar de nuevo esperando que el Harrier se \u00abcoma\u00bb algunos de mis proyectiles.<\/p>\n\n\n\n<p>\u00a1Atento al suelo que se acerca r\u00e1pidamente!. <br>  Veo pasar bajo mi vientre un largo fuselaje azul marino, enmarcado por  dos gruesas tomas d\u00e9 aire de donde nacen dos cortas y anchas alas en  flecha. <br> Palanca al est\u00f3mago \u00a1Ojo  con la patinada! mientras siento que la aceleraci\u00f3n me aplasta contra el  asiento, y el traje me oprime el vientre y las piernas. <\/p>\n\n\n\n<p>Veo por mi izquierda pasar a uno de mis numerales como una exhalaci\u00f3n  en un viraje muy cerrado y a nivel. Invierto el avi\u00f3n, quedando cabeza  abajo y lo veo alejarse con las toberas al rojo vivo por la post  combusti\u00f3n. <\/p>\n\n\n\n<p>Un ruido seco y no muy  fuerte (Como quien rompe una bolsa de papel inflada) e instant\u00e1neamente  mi avi\u00f3n se enloquece apuntando al cielo, luego se inicia un tremendo  movimiento oscilatorio de nariz, hacia arriba y hacia abajo, que por  momentos me aplasta contra el asiento o me deja flotando entre la basura  que se levanta del piso. <br> De  pronto, inicia un rapid\u00edsimo tonel en vuelo paralelo al piso  (incre\u00edblemente vienen a mi mente las \u00e9pocas en que pertenec\u00eda a la  Escuadrilla de Acrobacia de la Escuela de Aviaci\u00f3n Militar). La palanca  de comandos est\u00e1 floja, sin vida <\/p>\n\n\n\n<p>Ante la cercan\u00eda del suelo la situaci\u00f3n y velocidad, pens\u00e9 que hab\u00eda  llegado el fin de mis d\u00edas en la tierra y me invadi\u00f3 un gran cansancio,  pero inmediatamente sobrevino una rebeli\u00f3n interior y accion\u00e9 la palanca  de eyecci\u00f3n inferior. <\/p>\n\n\n\n<p>Una vez m\u00e1s el buen Dios me protegi\u00f3 y sal\u00ed en momentos en que mi avi\u00f3n no apuntaba hacia abajo. <br> Se abri\u00f3 el paraca\u00eddas y en segundos estaba tocando en forma no muy elegante la Gran Malvina. <\/p>\n\n\n\n<p>Agradec\u00ed al Se\u00f1or pues salvo la visi\u00f3n que por la velocidad con que  hab\u00eda saltado estaba muy afectada, escond\u00ed el paraca\u00eddas y me alej\u00e9 del  lugar, mientras escuchaba a los ca\u00f1ones de mi avi\u00f3n, ca\u00eddo a unos  trescientos metros, que se disparaban solos. <br>  Esperando a un Harrier que me buscaba, camin\u00e9 medio congelado durante  una hora y cuarto siguiendo una l\u00ednea de postes telegr\u00e1ficos, mientras  rezaba a la Virgen Mar\u00eda y a su hijo agradeciendo el estar a\u00fan con vida.  <\/p>\n\n\n\n<p>Encontr\u00e9 un viejo arado romp\u00ed un  port\u00f3n, saqu\u00e9 dos tablas largas y arm\u00e9 un peque\u00f1o refugio para aislarme  de la humedad pues ya anochec\u00eda.<\/p>\n\n\n\n<p>Llen\u00e9 una bolsa de arpillera que estaba junto al arado con pasto y me  prepar\u00e9 a pasar la noche m\u00e1s larga de mi vida. Y verdaderamente lo fue,  ser\u00eda mucho escribir el relatar todo lo que pas\u00f3 por mi mente esa noche,  pens\u00e9 en mis hijos y mi se\u00f1ora, a qui\u00e9n faltaban diez d\u00edas para entrar  en la fecha de nacimiento de nuestro sexto hijo (Ana Paula naci\u00f3 el 17  de Junio), sobre el destino de mis compa\u00f1eros de Escuadrilla y los que  quedaron en la Base, la cual parec\u00eda tremendamente lejana ahora y en el  fr\u00edo. -un fr\u00edo tremendo que me parec\u00eda ven\u00eda a oleadas, el cual me  impidi\u00f3 dormir en esas interminables horas y a la vez brindar un sonoro  concierto de entrechocar de dientes en ese solitario paraje.<\/p>\n\n\n\n<p>Pero estaba l\u00facido y bastante entero sab\u00eda en donde me encontraba, y el  terreno que pisaba; ten\u00eda una gran confianza en Dios y en m\u00ed (\u00a1algo  ten\u00eda que poner yo tambi\u00e9n!). Adem\u00e1s a pesar de que mi situaci\u00f3n no era  muy envidiable me reconfortaba el reflejo de incendios que  intermitentemente observaba en la panza de los stratos bajos (nubes),  del otro lado de la monta\u00f1a que marcan el inicio del estrecho San  Carlos, pues sab\u00eda que ah\u00ed \u00fanicamente hab\u00eda barcos ingleses; Dios me  perdone pero sin tener nada en contra de los ingleses como personas,  estaba contento porque esos reflejos que cambiaban de intensidad me  indicaban que gracias a mi Fuerza A\u00e9rea, la reina ten\u00eda menos s\u00fabditos y  material de guerra. <\/p>\n\n\n\n<p>Junto con la  claridad se disiparon mis dudas sobre si me podr\u00eda levantar o no por  alg\u00fan problema en la espalda o cintura pues no tuve mayores  inconvenientes en pararme. <br> En aras  de la brevedad, ese d\u00eda camin\u00e9 unos veinticinco kil\u00f3metros a br\u00fajula y  gui\u00e1ndome por mi memoria y conocimiento de la geograf\u00eda de la isla  llegando por fin alrededor de las tres de la tarde a Puerto Howard, en  donde hab\u00eda un regimiento de nuestro Ej\u00e9rcito. <\/p>\n\n\n\n<p>M\u00e1s muerto que vivo por  el cansancio y con principio de deshidrataci\u00f3n, pero bastante entero en  el resto, me animaba el hecho que podr\u00eda enterar a mi familia y  camaradas, de que todav\u00eda no hab\u00eda pasado a ser solamente un recuerdo en  esta tierra. <br> Sent\u00ed una gran  emoci\u00f3n en la formaci\u00f3n del 25 de mayo en Puerto Howard, y gran orgullo  tambi\u00e9n pues en el momento que se celebraba \u00e9sta, pasaron dos Dagger m\u00e1s  bajo que las piedras y a m\u00e1xima velocidad; orgullo repito pues le  se\u00f1al\u00e9 a mis camaradas presentes: \u00abEsos son de los m\u00edos\u00bb. <\/p>\n\n\n\n<p>Luego de varias peripecias m\u00e1s, que conjuntamente con otros argentinos  metidos en el tema tuvimos que sortear, algunas de ellas por dem\u00e1s  interesantes, consegu\u00ed cruzar a Puerto Argentino cinco d\u00edas despu\u00e9s.  Casi a fin de mayo, pude volver al continente, lleno de orgullo por mi  Fuerza pues verdaderamente presenci\u00e9 Lo que estaba haciendo y hab\u00eda  hecho durante el conflicto, no s\u00f3lo por parte de los aviadores sino  tambi\u00e9n por todo el resto del personal de Oficiales, Suboficiales y  Soldados, que dieron m\u00e1s que algo por la Patria.  <\/p>\n\n\n\n<p>   \u00abMATICES\u00bb ( Libro\u00bb: Halcones sobre Malvinas\u00bbCap. Pablo Carballo)<\/p>\n\n\n\n<p><img loading=\"lazy\" decoding=\"async\" width=\"80\" height=\"117\" scale=\"0\" class=\"wp-image-849\" style=\"width: 80px;\" src=\"https:\/\/laperlaaustral.com.ar\/guerra-malvinas\/wp-content\/uploads\/2019\/06\/14753902.jpg\" alt=\"HALCONES SOBRE MALVINAS\"><\/p>\n\n\n\n<p><a rel=\"noreferrer noopener\" href=\"https:\/\/www.facebook.com\/La-Perla-Austra-487959322032195\/\" target=\"_blank\">Encuentranos en Facebook<\/a><\/p>\n","protected":false},"excerpt":{"rendered":"<p>Dagger al Ataque 21 de Mayo RELATA: Capit\u00e1n DONADILLE (Piloto de Mirage V \u00abDAGGER\u00bb) Dif\u00edcil es combatir contra medios tremendamente superiores, como loes tambi\u00e9n encontrarse lejos de todos, semicongelados, con fr\u00edo\u2026 y s\u00f3lo. Ayer recib\u00ed una encomienda de casa con cartas una bufanda y chocolates; las cartas, especialmente las de mis hijos, me emocionan cada&hellip; <br \/> <a class=\"read-more\" href=\"https:\/\/laperlaaustral.com.ar\/guerra-malvinas\/dagger-al-ataque\/\">Leer m\u00e1s<\/a><\/p>\n","protected":false},"author":2,"featured_media":3426,"comment_status":"open","ping_status":"open","sticky":false,"template":"","format":"standard","meta":{"_monsterinsights_skip_tracking":false,"_monsterinsights_sitenote_active":false,"_monsterinsights_sitenote_note":"","_monsterinsights_sitenote_category":0,"footnotes":""},"categories":[4],"tags":[491,467,34,479,516,515],"yoast_head":"<!-- This site is optimized with the Yoast SEO plugin v23.4 - https:\/\/yoast.com\/wordpress\/plugins\/seo\/ -->\n<title>Dagger al Ataque - La Perla Austral<\/title>\n<meta name=\"description\" content=\"Dagger al Ataque - Guerra de Malvinas, Capit\u00e1n DONADILLE actuacion de las fuerzas aerea argentinas en el conflicto del atlantico sur, sus protagonistas,\" \/>\n<meta name=\"robots\" content=\"index, follow, max-snippet:-1, max-image-preview:large, max-video-preview:-1\" \/>\n<link rel=\"canonical\" href=\"http:\/\/laperlaaustral.com.ar\/guerra-malvinas\/dagger-al-ataque\/\" \/>\n<meta property=\"og:locale\" content=\"es_ES\" \/>\n<meta property=\"og:type\" content=\"article\" \/>\n<meta property=\"og:title\" content=\"Dagger al Ataque - La Perla Austral\" \/>\n<meta property=\"og:description\" content=\"Dagger al Ataque - Guerra de Malvinas, Capit\u00e1n DONADILLE actuacion de las fuerzas aerea argentinas en el conflicto del atlantico sur, sus protagonistas,\" \/>\n<meta property=\"og:url\" content=\"http:\/\/laperlaaustral.com.ar\/guerra-malvinas\/dagger-al-ataque\/\" \/>\n<meta property=\"og:site_name\" content=\"La Perla Austral\" \/>\n<meta property=\"article:publisher\" content=\"https:\/\/www.facebook.com\/La-Perla-Austra-487959322032195\" \/>\n<meta property=\"article:published_time\" content=\"2019-06-30T11:16:08+00:00\" \/>\n<meta property=\"article:modified_time\" content=\"2020-01-06T11:28:51+00:00\" \/>\n<meta property=\"og:image\" content=\"http:\/\/laperlaaustral.com.ar\/guerra-malvinas\/wp-content\/uploads\/2019\/06\/San-Carlos-Dagger.jpg\" \/>\n\t<meta property=\"og:image:width\" content=\"960\" \/>\n\t<meta property=\"og:image:height\" content=\"721\" \/>\n\t<meta property=\"og:image:type\" content=\"image\/jpeg\" \/>\n<meta name=\"author\" content=\"GomRam\" \/>\n<meta name=\"twitter:card\" content=\"summary_large_image\" \/>\n<meta name=\"twitter:label1\" content=\"Escrito por\" \/>\n\t<meta name=\"twitter:data1\" content=\"GomRam\" \/>\n\t<meta name=\"twitter:label2\" content=\"Tiempo de lectura\" \/>\n\t<meta name=\"twitter:data2\" content=\"11 minutos\" \/>\n<script type=\"application\/ld+json\" class=\"yoast-schema-graph\">{\"@context\":\"https:\/\/schema.org\",\"@graph\":[{\"@type\":\"WebPage\",\"@id\":\"http:\/\/laperlaaustral.com.ar\/guerra-malvinas\/dagger-al-ataque\/\",\"url\":\"http:\/\/laperlaaustral.com.ar\/guerra-malvinas\/dagger-al-ataque\/\",\"name\":\"Dagger al Ataque - La Perla Austral\",\"isPartOf\":{\"@id\":\"http:\/\/laperlaaustral.com.ar\/guerra-malvinas\/#website\"},\"primaryImageOfPage\":{\"@id\":\"http:\/\/laperlaaustral.com.ar\/guerra-malvinas\/dagger-al-ataque\/#primaryimage\"},\"image\":{\"@id\":\"http:\/\/laperlaaustral.com.ar\/guerra-malvinas\/dagger-al-ataque\/#primaryimage\"},\"thumbnailUrl\":\"https:\/\/laperlaaustral.com.ar\/guerra-malvinas\/wp-content\/uploads\/2019\/06\/San-Carlos-Dagger.jpg\",\"datePublished\":\"2019-06-30T11:16:08+00:00\",\"dateModified\":\"2020-01-06T11:28:51+00:00\",\"author\":{\"@id\":\"http:\/\/laperlaaustral.com.ar\/guerra-malvinas\/#\/schema\/person\/cccf8f0904f83654d5f2d5380e4eb4b9\"},\"description\":\"Dagger al Ataque - Guerra de Malvinas, Capit\u00e1n DONADILLE actuacion de las fuerzas aerea argentinas en el conflicto del atlantico sur, sus protagonistas,\",\"breadcrumb\":{\"@id\":\"http:\/\/laperlaaustral.com.ar\/guerra-malvinas\/dagger-al-ataque\/#breadcrumb\"},\"inLanguage\":\"es\",\"potentialAction\":[{\"@type\":\"ReadAction\",\"target\":[\"http:\/\/laperlaaustral.com.ar\/guerra-malvinas\/dagger-al-ataque\/\"]}]},{\"@type\":\"ImageObject\",\"inLanguage\":\"es\",\"@id\":\"http:\/\/laperlaaustral.com.ar\/guerra-malvinas\/dagger-al-ataque\/#primaryimage\",\"url\":\"https:\/\/laperlaaustral.com.ar\/guerra-malvinas\/wp-content\/uploads\/2019\/06\/San-Carlos-Dagger.jpg\",\"contentUrl\":\"https:\/\/laperlaaustral.com.ar\/guerra-malvinas\/wp-content\/uploads\/2019\/06\/San-Carlos-Dagger.jpg\",\"width\":960,\"height\":721,\"caption\":\"San-Carlos-Dagger\"},{\"@type\":\"BreadcrumbList\",\"@id\":\"http:\/\/laperlaaustral.com.ar\/guerra-malvinas\/dagger-al-ataque\/#breadcrumb\",\"itemListElement\":[{\"@type\":\"ListItem\",\"position\":1,\"name\":\"Portada\",\"item\":\"https:\/\/laperlaaustral.com.ar\/guerra-malvinas\/\"},{\"@type\":\"ListItem\",\"position\":2,\"name\":\"Dagger al Ataque\"}]},{\"@type\":\"WebSite\",\"@id\":\"http:\/\/laperlaaustral.com.ar\/guerra-malvinas\/#website\",\"url\":\"http:\/\/laperlaaustral.com.ar\/guerra-malvinas\/\",\"name\":\"La Perla Austral\",\"description\":\"Guerra de Malvinas 1982\",\"potentialAction\":[{\"@type\":\"SearchAction\",\"target\":{\"@type\":\"EntryPoint\",\"urlTemplate\":\"http:\/\/laperlaaustral.com.ar\/guerra-malvinas\/?s={search_term_string}\"},\"query-input\":{\"@type\":\"PropertyValueSpecification\",\"valueRequired\":true,\"valueName\":\"search_term_string\"}}],\"inLanguage\":\"es\"},{\"@type\":\"Person\",\"@id\":\"http:\/\/laperlaaustral.com.ar\/guerra-malvinas\/#\/schema\/person\/cccf8f0904f83654d5f2d5380e4eb4b9\",\"name\":\"GomRam\",\"image\":{\"@type\":\"ImageObject\",\"inLanguage\":\"es\",\"@id\":\"http:\/\/laperlaaustral.com.ar\/guerra-malvinas\/#\/schema\/person\/image\/\",\"url\":\"https:\/\/secure.gravatar.com\/avatar\/a0f191abb2983305e8a2e850573cb20a?s=96&d=mm&r=g\",\"contentUrl\":\"https:\/\/secure.gravatar.com\/avatar\/a0f191abb2983305e8a2e850573cb20a?s=96&d=mm&r=g\",\"caption\":\"GomRam\"},\"url\":\"https:\/\/laperlaaustral.com.ar\/guerra-malvinas\/author\/ac000164\/\"}]}<\/script>\n<!-- \/ Yoast SEO plugin. -->","yoast_head_json":{"title":"Dagger al Ataque - La Perla Austral","description":"Dagger al Ataque - Guerra de Malvinas, Capit\u00e1n DONADILLE actuacion de las fuerzas aerea argentinas en el conflicto del atlantico sur, sus protagonistas,","robots":{"index":"index","follow":"follow","max-snippet":"max-snippet:-1","max-image-preview":"max-image-preview:large","max-video-preview":"max-video-preview:-1"},"canonical":"http:\/\/laperlaaustral.com.ar\/guerra-malvinas\/dagger-al-ataque\/","og_locale":"es_ES","og_type":"article","og_title":"Dagger al Ataque - La Perla Austral","og_description":"Dagger al Ataque - Guerra de Malvinas, Capit\u00e1n DONADILLE actuacion de las fuerzas aerea argentinas en el conflicto del atlantico sur, sus protagonistas,","og_url":"http:\/\/laperlaaustral.com.ar\/guerra-malvinas\/dagger-al-ataque\/","og_site_name":"La Perla Austral","article_publisher":"https:\/\/www.facebook.com\/La-Perla-Austra-487959322032195","article_published_time":"2019-06-30T11:16:08+00:00","article_modified_time":"2020-01-06T11:28:51+00:00","og_image":[{"width":960,"height":721,"url":"http:\/\/laperlaaustral.com.ar\/guerra-malvinas\/wp-content\/uploads\/2019\/06\/San-Carlos-Dagger.jpg","type":"image\/jpeg"}],"author":"GomRam","twitter_card":"summary_large_image","twitter_misc":{"Escrito por":"GomRam","Tiempo de lectura":"11 minutos"},"schema":{"@context":"https:\/\/schema.org","@graph":[{"@type":"WebPage","@id":"http:\/\/laperlaaustral.com.ar\/guerra-malvinas\/dagger-al-ataque\/","url":"http:\/\/laperlaaustral.com.ar\/guerra-malvinas\/dagger-al-ataque\/","name":"Dagger al Ataque - La Perla Austral","isPartOf":{"@id":"http:\/\/laperlaaustral.com.ar\/guerra-malvinas\/#website"},"primaryImageOfPage":{"@id":"http:\/\/laperlaaustral.com.ar\/guerra-malvinas\/dagger-al-ataque\/#primaryimage"},"image":{"@id":"http:\/\/laperlaaustral.com.ar\/guerra-malvinas\/dagger-al-ataque\/#primaryimage"},"thumbnailUrl":"https:\/\/laperlaaustral.com.ar\/guerra-malvinas\/wp-content\/uploads\/2019\/06\/San-Carlos-Dagger.jpg","datePublished":"2019-06-30T11:16:08+00:00","dateModified":"2020-01-06T11:28:51+00:00","author":{"@id":"http:\/\/laperlaaustral.com.ar\/guerra-malvinas\/#\/schema\/person\/cccf8f0904f83654d5f2d5380e4eb4b9"},"description":"Dagger al Ataque - Guerra de Malvinas, Capit\u00e1n DONADILLE actuacion de las fuerzas aerea argentinas en el conflicto del atlantico sur, sus protagonistas,","breadcrumb":{"@id":"http:\/\/laperlaaustral.com.ar\/guerra-malvinas\/dagger-al-ataque\/#breadcrumb"},"inLanguage":"es","potentialAction":[{"@type":"ReadAction","target":["http:\/\/laperlaaustral.com.ar\/guerra-malvinas\/dagger-al-ataque\/"]}]},{"@type":"ImageObject","inLanguage":"es","@id":"http:\/\/laperlaaustral.com.ar\/guerra-malvinas\/dagger-al-ataque\/#primaryimage","url":"https:\/\/laperlaaustral.com.ar\/guerra-malvinas\/wp-content\/uploads\/2019\/06\/San-Carlos-Dagger.jpg","contentUrl":"https:\/\/laperlaaustral.com.ar\/guerra-malvinas\/wp-content\/uploads\/2019\/06\/San-Carlos-Dagger.jpg","width":960,"height":721,"caption":"San-Carlos-Dagger"},{"@type":"BreadcrumbList","@id":"http:\/\/laperlaaustral.com.ar\/guerra-malvinas\/dagger-al-ataque\/#breadcrumb","itemListElement":[{"@type":"ListItem","position":1,"name":"Portada","item":"https:\/\/laperlaaustral.com.ar\/guerra-malvinas\/"},{"@type":"ListItem","position":2,"name":"Dagger al Ataque"}]},{"@type":"WebSite","@id":"http:\/\/laperlaaustral.com.ar\/guerra-malvinas\/#website","url":"http:\/\/laperlaaustral.com.ar\/guerra-malvinas\/","name":"La Perla Austral","description":"Guerra de Malvinas 1982","potentialAction":[{"@type":"SearchAction","target":{"@type":"EntryPoint","urlTemplate":"http:\/\/laperlaaustral.com.ar\/guerra-malvinas\/?s={search_term_string}"},"query-input":{"@type":"PropertyValueSpecification","valueRequired":true,"valueName":"search_term_string"}}],"inLanguage":"es"},{"@type":"Person","@id":"http:\/\/laperlaaustral.com.ar\/guerra-malvinas\/#\/schema\/person\/cccf8f0904f83654d5f2d5380e4eb4b9","name":"GomRam","image":{"@type":"ImageObject","inLanguage":"es","@id":"http:\/\/laperlaaustral.com.ar\/guerra-malvinas\/#\/schema\/person\/image\/","url":"https:\/\/secure.gravatar.com\/avatar\/a0f191abb2983305e8a2e850573cb20a?s=96&d=mm&r=g","contentUrl":"https:\/\/secure.gravatar.com\/avatar\/a0f191abb2983305e8a2e850573cb20a?s=96&d=mm&r=g","caption":"GomRam"},"url":"https:\/\/laperlaaustral.com.ar\/guerra-malvinas\/author\/ac000164\/"}]}},"_links":{"self":[{"href":"https:\/\/laperlaaustral.com.ar\/guerra-malvinas\/wp-json\/wp\/v2\/posts\/1040"}],"collection":[{"href":"https:\/\/laperlaaustral.com.ar\/guerra-malvinas\/wp-json\/wp\/v2\/posts"}],"about":[{"href":"https:\/\/laperlaaustral.com.ar\/guerra-malvinas\/wp-json\/wp\/v2\/types\/post"}],"author":[{"embeddable":true,"href":"https:\/\/laperlaaustral.com.ar\/guerra-malvinas\/wp-json\/wp\/v2\/users\/2"}],"replies":[{"embeddable":true,"href":"https:\/\/laperlaaustral.com.ar\/guerra-malvinas\/wp-json\/wp\/v2\/comments?post=1040"}],"version-history":[{"count":3,"href":"https:\/\/laperlaaustral.com.ar\/guerra-malvinas\/wp-json\/wp\/v2\/posts\/1040\/revisions"}],"predecessor-version":[{"id":3427,"href":"https:\/\/laperlaaustral.com.ar\/guerra-malvinas\/wp-json\/wp\/v2\/posts\/1040\/revisions\/3427"}],"wp:featuredmedia":[{"embeddable":true,"href":"https:\/\/laperlaaustral.com.ar\/guerra-malvinas\/wp-json\/wp\/v2\/media\/3426"}],"wp:attachment":[{"href":"https:\/\/laperlaaustral.com.ar\/guerra-malvinas\/wp-json\/wp\/v2\/media?parent=1040"}],"wp:term":[{"taxonomy":"category","embeddable":true,"href":"https:\/\/laperlaaustral.com.ar\/guerra-malvinas\/wp-json\/wp\/v2\/categories?post=1040"},{"taxonomy":"post_tag","embeddable":true,"href":"https:\/\/laperlaaustral.com.ar\/guerra-malvinas\/wp-json\/wp\/v2\/tags?post=1040"}],"curies":[{"name":"wp","href":"https:\/\/api.w.org\/{rel}","templated":true}]}}