{"id":1034,"date":"2019-06-30T10:57:20","date_gmt":"2019-06-30T10:57:20","guid":{"rendered":"https:\/\/laperlaaustral.com.ar\/guerra-malvinas\/?p=1034"},"modified":"2019-06-30T10:57:22","modified_gmt":"2019-06-30T10:57:22","slug":"ataque-a-base-calderon","status":"publish","type":"post","link":"https:\/\/laperlaaustral.com.ar\/guerra-malvinas\/ataque-a-base-calderon\/","title":{"rendered":"Ataque a Base Calder\u00f3n"},"content":{"rendered":"\n<p> Como  parte de las operaciones previas al desembarco ingl\u00e9s, estos efectuaron  acciones de dispersi\u00f3n en distintos puntos de las islas, que  consistieron en helidesembarcos simulados, en los que desembarcaban  Comandos del SAS y del SBS. Estos deb\u00edan inspeccionar el sector y  determinar los puntos m\u00e1s convenientes para realizar un desembarco, o  sectores en los que fuese posible hostigar al enemigo. <\/p>\n\n\n\n<p>Ese\n fue el caso del un grupo comando que prepar\u00f3 el asalto a la Estaci\u00f3n \nAeronaval Calder\u00f3n, con el objetivo de dejarla inoperante.<br> En primer\n t\u00e9rmino, una reducida cantidad de comandos se dedic\u00f3 a observar los \npuestos de vigilancia, ciclos de guardia y la posici\u00f3n de los aviones.<br>\n Para efectuar durante las primeras horas del 15 de mayo el ataque a la \nEstaci\u00f3n Calder\u00f3n con 50 hombres, logrando destruir o averiar los \nsiguientes aviones: 5 Pucar\u00e1, 4 Mentor <br> T-34 y 1 Skyvan de Prefectura.<\/p>\n\n\n\n<p>El desarrollo del Ataque:<br>\n El grupo de asalto helidesembarc\u00f3 a distancia prudencial para evitar \nque se escuchara el ruido de los helic\u00f3pteros. Recorrieron esa distancia\n a pie y cuando estuvieron en posici\u00f3n las fragatas pr\u00f3ximas al lugar \ncomenzaron un intenso ca\u00f1oneo naval, para impedir que las tropas \nargentinas saliesen de sus refugios. Mientras tanto, los comandos se \nhab\u00edan dividido en dos grupos: uno de ellos se ocupar\u00eda de destruir en \ntierra los aviones, y el otro de evitar un contraataque argentino.<br> Para la destrucci\u00f3n de los aviones pr\u00f3ximos a la pista se utilizaron granadas de demolici\u00f3n y explosivos pl\u00e1sticos.<br>\n Repentinamente se produjo una gran explosi\u00f3n, pues en medio de la \noperaci\u00f3n, el ca\u00f1onazo de un buque brit\u00e1nico dio en una de las c\u00e1maras \nde voladura que los infantes de marina argentinos hab\u00edan instalado para \ndestruir la pista en caso de ocupaci\u00f3n de la base por fuerzas enemigas.<br>\n Los comandos se retiraron r\u00e1pidamente apoyados por helic\u00f3pteros, \nquedando destruidos como saldo del ataque 5 Pucar\u00e1, 4 Turbo Mentor T-34 y\n el Skyvan de Prefectura Argentina .<\/p>\n","protected":false},"excerpt":{"rendered":"<p>Como parte de las operaciones previas al desembarco ingl\u00e9s, estos efectuaron acciones de dispersi\u00f3n en distintos puntos de las islas, que consistieron en helidesembarcos simulados, en los que desembarcaban Comandos del SAS y del SBS. Estos deb\u00edan inspeccionar el sector y determinar los puntos m\u00e1s convenientes para realizar un desembarco, o sectores en los que&hellip; <br \/> <a class=\"read-more\" href=\"https:\/\/laperlaaustral.com.ar\/guerra-malvinas\/ataque-a-base-calderon\/\">Leer m\u00e1s<\/a><\/p>\n","protected":false},"author":2,"featured_media":0,"comment_status":"open","ping_status":"open","sticky":false,"template":"","format":"standard","meta":{"_monsterinsights_skip_tracking":false,"_monsterinsights_sitenote_active":false,"_monsterinsights_sitenote_note":"","_monsterinsights_sitenote_category":0,"footnotes":""},"categories":[4],"tags":[505,467,34,479,508,506,507],"yoast_head":"<!-- This site is optimized with the Yoast SEO plugin v23.4 - https:\/\/yoast.com\/wordpress\/plugins\/seo\/ -->\n<title>Ataque a Base Calder\u00f3n - La Perla Austral<\/title>\n<meta name=\"robots\" content=\"index, follow, max-snippet:-1, max-image-preview:large, max-video-preview:-1\" \/>\n<link rel=\"canonical\" href=\"http:\/\/laperlaaustral.com.ar\/guerra-malvinas\/ataque-a-base-calderon\/\" \/>\n<meta property=\"og:locale\" content=\"es_ES\" \/>\n<meta property=\"og:type\" content=\"article\" \/>\n<meta property=\"og:title\" content=\"Ataque a Base Calder\u00f3n - La Perla Austral\" \/>\n<meta property=\"og:description\" content=\"Como parte de las operaciones previas al desembarco ingl\u00e9s, estos efectuaron acciones de dispersi\u00f3n en distintos puntos de las islas, que consistieron en helidesembarcos simulados, en los que desembarcaban Comandos del SAS y del SBS. Estos deb\u00edan inspeccionar el sector y determinar los puntos m\u00e1s convenientes para realizar un desembarco, o sectores en los que&hellip; Leer m\u00e1s\" \/>\n<meta property=\"og:url\" content=\"http:\/\/laperlaaustral.com.ar\/guerra-malvinas\/ataque-a-base-calderon\/\" \/>\n<meta property=\"og:site_name\" content=\"La Perla Austral\" \/>\n<meta property=\"article:publisher\" content=\"https:\/\/www.facebook.com\/La-Perla-Austra-487959322032195\" \/>\n<meta property=\"article:published_time\" content=\"2019-06-30T10:57:20+00:00\" \/>\n<meta property=\"article:modified_time\" content=\"2019-06-30T10:57:22+00:00\" \/>\n<meta name=\"author\" content=\"GomRam\" \/>\n<meta name=\"twitter:card\" content=\"summary_large_image\" \/>\n<meta name=\"twitter:label1\" content=\"Escrito por\" \/>\n\t<meta name=\"twitter:data1\" content=\"GomRam\" \/>\n\t<meta name=\"twitter:label2\" content=\"Tiempo de lectura\" \/>\n\t<meta name=\"twitter:data2\" content=\"2 minutos\" \/>\n<script type=\"application\/ld+json\" class=\"yoast-schema-graph\">{\"@context\":\"https:\/\/schema.org\",\"@graph\":[{\"@type\":\"WebPage\",\"@id\":\"http:\/\/laperlaaustral.com.ar\/guerra-malvinas\/ataque-a-base-calderon\/\",\"url\":\"http:\/\/laperlaaustral.com.ar\/guerra-malvinas\/ataque-a-base-calderon\/\",\"name\":\"Ataque a Base Calder\u00f3n - La Perla Austral\",\"isPartOf\":{\"@id\":\"http:\/\/laperlaaustral.com.ar\/guerra-malvinas\/#website\"},\"datePublished\":\"2019-06-30T10:57:20+00:00\",\"dateModified\":\"2019-06-30T10:57:22+00:00\",\"author\":{\"@id\":\"http:\/\/laperlaaustral.com.ar\/guerra-malvinas\/#\/schema\/person\/cccf8f0904f83654d5f2d5380e4eb4b9\"},\"breadcrumb\":{\"@id\":\"http:\/\/laperlaaustral.com.ar\/guerra-malvinas\/ataque-a-base-calderon\/#breadcrumb\"},\"inLanguage\":\"es\",\"potentialAction\":[{\"@type\":\"ReadAction\",\"target\":[\"http:\/\/laperlaaustral.com.ar\/guerra-malvinas\/ataque-a-base-calderon\/\"]}]},{\"@type\":\"BreadcrumbList\",\"@id\":\"http:\/\/laperlaaustral.com.ar\/guerra-malvinas\/ataque-a-base-calderon\/#breadcrumb\",\"itemListElement\":[{\"@type\":\"ListItem\",\"position\":1,\"name\":\"Portada\",\"item\":\"https:\/\/laperlaaustral.com.ar\/guerra-malvinas\/\"},{\"@type\":\"ListItem\",\"position\":2,\"name\":\"Ataque a Base Calder\u00f3n\"}]},{\"@type\":\"WebSite\",\"@id\":\"http:\/\/laperlaaustral.com.ar\/guerra-malvinas\/#website\",\"url\":\"http:\/\/laperlaaustral.com.ar\/guerra-malvinas\/\",\"name\":\"La Perla Austral\",\"description\":\"Guerra de Malvinas 1982\",\"potentialAction\":[{\"@type\":\"SearchAction\",\"target\":{\"@type\":\"EntryPoint\",\"urlTemplate\":\"http:\/\/laperlaaustral.com.ar\/guerra-malvinas\/?s={search_term_string}\"},\"query-input\":{\"@type\":\"PropertyValueSpecification\",\"valueRequired\":true,\"valueName\":\"search_term_string\"}}],\"inLanguage\":\"es\"},{\"@type\":\"Person\",\"@id\":\"http:\/\/laperlaaustral.com.ar\/guerra-malvinas\/#\/schema\/person\/cccf8f0904f83654d5f2d5380e4eb4b9\",\"name\":\"GomRam\",\"image\":{\"@type\":\"ImageObject\",\"inLanguage\":\"es\",\"@id\":\"http:\/\/laperlaaustral.com.ar\/guerra-malvinas\/#\/schema\/person\/image\/\",\"url\":\"https:\/\/secure.gravatar.com\/avatar\/a0f191abb2983305e8a2e850573cb20a?s=96&d=mm&r=g\",\"contentUrl\":\"https:\/\/secure.gravatar.com\/avatar\/a0f191abb2983305e8a2e850573cb20a?s=96&d=mm&r=g\",\"caption\":\"GomRam\"},\"url\":\"https:\/\/laperlaaustral.com.ar\/guerra-malvinas\/author\/ac000164\/\"}]}<\/script>\n<!-- \/ Yoast SEO plugin. -->","yoast_head_json":{"title":"Ataque a Base Calder\u00f3n - La Perla Austral","robots":{"index":"index","follow":"follow","max-snippet":"max-snippet:-1","max-image-preview":"max-image-preview:large","max-video-preview":"max-video-preview:-1"},"canonical":"http:\/\/laperlaaustral.com.ar\/guerra-malvinas\/ataque-a-base-calderon\/","og_locale":"es_ES","og_type":"article","og_title":"Ataque a Base Calder\u00f3n - La Perla Austral","og_description":"Como parte de las operaciones previas al desembarco ingl\u00e9s, estos efectuaron acciones de dispersi\u00f3n en distintos puntos de las islas, que consistieron en helidesembarcos simulados, en los que desembarcaban Comandos del SAS y del SBS. Estos deb\u00edan inspeccionar el sector y determinar los puntos m\u00e1s convenientes para realizar un desembarco, o sectores en los que&hellip; Leer m\u00e1s","og_url":"http:\/\/laperlaaustral.com.ar\/guerra-malvinas\/ataque-a-base-calderon\/","og_site_name":"La Perla Austral","article_publisher":"https:\/\/www.facebook.com\/La-Perla-Austra-487959322032195","article_published_time":"2019-06-30T10:57:20+00:00","article_modified_time":"2019-06-30T10:57:22+00:00","author":"GomRam","twitter_card":"summary_large_image","twitter_misc":{"Escrito por":"GomRam","Tiempo de lectura":"2 minutos"},"schema":{"@context":"https:\/\/schema.org","@graph":[{"@type":"WebPage","@id":"http:\/\/laperlaaustral.com.ar\/guerra-malvinas\/ataque-a-base-calderon\/","url":"http:\/\/laperlaaustral.com.ar\/guerra-malvinas\/ataque-a-base-calderon\/","name":"Ataque a Base Calder\u00f3n - La Perla Austral","isPartOf":{"@id":"http:\/\/laperlaaustral.com.ar\/guerra-malvinas\/#website"},"datePublished":"2019-06-30T10:57:20+00:00","dateModified":"2019-06-30T10:57:22+00:00","author":{"@id":"http:\/\/laperlaaustral.com.ar\/guerra-malvinas\/#\/schema\/person\/cccf8f0904f83654d5f2d5380e4eb4b9"},"breadcrumb":{"@id":"http:\/\/laperlaaustral.com.ar\/guerra-malvinas\/ataque-a-base-calderon\/#breadcrumb"},"inLanguage":"es","potentialAction":[{"@type":"ReadAction","target":["http:\/\/laperlaaustral.com.ar\/guerra-malvinas\/ataque-a-base-calderon\/"]}]},{"@type":"BreadcrumbList","@id":"http:\/\/laperlaaustral.com.ar\/guerra-malvinas\/ataque-a-base-calderon\/#breadcrumb","itemListElement":[{"@type":"ListItem","position":1,"name":"Portada","item":"https:\/\/laperlaaustral.com.ar\/guerra-malvinas\/"},{"@type":"ListItem","position":2,"name":"Ataque a Base Calder\u00f3n"}]},{"@type":"WebSite","@id":"http:\/\/laperlaaustral.com.ar\/guerra-malvinas\/#website","url":"http:\/\/laperlaaustral.com.ar\/guerra-malvinas\/","name":"La Perla Austral","description":"Guerra de Malvinas 1982","potentialAction":[{"@type":"SearchAction","target":{"@type":"EntryPoint","urlTemplate":"http:\/\/laperlaaustral.com.ar\/guerra-malvinas\/?s={search_term_string}"},"query-input":{"@type":"PropertyValueSpecification","valueRequired":true,"valueName":"search_term_string"}}],"inLanguage":"es"},{"@type":"Person","@id":"http:\/\/laperlaaustral.com.ar\/guerra-malvinas\/#\/schema\/person\/cccf8f0904f83654d5f2d5380e4eb4b9","name":"GomRam","image":{"@type":"ImageObject","inLanguage":"es","@id":"http:\/\/laperlaaustral.com.ar\/guerra-malvinas\/#\/schema\/person\/image\/","url":"https:\/\/secure.gravatar.com\/avatar\/a0f191abb2983305e8a2e850573cb20a?s=96&d=mm&r=g","contentUrl":"https:\/\/secure.gravatar.com\/avatar\/a0f191abb2983305e8a2e850573cb20a?s=96&d=mm&r=g","caption":"GomRam"},"url":"https:\/\/laperlaaustral.com.ar\/guerra-malvinas\/author\/ac000164\/"}]}},"_links":{"self":[{"href":"https:\/\/laperlaaustral.com.ar\/guerra-malvinas\/wp-json\/wp\/v2\/posts\/1034"}],"collection":[{"href":"https:\/\/laperlaaustral.com.ar\/guerra-malvinas\/wp-json\/wp\/v2\/posts"}],"about":[{"href":"https:\/\/laperlaaustral.com.ar\/guerra-malvinas\/wp-json\/wp\/v2\/types\/post"}],"author":[{"embeddable":true,"href":"https:\/\/laperlaaustral.com.ar\/guerra-malvinas\/wp-json\/wp\/v2\/users\/2"}],"replies":[{"embeddable":true,"href":"https:\/\/laperlaaustral.com.ar\/guerra-malvinas\/wp-json\/wp\/v2\/comments?post=1034"}],"version-history":[{"count":1,"href":"https:\/\/laperlaaustral.com.ar\/guerra-malvinas\/wp-json\/wp\/v2\/posts\/1034\/revisions"}],"predecessor-version":[{"id":1035,"href":"https:\/\/laperlaaustral.com.ar\/guerra-malvinas\/wp-json\/wp\/v2\/posts\/1034\/revisions\/1035"}],"wp:attachment":[{"href":"https:\/\/laperlaaustral.com.ar\/guerra-malvinas\/wp-json\/wp\/v2\/media?parent=1034"}],"wp:term":[{"taxonomy":"category","embeddable":true,"href":"https:\/\/laperlaaustral.com.ar\/guerra-malvinas\/wp-json\/wp\/v2\/categories?post=1034"},{"taxonomy":"post_tag","embeddable":true,"href":"https:\/\/laperlaaustral.com.ar\/guerra-malvinas\/wp-json\/wp\/v2\/tags?post=1034"}],"curies":[{"name":"wp","href":"https:\/\/api.w.org\/{rel}","templated":true}]}}