{"id":1030,"date":"2019-06-30T10:52:14","date_gmt":"2019-06-30T10:52:14","guid":{"rendered":"https:\/\/laperlaaustral.com.ar\/guerra-malvinas\/?p=1030"},"modified":"2019-06-30T10:52:16","modified_gmt":"2019-06-30T10:52:16","slug":"el-ataque-a-la-fragata-antelope","status":"publish","type":"post","link":"https:\/\/laperlaaustral.com.ar\/guerra-malvinas\/el-ataque-a-la-fragata-antelope\/","title":{"rendered":"El ataque a la fragata Antelope"},"content":{"rendered":"\n<p> Pasado  el mediod\u00eda despegaron desde R\u00edo Gallegos dos escuadrillas de 3 Skyhawk  A-4B. Por motivos de \u00edndole t\u00e9cnica el grupo se redujo a cuatro  aviones. Su l\u00edder era el Capit\u00e1n Carballo. Luego de la operaci\u00f3n de  Reabastecimiento, prosiguieron hasta el norte del Estrecho de San  Carlos. En la boca de entrada al Puerto San Carlos, los atacaron dos  fragatas estacionadas en ese lugar. Realizaron un rodeo y atacaron a una  fragata volviendo al puerto desde el sudeste. <\/p>\n\n\n\n<p>\nEn\n la maniobra se separaron en dos secciones. Carballo y el Alf\u00e9rez G\u00f3mez \natacaron en primer lugar, pero cuando estaban pr\u00f3ximos a su objetivo, un\n misil disparado desde tierra dio debajo del avi\u00f3n del l\u00edder \ndesestabiliz\u00e1ndolo.<br> Cuando pudo recobrar el control ya era tarde \npara lanzar su bomba, en cambio su numeral s\u00ed lo hab\u00eda logrado y con \n\u00e9xito. Casi inmediatamente llegaron el Primer Teniente Guadagnini y el \nPrimer Teniente Rinke para culminar el ataque. Rinke fall\u00f3 su \nlanzamiento, mientras que Guadagnini hab\u00eda estabilizado su avi\u00f3n para no\n errar el suyo. Un instante despu\u00e9s de lanzar su bomba fue alcanzado por\n la artiller\u00eda antia\u00e9rea del buque. Con su nave fuera de control, se \nestrell\u00f3 contar el m\u00e1stil de la fragata. Luego del ataque, la Antelope \nqued\u00f3 en condiciones aceptables de operaci\u00f3n, pues las bombas no hab\u00edan \nestallado, pero cuando un grupo de especialistas estaba intentando \ndesarmar uno de los artefactos \u00e9ste explot\u00f3, haciendo que la otra bomba \nexplotara por \u00absimpat\u00eda\u00bb. \n\n<\/p>\n\n\n\n<p><\/p>\n","protected":false},"excerpt":{"rendered":"<p>Pasado el mediod\u00eda despegaron desde R\u00edo Gallegos dos escuadrillas de 3 Skyhawk A-4B. Por motivos de \u00edndole t\u00e9cnica el grupo se redujo a cuatro aviones. Su l\u00edder era el Capit\u00e1n Carballo. Luego de la operaci\u00f3n de Reabastecimiento, prosiguieron hasta el norte del Estrecho de San Carlos. En la boca de entrada al Puerto San Carlos,&hellip; <br \/> <a class=\"read-more\" href=\"https:\/\/laperlaaustral.com.ar\/guerra-malvinas\/el-ataque-a-la-fragata-antelope\/\">Leer m\u00e1s<\/a><\/p>\n","protected":false},"author":2,"featured_media":0,"comment_status":"open","ping_status":"open","sticky":false,"template":"","format":"standard","meta":{"_monsterinsights_skip_tracking":false,"_monsterinsights_sitenote_active":false,"_monsterinsights_sitenote_note":"","_monsterinsights_sitenote_category":0,"footnotes":""},"categories":[4],"tags":[496,494,493,467,34,479,497,498,495],"yoast_head":"<!-- This site is optimized with the Yoast SEO plugin v23.4 - https:\/\/yoast.com\/wordpress\/plugins\/seo\/ -->\n<title>El ataque a la fragata Antelope - La Perla Austral<\/title>\n<meta name=\"robots\" content=\"index, follow, max-snippet:-1, max-image-preview:large, max-video-preview:-1\" \/>\n<link rel=\"canonical\" href=\"http:\/\/laperlaaustral.com.ar\/guerra-malvinas\/el-ataque-a-la-fragata-antelope\/\" \/>\n<meta property=\"og:locale\" content=\"es_ES\" \/>\n<meta property=\"og:type\" content=\"article\" \/>\n<meta property=\"og:title\" content=\"El ataque a la fragata Antelope - La Perla Austral\" \/>\n<meta property=\"og:description\" content=\"Pasado el mediod\u00eda despegaron desde R\u00edo Gallegos dos escuadrillas de 3 Skyhawk A-4B. Por motivos de \u00edndole t\u00e9cnica el grupo se redujo a cuatro aviones. Su l\u00edder era el Capit\u00e1n Carballo. Luego de la operaci\u00f3n de Reabastecimiento, prosiguieron hasta el norte del Estrecho de San Carlos. En la boca de entrada al Puerto San Carlos,&hellip; Leer m\u00e1s\" \/>\n<meta property=\"og:url\" content=\"http:\/\/laperlaaustral.com.ar\/guerra-malvinas\/el-ataque-a-la-fragata-antelope\/\" \/>\n<meta property=\"og:site_name\" content=\"La Perla Austral\" \/>\n<meta property=\"article:publisher\" content=\"https:\/\/www.facebook.com\/La-Perla-Austra-487959322032195\" \/>\n<meta property=\"article:published_time\" content=\"2019-06-30T10:52:14+00:00\" \/>\n<meta property=\"article:modified_time\" content=\"2019-06-30T10:52:16+00:00\" \/>\n<meta name=\"author\" content=\"GomRam\" \/>\n<meta name=\"twitter:card\" content=\"summary_large_image\" \/>\n<meta name=\"twitter:label1\" content=\"Escrito por\" \/>\n\t<meta name=\"twitter:data1\" content=\"GomRam\" \/>\n\t<meta name=\"twitter:label2\" content=\"Tiempo de lectura\" \/>\n\t<meta name=\"twitter:data2\" content=\"1 minuto\" \/>\n<script type=\"application\/ld+json\" class=\"yoast-schema-graph\">{\"@context\":\"https:\/\/schema.org\",\"@graph\":[{\"@type\":\"WebPage\",\"@id\":\"http:\/\/laperlaaustral.com.ar\/guerra-malvinas\/el-ataque-a-la-fragata-antelope\/\",\"url\":\"http:\/\/laperlaaustral.com.ar\/guerra-malvinas\/el-ataque-a-la-fragata-antelope\/\",\"name\":\"El ataque a la fragata Antelope - La Perla Austral\",\"isPartOf\":{\"@id\":\"http:\/\/laperlaaustral.com.ar\/guerra-malvinas\/#website\"},\"datePublished\":\"2019-06-30T10:52:14+00:00\",\"dateModified\":\"2019-06-30T10:52:16+00:00\",\"author\":{\"@id\":\"http:\/\/laperlaaustral.com.ar\/guerra-malvinas\/#\/schema\/person\/cccf8f0904f83654d5f2d5380e4eb4b9\"},\"breadcrumb\":{\"@id\":\"http:\/\/laperlaaustral.com.ar\/guerra-malvinas\/el-ataque-a-la-fragata-antelope\/#breadcrumb\"},\"inLanguage\":\"es\",\"potentialAction\":[{\"@type\":\"ReadAction\",\"target\":[\"http:\/\/laperlaaustral.com.ar\/guerra-malvinas\/el-ataque-a-la-fragata-antelope\/\"]}]},{\"@type\":\"BreadcrumbList\",\"@id\":\"http:\/\/laperlaaustral.com.ar\/guerra-malvinas\/el-ataque-a-la-fragata-antelope\/#breadcrumb\",\"itemListElement\":[{\"@type\":\"ListItem\",\"position\":1,\"name\":\"Portada\",\"item\":\"https:\/\/laperlaaustral.com.ar\/guerra-malvinas\/\"},{\"@type\":\"ListItem\",\"position\":2,\"name\":\"El ataque a la fragata Antelope\"}]},{\"@type\":\"WebSite\",\"@id\":\"http:\/\/laperlaaustral.com.ar\/guerra-malvinas\/#website\",\"url\":\"http:\/\/laperlaaustral.com.ar\/guerra-malvinas\/\",\"name\":\"La Perla Austral\",\"description\":\"Guerra de Malvinas 1982\",\"potentialAction\":[{\"@type\":\"SearchAction\",\"target\":{\"@type\":\"EntryPoint\",\"urlTemplate\":\"http:\/\/laperlaaustral.com.ar\/guerra-malvinas\/?s={search_term_string}\"},\"query-input\":{\"@type\":\"PropertyValueSpecification\",\"valueRequired\":true,\"valueName\":\"search_term_string\"}}],\"inLanguage\":\"es\"},{\"@type\":\"Person\",\"@id\":\"http:\/\/laperlaaustral.com.ar\/guerra-malvinas\/#\/schema\/person\/cccf8f0904f83654d5f2d5380e4eb4b9\",\"name\":\"GomRam\",\"image\":{\"@type\":\"ImageObject\",\"inLanguage\":\"es\",\"@id\":\"http:\/\/laperlaaustral.com.ar\/guerra-malvinas\/#\/schema\/person\/image\/\",\"url\":\"https:\/\/secure.gravatar.com\/avatar\/a0f191abb2983305e8a2e850573cb20a?s=96&d=mm&r=g\",\"contentUrl\":\"https:\/\/secure.gravatar.com\/avatar\/a0f191abb2983305e8a2e850573cb20a?s=96&d=mm&r=g\",\"caption\":\"GomRam\"},\"url\":\"https:\/\/laperlaaustral.com.ar\/guerra-malvinas\/author\/ac000164\/\"}]}<\/script>\n<!-- \/ Yoast SEO plugin. -->","yoast_head_json":{"title":"El ataque a la fragata Antelope - La Perla Austral","robots":{"index":"index","follow":"follow","max-snippet":"max-snippet:-1","max-image-preview":"max-image-preview:large","max-video-preview":"max-video-preview:-1"},"canonical":"http:\/\/laperlaaustral.com.ar\/guerra-malvinas\/el-ataque-a-la-fragata-antelope\/","og_locale":"es_ES","og_type":"article","og_title":"El ataque a la fragata Antelope - La Perla Austral","og_description":"Pasado el mediod\u00eda despegaron desde R\u00edo Gallegos dos escuadrillas de 3 Skyhawk A-4B. Por motivos de \u00edndole t\u00e9cnica el grupo se redujo a cuatro aviones. Su l\u00edder era el Capit\u00e1n Carballo. Luego de la operaci\u00f3n de Reabastecimiento, prosiguieron hasta el norte del Estrecho de San Carlos. En la boca de entrada al Puerto San Carlos,&hellip; Leer m\u00e1s","og_url":"http:\/\/laperlaaustral.com.ar\/guerra-malvinas\/el-ataque-a-la-fragata-antelope\/","og_site_name":"La Perla Austral","article_publisher":"https:\/\/www.facebook.com\/La-Perla-Austra-487959322032195","article_published_time":"2019-06-30T10:52:14+00:00","article_modified_time":"2019-06-30T10:52:16+00:00","author":"GomRam","twitter_card":"summary_large_image","twitter_misc":{"Escrito por":"GomRam","Tiempo de lectura":"1 minuto"},"schema":{"@context":"https:\/\/schema.org","@graph":[{"@type":"WebPage","@id":"http:\/\/laperlaaustral.com.ar\/guerra-malvinas\/el-ataque-a-la-fragata-antelope\/","url":"http:\/\/laperlaaustral.com.ar\/guerra-malvinas\/el-ataque-a-la-fragata-antelope\/","name":"El ataque a la fragata Antelope - La Perla Austral","isPartOf":{"@id":"http:\/\/laperlaaustral.com.ar\/guerra-malvinas\/#website"},"datePublished":"2019-06-30T10:52:14+00:00","dateModified":"2019-06-30T10:52:16+00:00","author":{"@id":"http:\/\/laperlaaustral.com.ar\/guerra-malvinas\/#\/schema\/person\/cccf8f0904f83654d5f2d5380e4eb4b9"},"breadcrumb":{"@id":"http:\/\/laperlaaustral.com.ar\/guerra-malvinas\/el-ataque-a-la-fragata-antelope\/#breadcrumb"},"inLanguage":"es","potentialAction":[{"@type":"ReadAction","target":["http:\/\/laperlaaustral.com.ar\/guerra-malvinas\/el-ataque-a-la-fragata-antelope\/"]}]},{"@type":"BreadcrumbList","@id":"http:\/\/laperlaaustral.com.ar\/guerra-malvinas\/el-ataque-a-la-fragata-antelope\/#breadcrumb","itemListElement":[{"@type":"ListItem","position":1,"name":"Portada","item":"https:\/\/laperlaaustral.com.ar\/guerra-malvinas\/"},{"@type":"ListItem","position":2,"name":"El ataque a la fragata Antelope"}]},{"@type":"WebSite","@id":"http:\/\/laperlaaustral.com.ar\/guerra-malvinas\/#website","url":"http:\/\/laperlaaustral.com.ar\/guerra-malvinas\/","name":"La Perla Austral","description":"Guerra de Malvinas 1982","potentialAction":[{"@type":"SearchAction","target":{"@type":"EntryPoint","urlTemplate":"http:\/\/laperlaaustral.com.ar\/guerra-malvinas\/?s={search_term_string}"},"query-input":{"@type":"PropertyValueSpecification","valueRequired":true,"valueName":"search_term_string"}}],"inLanguage":"es"},{"@type":"Person","@id":"http:\/\/laperlaaustral.com.ar\/guerra-malvinas\/#\/schema\/person\/cccf8f0904f83654d5f2d5380e4eb4b9","name":"GomRam","image":{"@type":"ImageObject","inLanguage":"es","@id":"http:\/\/laperlaaustral.com.ar\/guerra-malvinas\/#\/schema\/person\/image\/","url":"https:\/\/secure.gravatar.com\/avatar\/a0f191abb2983305e8a2e850573cb20a?s=96&d=mm&r=g","contentUrl":"https:\/\/secure.gravatar.com\/avatar\/a0f191abb2983305e8a2e850573cb20a?s=96&d=mm&r=g","caption":"GomRam"},"url":"https:\/\/laperlaaustral.com.ar\/guerra-malvinas\/author\/ac000164\/"}]}},"_links":{"self":[{"href":"https:\/\/laperlaaustral.com.ar\/guerra-malvinas\/wp-json\/wp\/v2\/posts\/1030"}],"collection":[{"href":"https:\/\/laperlaaustral.com.ar\/guerra-malvinas\/wp-json\/wp\/v2\/posts"}],"about":[{"href":"https:\/\/laperlaaustral.com.ar\/guerra-malvinas\/wp-json\/wp\/v2\/types\/post"}],"author":[{"embeddable":true,"href":"https:\/\/laperlaaustral.com.ar\/guerra-malvinas\/wp-json\/wp\/v2\/users\/2"}],"replies":[{"embeddable":true,"href":"https:\/\/laperlaaustral.com.ar\/guerra-malvinas\/wp-json\/wp\/v2\/comments?post=1030"}],"version-history":[{"count":1,"href":"https:\/\/laperlaaustral.com.ar\/guerra-malvinas\/wp-json\/wp\/v2\/posts\/1030\/revisions"}],"predecessor-version":[{"id":1031,"href":"https:\/\/laperlaaustral.com.ar\/guerra-malvinas\/wp-json\/wp\/v2\/posts\/1030\/revisions\/1031"}],"wp:attachment":[{"href":"https:\/\/laperlaaustral.com.ar\/guerra-malvinas\/wp-json\/wp\/v2\/media?parent=1030"}],"wp:term":[{"taxonomy":"category","embeddable":true,"href":"https:\/\/laperlaaustral.com.ar\/guerra-malvinas\/wp-json\/wp\/v2\/categories?post=1030"},{"taxonomy":"post_tag","embeddable":true,"href":"https:\/\/laperlaaustral.com.ar\/guerra-malvinas\/wp-json\/wp\/v2\/tags?post=1030"}],"curies":[{"name":"wp","href":"https:\/\/api.w.org\/{rel}","templated":true}]}}